{"id":9890,"date":"2020-11-18T12:39:34","date_gmt":"2020-11-18T11:39:34","guid":{"rendered":"http:\/\/blogs.emuca.com\/nblog\/cat\/sem-categoria\/ultimas-tendencias-de-iluminacao-led-para-o-fabrico-de-moveis\/"},"modified":"2020-11-18T12:40:40","modified_gmt":"2020-11-18T11:40:40","slug":"ultimas-tendencias-de-iluminacao-led-para-o-fabrico-de-moveis","status":"publish","type":"post","link":"https:\/\/blog.emuca.com\/pt-pt\/cat\/tendencias\/ultimas-tendencias-de-iluminacao-led-para-o-fabrico-de-moveis\/","title":{"rendered":"\u00daltimas tend\u00eancias de ilumina\u00e7\u00e3o LED para o fabrico de m\u00f3veis"},"content":{"rendered":"\t\t<div data-elementor-type=\"wp-post\" data-elementor-id=\"9890\" class=\"elementor elementor-9890 elementor-5844\">\n\t\t\t\t\t\t<section class=\"elementor-section elementor-top-section elementor-element elementor-element-59f759b1 elementor-section-boxed elementor-section-height-default elementor-section-height-default\" data-id=\"59f759b1\" data-element_type=\"section\" data-e-type=\"section\">\n\t\t\t\t\t\t<div class=\"elementor-container elementor-column-gap-default\">\n\t\t\t\t\t<div class=\"elementor-column elementor-col-100 elementor-top-column elementor-element elementor-element-43f3434b\" data-id=\"43f3434b\" data-element_type=\"column\" data-e-type=\"column\">\n\t\t\t<div class=\"elementor-widget-wrap elementor-element-populated\">\n\t\t\t\t\t\t<div class=\"elementor-element elementor-element-262538b5 elementor-widget elementor-widget-text-editor\" data-id=\"262538b5\" data-element_type=\"widget\" data-e-type=\"widget\" data-widget_type=\"text-editor.default\">\n\t\t\t\t<div class=\"elementor-widget-container\">\n\t\t\t\t\t\t\t\t\t<p>Os clientes actuais j\u00e1 n\u00e3o procuram somente um <strong>m\u00f3vel de qualidade <\/strong>e com as dimens\u00f5es necess\u00e1rias para guardar tudo aquilo que \u00e9 necess\u00e1rio e garantir a arruma\u00e7\u00e3o na sua casa. Hoje em dia, d\u00e1-se primazia a ter uma <strong>experi\u00eancia pr\u00e1tica e confort\u00e1vel<\/strong> na sua utiliza\u00e7\u00e3o habitual. \u00c9 neste sentido que a <a href=\"https:\/\/www.emuca.es\/catalogo\/herrajes\/iluminacion\"><strong>aplica\u00e7\u00e3o de <\/strong><\/a><a href=\"https:\/\/www.emuca.es\/catalogo\/herrajes\/iluminacion\">ilumina\u00e7\u00e3o <\/a><a href=\"https:\/\/www.emuca.es\/catalogo\/herrajes\/iluminacion\"><strong>led<\/strong><\/a> para iluminar o interior dos m\u00f3veis\u00a0 est\u00e1-se a tornar num requisito a ter em conta na <strong>carpintaria industrial.<\/strong><\/p>\n<h2><strong>Os sistemas led, a melhor solu\u00e7\u00e3o na ilumina\u00e7\u00e3o de m\u00f3veis<\/strong><\/h2>\n<p>H\u00e1 meia-d\u00fazia de anos, ningu\u00e9m punha a possibilidade de ter um m\u00f3vel, ou uma simples gaveta, com luz no seu interior. No entanto, hoje em dia a<strong> ilumina\u00e7\u00e3o de m\u00f3veis <\/strong>est\u00e1 cada vez mais consolidada no desenho deste tipo de pe\u00e7as de mobili\u00e1rio. O seu objetivo essencial \u00e9 o de <strong>ajudar o utilizador <\/strong>para que a realiza\u00e7\u00e3o das tarefas di\u00e1rias mais b\u00e1sicas, como o procurar roupa para vestir-se, seja muito mais f\u00e1cil, pr\u00e1tica e atractiva.<\/p>\n<p>Al\u00e9m disso, temos de ter em conta que a <a href=\"https:\/\/www.emuca.es\/catalogo\/herrajes\/iluminacion\"><strong>instala\u00e7\u00e3o de sistemas de ilumina\u00e7\u00e3o<\/strong><\/a> na parte interior\u00a0 ajuda a ressaltar tanto a madeira como o pr\u00f3prio desenho do m\u00f3vel. Portanto, representam inclusive um extra para<strong> melhorar o ambiente geral <\/strong>da assoalhada na qual se instala.<\/p>\n<p>Iluminar o m\u00f3vel com <strong>led<\/strong> \u00e9 a melhor op\u00e7\u00e3o, dado que permite a sua integra\u00e7\u00e3o na estrutura do m\u00f3vel e, al\u00e9m disso, resulta sustent\u00e1vel. De facto,<strong> consome at\u00e9 um 80% menos energia <\/strong>e tem uma durabilidade de aproximadamente 20 anos. Portanto, n\u00e3o resulta um disp\u00eandio econ\u00f3mico importante e, no entanto, resulta muito vantajoso.<\/p>\n<h2><strong>\u00daltimas novidades em sistemas led para m\u00f3veis<\/strong><\/h2>\n<p>As <strong>tend\u00eancias em ilumina\u00e7\u00e3o<\/strong> mais actuais oferecem-nos diversos sistemas led que podem actuar com efic\u00e1cia como<a href=\"https:\/\/www.emuca.es\/catalogo\/herrajes\/iluminacion\/puntuales-led\"> <strong>ponto de luz <\/strong><\/a>no interior de um m\u00f3vel. A escolha de um em concreto depender\u00e1 das <strong>caracter\u00edsticas do m\u00f3vel<\/strong>, ao n\u00edvel de tamanho e da exist\u00eancia de poss\u00edveis gavetas ou prateleiras, assim como do uso que se lhe for dar de maneira habitual.<\/p>\n<p>As <a href=\"https:\/\/www.emuca.es\/catalogo\/herrajes\/iluminacion\/tiras-led\"><strong>barras led<\/strong><\/a> com sensores est\u00e3o concebidas para activar-se cada vez que se abra a porta do m\u00f3vel ou da gaveta, ou quando se detecta a m\u00e3o de uma pessoa. Se n\u00e3o se quiser fazer uma instala\u00e7\u00e3o el\u00e9ctrica ou for imposs\u00edvel pela localiza\u00e7\u00e3o, existem inclusive modelos que funcionam a pilhas. Em todos os casos, destacam por oferecer um<strong> alto n\u00edvel de luminosidade.<\/strong><\/p>\n<p>Os <a href=\"https:\/\/www.emuca.es\/catalogo\/herrajes\/iluminacion\/puntuales-led\"><strong>spot led<\/strong><\/a> tamb\u00e9m podem ter sensor de presen\u00e7a, mas diferenciam-se por oferecer um <strong>ponto de luz focalizado <\/strong>que ajuda a destacar um espa\u00e7o concreto do interior de um m\u00f3vel, j\u00e1 seja com objetivo funcional ou est\u00e9tico. Uma das suas grandes vantagens \u00e9 que se podem <strong>usar de forma aut\u00f3noma<\/strong>, pelo que s\u00e3o muito \u00fateis para iluminar uma gaveta ou uma prateleira ou estante no momento de realizar uma procura espec\u00edfica.<\/p>\n<p>Em todos os casos, o uso de <a href=\"https:\/\/www.emuca.es\/catalogo\/herrajes\/iluminacion\"><strong>sistemas led<\/strong><\/a> <strong>para ilumina\u00e7\u00e3o<\/strong> interior de m\u00f3veis destaca pela capacidade de adapta\u00e7\u00e3o a todo tipo de m\u00f3veis e, sobre tudo, pelo seu baixo consumo. A introdu\u00e7\u00e3o de<strong> sensores de movimento<\/strong> e de luz exterior \u00e9 um factor importante para que somente se use a energia el\u00e9ctrica estrictamente necess\u00e1ria.<\/p>\n<h2><strong>Para uma ilumina\u00e7\u00e3o elegante e com estilo<\/strong><\/h2>\n<p><strong>Iluminar m\u00f3veis <\/strong>n\u00e3o deve ser apenas uma op\u00e7\u00e3o funcional. \u00c9 evidente que os m\u00f3veis com luz interior resultam muito <strong>mais pr\u00e1ticos <\/strong>na hora de realizar tarefas tais como guardar roupa ou procurar uma determinada pe\u00e7a de roupa, mas n\u00e3o podemos permitir-nos o luxo de <strong>esquecer a est\u00e9tica <\/strong>na hora de planificar o desenho deste tipo de sistemas de luzes.<\/p>\n<p>&nbsp;<\/p>\n<p>A ilumina\u00e7\u00e3o de m\u00f3veis \u00e9 um excelente aliado na hora de<strong> modernizar estes m\u00f3veis<\/strong> e dar-lhes um toque especial de <strong>eleg\u00e2ncia e estilo.<\/strong> Resulta extremamente importante valorizar o impacto est\u00e9tico da luz no interior destas estruturas, que permite ver o seu conte\u00fado. Temos de ter em conta que a madeira \u00e9 um dos materiais que transmite mais<strong> calidez e sensa\u00e7\u00e3o de lar,<\/strong> e a luz ajuda a destacar estas propriedades conseguindo que os m\u00f3veis se tornem num espa\u00e7o pr\u00e1tico e acolhedor para os seus utilizadores.<\/p>\n\t\t\t\t\t\t\t\t<\/div>\n\t\t\t\t<\/div>\n\t\t\t\t<div class=\"elementor-element elementor-element-4006fd3 elementor-align-center elementor-widget elementor-widget-button\" data-id=\"4006fd3\" data-element_type=\"widget\" data-e-type=\"widget\" data-widget_type=\"button.default\">\n\t\t\t\t<div class=\"elementor-widget-container\">\n\t\t\t\t\t\t\t\t\t<div class=\"elementor-button-wrapper\">\n\t\t\t\t\t<a class=\"elementor-button elementor-button-link elementor-size-sm\" href=\"https:\/\/www.emuca.pt\/iluminacao\">\n\t\t\t\t\t\t<span class=\"elementor-button-content-wrapper\">\n\t\t\t\t\t\t\t\t\t<span class=\"elementor-button-text\">Ver produtos<\/span>\n\t\t\t\t\t<\/span>\n\t\t\t\t\t<\/a>\n\t\t\t\t<\/div>\n\t\t\t\t\t\t\t\t<\/div>\n\t\t\t\t<\/div>\n\t\t\t\t<div class=\"elementor-element elementor-element-348b80a elementor-widget elementor-widget-text-editor\" data-id=\"348b80a\" data-element_type=\"widget\" data-e-type=\"widget\" data-widget_type=\"text-editor.default\">\n\t\t\t\t<div class=\"elementor-widget-container\">\n\t\t\t\t\t\t\t\t\t<h2><strong>Tipos de sistemas LED para a produ\u00e7\u00e3o de m\u00f3veis<\/strong><\/h2>\n<p>Aproveitar as <strong>novas tend\u00eancias em ilumina\u00e7\u00e3o <\/strong>na produ\u00e7\u00e3o industrial de m\u00f3veis permite dispor de diferentes tipos de <strong>sistemas led <\/strong>para proporcionar luz ao seu interior.<\/p>\n<p>As luzes led com<strong> sistema de fixa\u00e7\u00e3o magn\u00e9tica<\/strong> simplesmente colam-se em qualquer ponto das paredes interiores de um m\u00f3vel. Funcionam com press\u00e3o manual e voc\u00ea pode encontra-las de pilhas ou de baterias recarreg\u00e1veis. S\u00e3o a melhor op\u00e7\u00e3o para uma <strong>ilumina\u00e7\u00e3o pontual e econ\u00f3mica.<\/strong><\/p>\n<p>Se o m\u00f3vel a iluminar for de grandes dimens\u00f5es, vale a pena considerar a <strong>instala\u00e7\u00e3o de sistemas led de tecto.<\/strong> Se bem que isto requer umas pequenas obras, temos de ter em conta que permitem a instala\u00e7\u00e3o de focos direccion\u00e1veis. Portanto, resulta ser a op\u00e7\u00e3o mais funcional para conseguir que todos os recantos do interior do m\u00f3vel fiquem perfeitamente iluminados. Desta maneira, toda as gavetas e prateleiras resultam <strong>completamente funcionais e se forem acompanhadas de fitas Led o resultado pode ser espectacular.<\/strong><\/p>\n<p>Se bem que \u00e9 verdade que estes s\u00e3o actualmente os sistemas mais utilizados, a listagem de tend\u00eancias actuales de ilumina\u00e7\u00e3o led n\u00e3o acaba aqui. Se procurarmos dar aos m\u00f3veis de uma casa um aspecto especialmente elegante e de desenho, sem deixar de lado em nenhum momento a funcionalidade, pode-se recorrer a instala\u00e7\u00f5es mais sofisticadas, como a instala\u00e7\u00e3o de s<strong>istemas led dentro de espelhos<\/strong> ou de l\u00e2minas de acr\u00edlico. Desta maneira, resultam completamente invis\u00edveis.<\/p>\n<p>Na Emuca somos conscientes da import\u00e2ncia de desenhar m\u00f3veis com uma cuidada ilumina\u00e7\u00e3o interior. Por isso, contamos com um completo<a href=\"https:\/\/resources.emuca.com\/tiras-led-lynx-neonlynx\"><strong> cat\u00e1logo de sistemas de ilumina\u00e7\u00e3o led,<\/strong><\/a> no qual se inclui uma grande variedade de modelos de <a href=\"https:\/\/www.emuca.es\/catalogo\/herrajes\/iluminacion\/tiras-led\"><strong>fitas led<\/strong><\/a>, pensadas para dar um extra de valor acrescentado aos m\u00f3veis e ao ambiente geral do espa\u00e7o onde se inserem. Al\u00e9m disso, oferecemos exemplos das suas aplica\u00e7\u00f5es para que os fabricantes de m\u00f3veis possam ter <strong>refer\u00eancias concretas<\/strong> acerca de qual o modelo encaixa melhor nas suas cria\u00e7\u00f5es.<\/p>\n<p>Os <strong>sistemas led <\/strong>s\u00e3o uma das<strong> tend\u00eancias de ilumina\u00e7\u00e3o<\/strong> mais utilizadas na actualidade, j\u00e1 seja em assoalhadas e espa\u00e7os ou no interior de m\u00f3veis. A sua capacidade para oferecer uma luz de alta qualidade, perfeita para garantir a melhor visibilidade, e a sua<strong> versatilidade <\/strong>na hora de adaptar-se aos ambientes nos quais se colocam s\u00e3o duas das chaves do seu \u00eaxito. Al\u00e9m disso, n\u00e3o podemos igualmente esquecer que s\u00e3o uma das op\u00e7\u00f5es mais sustent\u00e1veis no consumo de energia e, portanto, mais econ\u00f3micas. A possibilidade de combinar<strong> funcionalidade, est\u00e9tica <\/strong>e um custo ajustado faz que cada vez mais utilizadores exijam ter sistemas led de ilumina\u00e7\u00e3o no interior dos seus m\u00f3veis.<\/p>\n\t\t\t\t\t\t\t\t<\/div>\n\t\t\t\t<\/div>\n\t\t\t\t<div class=\"elementor-element elementor-element-8c61019 elementor-widget elementor-widget-spacer\" data-id=\"8c61019\" data-element_type=\"widget\" data-e-type=\"widget\" data-widget_type=\"spacer.default\">\n\t\t\t\t<div class=\"elementor-widget-container\">\n\t\t\t\t\t\t\t<div class=\"elementor-spacer\">\n\t\t\t<div class=\"elementor-spacer-inner\"><\/div>\n\t\t<\/div>\n\t\t\t\t\t\t<\/div>\n\t\t\t\t<\/div>\n\t\t\t\t\t<\/div>\n\t\t<\/div>\n\t\t\t\t\t<\/div>\n\t\t<\/section>\n\t\t\t\t<section class=\"elementor-section elementor-top-section elementor-element elementor-element-ff5d355 elementor-section-boxed elementor-section-height-default elementor-section-height-default\" data-id=\"ff5d355\" data-element_type=\"section\" data-e-type=\"section\">\n\t\t\t\t\t\t<div class=\"elementor-container elementor-column-gap-default\">\n\t\t\t\t\t<div class=\"elementor-column elementor-col-100 elementor-top-column elementor-element elementor-element-ce14176\" data-id=\"ce14176\" data-element_type=\"column\" data-e-type=\"column\">\n\t\t\t<div class=\"elementor-widget-wrap elementor-element-populated\">\n\t\t\t\t\t\t<div class=\"elementor-element elementor-element-f063e78 elementor-widget elementor-widget-html\" data-id=\"f063e78\" data-element_type=\"widget\" data-e-type=\"widget\" data-widget_type=\"html.default\">\n\t\t\t\t<div class=\"elementor-widget-container\">\n\t\t\t\t\t<!--HubSpot Call-to-Action Code --><span class=\"hs-cta-wrapper\" id=\"hs-cta-wrapper-d4e52d43-9f96-4db4-b8bb-e9e26f5de387\"><span class=\"hs-cta-node hs-cta-d4e52d43-9f96-4db4-b8bb-e9e26f5de387\" id=\"hs-cta-d4e52d43-9f96-4db4-b8bb-e9e26f5de387\"><!--[if lte IE 8]><div id=\"hs-cta-ie-element\"><\/div><![endif]--><a href=\"https:\/\/cta-redirect.hubspot.com\/cta\/redirect\/4071763\/d4e52d43-9f96-4db4-b8bb-e9e26f5de387\"  target=\"_blank\" ><img fetchpriority=\"high\" decoding=\"async\" class=\"hs-cta-img\" id=\"hs-cta-img-d4e52d43-9f96-4db4-b8bb-e9e26f5de387\" style=\"border-width:0px;\" height=\"360\" width=\"720\" src=\"https:\/\/no-cache.hubspot.com\/cta\/default\/4071763\/d4e52d43-9f96-4db4-b8bb-e9e26f5de387.png\"  alt=\"Nueva llamada a la acci\u00f3n\"\/><\/a><\/span><script charset=\"utf-8\" src=\"https:\/\/js.hscta.net\/cta\/current.js\"><\/script><script type=\"text\/javascript\"> hbspt.cta.load(4071763, 'd4e52d43-9f96-4db4-b8bb-e9e26f5de387', {}); <\/script><\/span><!-- end HubSpot Call-to-Action Code -->\t\t\t\t<\/div>\n\t\t\t\t<\/div>\n\t\t\t\t\t<\/div>\n\t\t<\/div>\n\t\t\t\t\t<\/div>\n\t\t<\/section>\n\t\t\t\t<\/div>\n\t\t","protected":false},"excerpt":{"rendered":"<p>Os clientes actuais j\u00e1 n\u00e3o procuram somente um m\u00f3vel de qualidade e com as dimens\u00f5es necess\u00e1rias para guardar tudo aquilo que \u00e9 necess\u00e1rio e garantir a arruma\u00e7\u00e3o na sua casa. Hoje em dia, d\u00e1-se primazia a ter uma experi\u00eancia pr\u00e1tica e confort\u00e1vel na sua utiliza\u00e7\u00e3o habitual. \u00c9 neste sentido que a aplica\u00e7\u00e3o de ilumina\u00e7\u00e3o led &hellip; <\/p>\n<p class=\"link-more\"><a href=\"https:\/\/blog.emuca.com\/pt-pt\/cat\/tendencias\/ultimas-tendencias-de-iluminacao-led-para-o-fabrico-de-moveis\/\" class=\"more-link\">Continuar a ler <span class=\"screen-reader-text\">&#8220;\u00daltimas tend\u00eancias de ilumina\u00e7\u00e3o LED para o fabrico de m\u00f3veis&#8221;<\/span><\/a><\/p>\n","protected":false},"author":2,"featured_media":5874,"comment_status":"closed","ping_status":"closed","sticky":false,"template":"","format":"standard","meta":{"footnotes":""},"categories":[121],"tags":[],"class_list":["post-9890","post","type-post","status-publish","format-standard","has-post-thumbnail","hentry","category-tendencias","entry"],"yoast_head":"<!-- This site is optimized with the Yoast SEO plugin v24.1 - https:\/\/yoast.com\/wordpress\/plugins\/seo\/ -->\n<title>\u00daltimas tend\u00eancias de ilumina\u00e7\u00e3o LED para o fabrico de m\u00f3veis | Emuca<\/title>\n<meta name=\"description\" content=\"Dar a conhecer as \u00faltimas tend\u00eancias em ilumina\u00e7\u00e3o LED para m\u00f3veis.\" \/>\n<meta name=\"robots\" content=\"index, follow, max-snippet:-1, max-image-preview:large, max-video-preview:-1\" \/>\n<link rel=\"canonical\" href=\"https:\/\/blog.emuca.com\/pt-pt\/cat\/tendencias\/ultimas-tendencias-de-iluminacao-led-para-o-fabrico-de-moveis\/\" \/>\n<meta property=\"og:locale\" content=\"pt_PT\" \/>\n<meta property=\"og:type\" content=\"article\" \/>\n<meta property=\"og:title\" content=\"\u00daltimas tend\u00eancias de ilumina\u00e7\u00e3o LED para o fabrico de m\u00f3veis | Emuca\" \/>\n<meta property=\"og:description\" content=\"Dar a conhecer as \u00faltimas tend\u00eancias em ilumina\u00e7\u00e3o LED para m\u00f3veis.\" \/>\n<meta property=\"og:url\" content=\"https:\/\/blog.emuca.com\/pt-pt\/cat\/tendencias\/ultimas-tendencias-de-iluminacao-led-para-o-fabrico-de-moveis\/\" \/>\n<meta property=\"og:site_name\" content=\"Emuca blog\" \/>\n<meta property=\"article:publisher\" content=\"https:\/\/www.facebook.com\/EmucaGroup\" \/>\n<meta property=\"article:published_time\" content=\"2020-11-18T11:39:34+00:00\" \/>\n<meta property=\"article:modified_time\" content=\"2020-11-18T11:40:40+00:00\" \/>\n<meta property=\"og:image\" content=\"https:\/\/blog.emuca.com\/wp-content\/uploads\/2020\/07\/Header_Emuca_Blog.png\" \/>\n\t<meta property=\"og:image:width\" content=\"700\" \/>\n\t<meta property=\"og:image:height\" content=\"370\" \/>\n\t<meta property=\"og:image:type\" content=\"image\/png\" \/>\n<meta name=\"author\" content=\"Emuca\" \/>\n<meta name=\"twitter:card\" content=\"summary_large_image\" \/>\n<meta name=\"twitter:label1\" content=\"Escrito por\" \/>\n\t<meta name=\"twitter:data1\" content=\"Emuca\" \/>\n\t<meta name=\"twitter:label2\" content=\"Tempo estimado de leitura\" \/>\n\t<meta name=\"twitter:data2\" content=\"6 minutos\" \/>\n<script type=\"application\/ld+json\" class=\"yoast-schema-graph\">{\"@context\":\"https:\/\/schema.org\",\"@graph\":[{\"@type\":\"Article\",\"@id\":\"https:\/\/blog.emuca.com\/pt-pt\/cat\/tendencias\/ultimas-tendencias-de-iluminacao-led-para-o-fabrico-de-moveis\/#article\",\"isPartOf\":{\"@id\":\"https:\/\/blog.emuca.com\/pt-pt\/cat\/tendencias\/ultimas-tendencias-de-iluminacao-led-para-o-fabrico-de-moveis\/\"},\"author\":{\"name\":\"Emuca\",\"@id\":\"https:\/\/blog.emuca.com\/#\/schema\/person\/81560ca037d9c1ed19744a85ef9cbe2a\"},\"headline\":\"\u00daltimas tend\u00eancias de ilumina\u00e7\u00e3o LED para o fabrico de m\u00f3veis\",\"datePublished\":\"2020-11-18T11:39:34+00:00\",\"dateModified\":\"2020-11-18T11:40:40+00:00\",\"mainEntityOfPage\":{\"@id\":\"https:\/\/blog.emuca.com\/pt-pt\/cat\/tendencias\/ultimas-tendencias-de-iluminacao-led-para-o-fabrico-de-moveis\/\"},\"wordCount\":1246,\"publisher\":{\"@id\":\"https:\/\/blog.emuca.com\/#organization\"},\"image\":{\"@id\":\"https:\/\/blog.emuca.com\/pt-pt\/cat\/tendencias\/ultimas-tendencias-de-iluminacao-led-para-o-fabrico-de-moveis\/#primaryimage\"},\"thumbnailUrl\":\"https:\/\/blog.emuca.com\/wp-content\/uploads\/2020\/07\/Header_Emuca_Blog.png\",\"articleSection\":[\"Tend\u00eancias\"],\"inLanguage\":\"pt-PT\"},{\"@type\":\"WebPage\",\"@id\":\"https:\/\/blog.emuca.com\/pt-pt\/cat\/tendencias\/ultimas-tendencias-de-iluminacao-led-para-o-fabrico-de-moveis\/\",\"url\":\"https:\/\/blog.emuca.com\/pt-pt\/cat\/tendencias\/ultimas-tendencias-de-iluminacao-led-para-o-fabrico-de-moveis\/\",\"name\":\"\u00daltimas tend\u00eancias de ilumina\u00e7\u00e3o LED para o fabrico de m\u00f3veis | Emuca\",\"isPartOf\":{\"@id\":\"https:\/\/blog.emuca.com\/#website\"},\"primaryImageOfPage\":{\"@id\":\"https:\/\/blog.emuca.com\/pt-pt\/cat\/tendencias\/ultimas-tendencias-de-iluminacao-led-para-o-fabrico-de-moveis\/#primaryimage\"},\"image\":{\"@id\":\"https:\/\/blog.emuca.com\/pt-pt\/cat\/tendencias\/ultimas-tendencias-de-iluminacao-led-para-o-fabrico-de-moveis\/#primaryimage\"},\"thumbnailUrl\":\"https:\/\/blog.emuca.com\/wp-content\/uploads\/2020\/07\/Header_Emuca_Blog.png\",\"datePublished\":\"2020-11-18T11:39:34+00:00\",\"dateModified\":\"2020-11-18T11:40:40+00:00\",\"description\":\"Dar a conhecer as \u00faltimas tend\u00eancias em ilumina\u00e7\u00e3o LED para m\u00f3veis.\",\"inLanguage\":\"pt-PT\",\"potentialAction\":[{\"@type\":\"ReadAction\",\"target\":[\"https:\/\/blog.emuca.com\/pt-pt\/cat\/tendencias\/ultimas-tendencias-de-iluminacao-led-para-o-fabrico-de-moveis\/\"]}]},{\"@type\":\"ImageObject\",\"inLanguage\":\"pt-PT\",\"@id\":\"https:\/\/blog.emuca.com\/pt-pt\/cat\/tendencias\/ultimas-tendencias-de-iluminacao-led-para-o-fabrico-de-moveis\/#primaryimage\",\"url\":\"https:\/\/blog.emuca.com\/wp-content\/uploads\/2020\/07\/Header_Emuca_Blog.png\",\"contentUrl\":\"https:\/\/blog.emuca.com\/wp-content\/uploads\/2020\/07\/Header_Emuca_Blog.png\",\"width\":700,\"height\":370,\"caption\":\"iluminacion led para armarios\"},{\"@type\":\"WebSite\",\"@id\":\"https:\/\/blog.emuca.com\/#website\",\"url\":\"https:\/\/blog.emuca.com\/\",\"name\":\"Emuca blog\",\"description\":\"\",\"publisher\":{\"@id\":\"https:\/\/blog.emuca.com\/#organization\"},\"potentialAction\":[{\"@type\":\"SearchAction\",\"target\":{\"@type\":\"EntryPoint\",\"urlTemplate\":\"https:\/\/blog.emuca.com\/?s={search_term_string}\"},\"query-input\":{\"@type\":\"PropertyValueSpecification\",\"valueRequired\":true,\"valueName\":\"search_term_string\"}}],\"inLanguage\":\"pt-PT\"},{\"@type\":\"Organization\",\"@id\":\"https:\/\/blog.emuca.com\/#organization\",\"name\":\"emuca\",\"url\":\"https:\/\/blog.emuca.com\/\",\"logo\":{\"@type\":\"ImageObject\",\"inLanguage\":\"pt-PT\",\"@id\":\"https:\/\/blog.emuca.com\/#\/schema\/logo\/image\/\",\"url\":\"https:\/\/blog.emuca.com\/wp-content\/uploads\/2024\/05\/cropped-logo-emuca-menu.png\",\"contentUrl\":\"https:\/\/blog.emuca.com\/wp-content\/uploads\/2024\/05\/cropped-logo-emuca-menu.png\",\"width\":190,\"height\":190,\"caption\":\"emuca\"},\"image\":{\"@id\":\"https:\/\/blog.emuca.com\/#\/schema\/logo\/image\/\"},\"sameAs\":[\"https:\/\/www.facebook.com\/EmucaGroup\"]},{\"@type\":\"Person\",\"@id\":\"https:\/\/blog.emuca.com\/#\/schema\/person\/81560ca037d9c1ed19744a85ef9cbe2a\",\"name\":\"Emuca\",\"url\":\"https:\/\/blog.emuca.com\/pt-pt\/cat\/author\/emuca\/\"}]}<\/script>\n<!-- \/ Yoast SEO plugin. -->","yoast_head_json":{"title":"\u00daltimas tend\u00eancias de ilumina\u00e7\u00e3o LED para o fabrico de m\u00f3veis | Emuca","description":"Dar a conhecer as \u00faltimas tend\u00eancias em ilumina\u00e7\u00e3o LED para m\u00f3veis.","robots":{"index":"index","follow":"follow","max-snippet":"max-snippet:-1","max-image-preview":"max-image-preview:large","max-video-preview":"max-video-preview:-1"},"canonical":"https:\/\/blog.emuca.com\/pt-pt\/cat\/tendencias\/ultimas-tendencias-de-iluminacao-led-para-o-fabrico-de-moveis\/","og_locale":"pt_PT","og_type":"article","og_title":"\u00daltimas tend\u00eancias de ilumina\u00e7\u00e3o LED para o fabrico de m\u00f3veis | Emuca","og_description":"Dar a conhecer as \u00faltimas tend\u00eancias em ilumina\u00e7\u00e3o LED para m\u00f3veis.","og_url":"https:\/\/blog.emuca.com\/pt-pt\/cat\/tendencias\/ultimas-tendencias-de-iluminacao-led-para-o-fabrico-de-moveis\/","og_site_name":"Emuca blog","article_publisher":"https:\/\/www.facebook.com\/EmucaGroup","article_published_time":"2020-11-18T11:39:34+00:00","article_modified_time":"2020-11-18T11:40:40+00:00","og_image":[{"width":700,"height":370,"url":"https:\/\/blog.emuca.com\/wp-content\/uploads\/2020\/07\/Header_Emuca_Blog.png","type":"image\/png"}],"author":"Emuca","twitter_card":"summary_large_image","twitter_misc":{"Escrito por":"Emuca","Tempo estimado de leitura":"6 minutos"},"schema":{"@context":"https:\/\/schema.org","@graph":[{"@type":"Article","@id":"https:\/\/blog.emuca.com\/pt-pt\/cat\/tendencias\/ultimas-tendencias-de-iluminacao-led-para-o-fabrico-de-moveis\/#article","isPartOf":{"@id":"https:\/\/blog.emuca.com\/pt-pt\/cat\/tendencias\/ultimas-tendencias-de-iluminacao-led-para-o-fabrico-de-moveis\/"},"author":{"name":"Emuca","@id":"https:\/\/blog.emuca.com\/#\/schema\/person\/81560ca037d9c1ed19744a85ef9cbe2a"},"headline":"\u00daltimas tend\u00eancias de ilumina\u00e7\u00e3o LED para o fabrico de m\u00f3veis","datePublished":"2020-11-18T11:39:34+00:00","dateModified":"2020-11-18T11:40:40+00:00","mainEntityOfPage":{"@id":"https:\/\/blog.emuca.com\/pt-pt\/cat\/tendencias\/ultimas-tendencias-de-iluminacao-led-para-o-fabrico-de-moveis\/"},"wordCount":1246,"publisher":{"@id":"https:\/\/blog.emuca.com\/#organization"},"image":{"@id":"https:\/\/blog.emuca.com\/pt-pt\/cat\/tendencias\/ultimas-tendencias-de-iluminacao-led-para-o-fabrico-de-moveis\/#primaryimage"},"thumbnailUrl":"https:\/\/blog.emuca.com\/wp-content\/uploads\/2020\/07\/Header_Emuca_Blog.png","articleSection":["Tend\u00eancias"],"inLanguage":"pt-PT"},{"@type":"WebPage","@id":"https:\/\/blog.emuca.com\/pt-pt\/cat\/tendencias\/ultimas-tendencias-de-iluminacao-led-para-o-fabrico-de-moveis\/","url":"https:\/\/blog.emuca.com\/pt-pt\/cat\/tendencias\/ultimas-tendencias-de-iluminacao-led-para-o-fabrico-de-moveis\/","name":"\u00daltimas tend\u00eancias de ilumina\u00e7\u00e3o LED para o fabrico de m\u00f3veis | Emuca","isPartOf":{"@id":"https:\/\/blog.emuca.com\/#website"},"primaryImageOfPage":{"@id":"https:\/\/blog.emuca.com\/pt-pt\/cat\/tendencias\/ultimas-tendencias-de-iluminacao-led-para-o-fabrico-de-moveis\/#primaryimage"},"image":{"@id":"https:\/\/blog.emuca.com\/pt-pt\/cat\/tendencias\/ultimas-tendencias-de-iluminacao-led-para-o-fabrico-de-moveis\/#primaryimage"},"thumbnailUrl":"https:\/\/blog.emuca.com\/wp-content\/uploads\/2020\/07\/Header_Emuca_Blog.png","datePublished":"2020-11-18T11:39:34+00:00","dateModified":"2020-11-18T11:40:40+00:00","description":"Dar a conhecer as \u00faltimas tend\u00eancias em ilumina\u00e7\u00e3o LED para m\u00f3veis.","inLanguage":"pt-PT","potentialAction":[{"@type":"ReadAction","target":["https:\/\/blog.emuca.com\/pt-pt\/cat\/tendencias\/ultimas-tendencias-de-iluminacao-led-para-o-fabrico-de-moveis\/"]}]},{"@type":"ImageObject","inLanguage":"pt-PT","@id":"https:\/\/blog.emuca.com\/pt-pt\/cat\/tendencias\/ultimas-tendencias-de-iluminacao-led-para-o-fabrico-de-moveis\/#primaryimage","url":"https:\/\/blog.emuca.com\/wp-content\/uploads\/2020\/07\/Header_Emuca_Blog.png","contentUrl":"https:\/\/blog.emuca.com\/wp-content\/uploads\/2020\/07\/Header_Emuca_Blog.png","width":700,"height":370,"caption":"iluminacion led para armarios"},{"@type":"WebSite","@id":"https:\/\/blog.emuca.com\/#website","url":"https:\/\/blog.emuca.com\/","name":"Emuca blog","description":"","publisher":{"@id":"https:\/\/blog.emuca.com\/#organization"},"potentialAction":[{"@type":"SearchAction","target":{"@type":"EntryPoint","urlTemplate":"https:\/\/blog.emuca.com\/?s={search_term_string}"},"query-input":{"@type":"PropertyValueSpecification","valueRequired":true,"valueName":"search_term_string"}}],"inLanguage":"pt-PT"},{"@type":"Organization","@id":"https:\/\/blog.emuca.com\/#organization","name":"emuca","url":"https:\/\/blog.emuca.com\/","logo":{"@type":"ImageObject","inLanguage":"pt-PT","@id":"https:\/\/blog.emuca.com\/#\/schema\/logo\/image\/","url":"https:\/\/blog.emuca.com\/wp-content\/uploads\/2024\/05\/cropped-logo-emuca-menu.png","contentUrl":"https:\/\/blog.emuca.com\/wp-content\/uploads\/2024\/05\/cropped-logo-emuca-menu.png","width":190,"height":190,"caption":"emuca"},"image":{"@id":"https:\/\/blog.emuca.com\/#\/schema\/logo\/image\/"},"sameAs":["https:\/\/www.facebook.com\/EmucaGroup"]},{"@type":"Person","@id":"https:\/\/blog.emuca.com\/#\/schema\/person\/81560ca037d9c1ed19744a85ef9cbe2a","name":"Emuca","url":"https:\/\/blog.emuca.com\/pt-pt\/cat\/author\/emuca\/"}]}},"_links":{"self":[{"href":"https:\/\/blog.emuca.com\/pt-pt\/wp-json\/wp\/v2\/posts\/9890","targetHints":{"allow":["GET"]}}],"collection":[{"href":"https:\/\/blog.emuca.com\/pt-pt\/wp-json\/wp\/v2\/posts"}],"about":[{"href":"https:\/\/blog.emuca.com\/pt-pt\/wp-json\/wp\/v2\/types\/post"}],"author":[{"embeddable":true,"href":"https:\/\/blog.emuca.com\/pt-pt\/wp-json\/wp\/v2\/users\/2"}],"replies":[{"embeddable":true,"href":"https:\/\/blog.emuca.com\/pt-pt\/wp-json\/wp\/v2\/comments?post=9890"}],"version-history":[{"count":3,"href":"https:\/\/blog.emuca.com\/pt-pt\/wp-json\/wp\/v2\/posts\/9890\/revisions"}],"predecessor-version":[{"id":9893,"href":"https:\/\/blog.emuca.com\/pt-pt\/wp-json\/wp\/v2\/posts\/9890\/revisions\/9893"}],"wp:featuredmedia":[{"embeddable":true,"href":"https:\/\/blog.emuca.com\/pt-pt\/wp-json\/wp\/v2\/media\/5874"}],"wp:attachment":[{"href":"https:\/\/blog.emuca.com\/pt-pt\/wp-json\/wp\/v2\/media?parent=9890"}],"wp:term":[{"taxonomy":"category","embeddable":true,"href":"https:\/\/blog.emuca.com\/pt-pt\/wp-json\/wp\/v2\/categories?post=9890"},{"taxonomy":"post_tag","embeddable":true,"href":"https:\/\/blog.emuca.com\/pt-pt\/wp-json\/wp\/v2\/tags?post=9890"}],"curies":[{"name":"wp","href":"https:\/\/api.w.org\/{rel}","templated":true}]}}