{"id":59122,"date":"2025-01-27T12:00:21","date_gmt":"2025-01-27T11:00:21","guid":{"rendered":"https:\/\/blog.emuca.com\/?p=59122"},"modified":"2025-01-27T10:23:06","modified_gmt":"2025-01-27T09:23:06","slug":"vertex-a-ultima-palavra-em-solucoes-versateis-para-gavetas","status":"publish","type":"post","link":"https:\/\/blog.emuca.com\/pt-pt\/cat\/novidades\/vertex-a-ultima-palavra-em-solucoes-versateis-para-gavetas\/","title":{"rendered":"Vertex: A \u00faltima palavra em solu\u00e7\u00f5es vers\u00e1teis para gavetas"},"content":{"rendered":"\t\t<div data-elementor-type=\"wp-post\" data-elementor-id=\"59122\" class=\"elementor elementor-59122 elementor-58933\">\n\t\t\t\t\t\t<section class=\"elementor-section elementor-top-section elementor-element elementor-element-79fd649 elementor-section-boxed elementor-section-height-default elementor-section-height-default\" data-id=\"79fd649\" data-element_type=\"section\" data-e-type=\"section\">\n\t\t\t\t\t\t<div class=\"elementor-container elementor-column-gap-default\">\n\t\t\t\t\t<div class=\"elementor-column elementor-col-100 elementor-top-column elementor-element elementor-element-a0a1fe8\" data-id=\"a0a1fe8\" data-element_type=\"column\" data-e-type=\"column\">\n\t\t\t<div class=\"elementor-widget-wrap elementor-element-populated\">\n\t\t\t\t\t\t<div class=\"elementor-element elementor-element-f0ae06a elementor-widget elementor-widget-text-editor\" data-id=\"f0ae06a\" data-element_type=\"widget\" data-e-type=\"widget\" data-widget_type=\"text-editor.default\">\n\t\t\t\t<div class=\"elementor-widget-container\">\n\t\t\t\t\t\t\t\t\t<h2>Descubra como a Vertex combina versatilidade, design e tecnologia numa gama que se adapta a todas as necessidades.<\/h2>\n\t\t\t\t\t\t\t\t<\/div>\n\t\t\t\t<\/div>\n\t\t\t\t\t<\/div>\n\t\t<\/div>\n\t\t\t\t\t<\/div>\n\t\t<\/section>\n\t\t\t\t<section class=\"elementor-section elementor-top-section elementor-element elementor-element-5c7fc99 elementor-section-boxed elementor-section-height-default elementor-section-height-default\" data-id=\"5c7fc99\" data-element_type=\"section\" data-e-type=\"section\">\n\t\t\t\t\t\t<div class=\"elementor-container elementor-column-gap-default\">\n\t\t\t\t\t<div class=\"elementor-column elementor-col-100 elementor-top-column elementor-element elementor-element-fc7cca1\" data-id=\"fc7cca1\" data-element_type=\"column\" data-e-type=\"column\">\n\t\t\t<div class=\"elementor-widget-wrap elementor-element-populated\">\n\t\t\t\t\t\t<div class=\"elementor-element elementor-element-703b981 elementor-widget elementor-widget-text-editor\" data-id=\"703b981\" data-element_type=\"widget\" data-e-type=\"widget\" data-widget_type=\"text-editor.default\">\n\t\t\t\t<div class=\"elementor-widget-container\">\n\t\t\t\t\t\t\t\t\t<h6>Compreendemos que cada projeto tem as suas pr\u00f3prias necessidades. Por isso, concebemos <strong>Vertex<\/strong>, uma gama de gavetas que combina funcionalidade, estilo e personaliza\u00e7\u00e3o ilimitada. Desde a sua inovadora <strong>regula\u00e7\u00e3o de inclina\u00e7\u00e3o<\/strong> at\u00e9 aos seus m\u00faltiplos acabamentos e configura\u00e7\u00f5es, Vertex \u00e9 a solu\u00e7\u00e3o perfeita para o seu mobili\u00e1rio.<\/h6>\n\t\t\t\t\t\t\t\t<\/div>\n\t\t\t\t<\/div>\n\t\t\t\t\t<\/div>\n\t\t<\/div>\n\t\t\t\t\t<\/div>\n\t\t<\/section>\n\t\t\t\t<section class=\"elementor-section elementor-top-section elementor-element elementor-element-2cafcb8 elementor-section-boxed elementor-section-height-default elementor-section-height-default\" data-id=\"2cafcb8\" data-element_type=\"section\" data-e-type=\"section\">\n\t\t\t\t\t\t<div class=\"elementor-container elementor-column-gap-default\">\n\t\t\t\t\t<div class=\"elementor-column elementor-col-100 elementor-top-column elementor-element elementor-element-68a548f\" data-id=\"68a548f\" data-element_type=\"column\" data-e-type=\"column\">\n\t\t\t<div class=\"elementor-widget-wrap elementor-element-populated\">\n\t\t\t\t\t\t<div class=\"elementor-element elementor-element-b377dea elementor-widget elementor-widget-image\" data-id=\"b377dea\" data-element_type=\"widget\" data-e-type=\"widget\" data-widget_type=\"image.default\">\n\t\t\t\t<div class=\"elementor-widget-container\">\n\t\t\t\t\t\t\t\t\t\t\t\t\t\t\t<img fetchpriority=\"high\" decoding=\"async\" width=\"900\" height=\"500\" src=\"https:\/\/blog.emuca.com\/wp-content\/uploads\/2024\/11\/sostenibilidad-emuca-24.jpg\" class=\"attachment-2048x2048 size-2048x2048 wp-image-58968\" alt=\"\" srcset=\"https:\/\/blog.emuca.com\/wp-content\/uploads\/2024\/11\/sostenibilidad-emuca-24.jpg 900w, https:\/\/blog.emuca.com\/wp-content\/uploads\/2024\/11\/sostenibilidad-emuca-24-300x167.jpg 300w, https:\/\/blog.emuca.com\/wp-content\/uploads\/2024\/11\/sostenibilidad-emuca-24-768x427.jpg 768w\" sizes=\"(max-width: 34.9rem) calc(100vw - 2rem), (max-width: 53rem) calc(8 * (100vw \/ 12)), (min-width: 53rem) calc(6 * (100vw \/ 12)), 100vw\" \/>\t\t\t\t\t\t\t\t\t\t\t\t\t\t\t<\/div>\n\t\t\t\t<\/div>\n\t\t\t\t\t<\/div>\n\t\t<\/div>\n\t\t\t\t\t<\/div>\n\t\t<\/section>\n\t\t\t\t<section class=\"elementor-section elementor-top-section elementor-element elementor-element-f3e9fdd elementor-section-boxed elementor-section-height-default elementor-section-height-default\" data-id=\"f3e9fdd\" data-element_type=\"section\" data-e-type=\"section\">\n\t\t\t\t\t\t<div class=\"elementor-container elementor-column-gap-default\">\n\t\t\t\t\t<div class=\"elementor-column elementor-col-100 elementor-top-column elementor-element elementor-element-49cfa64\" data-id=\"49cfa64\" data-element_type=\"column\" data-e-type=\"column\">\n\t\t\t<div class=\"elementor-widget-wrap elementor-element-populated\">\n\t\t\t\t\t\t<div class=\"elementor-element elementor-element-0dfc6e7 elementor-align-center elementor-widget elementor-widget-button\" data-id=\"0dfc6e7\" data-element_type=\"widget\" data-e-type=\"widget\" data-widget_type=\"button.default\">\n\t\t\t\t<div class=\"elementor-widget-container\">\n\t\t\t\t\t\t\t\t\t<div class=\"elementor-button-wrapper\">\n\t\t\t\t\t<a class=\"elementor-button elementor-button-link elementor-size-sm\" href=\"https:\/\/4071763.fs1.hubspotusercontent-na1.net\/hubfs\/4071763\/CATALOGO%20VERTEX\/01-CATALOGO-EMUCA-Vertex-ES-PT_web.pdf\">\n\t\t\t\t\t\t<span class=\"elementor-button-content-wrapper\">\n\t\t\t\t\t\t\t\t\t<span class=\"elementor-button-text\">Descubra a gama completa no nosso cat\u00e1logo<\/span>\n\t\t\t\t\t<\/span>\n\t\t\t\t\t<\/a>\n\t\t\t\t<\/div>\n\t\t\t\t\t\t\t\t<\/div>\n\t\t\t\t<\/div>\n\t\t\t\t\t<\/div>\n\t\t<\/div>\n\t\t\t\t\t<\/div>\n\t\t<\/section>\n\t\t\t\t<section class=\"elementor-section elementor-top-section elementor-element elementor-element-0edb573 elementor-section-boxed elementor-section-height-default elementor-section-height-default\" data-id=\"0edb573\" data-element_type=\"section\" data-e-type=\"section\">\n\t\t\t\t\t\t<div class=\"elementor-container elementor-column-gap-default\">\n\t\t\t\t\t<div class=\"elementor-column elementor-col-100 elementor-top-column elementor-element elementor-element-7a11fc3\" data-id=\"7a11fc3\" data-element_type=\"column\" data-e-type=\"column\">\n\t\t\t<div class=\"elementor-widget-wrap elementor-element-populated\">\n\t\t\t\t\t\t<div class=\"elementor-element elementor-element-a3e18f7 elementor-widget elementor-widget-text-editor\" data-id=\"a3e18f7\" data-element_type=\"widget\" data-e-type=\"widget\" data-widget_type=\"text-editor.default\">\n\t\t\t\t<div class=\"elementor-widget-container\">\n\t\t\t\t\t\t\t\t\t<h2>Regula\u00e7\u00e3o da inclina\u00e7\u00e3o: A grande inova\u00e7\u00e3o da Vertex<\/h2>\n\t\t\t\t\t\t\t\t<\/div>\n\t\t\t\t<\/div>\n\t\t\t\t\t<\/div>\n\t\t<\/div>\n\t\t\t\t\t<\/div>\n\t\t<\/section>\n\t\t\t\t<section class=\"elementor-section elementor-top-section elementor-element elementor-element-c93da20 elementor-section-boxed elementor-section-height-default elementor-section-height-default\" data-id=\"c93da20\" data-element_type=\"section\" data-e-type=\"section\">\n\t\t\t\t\t\t<div class=\"elementor-container elementor-column-gap-default\">\n\t\t\t\t\t<div class=\"elementor-column elementor-col-100 elementor-top-column elementor-element elementor-element-4e41e87\" data-id=\"4e41e87\" data-element_type=\"column\" data-e-type=\"column\">\n\t\t\t<div class=\"elementor-widget-wrap elementor-element-populated\">\n\t\t\t\t\t\t<div class=\"elementor-element elementor-element-13fe5ab elementor-widget elementor-widget-text-editor\" data-id=\"13fe5ab\" data-element_type=\"widget\" data-e-type=\"widget\" data-widget_type=\"text-editor.default\">\n\t\t\t\t<div class=\"elementor-widget-container\">\n\t\t\t\t\t\t\t\t\t<h6>O novo sistema de regula\u00e7\u00e3o da inclina\u00e7\u00e3o <strong>Vertex<\/strong> marca um ponto de viragem na ergonomia dos m\u00f3veis. Este sistema permite regular a inclina\u00e7\u00e3o da gaveta para facilitar o acesso ao seu conte\u00fado, especialmente \u00fatil em m\u00f3veis baixos ou altos. Para al\u00e9m disso, mant\u00e9m as op\u00e7\u00f5es cl\u00e1ssicas de regula\u00e7\u00e3o vertical e horizontal, tornando a Vertex uma gaveta totalmente personaliz\u00e1vel.<\/h6>\n\t\t\t\t\t\t\t\t<\/div>\n\t\t\t\t<\/div>\n\t\t\t\t\t<\/div>\n\t\t<\/div>\n\t\t\t\t\t<\/div>\n\t\t<\/section>\n\t\t\t\t<section class=\"elementor-section elementor-top-section elementor-element elementor-element-a9a308b elementor-section-boxed elementor-section-height-default elementor-section-height-default\" data-id=\"a9a308b\" data-element_type=\"section\" data-e-type=\"section\">\n\t\t\t\t\t\t<div class=\"elementor-container elementor-column-gap-default\">\n\t\t\t\t\t<div class=\"elementor-column elementor-col-100 elementor-top-column elementor-element elementor-element-0380a10\" data-id=\"0380a10\" data-element_type=\"column\" data-e-type=\"column\">\n\t\t\t<div class=\"elementor-widget-wrap elementor-element-populated\">\n\t\t\t\t\t\t<div class=\"elementor-element elementor-element-aad3155 elementor-widget elementor-widget-video\" data-id=\"aad3155\" data-element_type=\"widget\" data-e-type=\"widget\" data-settings=\"{&quot;youtube_url&quot;:&quot;https:\\\/\\\/youtu.be\\\/pB05jwGKhz4?si=JitvMPecYuCI3GKr&quot;,&quot;video_type&quot;:&quot;youtube&quot;,&quot;controls&quot;:&quot;yes&quot;}\" data-widget_type=\"video.default\">\n\t\t\t\t<div class=\"elementor-widget-container\">\n\t\t\t\t\t\t\t<div class=\"elementor-wrapper elementor-open-inline\">\n\t\t\t<div class=\"elementor-video\"><\/div>\t\t<\/div>\n\t\t\t\t\t\t<\/div>\n\t\t\t\t<\/div>\n\t\t\t\t\t<\/div>\n\t\t<\/div>\n\t\t\t\t\t<\/div>\n\t\t<\/section>\n\t\t\t\t<section class=\"elementor-section elementor-top-section elementor-element elementor-element-31724e1 elementor-section-boxed elementor-section-height-default elementor-section-height-default\" data-id=\"31724e1\" data-element_type=\"section\" data-e-type=\"section\">\n\t\t\t\t\t\t<div class=\"elementor-container elementor-column-gap-default\">\n\t\t\t\t\t<div class=\"elementor-column elementor-col-100 elementor-top-column elementor-element elementor-element-58ec6aa\" data-id=\"58ec6aa\" data-element_type=\"column\" data-e-type=\"column\">\n\t\t\t<div class=\"elementor-widget-wrap elementor-element-populated\">\n\t\t\t\t\t\t<div class=\"elementor-element elementor-element-b000c6f elementor-widget elementor-widget-text-editor\" data-id=\"b000c6f\" data-element_type=\"widget\" data-e-type=\"widget\" data-widget_type=\"text-editor.default\">\n\t\t\t\t<div class=\"elementor-widget-container\">\n\t\t\t\t\t\t\t\t\t<h2>Versatilidade de tamanhos e acabamentos<\/h2>\n\t\t\t\t\t\t\t\t<\/div>\n\t\t\t\t<\/div>\n\t\t\t\t\t<\/div>\n\t\t<\/div>\n\t\t\t\t\t<\/div>\n\t\t<\/section>\n\t\t\t\t<section class=\"elementor-section elementor-top-section elementor-element elementor-element-0cf2ba5 elementor-section-boxed elementor-section-height-default elementor-section-height-default\" data-id=\"0cf2ba5\" data-element_type=\"section\" data-e-type=\"section\">\n\t\t\t\t\t\t<div class=\"elementor-container elementor-column-gap-default\">\n\t\t\t\t\t<div class=\"elementor-column elementor-col-50 elementor-top-column elementor-element elementor-element-496fbe5\" data-id=\"496fbe5\" data-element_type=\"column\" data-e-type=\"column\">\n\t\t\t<div class=\"elementor-widget-wrap elementor-element-populated\">\n\t\t\t\t\t\t<div class=\"elementor-element elementor-element-98b479c elementor-widget elementor-widget-text-editor\" data-id=\"98b479c\" data-element_type=\"widget\" data-e-type=\"widget\" data-widget_type=\"text-editor.default\">\n\t\t\t\t<div class=\"elementor-widget-container\">\n\t\t\t\t\t\t\t\t\t<h6>A Vertex oferece uma grande variedade de configura\u00e7\u00f5es para se adaptar a qualquer projeto:<\/h6>\r\n<ul>\r\n \t<li><strong>Alturas laterais:<\/strong> 83, 93, 131, 178 e 242 mm.<\/li>\r\n<\/ul>\r\n<ul>\r\n \t<li><strong>Profundidades:<\/strong> 270, 300, 350, 400, 450, 500 e 550 mm.<\/li>\r\n<\/ul>\r\n<ul>\r\n \t<li><strong>Carga Suportes:<\/strong> 40 ou 60 kg, consoante o modelo.<\/li>\r\n<\/ul>\t\t\t\t\t\t\t\t<\/div>\n\t\t\t\t<\/div>\n\t\t\t\t\t<\/div>\n\t\t<\/div>\n\t\t\t\t<div class=\"elementor-column elementor-col-50 elementor-top-column elementor-element elementor-element-87ee03c\" data-id=\"87ee03c\" data-element_type=\"column\" data-e-type=\"column\">\n\t\t\t<div class=\"elementor-widget-wrap elementor-element-populated\">\n\t\t\t\t\t\t<div class=\"elementor-element elementor-element-255adb6 elementor-arrows-position-inside elementor-pagination-position-outside elementor-widget elementor-widget-image-carousel\" data-id=\"255adb6\" data-element_type=\"widget\" data-e-type=\"widget\" data-settings=\"{&quot;slides_to_show&quot;:&quot;1&quot;,&quot;navigation&quot;:&quot;both&quot;,&quot;autoplay&quot;:&quot;yes&quot;,&quot;pause_on_hover&quot;:&quot;yes&quot;,&quot;pause_on_interaction&quot;:&quot;yes&quot;,&quot;autoplay_speed&quot;:5000,&quot;infinite&quot;:&quot;yes&quot;,&quot;effect&quot;:&quot;slide&quot;,&quot;speed&quot;:500}\" data-widget_type=\"image-carousel.default\">\n\t\t\t\t<div class=\"elementor-widget-container\">\n\t\t\t\t\t\t\t<div class=\"elementor-image-carousel-wrapper swiper\" role=\"region\" aria-roledescription=\"carousel\" aria-label=\"Carrossel de imagens\" dir=\"ltr\">\n\t\t\t<div class=\"elementor-image-carousel swiper-wrapper\" aria-live=\"off\">\n\t\t\t\t\t\t\t\t<div class=\"swiper-slide\" role=\"group\" aria-roledescription=\"slide\" aria-label=\"1 of 3\"><figure class=\"swiper-slide-inner\"><img decoding=\"async\" class=\"swiper-slide-image\" src=\"https:\/\/blog.emuca.com\/wp-content\/uploads\/2024\/11\/Cajon-242-gris-antracita-det-300x300.jpg\" alt=\"Caj\u00f3n 242 gris antracita det\" \/><\/figure><\/div><div class=\"swiper-slide\" role=\"group\" aria-roledescription=\"slide\" aria-label=\"2 of 3\"><figure class=\"swiper-slide-inner\"><img decoding=\"async\" class=\"swiper-slide-image\" src=\"https:\/\/blog.emuca.com\/wp-content\/uploads\/2024\/11\/Cajon-242-gris-det-300x300.jpg\" alt=\"Caj\u00f3n 242 gris det\" \/><\/figure><\/div><div class=\"swiper-slide\" role=\"group\" aria-roledescription=\"slide\" aria-label=\"3 of 3\"><figure class=\"swiper-slide-inner\"><img decoding=\"async\" class=\"swiper-slide-image\" src=\"https:\/\/blog.emuca.com\/wp-content\/uploads\/2024\/11\/Cajon-242-blanco-det-300x300.jpg\" alt=\"Caj\u00f3n 242 blanco det\" \/><\/figure><\/div>\t\t\t<\/div>\n\t\t\t\t\t\t\t\t\t\t\t\t<div class=\"elementor-swiper-button elementor-swiper-button-prev\" role=\"button\" tabindex=\"0\">\n\t\t\t\t\t\t<i aria-hidden=\"true\" class=\"eicon-chevron-left\"><\/i>\t\t\t\t\t<\/div>\n\t\t\t\t\t<div class=\"elementor-swiper-button elementor-swiper-button-next\" role=\"button\" tabindex=\"0\">\n\t\t\t\t\t\t<i aria-hidden=\"true\" class=\"eicon-chevron-right\"><\/i>\t\t\t\t\t<\/div>\n\t\t\t\t\n\t\t\t\t\t\t\t\t\t<div class=\"swiper-pagination\"><\/div>\n\t\t\t\t\t\t\t\t\t<\/div>\n\t\t\t\t\t\t<\/div>\n\t\t\t\t<\/div>\n\t\t\t\t\t<\/div>\n\t\t<\/div>\n\t\t\t\t\t<\/div>\n\t\t<\/section>\n\t\t\t\t<section class=\"elementor-section elementor-top-section elementor-element elementor-element-e542214 elementor-section-boxed elementor-section-height-default elementor-section-height-default\" data-id=\"e542214\" data-element_type=\"section\" data-e-type=\"section\">\n\t\t\t\t\t\t<div class=\"elementor-container elementor-column-gap-default\">\n\t\t\t\t\t<div class=\"elementor-column elementor-col-100 elementor-top-column elementor-element elementor-element-748939a\" data-id=\"748939a\" data-element_type=\"column\" data-e-type=\"column\">\n\t\t\t<div class=\"elementor-widget-wrap elementor-element-populated\">\n\t\t\t\t\t\t<div class=\"elementor-element elementor-element-88cc083 elementor-widget elementor-widget-text-editor\" data-id=\"88cc083\" data-element_type=\"widget\" data-e-type=\"widget\" data-widget_type=\"text-editor.default\">\n\t\t\t\t<div class=\"elementor-widget-container\">\n\t\t\t\t\t\t\t\t\t<h6>No que diz respeito ao design, pode escolher entre os acabamentos <strong>Gris antracite<\/strong>, <strong>Branco<\/strong> ou <strong>Cinza claro<\/strong>. Procura um toque mais sofisticado? Adicione pain\u00e9is <strong>de vidro<\/strong> nas laterais ou na frente, ou complemente-a com uma <strong>gaveta interior<\/strong> para maximizar o espa\u00e7o.<\/h6>\n\t\t\t\t\t\t\t\t<\/div>\n\t\t\t\t<\/div>\n\t\t\t\t\t<\/div>\n\t\t<\/div>\n\t\t\t\t\t<\/div>\n\t\t<\/section>\n\t\t\t\t<section class=\"elementor-section elementor-top-section elementor-element elementor-element-d5cbed0 elementor-section-boxed elementor-section-height-default elementor-section-height-default\" data-id=\"d5cbed0\" data-element_type=\"section\" data-e-type=\"section\">\n\t\t\t\t\t\t<div class=\"elementor-container elementor-column-gap-default\">\n\t\t\t\t\t<div class=\"elementor-column elementor-col-100 elementor-top-column elementor-element elementor-element-a1b656d\" data-id=\"a1b656d\" data-element_type=\"column\" data-e-type=\"column\">\n\t\t\t<div class=\"elementor-widget-wrap elementor-element-populated\">\n\t\t\t\t\t\t<div class=\"elementor-element elementor-element-25cb2f9 elementor-widget elementor-widget-gallery\" data-id=\"25cb2f9\" data-element_type=\"widget\" data-e-type=\"widget\" data-widget_type=\"gallery.default\">\n\t\t\t\t<div class=\"elementor-widget-container\">\n\t\t\t\t\t \t\t\t\t<\/div>\n\t\t\t\t<\/div>\n\t\t\t\t<div class=\"elementor-element elementor-element-02acab7 elementor-widget elementor-widget-video\" data-id=\"02acab7\" data-element_type=\"widget\" data-e-type=\"widget\" data-settings=\"{&quot;youtube_url&quot;:&quot;https:\\\/\\\/www.youtube.com\\\/watch?v=76nn31nOM3w&quot;,&quot;video_type&quot;:&quot;youtube&quot;,&quot;controls&quot;:&quot;yes&quot;}\" data-widget_type=\"video.default\">\n\t\t\t\t<div class=\"elementor-widget-container\">\n\t\t\t\t\t\t\t<div class=\"elementor-wrapper elementor-open-inline\">\n\t\t\t<div class=\"elementor-video\"><\/div>\t\t<\/div>\n\t\t\t\t\t\t<\/div>\n\t\t\t\t<\/div>\n\t\t\t\t\t<\/div>\n\t\t<\/div>\n\t\t\t\t\t<\/div>\n\t\t<\/section>\n\t\t\t\t<section class=\"elementor-section elementor-top-section elementor-element elementor-element-e4a902c elementor-section-boxed elementor-section-height-default elementor-section-height-default\" data-id=\"e4a902c\" data-element_type=\"section\" data-e-type=\"section\">\n\t\t\t\t\t\t<div class=\"elementor-container elementor-column-gap-default\">\n\t\t\t\t\t<div class=\"elementor-column elementor-col-100 elementor-top-column elementor-element elementor-element-edade1b\" data-id=\"edade1b\" data-element_type=\"column\" data-e-type=\"column\">\n\t\t\t<div class=\"elementor-widget-wrap elementor-element-populated\">\n\t\t\t\t\t\t<div class=\"elementor-element elementor-element-6873214 elementor-widget elementor-widget-text-editor\" data-id=\"6873214\" data-element_type=\"widget\" data-e-type=\"widget\" data-widget_type=\"text-editor.default\">\n\t\t\t\t<div class=\"elementor-widget-container\">\n\t\t\t\t\t\t\t\t\t<h2>Inova\u00e7\u00e3o tecnol\u00f3gica: Sistemas de fecho<\/h2>\n\t\t\t\t\t\t\t\t<\/div>\n\t\t\t\t<\/div>\n\t\t\t\t\t<\/div>\n\t\t<\/div>\n\t\t\t\t\t<\/div>\n\t\t<\/section>\n\t\t\t\t<section class=\"elementor-section elementor-top-section elementor-element elementor-element-74a1298 elementor-section-boxed elementor-section-height-default elementor-section-height-default\" data-id=\"74a1298\" data-element_type=\"section\" data-e-type=\"section\">\n\t\t\t\t\t\t<div class=\"elementor-container elementor-column-gap-default\">\n\t\t\t\t\t<div class=\"elementor-column elementor-col-50 elementor-top-column elementor-element elementor-element-dee4186\" data-id=\"dee4186\" data-element_type=\"column\" data-e-type=\"column\">\n\t\t\t<div class=\"elementor-widget-wrap elementor-element-populated\">\n\t\t\t\t\t\t<div class=\"elementor-element elementor-element-27a8d6e elementor-widget elementor-widget-text-editor\" data-id=\"27a8d6e\" data-element_type=\"widget\" data-e-type=\"widget\" data-widget_type=\"text-editor.default\">\n\t\t\t\t<div class=\"elementor-widget-container\">\n\t\t\t\t\t\t\t\t\t<h6><strong>Fecho Soft:<\/strong> faz com que a gaveta feche progressivamente, com uma for\u00e7a de abertura m\u00ednima, melhorando a experi\u00eancia do utilizador.<\/h6>\n\t\t\t\t\t\t\t\t<\/div>\n\t\t\t\t<\/div>\n\t\t\t\t\t<\/div>\n\t\t<\/div>\n\t\t\t\t<div class=\"elementor-column elementor-col-50 elementor-top-column elementor-element elementor-element-e52a82f\" data-id=\"e52a82f\" data-element_type=\"column\" data-e-type=\"column\">\n\t\t\t<div class=\"elementor-widget-wrap elementor-element-populated\">\n\t\t\t\t\t\t<div class=\"elementor-element elementor-element-53ca946 elementor-widget elementor-widget-text-editor\" data-id=\"53ca946\" data-element_type=\"widget\" data-e-type=\"widget\" data-widget_type=\"text-editor.default\">\n\t\t\t\t<div class=\"elementor-widget-container\">\n\t\t\t\t\t\t\t\t\t<h6><strong>Fecho sincronizado por press\u00e3o:<\/strong> permite abrir a gaveta com um simples \u201ctoque\u201d e um esfor\u00e7o m\u00ednimo em qualquer parte da frente.<\/h6>\n\t\t\t\t\t\t\t\t<\/div>\n\t\t\t\t<\/div>\n\t\t\t\t\t<\/div>\n\t\t<\/div>\n\t\t\t\t\t<\/div>\n\t\t<\/section>\n\t\t\t\t<section class=\"elementor-section elementor-top-section elementor-element elementor-element-568fbe8 elementor-section-boxed elementor-section-height-default elementor-section-height-default\" data-id=\"568fbe8\" data-element_type=\"section\" data-e-type=\"section\">\n\t\t\t\t\t\t<div class=\"elementor-container elementor-column-gap-default\">\n\t\t\t\t\t<div class=\"elementor-column elementor-col-100 elementor-top-column elementor-element elementor-element-4e3746a\" data-id=\"4e3746a\" data-element_type=\"column\" data-e-type=\"column\">\n\t\t\t<div class=\"elementor-widget-wrap elementor-element-populated\">\n\t\t\t\t\t\t<div class=\"elementor-element elementor-element-1cd64cf elementor-widget elementor-widget-image\" data-id=\"1cd64cf\" data-element_type=\"widget\" data-e-type=\"widget\" data-widget_type=\"image.default\">\n\t\t\t\t<div class=\"elementor-widget-container\">\n\t\t\t\t\t\t\t\t\t\t\t\t\t\t\t<img decoding=\"async\" width=\"640\" height=\"356\" src=\"https:\/\/blog.emuca.com\/wp-content\/uploads\/2024\/11\/sostenibilidad-emuca-25.jpg\" class=\"attachment-large size-large wp-image-59063\" alt=\"\" srcset=\"https:\/\/blog.emuca.com\/wp-content\/uploads\/2024\/11\/sostenibilidad-emuca-25.jpg 900w, https:\/\/blog.emuca.com\/wp-content\/uploads\/2024\/11\/sostenibilidad-emuca-25-300x167.jpg 300w, https:\/\/blog.emuca.com\/wp-content\/uploads\/2024\/11\/sostenibilidad-emuca-25-768x427.jpg 768w\" sizes=\"(max-width: 34.9rem) calc(100vw - 2rem), (max-width: 53rem) calc(8 * (100vw \/ 12)), (min-width: 53rem) calc(6 * (100vw \/ 12)), 100vw\" \/>\t\t\t\t\t\t\t\t\t\t\t\t\t\t\t<\/div>\n\t\t\t\t<\/div>\n\t\t\t\t\t<\/div>\n\t\t<\/div>\n\t\t\t\t\t<\/div>\n\t\t<\/section>\n\t\t\t\t<section class=\"elementor-section elementor-top-section elementor-element elementor-element-a3d6d83 elementor-section-boxed elementor-section-height-default elementor-section-height-default\" data-id=\"a3d6d83\" data-element_type=\"section\" data-e-type=\"section\">\n\t\t\t\t\t\t<div class=\"elementor-container elementor-column-gap-default\">\n\t\t\t\t\t<div class=\"elementor-column elementor-col-100 elementor-top-column elementor-element elementor-element-80fb727\" data-id=\"80fb727\" data-element_type=\"column\" data-e-type=\"column\">\n\t\t\t<div class=\"elementor-widget-wrap elementor-element-populated\">\n\t\t\t\t\t\t<div class=\"elementor-element elementor-element-b1b12aa elementor-widget elementor-widget-text-editor\" data-id=\"b1b12aa\" data-element_type=\"widget\" data-e-type=\"widget\" data-widget_type=\"text-editor.default\">\n\t\t\t\t<div class=\"elementor-widget-container\">\n\t\t\t\t\t\t\t\t\t<h2>Op\u00e7\u00f5es de embalagem: Flexibilidade para cada projeto<\/h2>\n\t\t\t\t\t\t\t\t<\/div>\n\t\t\t\t<\/div>\n\t\t\t\t\t<\/div>\n\t\t<\/div>\n\t\t\t\t\t<\/div>\n\t\t<\/section>\n\t\t\t\t<section class=\"elementor-section elementor-top-section elementor-element elementor-element-ea77ed7 elementor-section-boxed elementor-section-height-default elementor-section-height-default\" data-id=\"ea77ed7\" data-element_type=\"section\" data-e-type=\"section\">\n\t\t\t\t\t\t<div class=\"elementor-container elementor-column-gap-default\">\n\t\t\t\t\t<div class=\"elementor-column elementor-col-100 elementor-top-column elementor-element elementor-element-aeecc72\" data-id=\"aeecc72\" data-element_type=\"column\" data-e-type=\"column\">\n\t\t\t<div class=\"elementor-widget-wrap elementor-element-populated\">\n\t\t\t\t\t\t<div class=\"elementor-element elementor-element-da86c43 elementor-widget elementor-widget-text-editor\" data-id=\"da86c43\" data-element_type=\"widget\" data-e-type=\"widget\" data-widget_type=\"text-editor.default\">\n\t\t\t\t<div class=\"elementor-widget-container\">\n\t\t\t\t\t\t\t\t\t<h6>Na Emuca concebemos um sistema de embalagem pensado para se adaptar \u00e0s suas necessidades. A nossa solu\u00e7\u00e3o permite-lhe combinar diferentes op\u00e7\u00f5es de Gavetas e Corredi\u00e7as, conseguindo a <strong>maior compatibilidade do mercado<\/strong>. Isto n\u00e3o s\u00f3 optimiza o stock, como tamb\u00e9m reduz o espa\u00e7o necess\u00e1rio para o seu armazenamento. Assim, oferecemos uma das gamas mais completas de solu\u00e7\u00f5es de gavetas.<\/h6>\n\t\t\t\t\t\t\t\t<\/div>\n\t\t\t\t<\/div>\n\t\t\t\t\t<\/div>\n\t\t<\/div>\n\t\t\t\t\t<\/div>\n\t\t<\/section>\n\t\t\t\t<section class=\"elementor-section elementor-top-section elementor-element elementor-element-9ca2737 elementor-section-boxed elementor-section-height-default elementor-section-height-default\" data-id=\"9ca2737\" data-element_type=\"section\" data-e-type=\"section\">\n\t\t\t\t\t\t<div class=\"elementor-container elementor-column-gap-default\">\n\t\t\t\t\t<div class=\"elementor-column elementor-col-33 elementor-top-column elementor-element elementor-element-98e66f6\" data-id=\"98e66f6\" data-element_type=\"column\" data-e-type=\"column\">\n\t\t\t<div class=\"elementor-widget-wrap elementor-element-populated\">\n\t\t\t\t\t\t<div class=\"elementor-element elementor-element-32b205e elementor-widget elementor-widget-text-editor\" data-id=\"32b205e\" data-element_type=\"widget\" data-e-type=\"widget\" data-widget_type=\"text-editor.default\">\n\t\t\t\t<div class=\"elementor-widget-container\">\n\t\t\t\t\t\t\t\t\t<p><strong>Kit de gaveta individual:<\/strong><\/p>\n<h6>Perfeito para projectos personalizados ou pequenas instala\u00e7\u00f5es. Este formato inclui apenas os elementos essenciais, como as corredi\u00e7as e as pe\u00e7as b\u00e1sicas da gaveta. Ideal para quem precisa de uma solu\u00e7\u00e3o compacta e r\u00e1pida.<\/h6>\n\t\t\t\t\t\t\t\t<\/div>\n\t\t\t\t<\/div>\n\t\t\t\t\t<\/div>\n\t\t<\/div>\n\t\t\t\t<div class=\"elementor-column elementor-col-33 elementor-top-column elementor-element elementor-element-d2995e8\" data-id=\"d2995e8\" data-element_type=\"column\" data-e-type=\"column\">\n\t\t\t<div class=\"elementor-widget-wrap elementor-element-populated\">\n\t\t\t\t\t\t<div class=\"elementor-element elementor-element-4304179 elementor-widget elementor-widget-text-editor\" data-id=\"4304179\" data-element_type=\"widget\" data-e-type=\"widget\" data-widget_type=\"text-editor.default\">\n\t\t\t\t<div class=\"elementor-widget-container\">\n\t\t\t\t\t\t\t\t\t<h6><strong>Kit completo com fundo e traseira:<\/strong><\/h6>\n<p>&nbsp;<\/p>\n<h6>A op\u00e7\u00e3o mais pr\u00e1tica para instala\u00e7\u00f5es r\u00e1pidas. Este formato inclui tudo o que \u00e9 necess\u00e1rio: Laterais, corredi\u00e7as, fundo, traseira e acess\u00f3rios.<\/h6>\n\t\t\t\t\t\t\t\t<\/div>\n\t\t\t\t<\/div>\n\t\t\t\t\t<\/div>\n\t\t<\/div>\n\t\t\t\t<div class=\"elementor-column elementor-col-33 elementor-top-column elementor-element elementor-element-809e50f\" data-id=\"809e50f\" data-element_type=\"column\" data-e-type=\"column\">\n\t\t\t<div class=\"elementor-widget-wrap elementor-element-populated\">\n\t\t\t\t\t\t<div class=\"elementor-element elementor-element-1968a93 elementor-widget elementor-widget-text-editor\" data-id=\"1968a93\" data-element_type=\"widget\" data-e-type=\"widget\" data-widget_type=\"text-editor.default\">\n\t\t\t\t<div class=\"elementor-widget-container\">\n\t\t\t\t\t\t\t\t\t<p><strong>Embalagem industrial:<\/strong><\/p>\n<h6>Concebida para grandes projectos e fabricantes. Este formato agrupa v\u00e1rias unidades numa embalagem optimizada para facilitar o armazenamento e o transporte em grande escala.<\/h6>\n<h6>Permite poupar espa\u00e7o e gerir eficazmente o stock para projectos de grande volume.<\/h6>\n\t\t\t\t\t\t\t\t<\/div>\n\t\t\t\t<\/div>\n\t\t\t\t\t<\/div>\n\t\t<\/div>\n\t\t\t\t\t<\/div>\n\t\t<\/section>\n\t\t\t\t<section class=\"elementor-section elementor-top-section elementor-element elementor-element-69765ee elementor-section-boxed elementor-section-height-default elementor-section-height-default\" data-id=\"69765ee\" data-element_type=\"section\" data-e-type=\"section\">\n\t\t\t\t\t\t<div class=\"elementor-container elementor-column-gap-default\">\n\t\t\t\t\t<div class=\"elementor-column elementor-col-33 elementor-top-column elementor-element elementor-element-5ef7d45\" data-id=\"5ef7d45\" data-element_type=\"column\" data-e-type=\"column\">\n\t\t\t<div class=\"elementor-widget-wrap elementor-element-populated\">\n\t\t\t\t\t\t<div class=\"elementor-element elementor-element-656d0b4 elementor-widget elementor-widget-image\" data-id=\"656d0b4\" data-element_type=\"widget\" data-e-type=\"widget\" data-widget_type=\"image.default\">\n\t\t\t\t<div class=\"elementor-widget-container\">\n\t\t\t\t\t\t\t\t\t\t\t\t\t\t\t<img decoding=\"async\" width=\"640\" height=\"640\" src=\"https:\/\/blog.emuca.com\/wp-content\/uploads\/2024\/11\/cajon-individual-1024x1024.jpg\" class=\"attachment-large size-large wp-image-59103\" alt=\"\" srcset=\"https:\/\/blog.emuca.com\/wp-content\/uploads\/2024\/11\/cajon-individual-1024x1024.jpg 1024w, https:\/\/blog.emuca.com\/wp-content\/uploads\/2024\/11\/cajon-individual-300x300.jpg 300w, https:\/\/blog.emuca.com\/wp-content\/uploads\/2024\/11\/cajon-individual-150x150.jpg 150w, https:\/\/blog.emuca.com\/wp-content\/uploads\/2024\/11\/cajon-individual-768x768.jpg 768w, https:\/\/blog.emuca.com\/wp-content\/uploads\/2024\/11\/cajon-individual-1536x1536.jpg 1536w, https:\/\/blog.emuca.com\/wp-content\/uploads\/2024\/11\/cajon-individual-1568x1568.jpg 1568w, https:\/\/blog.emuca.com\/wp-content\/uploads\/2024\/11\/cajon-individual.jpg 1900w\" sizes=\"(max-width: 34.9rem) calc(100vw - 2rem), (max-width: 53rem) calc(8 * (100vw \/ 12)), (min-width: 53rem) calc(6 * (100vw \/ 12)), 100vw\" \/>\t\t\t\t\t\t\t\t\t\t\t\t\t\t\t<\/div>\n\t\t\t\t<\/div>\n\t\t\t\t\t<\/div>\n\t\t<\/div>\n\t\t\t\t<div class=\"elementor-column elementor-col-33 elementor-top-column elementor-element elementor-element-2f1698f\" data-id=\"2f1698f\" data-element_type=\"column\" data-e-type=\"column\">\n\t\t\t<div class=\"elementor-widget-wrap elementor-element-populated\">\n\t\t\t\t\t\t<div class=\"elementor-element elementor-element-605435b elementor-widget elementor-widget-image\" data-id=\"605435b\" data-element_type=\"widget\" data-e-type=\"widget\" data-widget_type=\"image.default\">\n\t\t\t\t<div class=\"elementor-widget-container\">\n\t\t\t\t\t\t\t\t\t\t\t\t\t\t\t<img loading=\"lazy\" decoding=\"async\" width=\"640\" height=\"640\" src=\"https:\/\/blog.emuca.com\/wp-content\/uploads\/2024\/11\/kit-1024x1024.jpg\" class=\"attachment-large size-large wp-image-59083\" alt=\"\" srcset=\"https:\/\/blog.emuca.com\/wp-content\/uploads\/2024\/11\/kit-1024x1024.jpg 1024w, https:\/\/blog.emuca.com\/wp-content\/uploads\/2024\/11\/kit-300x300.jpg 300w, https:\/\/blog.emuca.com\/wp-content\/uploads\/2024\/11\/kit-150x150.jpg 150w, https:\/\/blog.emuca.com\/wp-content\/uploads\/2024\/11\/kit-768x768.jpg 768w, https:\/\/blog.emuca.com\/wp-content\/uploads\/2024\/11\/kit-1536x1536.jpg 1536w, https:\/\/blog.emuca.com\/wp-content\/uploads\/2024\/11\/kit-2048x2048.jpg 2048w, https:\/\/blog.emuca.com\/wp-content\/uploads\/2024\/11\/kit-1568x1568.jpg 1568w\" sizes=\"(max-width: 34.9rem) calc(100vw - 2rem), (max-width: 53rem) calc(8 * (100vw \/ 12)), (min-width: 53rem) calc(6 * (100vw \/ 12)), 100vw\" \/>\t\t\t\t\t\t\t\t\t\t\t\t\t\t\t<\/div>\n\t\t\t\t<\/div>\n\t\t\t\t\t<\/div>\n\t\t<\/div>\n\t\t\t\t<div class=\"elementor-column elementor-col-33 elementor-top-column elementor-element elementor-element-7220afc\" data-id=\"7220afc\" data-element_type=\"column\" data-e-type=\"column\">\n\t\t\t<div class=\"elementor-widget-wrap elementor-element-populated\">\n\t\t\t\t\t\t<div class=\"elementor-element elementor-element-0cbe250 elementor-widget elementor-widget-image\" data-id=\"0cbe250\" data-element_type=\"widget\" data-e-type=\"widget\" data-widget_type=\"image.default\">\n\t\t\t\t<div class=\"elementor-widget-container\">\n\t\t\t\t\t\t\t\t\t\t\t\t\t\t\t<img loading=\"lazy\" decoding=\"async\" width=\"640\" height=\"640\" src=\"https:\/\/blog.emuca.com\/wp-content\/uploads\/2024\/11\/embalaje-industrial-1024x1024.jpg\" class=\"attachment-large size-large wp-image-59093\" alt=\"\" srcset=\"https:\/\/blog.emuca.com\/wp-content\/uploads\/2024\/11\/embalaje-industrial-1024x1024.jpg 1024w, https:\/\/blog.emuca.com\/wp-content\/uploads\/2024\/11\/embalaje-industrial-300x300.jpg 300w, https:\/\/blog.emuca.com\/wp-content\/uploads\/2024\/11\/embalaje-industrial-150x150.jpg 150w, https:\/\/blog.emuca.com\/wp-content\/uploads\/2024\/11\/embalaje-industrial-768x768.jpg 768w, https:\/\/blog.emuca.com\/wp-content\/uploads\/2024\/11\/embalaje-industrial-1536x1536.jpg 1536w, https:\/\/blog.emuca.com\/wp-content\/uploads\/2024\/11\/embalaje-industrial-2048x2048.jpg 2048w, https:\/\/blog.emuca.com\/wp-content\/uploads\/2024\/11\/embalaje-industrial-1568x1568.jpg 1568w\" sizes=\"(max-width: 34.9rem) calc(100vw - 2rem), (max-width: 53rem) calc(8 * (100vw \/ 12)), (min-width: 53rem) calc(6 * (100vw \/ 12)), 100vw\" \/>\t\t\t\t\t\t\t\t\t\t\t\t\t\t\t<\/div>\n\t\t\t\t<\/div>\n\t\t\t\t\t<\/div>\n\t\t<\/div>\n\t\t\t\t\t<\/div>\n\t\t<\/section>\n\t\t\t\t<section class=\"elementor-section elementor-top-section elementor-element elementor-element-f438c99 elementor-section-boxed elementor-section-height-default elementor-section-height-default\" data-id=\"f438c99\" data-element_type=\"section\" data-e-type=\"section\">\n\t\t\t\t\t\t<div class=\"elementor-container elementor-column-gap-default\">\n\t\t\t\t\t<div class=\"elementor-column elementor-col-100 elementor-top-column elementor-element elementor-element-4a72a0d\" data-id=\"4a72a0d\" data-element_type=\"column\" data-e-type=\"column\">\n\t\t\t<div class=\"elementor-widget-wrap elementor-element-populated\">\n\t\t\t\t\t\t<div class=\"elementor-element elementor-element-3d948fb elementor-widget elementor-widget-text-editor\" data-id=\"3d948fb\" data-element_type=\"widget\" data-e-type=\"widget\" data-widget_type=\"text-editor.default\">\n\t\t\t\t<div class=\"elementor-widget-container\">\n\t\t\t\t\t\t\t\t\t<h2>Vertex, o futuro do design nas suas m\u00e3os<\/h2>\n\t\t\t\t\t\t\t\t<\/div>\n\t\t\t\t<\/div>\n\t\t\t\t\t<\/div>\n\t\t<\/div>\n\t\t\t\t\t<\/div>\n\t\t<\/section>\n\t\t\t\t<section class=\"elementor-section elementor-top-section elementor-element elementor-element-9e63005 elementor-section-boxed elementor-section-height-default elementor-section-height-default\" data-id=\"9e63005\" data-element_type=\"section\" data-e-type=\"section\">\n\t\t\t\t\t\t<div class=\"elementor-container elementor-column-gap-default\">\n\t\t\t\t\t<div class=\"elementor-column elementor-col-100 elementor-top-column elementor-element elementor-element-f66840a\" data-id=\"f66840a\" data-element_type=\"column\" data-e-type=\"column\">\n\t\t\t<div class=\"elementor-widget-wrap elementor-element-populated\">\n\t\t\t\t\t\t<div class=\"elementor-element elementor-element-f09f22c elementor-widget elementor-widget-text-editor\" data-id=\"f09f22c\" data-element_type=\"widget\" data-e-type=\"widget\" data-widget_type=\"text-editor.default\">\n\t\t\t\t<div class=\"elementor-widget-container\">\n\t\t\t\t\t\t\t\t\t<h6>Vertex n\u00e3o \u00e9 apenas uma gaveta, \u00e9 uma solu\u00e7\u00e3o completa que combina inova\u00e7\u00e3o, design e funcionalidade. Seja qual for o seu projeto, com Vertex ter\u00e1 sempre a escolha perfeita.<\/h6>\n\t\t\t\t\t\t\t\t<\/div>\n\t\t\t\t<\/div>\n\t\t\t\t\t<\/div>\n\t\t<\/div>\n\t\t\t\t\t<\/div>\n\t\t<\/section>\n\t\t\t\t<section class=\"elementor-section elementor-top-section elementor-element elementor-element-47082ee elementor-section-boxed elementor-section-height-default elementor-section-height-default\" data-id=\"47082ee\" data-element_type=\"section\" data-e-type=\"section\">\n\t\t\t\t\t\t<div class=\"elementor-container elementor-column-gap-default\">\n\t\t\t\t\t<div class=\"elementor-column elementor-col-100 elementor-top-column elementor-element elementor-element-abfc8b4\" data-id=\"abfc8b4\" data-element_type=\"column\" data-e-type=\"column\">\n\t\t\t<div class=\"elementor-widget-wrap elementor-element-populated\">\n\t\t\t\t\t\t<div class=\"elementor-element elementor-element-dcf7143 elementor-widget elementor-widget-video\" data-id=\"dcf7143\" data-element_type=\"widget\" data-e-type=\"widget\" data-settings=\"{&quot;youtube_url&quot;:&quot;https:\\\/\\\/www.youtube.com\\\/watch?v=x_11IKCsupM&quot;,&quot;video_type&quot;:&quot;youtube&quot;,&quot;controls&quot;:&quot;yes&quot;}\" data-widget_type=\"video.default\">\n\t\t\t\t<div class=\"elementor-widget-container\">\n\t\t\t\t\t\t\t<div class=\"elementor-wrapper elementor-open-inline\">\n\t\t\t<div class=\"elementor-video\"><\/div>\t\t<\/div>\n\t\t\t\t\t\t<\/div>\n\t\t\t\t<\/div>\n\t\t\t\t\t<\/div>\n\t\t<\/div>\n\t\t\t\t\t<\/div>\n\t\t<\/section>\n\t\t\t\t<section class=\"elementor-section elementor-top-section elementor-element elementor-element-67ef9a8 elementor-section-boxed elementor-section-height-default elementor-section-height-default\" data-id=\"67ef9a8\" data-element_type=\"section\" data-e-type=\"section\">\n\t\t\t\t\t\t<div class=\"elementor-container elementor-column-gap-default\">\n\t\t\t\t\t<div class=\"elementor-column elementor-col-100 elementor-top-column elementor-element elementor-element-0fbd2c8\" data-id=\"0fbd2c8\" data-element_type=\"column\" data-e-type=\"column\">\n\t\t\t<div class=\"elementor-widget-wrap elementor-element-populated\">\n\t\t\t\t\t\t<div class=\"elementor-element elementor-element-c0ac072 elementor-align-center elementor-widget elementor-widget-button\" data-id=\"c0ac072\" data-element_type=\"widget\" data-e-type=\"widget\" data-widget_type=\"button.default\">\n\t\t\t\t<div class=\"elementor-widget-container\">\n\t\t\t\t\t\t\t\t\t<div class=\"elementor-button-wrapper\">\n\t\t\t\t\t<a class=\"elementor-button elementor-button-link elementor-size-sm\" href=\"https:\/\/www.emuca.com\/pt\/gavetas\/vertex\/\">\n\t\t\t\t\t\t<span class=\"elementor-button-content-wrapper\">\n\t\t\t\t\t\t\t\t\t<span class=\"elementor-button-text\">Descubra a gama completa no nosso s\u00edtio Web<\/span>\n\t\t\t\t\t<\/span>\n\t\t\t\t\t<\/a>\n\t\t\t\t<\/div>\n\t\t\t\t\t\t\t\t<\/div>\n\t\t\t\t<\/div>\n\t\t\t\t\t<\/div>\n\t\t<\/div>\n\t\t\t\t\t<\/div>\n\t\t<\/section>\n\t\t\t\t<\/div>\n\t\t","protected":false},"excerpt":{"rendered":"<p>Descubra como a Vertex combina versatilidade, design e tecnologia numa gama que se adapta a todas as necessidades. Compreendemos que cada projeto tem as suas pr\u00f3prias necessidades. Por isso, concebemos Vertex, uma gama de gavetas que combina funcionalidade, estilo e personaliza\u00e7\u00e3o ilimitada. Desde a sua inovadora regula\u00e7\u00e3o de inclina\u00e7\u00e3o at\u00e9 aos seus m\u00faltiplos acabamentos e &hellip; <\/p>\n<p class=\"link-more\"><a href=\"https:\/\/blog.emuca.com\/pt-pt\/cat\/novidades\/vertex-a-ultima-palavra-em-solucoes-versateis-para-gavetas\/\" class=\"more-link\">Continuar a ler <span class=\"screen-reader-text\">&#8220;Vertex: A \u00faltima palavra em solu\u00e7\u00f5es vers\u00e1teis para gavetas&#8221;<\/span><\/a><\/p>\n","protected":false},"author":2,"featured_media":58954,"comment_status":"closed","ping_status":"closed","sticky":false,"template":"","format":"standard","meta":{"footnotes":""},"categories":[108,121],"tags":[],"class_list":["post-59122","post","type-post","status-publish","format-standard","has-post-thumbnail","hentry","category-novidades","category-tendencias","entry"],"yoast_head":"<!-- This site is optimized with the Yoast SEO plugin v24.1 - https:\/\/yoast.com\/wordpress\/plugins\/seo\/ -->\n<title>Vertex: A \u00faltima palavra em solu\u00e7\u00f5es vers\u00e1teis para gavetas - Emuca blog<\/title>\n<meta name=\"description\" content=\"Compreendemos que cada projeto tem as suas pr\u00f3prias necessidades. Por isso, concebemos Vertex, uma gama de gavetas que combina funcionalidade, estilo e personaliza\u00e7\u00e3o ilimitada.\" \/>\n<meta name=\"robots\" content=\"index, follow, max-snippet:-1, max-image-preview:large, max-video-preview:-1\" \/>\n<link rel=\"canonical\" href=\"https:\/\/blog.emuca.com\/pt-pt\/cat\/novidades\/vertex-a-ultima-palavra-em-solucoes-versateis-para-gavetas\/\" \/>\n<meta property=\"og:locale\" content=\"pt_PT\" \/>\n<meta property=\"og:type\" content=\"article\" \/>\n<meta property=\"og:title\" content=\"Vertex: A \u00faltima palavra em solu\u00e7\u00f5es vers\u00e1teis para gavetas - Emuca blog\" \/>\n<meta property=\"og:description\" content=\"Compreendemos que cada projeto tem as suas pr\u00f3prias necessidades. Por isso, concebemos Vertex, uma gama de gavetas que combina funcionalidade, estilo e personaliza\u00e7\u00e3o ilimitada.\" \/>\n<meta property=\"og:url\" content=\"https:\/\/blog.emuca.com\/pt-pt\/cat\/novidades\/vertex-a-ultima-palavra-em-solucoes-versateis-para-gavetas\/\" \/>\n<meta property=\"og:site_name\" content=\"Emuca blog\" \/>\n<meta property=\"article:publisher\" content=\"https:\/\/www.facebook.com\/EmucaGroup\" \/>\n<meta property=\"article:published_time\" content=\"2025-01-27T11:00:21+00:00\" \/>\n<meta property=\"article:modified_time\" content=\"2025-01-27T09:23:06+00:00\" \/>\n<meta property=\"og:image\" content=\"https:\/\/blog.emuca.com\/wp-content\/uploads\/2024\/11\/sostenibilidad-emuca-23.jpg\" \/>\n\t<meta property=\"og:image:width\" content=\"900\" \/>\n\t<meta property=\"og:image:height\" content=\"500\" \/>\n\t<meta property=\"og:image:type\" content=\"image\/jpeg\" \/>\n<meta name=\"author\" content=\"Emuca\" \/>\n<meta name=\"twitter:card\" content=\"summary_large_image\" \/>\n<meta name=\"twitter:label1\" content=\"Escrito por\" \/>\n\t<meta name=\"twitter:data1\" content=\"Emuca\" \/>\n\t<meta name=\"twitter:label2\" content=\"Tempo estimado de leitura\" \/>\n\t<meta name=\"twitter:data2\" content=\"4 minutos\" \/>\n<script type=\"application\/ld+json\" class=\"yoast-schema-graph\">{\"@context\":\"https:\/\/schema.org\",\"@graph\":[{\"@type\":\"Article\",\"@id\":\"https:\/\/blog.emuca.com\/pt-pt\/cat\/novidades\/vertex-a-ultima-palavra-em-solucoes-versateis-para-gavetas\/#article\",\"isPartOf\":{\"@id\":\"https:\/\/blog.emuca.com\/pt-pt\/cat\/novidades\/vertex-a-ultima-palavra-em-solucoes-versateis-para-gavetas\/\"},\"author\":{\"name\":\"Emuca\",\"@id\":\"https:\/\/blog.emuca.com\/#\/schema\/person\/81560ca037d9c1ed19744a85ef9cbe2a\"},\"headline\":\"Vertex: A \u00faltima palavra em solu\u00e7\u00f5es vers\u00e1teis para gavetas\",\"datePublished\":\"2025-01-27T11:00:21+00:00\",\"dateModified\":\"2025-01-27T09:23:06+00:00\",\"mainEntityOfPage\":{\"@id\":\"https:\/\/blog.emuca.com\/pt-pt\/cat\/novidades\/vertex-a-ultima-palavra-em-solucoes-versateis-para-gavetas\/\"},\"wordCount\":568,\"publisher\":{\"@id\":\"https:\/\/blog.emuca.com\/#organization\"},\"image\":{\"@id\":\"https:\/\/blog.emuca.com\/pt-pt\/cat\/novidades\/vertex-a-ultima-palavra-em-solucoes-versateis-para-gavetas\/#primaryimage\"},\"thumbnailUrl\":\"https:\/\/blog.emuca.com\/wp-content\/uploads\/2024\/11\/sostenibilidad-emuca-23.jpg\",\"articleSection\":[\"Novidades\",\"Tend\u00eancias\"],\"inLanguage\":\"pt-PT\"},{\"@type\":\"WebPage\",\"@id\":\"https:\/\/blog.emuca.com\/pt-pt\/cat\/novidades\/vertex-a-ultima-palavra-em-solucoes-versateis-para-gavetas\/\",\"url\":\"https:\/\/blog.emuca.com\/pt-pt\/cat\/novidades\/vertex-a-ultima-palavra-em-solucoes-versateis-para-gavetas\/\",\"name\":\"Vertex: A \u00faltima palavra em solu\u00e7\u00f5es vers\u00e1teis para gavetas - Emuca blog\",\"isPartOf\":{\"@id\":\"https:\/\/blog.emuca.com\/#website\"},\"primaryImageOfPage\":{\"@id\":\"https:\/\/blog.emuca.com\/pt-pt\/cat\/novidades\/vertex-a-ultima-palavra-em-solucoes-versateis-para-gavetas\/#primaryimage\"},\"image\":{\"@id\":\"https:\/\/blog.emuca.com\/pt-pt\/cat\/novidades\/vertex-a-ultima-palavra-em-solucoes-versateis-para-gavetas\/#primaryimage\"},\"thumbnailUrl\":\"https:\/\/blog.emuca.com\/wp-content\/uploads\/2024\/11\/sostenibilidad-emuca-23.jpg\",\"datePublished\":\"2025-01-27T11:00:21+00:00\",\"dateModified\":\"2025-01-27T09:23:06+00:00\",\"description\":\"Compreendemos que cada projeto tem as suas pr\u00f3prias necessidades. Por isso, concebemos Vertex, uma gama de gavetas que combina funcionalidade, estilo e personaliza\u00e7\u00e3o ilimitada.\",\"inLanguage\":\"pt-PT\",\"potentialAction\":[{\"@type\":\"ReadAction\",\"target\":[\"https:\/\/blog.emuca.com\/pt-pt\/cat\/novidades\/vertex-a-ultima-palavra-em-solucoes-versateis-para-gavetas\/\"]}]},{\"@type\":\"ImageObject\",\"inLanguage\":\"pt-PT\",\"@id\":\"https:\/\/blog.emuca.com\/pt-pt\/cat\/novidades\/vertex-a-ultima-palavra-em-solucoes-versateis-para-gavetas\/#primaryimage\",\"url\":\"https:\/\/blog.emuca.com\/wp-content\/uploads\/2024\/11\/sostenibilidad-emuca-23.jpg\",\"contentUrl\":\"https:\/\/blog.emuca.com\/wp-content\/uploads\/2024\/11\/sostenibilidad-emuca-23.jpg\",\"width\":900,\"height\":500},{\"@type\":\"WebSite\",\"@id\":\"https:\/\/blog.emuca.com\/#website\",\"url\":\"https:\/\/blog.emuca.com\/\",\"name\":\"Emuca blog\",\"description\":\"\",\"publisher\":{\"@id\":\"https:\/\/blog.emuca.com\/#organization\"},\"potentialAction\":[{\"@type\":\"SearchAction\",\"target\":{\"@type\":\"EntryPoint\",\"urlTemplate\":\"https:\/\/blog.emuca.com\/?s={search_term_string}\"},\"query-input\":{\"@type\":\"PropertyValueSpecification\",\"valueRequired\":true,\"valueName\":\"search_term_string\"}}],\"inLanguage\":\"pt-PT\"},{\"@type\":\"Organization\",\"@id\":\"https:\/\/blog.emuca.com\/#organization\",\"name\":\"emuca\",\"url\":\"https:\/\/blog.emuca.com\/\",\"logo\":{\"@type\":\"ImageObject\",\"inLanguage\":\"pt-PT\",\"@id\":\"https:\/\/blog.emuca.com\/#\/schema\/logo\/image\/\",\"url\":\"https:\/\/blog.emuca.com\/wp-content\/uploads\/2024\/05\/cropped-logo-emuca-menu.png\",\"contentUrl\":\"https:\/\/blog.emuca.com\/wp-content\/uploads\/2024\/05\/cropped-logo-emuca-menu.png\",\"width\":190,\"height\":190,\"caption\":\"emuca\"},\"image\":{\"@id\":\"https:\/\/blog.emuca.com\/#\/schema\/logo\/image\/\"},\"sameAs\":[\"https:\/\/www.facebook.com\/EmucaGroup\"]},{\"@type\":\"Person\",\"@id\":\"https:\/\/blog.emuca.com\/#\/schema\/person\/81560ca037d9c1ed19744a85ef9cbe2a\",\"name\":\"Emuca\",\"url\":\"https:\/\/blog.emuca.com\/pt-pt\/cat\/author\/emuca\/\"}]}<\/script>\n<!-- \/ Yoast SEO plugin. -->","yoast_head_json":{"title":"Vertex: A \u00faltima palavra em solu\u00e7\u00f5es vers\u00e1teis para gavetas - Emuca blog","description":"Compreendemos que cada projeto tem as suas pr\u00f3prias necessidades. Por isso, concebemos Vertex, uma gama de gavetas que combina funcionalidade, estilo e personaliza\u00e7\u00e3o ilimitada.","robots":{"index":"index","follow":"follow","max-snippet":"max-snippet:-1","max-image-preview":"max-image-preview:large","max-video-preview":"max-video-preview:-1"},"canonical":"https:\/\/blog.emuca.com\/pt-pt\/cat\/novidades\/vertex-a-ultima-palavra-em-solucoes-versateis-para-gavetas\/","og_locale":"pt_PT","og_type":"article","og_title":"Vertex: A \u00faltima palavra em solu\u00e7\u00f5es vers\u00e1teis para gavetas - Emuca blog","og_description":"Compreendemos que cada projeto tem as suas pr\u00f3prias necessidades. Por isso, concebemos Vertex, uma gama de gavetas que combina funcionalidade, estilo e personaliza\u00e7\u00e3o ilimitada.","og_url":"https:\/\/blog.emuca.com\/pt-pt\/cat\/novidades\/vertex-a-ultima-palavra-em-solucoes-versateis-para-gavetas\/","og_site_name":"Emuca blog","article_publisher":"https:\/\/www.facebook.com\/EmucaGroup","article_published_time":"2025-01-27T11:00:21+00:00","article_modified_time":"2025-01-27T09:23:06+00:00","og_image":[{"width":900,"height":500,"url":"https:\/\/blog.emuca.com\/wp-content\/uploads\/2024\/11\/sostenibilidad-emuca-23.jpg","type":"image\/jpeg"}],"author":"Emuca","twitter_card":"summary_large_image","twitter_misc":{"Escrito por":"Emuca","Tempo estimado de leitura":"4 minutos"},"schema":{"@context":"https:\/\/schema.org","@graph":[{"@type":"Article","@id":"https:\/\/blog.emuca.com\/pt-pt\/cat\/novidades\/vertex-a-ultima-palavra-em-solucoes-versateis-para-gavetas\/#article","isPartOf":{"@id":"https:\/\/blog.emuca.com\/pt-pt\/cat\/novidades\/vertex-a-ultima-palavra-em-solucoes-versateis-para-gavetas\/"},"author":{"name":"Emuca","@id":"https:\/\/blog.emuca.com\/#\/schema\/person\/81560ca037d9c1ed19744a85ef9cbe2a"},"headline":"Vertex: A \u00faltima palavra em solu\u00e7\u00f5es vers\u00e1teis para gavetas","datePublished":"2025-01-27T11:00:21+00:00","dateModified":"2025-01-27T09:23:06+00:00","mainEntityOfPage":{"@id":"https:\/\/blog.emuca.com\/pt-pt\/cat\/novidades\/vertex-a-ultima-palavra-em-solucoes-versateis-para-gavetas\/"},"wordCount":568,"publisher":{"@id":"https:\/\/blog.emuca.com\/#organization"},"image":{"@id":"https:\/\/blog.emuca.com\/pt-pt\/cat\/novidades\/vertex-a-ultima-palavra-em-solucoes-versateis-para-gavetas\/#primaryimage"},"thumbnailUrl":"https:\/\/blog.emuca.com\/wp-content\/uploads\/2024\/11\/sostenibilidad-emuca-23.jpg","articleSection":["Novidades","Tend\u00eancias"],"inLanguage":"pt-PT"},{"@type":"WebPage","@id":"https:\/\/blog.emuca.com\/pt-pt\/cat\/novidades\/vertex-a-ultima-palavra-em-solucoes-versateis-para-gavetas\/","url":"https:\/\/blog.emuca.com\/pt-pt\/cat\/novidades\/vertex-a-ultima-palavra-em-solucoes-versateis-para-gavetas\/","name":"Vertex: A \u00faltima palavra em solu\u00e7\u00f5es vers\u00e1teis para gavetas - Emuca blog","isPartOf":{"@id":"https:\/\/blog.emuca.com\/#website"},"primaryImageOfPage":{"@id":"https:\/\/blog.emuca.com\/pt-pt\/cat\/novidades\/vertex-a-ultima-palavra-em-solucoes-versateis-para-gavetas\/#primaryimage"},"image":{"@id":"https:\/\/blog.emuca.com\/pt-pt\/cat\/novidades\/vertex-a-ultima-palavra-em-solucoes-versateis-para-gavetas\/#primaryimage"},"thumbnailUrl":"https:\/\/blog.emuca.com\/wp-content\/uploads\/2024\/11\/sostenibilidad-emuca-23.jpg","datePublished":"2025-01-27T11:00:21+00:00","dateModified":"2025-01-27T09:23:06+00:00","description":"Compreendemos que cada projeto tem as suas pr\u00f3prias necessidades. Por isso, concebemos Vertex, uma gama de gavetas que combina funcionalidade, estilo e personaliza\u00e7\u00e3o ilimitada.","inLanguage":"pt-PT","potentialAction":[{"@type":"ReadAction","target":["https:\/\/blog.emuca.com\/pt-pt\/cat\/novidades\/vertex-a-ultima-palavra-em-solucoes-versateis-para-gavetas\/"]}]},{"@type":"ImageObject","inLanguage":"pt-PT","@id":"https:\/\/blog.emuca.com\/pt-pt\/cat\/novidades\/vertex-a-ultima-palavra-em-solucoes-versateis-para-gavetas\/#primaryimage","url":"https:\/\/blog.emuca.com\/wp-content\/uploads\/2024\/11\/sostenibilidad-emuca-23.jpg","contentUrl":"https:\/\/blog.emuca.com\/wp-content\/uploads\/2024\/11\/sostenibilidad-emuca-23.jpg","width":900,"height":500},{"@type":"WebSite","@id":"https:\/\/blog.emuca.com\/#website","url":"https:\/\/blog.emuca.com\/","name":"Emuca blog","description":"","publisher":{"@id":"https:\/\/blog.emuca.com\/#organization"},"potentialAction":[{"@type":"SearchAction","target":{"@type":"EntryPoint","urlTemplate":"https:\/\/blog.emuca.com\/?s={search_term_string}"},"query-input":{"@type":"PropertyValueSpecification","valueRequired":true,"valueName":"search_term_string"}}],"inLanguage":"pt-PT"},{"@type":"Organization","@id":"https:\/\/blog.emuca.com\/#organization","name":"emuca","url":"https:\/\/blog.emuca.com\/","logo":{"@type":"ImageObject","inLanguage":"pt-PT","@id":"https:\/\/blog.emuca.com\/#\/schema\/logo\/image\/","url":"https:\/\/blog.emuca.com\/wp-content\/uploads\/2024\/05\/cropped-logo-emuca-menu.png","contentUrl":"https:\/\/blog.emuca.com\/wp-content\/uploads\/2024\/05\/cropped-logo-emuca-menu.png","width":190,"height":190,"caption":"emuca"},"image":{"@id":"https:\/\/blog.emuca.com\/#\/schema\/logo\/image\/"},"sameAs":["https:\/\/www.facebook.com\/EmucaGroup"]},{"@type":"Person","@id":"https:\/\/blog.emuca.com\/#\/schema\/person\/81560ca037d9c1ed19744a85ef9cbe2a","name":"Emuca","url":"https:\/\/blog.emuca.com\/pt-pt\/cat\/author\/emuca\/"}]}},"_links":{"self":[{"href":"https:\/\/blog.emuca.com\/pt-pt\/wp-json\/wp\/v2\/posts\/59122","targetHints":{"allow":["GET"]}}],"collection":[{"href":"https:\/\/blog.emuca.com\/pt-pt\/wp-json\/wp\/v2\/posts"}],"about":[{"href":"https:\/\/blog.emuca.com\/pt-pt\/wp-json\/wp\/v2\/types\/post"}],"author":[{"embeddable":true,"href":"https:\/\/blog.emuca.com\/pt-pt\/wp-json\/wp\/v2\/users\/2"}],"replies":[{"embeddable":true,"href":"https:\/\/blog.emuca.com\/pt-pt\/wp-json\/wp\/v2\/comments?post=59122"}],"version-history":[{"count":5,"href":"https:\/\/blog.emuca.com\/pt-pt\/wp-json\/wp\/v2\/posts\/59122\/revisions"}],"predecessor-version":[{"id":59389,"href":"https:\/\/blog.emuca.com\/pt-pt\/wp-json\/wp\/v2\/posts\/59122\/revisions\/59389"}],"wp:featuredmedia":[{"embeddable":true,"href":"https:\/\/blog.emuca.com\/pt-pt\/wp-json\/wp\/v2\/media\/58954"}],"wp:attachment":[{"href":"https:\/\/blog.emuca.com\/pt-pt\/wp-json\/wp\/v2\/media?parent=59122"}],"wp:term":[{"taxonomy":"category","embeddable":true,"href":"https:\/\/blog.emuca.com\/pt-pt\/wp-json\/wp\/v2\/categories?post=59122"},{"taxonomy":"post_tag","embeddable":true,"href":"https:\/\/blog.emuca.com\/pt-pt\/wp-json\/wp\/v2\/tags?post=59122"}],"curies":[{"name":"wp","href":"https:\/\/api.w.org\/{rel}","templated":true}]}}