{"id":57846,"date":"2024-10-10T13:16:18","date_gmt":"2024-10-10T11:16:18","guid":{"rendered":"https:\/\/blog.emuca.com\/?p=57846"},"modified":"2024-10-21T13:16:28","modified_gmt":"2024-10-21T11:16:28","slug":"escopo-3-na-pegada-de-carbono-a-importancia-da-distribuicao-e-do-transporte-nas-mudancas-climaticas","status":"publish","type":"post","link":"https:\/\/blog.emuca.com\/pt-pt\/cat\/estilo-de-vida-pt-pt\/escopo-3-na-pegada-de-carbono-a-importancia-da-distribuicao-e-do-transporte-nas-mudancas-climaticas\/","title":{"rendered":"Escopo 3 na Pegada de Carbono: A Import\u00e2ncia da Distribui\u00e7\u00e3o e do Transporte nas Mudan\u00e7as Clim\u00e1ticas"},"content":{"rendered":"\t\t<div data-elementor-type=\"wp-post\" data-elementor-id=\"57846\" class=\"elementor elementor-57846 elementor-57832\" data-elementor-post-type=\"post\">\n\t\t\t\t\t\t<section class=\"elementor-section elementor-top-section elementor-element elementor-element-53330c6 elementor-section-boxed elementor-section-height-default elementor-section-height-default\" data-id=\"53330c6\" data-element_type=\"section\">\n\t\t\t\t\t\t<div class=\"elementor-container elementor-column-gap-default\">\n\t\t\t\t\t<div class=\"elementor-column elementor-col-100 elementor-top-column elementor-element elementor-element-d6eb145\" data-id=\"d6eb145\" data-element_type=\"column\">\n\t\t\t<div class=\"elementor-widget-wrap elementor-element-populated\">\n\t\t\t\t\t\t<div class=\"elementor-element elementor-element-81c7d3c elementor-widget elementor-widget-text-editor\" data-id=\"81c7d3c\" data-element_type=\"widget\" data-widget_type=\"text-editor.default\">\n\t\t\t\t<div class=\"elementor-widget-container\">\n\t\t\t\t\t\t\t<p>As mudan\u00e7as clim\u00e1ticas s\u00e3o um dos maiores desafios que nosso planeta enfrenta atualmente. Como j\u00e1 discutimos em publica\u00e7\u00f5es anteriores, a preocupa\u00e7\u00e3o com a pegada de carbono, que mede a quantidade total de gases de efeito estufa emitidos direta e indiretamente por uma organiza\u00e7\u00e3o como a EMUCA, levou a uma abordagem mais detalhada e completa. Nesse contexto, o Escopo 3 surge como um componente essencial para entender e abordar de forma eficaz a crise clim\u00e1tica.<\/p>\n<p>O Escopo 3 refere-se \u00e0s emiss\u00f5es indiretas associadas a uma organiza\u00e7\u00e3o, incluindo tanto as provenientes da cadeia de suprimentos quanto as geradas durante o uso de produtos ou servi\u00e7os. Nesta publica\u00e7\u00e3o, focaremos especificamente na influ\u00eancia crucial da distribui\u00e7\u00e3o e do transporte no Escopo 3 e seu impacto direto nas mudan\u00e7as clim\u00e1ticas.<\/p>\n<h2><strong>Distribui\u00e7\u00e3o e Transporte: Pilares do Escopo 3<\/strong><\/h2>\n<p>A distribui\u00e7\u00e3o e o transporte representam uma por\u00e7\u00e3o significativa das emiss\u00f5es de gases de efeito estufa na cadeia de suprimentos da EMUCA. Desde a fabrica\u00e7\u00e3o at\u00e9 o consumidor final, cada etapa envolve o movimento de mercadorias, seja a n\u00edvel local ou internacional. O transporte de mercadorias por rodovia, ferrovia, mar ou ar libera quantidades consider\u00e1veis de di\u00f3xido de carbono (CO2) e outros poluentes.<\/p>\n<h2><strong>Impacto Ambiental da Cadeia de Suprimentos<\/strong><\/h2>\n<p>A expans\u00e3o das cadeias de suprimentos globais levou a um aumento exponencial na dist\u00e2ncia que os produtos percorrem antes de chegar aos consumidores. Esse fen\u00f4meno contribui diretamente para o aumento das emiss\u00f5es de gases de efeito estufa, pois implica maiores dist\u00e2ncias de transporte e, consequentemente, maior consumo de combust\u00edveis f\u00f3sseis. Al\u00e9m disso, a escolha de modos de transporte mais poluentes, como o transporte a\u00e9reo, pode agravar ainda mais o impacto ambiental. Com o aumento da demanda por entregas r\u00e1pidas e eficientes, \u00e9 crucial avaliar e adotar estrat\u00e9gias sustent\u00e1veis que reduzam essas emiss\u00f5es.<\/p>\n\t\t\t\t\t\t<\/div>\n\t\t\t\t<\/div>\n\t\t\t\t<div class=\"elementor-element elementor-element-b29a78b elementor-widget elementor-widget-image\" data-id=\"b29a78b\" data-element_type=\"widget\" data-widget_type=\"image.default\">\n\t\t\t\t<div class=\"elementor-widget-container\">\n\t\t\t\t\t\t\t\t\t\t\t\t\t<img fetchpriority=\"high\" decoding=\"async\" width=\"640\" height=\"427\" src=\"https:\/\/blog.emuca.com\/wp-content\/uploads\/2024\/10\/2148959699.jpg\" class=\"attachment-large size-large wp-image-57817\" alt=\"\" srcset=\"https:\/\/blog.emuca.com\/wp-content\/uploads\/2024\/10\/2148959699.jpg 1000w, https:\/\/blog.emuca.com\/wp-content\/uploads\/2024\/10\/2148959699-300x200.jpg 300w, https:\/\/blog.emuca.com\/wp-content\/uploads\/2024\/10\/2148959699-768x512.jpg 768w\" sizes=\"(max-width: 34.9rem) calc(100vw - 2rem), (max-width: 53rem) calc(8 * (100vw \/ 12)), (min-width: 53rem) calc(6 * (100vw \/ 12)), 100vw\" \/>\t\t\t\t\t\t\t\t\t\t\t\t\t<\/div>\n\t\t\t\t<\/div>\n\t\t\t\t\t<\/div>\n\t\t<\/div>\n\t\t\t\t\t<\/div>\n\t\t<\/section>\n\t\t\t\t<section class=\"elementor-section elementor-top-section elementor-element elementor-element-a42c231 elementor-section-boxed elementor-section-height-default elementor-section-height-default\" data-id=\"a42c231\" data-element_type=\"section\">\n\t\t\t\t\t\t<div class=\"elementor-container elementor-column-gap-default\">\n\t\t\t\t\t<div class=\"elementor-column elementor-col-100 elementor-top-column elementor-element elementor-element-5fdd43a\" data-id=\"5fdd43a\" data-element_type=\"column\">\n\t\t\t<div class=\"elementor-widget-wrap elementor-element-populated\">\n\t\t\t\t\t\t<div class=\"elementor-element elementor-element-2c491bf elementor-widget elementor-widget-text-editor\" data-id=\"2c491bf\" data-element_type=\"widget\" data-widget_type=\"text-editor.default\">\n\t\t\t\t<div class=\"elementor-widget-container\">\n\t\t\t\t\t\t\t<h2><strong>Estrat\u00e9gias para Mitigar as Emiss\u00f5es na Distribui\u00e7\u00e3o e no Transporte<\/strong><\/h2>\n<ol>\n<li>Otimiza\u00e7\u00e3o de Rotas e Modos de Transporte: Utilizar tecnologias avan\u00e7adas para planejar rotas mais eficientes e selecionar modos de transporte mais sustent\u00e1veis pode reduzir significativamente as emiss\u00f5es.<\/li>\n<li>Uso de Energias Renov\u00e1veis: Transitar para fontes de energia renov\u00e1vel para a frota de transporte \u00e9 uma medida chave. A ado\u00e7\u00e3o de ve\u00edculos el\u00e9tricos e o uso de biocombust\u00edveis s\u00e3o exemplos de pr\u00e1ticas mais sustent\u00e1veis a serem adotadas na pr\u00f3pria frota.<\/li>\n<li>Colabora\u00e7\u00e3o na Cadeia de Suprimentos: Estabelecer colabora\u00e7\u00f5es com fornecedores e parceiros log\u00edsticos que compartilhem um compromisso com a sustentabilidade pode gerar melhorias significativas em efici\u00eancia e redu\u00e7\u00e3o de emiss\u00f5es.<\/li>\n<li>Design de Embalagens Sustent\u00e1veis: Reduzir o peso e o volume das embalagens ajuda a diminuir os custos de transporte e, consequentemente, as emiss\u00f5es associadas.<\/li>\n<\/ol>\n<h2><strong>Conclus\u00f5es e Perspectivas Futuras<\/strong><\/h2>\n<p>Abordar as emiss\u00f5es do Escopo 3, especialmente na distribui\u00e7\u00e3o e no transporte, \u00e9 essencial para combater as mudan\u00e7as clim\u00e1ticas de maneira eficaz. A EMUCA entende que deve assumir a responsabilidade de avaliar e mitigar seu impacto ambiental em toda a cadeia de suprimentos, adotando pr\u00e1ticas mais sustent\u00e1veis e colaborando com parceiros comprometidos com a causa. A transi\u00e7\u00e3o para um sistema log\u00edstico mais verde n\u00e3o s\u00f3 contribuir\u00e1 para a mitiga\u00e7\u00e3o das mudan\u00e7as clim\u00e1ticas, mas tamb\u00e9m gerar\u00e1 benef\u00edcios econ\u00f4micos a longo prazo, melhorando a efici\u00eancia operacional e atendendo \u00e0s crescentes expectativas dos consumidores conscientes do meio ambiente. Em \u00faltima an\u00e1lise, a ado\u00e7\u00e3o de medidas sustent\u00e1veis na distribui\u00e7\u00e3o e no transporte \u00e9 um passo crucial para um futuro mais resiliente e equitativo para o nosso planeta.<\/p>\n\t\t\t\t\t\t<\/div>\n\t\t\t\t<\/div>\n\t\t\t\t\t<\/div>\n\t\t<\/div>\n\t\t\t\t\t<\/div>\n\t\t<\/section>\n\t\t\t\t<section class=\"elementor-section elementor-top-section elementor-element elementor-element-3a40fad elementor-section-boxed elementor-section-height-default elementor-section-height-default\" data-id=\"3a40fad\" data-element_type=\"section\">\n\t\t\t\t\t\t<div class=\"elementor-container elementor-column-gap-default\">\n\t\t\t\t\t<div class=\"elementor-column elementor-col-100 elementor-top-column elementor-element elementor-element-895666c\" data-id=\"895666c\" data-element_type=\"column\">\n\t\t\t<div class=\"elementor-widget-wrap elementor-element-populated\">\n\t\t\t\t\t\t<div class=\"elementor-element elementor-element-44e2610 elementor-widget elementor-widget-html\" data-id=\"44e2610\" data-element_type=\"widget\" data-widget_type=\"html.default\">\n\t\t\t\t<div class=\"elementor-widget-container\">\n\t\t\t<!--HubSpot Call-to-Action Code --><span class=\"hs-cta-wrapper\" id=\"hs-cta-wrapper-9c54be69-532c-4017-a9e9-81b2071afef1\"><span class=\"hs-cta-node hs-cta-9c54be69-532c-4017-a9e9-81b2071afef1\" id=\"hs-cta-9c54be69-532c-4017-a9e9-81b2071afef1\"><!--[if lte IE 8]><div id=\"hs-cta-ie-element\"><\/div><![endif]--><a href=\"https:\/\/cta-redirect.hubspot.com\/cta\/redirect\/4071763\/9c54be69-532c-4017-a9e9-81b2071afef1\" target=\"_blank\" rel=\"noopener\"><img decoding=\"async\" class=\"hs-cta-img\" id=\"hs-cta-img-9c54be69-532c-4017-a9e9-81b2071afef1\" style=\"border-width:0px;\" src=\"https:\/\/no-cache.hubspot.com\/cta\/default\/4071763\/9c54be69-532c-4017-a9e9-81b2071afef1.png\"  alt=\"Nueva llamada a la acci\u00f3n\"\/><\/a><\/span><script charset=\"utf-8\" src=\"https:\/\/js.hscta.net\/cta\/current.js\"><\/script><script type=\"text\/javascript\"> hbspt.cta.load(4071763, '9c54be69-532c-4017-a9e9-81b2071afef1', {\"useNewLoader\":\"true\",\"region\":\"na1\"}); <\/script><\/span><!-- end HubSpot Call-to-Action Code -->\t\t<\/div>\n\t\t\t\t<\/div>\n\t\t\t\t\t<\/div>\n\t\t<\/div>\n\t\t\t\t\t<\/div>\n\t\t<\/section>\n\t\t\t\t<\/div>\n\t\t","protected":false},"excerpt":{"rendered":"<p>As mudan\u00e7as clim\u00e1ticas s\u00e3o um dos maiores desafios que nosso planeta enfrenta atualmente. Como j\u00e1 discutimos em publica\u00e7\u00f5es anteriores, a preocupa\u00e7\u00e3o com a pegada de carbono, que mede a quantidade total de gases de efeito estufa emitidos direta e indiretamente por uma organiza\u00e7\u00e3o como a EMUCA, levou a uma abordagem mais detalhada e completa. Nesse &hellip; <\/p>\n<p class=\"link-more\"><a href=\"https:\/\/blog.emuca.com\/pt-pt\/cat\/estilo-de-vida-pt-pt\/escopo-3-na-pegada-de-carbono-a-importancia-da-distribuicao-e-do-transporte-nas-mudancas-climaticas\/\" class=\"more-link\">Continuar a ler <span class=\"screen-reader-text\">&#8220;Escopo 3 na Pegada de Carbono: A Import\u00e2ncia da Distribui\u00e7\u00e3o e do Transporte nas Mudan\u00e7as Clim\u00e1ticas&#8221;<\/span><\/a><\/p>\n","protected":false},"author":2,"featured_media":58338,"comment_status":"closed","ping_status":"closed","sticky":false,"template":"","format":"standard","meta":{"footnotes":""},"categories":[122],"tags":[],"class_list":["post-57846","post","type-post","status-publish","format-standard","has-post-thumbnail","hentry","category-estilo-de-vida-pt-pt","entry"],"yoast_head":"<!-- This site is optimized with the Yoast SEO plugin v24.1 - https:\/\/yoast.com\/wordpress\/plugins\/seo\/ -->\n<title>Escopo 3 na Pegada de Carbono: A Import\u00e2ncia da Distribui\u00e7\u00e3o e do Transporte nas Mudan\u00e7as Clim\u00e1ticas - Emuca blog<\/title>\n<meta name=\"description\" content=\"Escopo 3 na Pegada de Carbono: A Import\u00e2ncia da Distribui\u00e7\u00e3o e do Transporte nas Mudan\u00e7as Clim\u00e1ticas\" \/>\n<meta name=\"robots\" content=\"index, follow, max-snippet:-1, max-image-preview:large, max-video-preview:-1\" \/>\n<link rel=\"canonical\" href=\"https:\/\/blog.emuca.com\/pt-pt\/cat\/estilo-de-vida-pt-pt\/escopo-3-na-pegada-de-carbono-a-importancia-da-distribuicao-e-do-transporte-nas-mudancas-climaticas\/\" \/>\n<meta property=\"og:locale\" content=\"pt_PT\" \/>\n<meta property=\"og:type\" content=\"article\" \/>\n<meta property=\"og:title\" content=\"Escopo 3 na Pegada de Carbono: A Import\u00e2ncia da Distribui\u00e7\u00e3o e do Transporte nas Mudan\u00e7as Clim\u00e1ticas - Emuca blog\" \/>\n<meta property=\"og:description\" content=\"Escopo 3 na Pegada de Carbono: A Import\u00e2ncia da Distribui\u00e7\u00e3o e do Transporte nas Mudan\u00e7as Clim\u00e1ticas\" \/>\n<meta property=\"og:url\" content=\"https:\/\/blog.emuca.com\/pt-pt\/cat\/estilo-de-vida-pt-pt\/escopo-3-na-pegada-de-carbono-a-importancia-da-distribuicao-e-do-transporte-nas-mudancas-climaticas\/\" \/>\n<meta property=\"og:site_name\" content=\"Emuca blog\" \/>\n<meta property=\"article:publisher\" content=\"https:\/\/www.facebook.com\/EmucaGroup\" \/>\n<meta property=\"article:published_time\" content=\"2024-10-10T11:16:18+00:00\" \/>\n<meta property=\"article:modified_time\" content=\"2024-10-21T11:16:28+00:00\" \/>\n<meta property=\"og:image\" content=\"https:\/\/blog.emuca.com\/wp-content\/uploads\/2024\/10\/huella-carbono.jpg\" \/>\n\t<meta property=\"og:image:width\" content=\"768\" \/>\n\t<meta property=\"og:image:height\" content=\"427\" \/>\n\t<meta property=\"og:image:type\" content=\"image\/jpeg\" \/>\n<meta name=\"author\" content=\"Emuca\" \/>\n<meta name=\"twitter:card\" content=\"summary_large_image\" \/>\n<meta name=\"twitter:label1\" content=\"Escrito por\" \/>\n\t<meta name=\"twitter:data1\" content=\"Emuca\" \/>\n\t<meta name=\"twitter:label2\" content=\"Tempo estimado de leitura\" \/>\n\t<meta name=\"twitter:data2\" content=\"4 minutos\" \/>\n<script type=\"application\/ld+json\" class=\"yoast-schema-graph\">{\"@context\":\"https:\/\/schema.org\",\"@graph\":[{\"@type\":\"Article\",\"@id\":\"https:\/\/blog.emuca.com\/pt-pt\/cat\/estilo-de-vida-pt-pt\/escopo-3-na-pegada-de-carbono-a-importancia-da-distribuicao-e-do-transporte-nas-mudancas-climaticas\/#article\",\"isPartOf\":{\"@id\":\"https:\/\/blog.emuca.com\/pt-pt\/cat\/estilo-de-vida-pt-pt\/escopo-3-na-pegada-de-carbono-a-importancia-da-distribuicao-e-do-transporte-nas-mudancas-climaticas\/\"},\"author\":{\"name\":\"Emuca\",\"@id\":\"https:\/\/blog.emuca.com\/#\/schema\/person\/81560ca037d9c1ed19744a85ef9cbe2a\"},\"headline\":\"Escopo 3 na Pegada de Carbono: A Import\u00e2ncia da Distribui\u00e7\u00e3o e do Transporte nas Mudan\u00e7as Clim\u00e1ticas\",\"datePublished\":\"2024-10-10T11:16:18+00:00\",\"dateModified\":\"2024-10-21T11:16:28+00:00\",\"mainEntityOfPage\":{\"@id\":\"https:\/\/blog.emuca.com\/pt-pt\/cat\/estilo-de-vida-pt-pt\/escopo-3-na-pegada-de-carbono-a-importancia-da-distribuicao-e-do-transporte-nas-mudancas-climaticas\/\"},\"wordCount\":643,\"publisher\":{\"@id\":\"https:\/\/blog.emuca.com\/#organization\"},\"image\":{\"@id\":\"https:\/\/blog.emuca.com\/pt-pt\/cat\/estilo-de-vida-pt-pt\/escopo-3-na-pegada-de-carbono-a-importancia-da-distribuicao-e-do-transporte-nas-mudancas-climaticas\/#primaryimage\"},\"thumbnailUrl\":\"https:\/\/blog.emuca.com\/wp-content\/uploads\/2024\/10\/huella-carbono.jpg\",\"articleSection\":[\"Estilo de vida\"],\"inLanguage\":\"pt-PT\"},{\"@type\":\"WebPage\",\"@id\":\"https:\/\/blog.emuca.com\/pt-pt\/cat\/estilo-de-vida-pt-pt\/escopo-3-na-pegada-de-carbono-a-importancia-da-distribuicao-e-do-transporte-nas-mudancas-climaticas\/\",\"url\":\"https:\/\/blog.emuca.com\/pt-pt\/cat\/estilo-de-vida-pt-pt\/escopo-3-na-pegada-de-carbono-a-importancia-da-distribuicao-e-do-transporte-nas-mudancas-climaticas\/\",\"name\":\"Escopo 3 na Pegada de Carbono: A Import\u00e2ncia da Distribui\u00e7\u00e3o e do Transporte nas Mudan\u00e7as Clim\u00e1ticas - Emuca blog\",\"isPartOf\":{\"@id\":\"https:\/\/blog.emuca.com\/#website\"},\"primaryImageOfPage\":{\"@id\":\"https:\/\/blog.emuca.com\/pt-pt\/cat\/estilo-de-vida-pt-pt\/escopo-3-na-pegada-de-carbono-a-importancia-da-distribuicao-e-do-transporte-nas-mudancas-climaticas\/#primaryimage\"},\"image\":{\"@id\":\"https:\/\/blog.emuca.com\/pt-pt\/cat\/estilo-de-vida-pt-pt\/escopo-3-na-pegada-de-carbono-a-importancia-da-distribuicao-e-do-transporte-nas-mudancas-climaticas\/#primaryimage\"},\"thumbnailUrl\":\"https:\/\/blog.emuca.com\/wp-content\/uploads\/2024\/10\/huella-carbono.jpg\",\"datePublished\":\"2024-10-10T11:16:18+00:00\",\"dateModified\":\"2024-10-21T11:16:28+00:00\",\"description\":\"Escopo 3 na Pegada de Carbono: A Import\u00e2ncia da Distribui\u00e7\u00e3o e do Transporte nas Mudan\u00e7as Clim\u00e1ticas\",\"inLanguage\":\"pt-PT\",\"potentialAction\":[{\"@type\":\"ReadAction\",\"target\":[\"https:\/\/blog.emuca.com\/pt-pt\/cat\/estilo-de-vida-pt-pt\/escopo-3-na-pegada-de-carbono-a-importancia-da-distribuicao-e-do-transporte-nas-mudancas-climaticas\/\"]}]},{\"@type\":\"ImageObject\",\"inLanguage\":\"pt-PT\",\"@id\":\"https:\/\/blog.emuca.com\/pt-pt\/cat\/estilo-de-vida-pt-pt\/escopo-3-na-pegada-de-carbono-a-importancia-da-distribuicao-e-do-transporte-nas-mudancas-climaticas\/#primaryimage\",\"url\":\"https:\/\/blog.emuca.com\/wp-content\/uploads\/2024\/10\/huella-carbono.jpg\",\"contentUrl\":\"https:\/\/blog.emuca.com\/wp-content\/uploads\/2024\/10\/huella-carbono.jpg\",\"width\":768,\"height\":427},{\"@type\":\"WebSite\",\"@id\":\"https:\/\/blog.emuca.com\/#website\",\"url\":\"https:\/\/blog.emuca.com\/\",\"name\":\"Emuca blog\",\"description\":\"\",\"publisher\":{\"@id\":\"https:\/\/blog.emuca.com\/#organization\"},\"potentialAction\":[{\"@type\":\"SearchAction\",\"target\":{\"@type\":\"EntryPoint\",\"urlTemplate\":\"https:\/\/blog.emuca.com\/?s={search_term_string}\"},\"query-input\":{\"@type\":\"PropertyValueSpecification\",\"valueRequired\":true,\"valueName\":\"search_term_string\"}}],\"inLanguage\":\"pt-PT\"},{\"@type\":\"Organization\",\"@id\":\"https:\/\/blog.emuca.com\/#organization\",\"name\":\"emuca\",\"url\":\"https:\/\/blog.emuca.com\/\",\"logo\":{\"@type\":\"ImageObject\",\"inLanguage\":\"pt-PT\",\"@id\":\"https:\/\/blog.emuca.com\/#\/schema\/logo\/image\/\",\"url\":\"https:\/\/blog.emuca.com\/wp-content\/uploads\/2024\/05\/cropped-logo-emuca-menu.png\",\"contentUrl\":\"https:\/\/blog.emuca.com\/wp-content\/uploads\/2024\/05\/cropped-logo-emuca-menu.png\",\"width\":190,\"height\":190,\"caption\":\"emuca\"},\"image\":{\"@id\":\"https:\/\/blog.emuca.com\/#\/schema\/logo\/image\/\"},\"sameAs\":[\"https:\/\/www.facebook.com\/EmucaGroup\"]},{\"@type\":\"Person\",\"@id\":\"https:\/\/blog.emuca.com\/#\/schema\/person\/81560ca037d9c1ed19744a85ef9cbe2a\",\"name\":\"Emuca\",\"url\":\"https:\/\/blog.emuca.com\/pt-pt\/cat\/author\/emuca\/\"}]}<\/script>\n<!-- \/ Yoast SEO plugin. -->","yoast_head_json":{"title":"Escopo 3 na Pegada de Carbono: A Import\u00e2ncia da Distribui\u00e7\u00e3o e do Transporte nas Mudan\u00e7as Clim\u00e1ticas - Emuca blog","description":"Escopo 3 na Pegada de Carbono: A Import\u00e2ncia da Distribui\u00e7\u00e3o e do Transporte nas Mudan\u00e7as Clim\u00e1ticas","robots":{"index":"index","follow":"follow","max-snippet":"max-snippet:-1","max-image-preview":"max-image-preview:large","max-video-preview":"max-video-preview:-1"},"canonical":"https:\/\/blog.emuca.com\/pt-pt\/cat\/estilo-de-vida-pt-pt\/escopo-3-na-pegada-de-carbono-a-importancia-da-distribuicao-e-do-transporte-nas-mudancas-climaticas\/","og_locale":"pt_PT","og_type":"article","og_title":"Escopo 3 na Pegada de Carbono: A Import\u00e2ncia da Distribui\u00e7\u00e3o e do Transporte nas Mudan\u00e7as Clim\u00e1ticas - Emuca blog","og_description":"Escopo 3 na Pegada de Carbono: A Import\u00e2ncia da Distribui\u00e7\u00e3o e do Transporte nas Mudan\u00e7as Clim\u00e1ticas","og_url":"https:\/\/blog.emuca.com\/pt-pt\/cat\/estilo-de-vida-pt-pt\/escopo-3-na-pegada-de-carbono-a-importancia-da-distribuicao-e-do-transporte-nas-mudancas-climaticas\/","og_site_name":"Emuca blog","article_publisher":"https:\/\/www.facebook.com\/EmucaGroup","article_published_time":"2024-10-10T11:16:18+00:00","article_modified_time":"2024-10-21T11:16:28+00:00","og_image":[{"width":768,"height":427,"url":"https:\/\/blog.emuca.com\/wp-content\/uploads\/2024\/10\/huella-carbono.jpg","type":"image\/jpeg"}],"author":"Emuca","twitter_card":"summary_large_image","twitter_misc":{"Escrito por":"Emuca","Tempo estimado de leitura":"4 minutos"},"schema":{"@context":"https:\/\/schema.org","@graph":[{"@type":"Article","@id":"https:\/\/blog.emuca.com\/pt-pt\/cat\/estilo-de-vida-pt-pt\/escopo-3-na-pegada-de-carbono-a-importancia-da-distribuicao-e-do-transporte-nas-mudancas-climaticas\/#article","isPartOf":{"@id":"https:\/\/blog.emuca.com\/pt-pt\/cat\/estilo-de-vida-pt-pt\/escopo-3-na-pegada-de-carbono-a-importancia-da-distribuicao-e-do-transporte-nas-mudancas-climaticas\/"},"author":{"name":"Emuca","@id":"https:\/\/blog.emuca.com\/#\/schema\/person\/81560ca037d9c1ed19744a85ef9cbe2a"},"headline":"Escopo 3 na Pegada de Carbono: A Import\u00e2ncia da Distribui\u00e7\u00e3o e do Transporte nas Mudan\u00e7as Clim\u00e1ticas","datePublished":"2024-10-10T11:16:18+00:00","dateModified":"2024-10-21T11:16:28+00:00","mainEntityOfPage":{"@id":"https:\/\/blog.emuca.com\/pt-pt\/cat\/estilo-de-vida-pt-pt\/escopo-3-na-pegada-de-carbono-a-importancia-da-distribuicao-e-do-transporte-nas-mudancas-climaticas\/"},"wordCount":643,"publisher":{"@id":"https:\/\/blog.emuca.com\/#organization"},"image":{"@id":"https:\/\/blog.emuca.com\/pt-pt\/cat\/estilo-de-vida-pt-pt\/escopo-3-na-pegada-de-carbono-a-importancia-da-distribuicao-e-do-transporte-nas-mudancas-climaticas\/#primaryimage"},"thumbnailUrl":"https:\/\/blog.emuca.com\/wp-content\/uploads\/2024\/10\/huella-carbono.jpg","articleSection":["Estilo de vida"],"inLanguage":"pt-PT"},{"@type":"WebPage","@id":"https:\/\/blog.emuca.com\/pt-pt\/cat\/estilo-de-vida-pt-pt\/escopo-3-na-pegada-de-carbono-a-importancia-da-distribuicao-e-do-transporte-nas-mudancas-climaticas\/","url":"https:\/\/blog.emuca.com\/pt-pt\/cat\/estilo-de-vida-pt-pt\/escopo-3-na-pegada-de-carbono-a-importancia-da-distribuicao-e-do-transporte-nas-mudancas-climaticas\/","name":"Escopo 3 na Pegada de Carbono: A Import\u00e2ncia da Distribui\u00e7\u00e3o e do Transporte nas Mudan\u00e7as Clim\u00e1ticas - Emuca blog","isPartOf":{"@id":"https:\/\/blog.emuca.com\/#website"},"primaryImageOfPage":{"@id":"https:\/\/blog.emuca.com\/pt-pt\/cat\/estilo-de-vida-pt-pt\/escopo-3-na-pegada-de-carbono-a-importancia-da-distribuicao-e-do-transporte-nas-mudancas-climaticas\/#primaryimage"},"image":{"@id":"https:\/\/blog.emuca.com\/pt-pt\/cat\/estilo-de-vida-pt-pt\/escopo-3-na-pegada-de-carbono-a-importancia-da-distribuicao-e-do-transporte-nas-mudancas-climaticas\/#primaryimage"},"thumbnailUrl":"https:\/\/blog.emuca.com\/wp-content\/uploads\/2024\/10\/huella-carbono.jpg","datePublished":"2024-10-10T11:16:18+00:00","dateModified":"2024-10-21T11:16:28+00:00","description":"Escopo 3 na Pegada de Carbono: A Import\u00e2ncia da Distribui\u00e7\u00e3o e do Transporte nas Mudan\u00e7as Clim\u00e1ticas","inLanguage":"pt-PT","potentialAction":[{"@type":"ReadAction","target":["https:\/\/blog.emuca.com\/pt-pt\/cat\/estilo-de-vida-pt-pt\/escopo-3-na-pegada-de-carbono-a-importancia-da-distribuicao-e-do-transporte-nas-mudancas-climaticas\/"]}]},{"@type":"ImageObject","inLanguage":"pt-PT","@id":"https:\/\/blog.emuca.com\/pt-pt\/cat\/estilo-de-vida-pt-pt\/escopo-3-na-pegada-de-carbono-a-importancia-da-distribuicao-e-do-transporte-nas-mudancas-climaticas\/#primaryimage","url":"https:\/\/blog.emuca.com\/wp-content\/uploads\/2024\/10\/huella-carbono.jpg","contentUrl":"https:\/\/blog.emuca.com\/wp-content\/uploads\/2024\/10\/huella-carbono.jpg","width":768,"height":427},{"@type":"WebSite","@id":"https:\/\/blog.emuca.com\/#website","url":"https:\/\/blog.emuca.com\/","name":"Emuca blog","description":"","publisher":{"@id":"https:\/\/blog.emuca.com\/#organization"},"potentialAction":[{"@type":"SearchAction","target":{"@type":"EntryPoint","urlTemplate":"https:\/\/blog.emuca.com\/?s={search_term_string}"},"query-input":{"@type":"PropertyValueSpecification","valueRequired":true,"valueName":"search_term_string"}}],"inLanguage":"pt-PT"},{"@type":"Organization","@id":"https:\/\/blog.emuca.com\/#organization","name":"emuca","url":"https:\/\/blog.emuca.com\/","logo":{"@type":"ImageObject","inLanguage":"pt-PT","@id":"https:\/\/blog.emuca.com\/#\/schema\/logo\/image\/","url":"https:\/\/blog.emuca.com\/wp-content\/uploads\/2024\/05\/cropped-logo-emuca-menu.png","contentUrl":"https:\/\/blog.emuca.com\/wp-content\/uploads\/2024\/05\/cropped-logo-emuca-menu.png","width":190,"height":190,"caption":"emuca"},"image":{"@id":"https:\/\/blog.emuca.com\/#\/schema\/logo\/image\/"},"sameAs":["https:\/\/www.facebook.com\/EmucaGroup"]},{"@type":"Person","@id":"https:\/\/blog.emuca.com\/#\/schema\/person\/81560ca037d9c1ed19744a85ef9cbe2a","name":"Emuca","url":"https:\/\/blog.emuca.com\/pt-pt\/cat\/author\/emuca\/"}]}},"_links":{"self":[{"href":"https:\/\/blog.emuca.com\/pt-pt\/wp-json\/wp\/v2\/posts\/57846"}],"collection":[{"href":"https:\/\/blog.emuca.com\/pt-pt\/wp-json\/wp\/v2\/posts"}],"about":[{"href":"https:\/\/blog.emuca.com\/pt-pt\/wp-json\/wp\/v2\/types\/post"}],"author":[{"embeddable":true,"href":"https:\/\/blog.emuca.com\/pt-pt\/wp-json\/wp\/v2\/users\/2"}],"replies":[{"embeddable":true,"href":"https:\/\/blog.emuca.com\/pt-pt\/wp-json\/wp\/v2\/comments?post=57846"}],"version-history":[{"count":2,"href":"https:\/\/blog.emuca.com\/pt-pt\/wp-json\/wp\/v2\/posts\/57846\/revisions"}],"predecessor-version":[{"id":58732,"href":"https:\/\/blog.emuca.com\/pt-pt\/wp-json\/wp\/v2\/posts\/57846\/revisions\/58732"}],"wp:featuredmedia":[{"embeddable":true,"href":"https:\/\/blog.emuca.com\/pt-pt\/wp-json\/wp\/v2\/media\/58338"}],"wp:attachment":[{"href":"https:\/\/blog.emuca.com\/pt-pt\/wp-json\/wp\/v2\/media?parent=57846"}],"wp:term":[{"taxonomy":"category","embeddable":true,"href":"https:\/\/blog.emuca.com\/pt-pt\/wp-json\/wp\/v2\/categories?post=57846"},{"taxonomy":"post_tag","embeddable":true,"href":"https:\/\/blog.emuca.com\/pt-pt\/wp-json\/wp\/v2\/tags?post=57846"}],"curies":[{"name":"wp","href":"https:\/\/api.w.org\/{rel}","templated":true}]}}