{"id":55313,"date":"2024-01-07T09:06:59","date_gmt":"2024-01-07T08:06:59","guid":{"rendered":"http:\/\/blogs.emuca.com\/nblog\/?p=55313"},"modified":"2024-03-07T09:08:43","modified_gmt":"2024-03-07T08:08:43","slug":"riscos-de-reputacao-relacionados-com-o-impacto-social-das-empresas","status":"publish","type":"post","link":"https:\/\/blog.emuca.com\/pt-pt\/cat\/actualidad-pt\/riscos-de-reputacao-relacionados-com-o-impacto-social-das-empresas\/","title":{"rendered":"Riscos de reputa\u00e7\u00e3o relacionados com o impacto social das empresas"},"content":{"rendered":"\t\t<div data-elementor-type=\"wp-post\" data-elementor-id=\"55313\" class=\"elementor elementor-55313 elementor-55304\">\n\t\t\t\t\t\t<section class=\"elementor-section elementor-top-section elementor-element elementor-element-4f80085 elementor-section-boxed elementor-section-height-default elementor-section-height-default\" data-id=\"4f80085\" data-element_type=\"section\" data-e-type=\"section\">\n\t\t\t\t\t\t<div class=\"elementor-container elementor-column-gap-default\">\n\t\t\t\t\t<div class=\"elementor-column elementor-col-100 elementor-top-column elementor-element elementor-element-c7e710a\" data-id=\"c7e710a\" data-element_type=\"column\" data-e-type=\"column\">\n\t\t\t<div class=\"elementor-widget-wrap elementor-element-populated\">\n\t\t\t\t\t\t<div class=\"elementor-element elementor-element-ca3cbe8 elementor-widget elementor-widget-text-editor\" data-id=\"ca3cbe8\" data-element_type=\"widget\" data-e-type=\"widget\" data-widget_type=\"text-editor.default\">\n\t\t\t\t<div class=\"elementor-widget-container\">\n\t\t\t\t\t\t\t\t\t<p>Hoje em dia, e com a rapidez que a Internet e as redes sociais nos proporcionam no acesso imediato a qualquer informa\u00e7\u00e3o, \u00e9 importante cuidar da reputa\u00e7\u00e3o de uma organiza\u00e7\u00e3o, pois trata-se de um ativo intang\u00edvel mas muito valioso, que pode ser dif\u00edcil de construir e, no entanto, extremamente f\u00e1cil de perder.<\/p>\n<p>Os riscos de reputa\u00e7\u00e3o referem-se, portanto, \u00e0 amea\u00e7a de danos \u00e0 imagem e \u00e0 perce\u00e7\u00e3o p\u00fablica de uma empresa, marca ou indiv\u00edduo.<\/p>\n<p>Alguns dos factores que podem influenciar uma m\u00e1 reputa\u00e7\u00e3o s\u00e3o<\/p>\n<p><em>Pr\u00e1ticas comerciais incorrectas<\/em>: Comportamento n\u00e3o \u00e9tico, corrup\u00e7\u00e3o, fraude ou qualquer outra forma de m\u00e1 conduta comercial.<\/p>\n<p><em>Problemas de qualidade dos produtos ou servi\u00e7os<\/em>: Se os produtos ou servi\u00e7os de uma empresa n\u00e3o corresponderem \u00e0s expectativas ou, pior ainda, causarem danos aos consumidores, tal pode ter um impacto significativo na reputa\u00e7\u00e3o.<\/p>\n<p><em>Crise das rela\u00e7\u00f5es laborais<\/em>: Os conflitos com os trabalhadores, as greves ou os problemas laborais podem gerar percep\u00e7\u00f5es negativas da empresa, especialmente se esta for considerada como n\u00e3o tratando os seus trabalhadores de forma justa.<\/p>\n<p><em>Impacto ambiental<\/em>: As pr\u00e1ticas comerciais que prejudicam o ambiente podem ter um efeito negativo na reputa\u00e7\u00e3o de uma empresa, especialmente num contexto em que a sustentabilidade e a responsabilidade ambiental s\u00e3o cada vez mais valorizadas.<\/p>\n<p><em>Problemas legais<\/em>: Lit\u00edgios, multas legais ou problemas com a lei podem afetar negativamente a reputa\u00e7\u00e3o de uma empresa.<\/p>\n<p><em>M\u00e1 gest\u00e3o da crise<\/em>: A forma como uma crise \u00e9 gerida pode ser t\u00e3o ou mais importante do que a pr\u00f3pria crise, piorando ainda mais a reputa\u00e7\u00e3o se n\u00e3o houver uma resposta r\u00e1pida e eficaz.<\/p>\n<p><em>Problemas nas redes sociais<\/em>: Coment\u00e1rios negativos, cr\u00edticas virais ou campanhas nas redes sociais podem espalhar rapidamente informa\u00e7\u00f5es prejudiciais.<\/p>\n<p><em>Concorr\u00eancia desleal<\/em>: As ac\u00e7\u00f5es dos concorrentes que prejudicam a reputa\u00e7\u00e3o de uma empresa, como campanhas difamat\u00f3rias ou estrat\u00e9gias desleais, tamb\u00e9m representam um risco.<\/p>\n<p>A gest\u00e3o dos riscos de reputa\u00e7\u00e3o envolve a implementa\u00e7\u00e3o de estrat\u00e9gias pr\u00f3-activas para construir e manter uma boa reputa\u00e7\u00e3o, bem como planos de conting\u00eancia para lidar com qualquer situa\u00e7\u00e3o que possa afetar negativamente a imagem da empresa. A transpar\u00eancia, a responsabilidade e a comunica\u00e7\u00e3o efectiva s\u00e3o fundamentais para a gest\u00e3o dos riscos para a reputa\u00e7\u00e3o.<\/p>\t\t\t\t\t\t\t\t<\/div>\n\t\t\t\t<\/div>\n\t\t\t\t<div class=\"elementor-element elementor-element-08d9b15 elementor-widget elementor-widget-image\" data-id=\"08d9b15\" data-element_type=\"widget\" data-e-type=\"widget\" data-widget_type=\"image.default\">\n\t\t\t\t<div class=\"elementor-widget-container\">\n\t\t\t\t\t\t\t\t\t\t\t\t\t\t\t<img fetchpriority=\"high\" decoding=\"async\" width=\"640\" height=\"356\" src=\"https:\/\/blog.emuca.com\/wp-content\/uploads\/2024\/03\/sostenibilidad-emuca-23-24.jpg\" class=\"attachment-large size-large wp-image-55333\" alt=\"\" srcset=\"https:\/\/blog.emuca.com\/wp-content\/uploads\/2024\/03\/sostenibilidad-emuca-23-24.jpg 900w, https:\/\/blog.emuca.com\/wp-content\/uploads\/2024\/03\/sostenibilidad-emuca-23-24-300x167.jpg 300w, https:\/\/blog.emuca.com\/wp-content\/uploads\/2024\/03\/sostenibilidad-emuca-23-24-768x427.jpg 768w\" sizes=\"(max-width: 34.9rem) calc(100vw - 2rem), (max-width: 53rem) calc(8 * (100vw \/ 12)), (min-width: 53rem) calc(6 * (100vw \/ 12)), 100vw\" \/>\t\t\t\t\t\t\t\t\t\t\t\t\t\t\t<\/div>\n\t\t\t\t<\/div>\n\t\t\t\t\t<\/div>\n\t\t<\/div>\n\t\t\t\t\t<\/div>\n\t\t<\/section>\n\t\t\t\t<section class=\"elementor-section elementor-top-section elementor-element elementor-element-eb9c088 elementor-section-boxed elementor-section-height-default elementor-section-height-default\" data-id=\"eb9c088\" data-element_type=\"section\" data-e-type=\"section\">\n\t\t\t\t\t\t<div class=\"elementor-container elementor-column-gap-default\">\n\t\t\t\t\t<div class=\"elementor-column elementor-col-100 elementor-top-column elementor-element elementor-element-426e56f\" data-id=\"426e56f\" data-element_type=\"column\" data-e-type=\"column\">\n\t\t\t<div class=\"elementor-widget-wrap elementor-element-populated\">\n\t\t\t\t\t\t<div class=\"elementor-element elementor-element-23aa731 elementor-widget elementor-widget-text-editor\" data-id=\"23aa731\" data-element_type=\"widget\" data-e-type=\"widget\" data-widget_type=\"text-editor.default\">\n\t\t\t\t<div class=\"elementor-widget-container\">\n\t\t\t\t\t\t\t\t\t<p>Alguns dos riscos que se seguem est\u00e3o diretamente relacionados com o impacto social da empresa:<\/p><p><em>Greenwashing<\/em>: A acusa\u00e7\u00e3o de <em>greenwashing <\/em>ocorre quando uma empresa exagera ou deturpa os seus esfor\u00e7os ambientais e sociais para apresentar uma imagem mais favor\u00e1vel. Esta situa\u00e7\u00e3o pode prejudicar a reputa\u00e7\u00e3o se a empresa for considerada como n\u00e3o estando a cumprir as suas promessas.<\/p><p><em>Quest\u00f5es relacionadas com a cadeia de abastecimento<\/em>: A descoberta de pr\u00e1ticas pouco \u00e9ticas ou de impactos relacionados com quest\u00f5es sociais, como o trabalho infantil ou condi\u00e7\u00f5es de trabalho injustas, pode ter consequ\u00eancias negativas para a reputa\u00e7\u00e3o.<\/p><p><em>Falta de transpar\u00eancia<\/em>: A falta de transpar\u00eancia nas pr\u00e1ticas empresariais e nos relat\u00f3rios de impacto social pode levar \u00e0 desconfian\u00e7a das <em>partes interessadas <\/em>e afetar a reputa\u00e7\u00e3o.<\/p><p><em>Implementa\u00e7\u00e3o ineficaz de iniciativas sociais<\/em>: Se as iniciativas sociais de uma empresa n\u00e3o tiverem um impacto positivo real ou n\u00e3o forem implementadas de forma eficaz, a reputa\u00e7\u00e3o da empresa pode ser afetada.<\/p><p><em>Falta de diversidade e inclus\u00e3o internas<\/em>: Se uma empresa promove externamente os valores da diversidade e da inclus\u00e3o, mas n\u00e3o os pratica internamente, pode ser acusada de hipocrisia em termos de reputa\u00e7\u00e3o.<\/p><p><em>Reac\u00e7\u00f5es adversas a patroc\u00ednios ou parcerias<\/em>: As parcerias com organiza\u00e7\u00f5es ou causas espec\u00edficas podem gerar reac\u00e7\u00f5es negativas se a perce\u00e7\u00e3o do p\u00fablico em rela\u00e7\u00e3o a essas entidades mudar.<\/p><p><em>Incumprimento de normas \u00e9ticas<\/em>: Se uma empresa for acusada de violar normas \u00e9ticas, quer nas suas pr\u00e1ticas comerciais quer nas suas iniciativas sociais, a sua reputa\u00e7\u00e3o pode ser afetada.<\/p><p><em>Mudan\u00e7as na dire\u00e7\u00e3o estrat\u00e9gica<\/em>: Se uma empresa mudar a sua orienta\u00e7\u00e3o social de forma abrupta ou sem uma comunica\u00e7\u00e3o eficaz, pode gerar confus\u00e3o e ceticismo quanto \u00e0s suas inten\u00e7\u00f5es e compromissos sociais.<\/p><p>A EMUCA colocou \u00e0 disposi\u00e7\u00e3o das partes interessadas um canal de comunica\u00e7\u00e3o \u00e9tico para receber qualquer informa\u00e7\u00e3o que envolva o incumprimento da legisla\u00e7\u00e3o em vigor e estabeleceu tamb\u00e9m uma pol\u00edtica de comunica\u00e7\u00e3o.<\/p><p><span style=\"color: var( --e-global-color-text ); font-family: var( --e-global-typography-text-font-family ), Sans-serif; font-weight: var( --e-global-typography-text-font-weight );\">Al\u00e9m disso, desde 2006, somos certificados como Empresa Familiarmente Respons\u00e1vel; um certificado que reconhece o nosso compromisso com pol\u00edticas e iniciativas que garantem o equil\u00edbrio entre a vida profissional e pessoal e a igualdade entre os funcion\u00e1rios. E temos um forte compromisso com a nossa estrat\u00e9gia de sustentabilidade.<\/span><\/p><p>A gest\u00e3o efectiva destes riscos tem as seguintes implica\u00e7\u00f5es positivas:<\/p><ul><li>Aumento da confian\u00e7a e da credibilidade, atrav\u00e9s da demonstra\u00e7\u00e3o de uma conduta \u00e9tica.<\/li><li>Fidelidade dos clientes, que sentem que a empresa inspira confian\u00e7a.<\/li><li>Valor da marca, com uma posi\u00e7\u00e3o competitiva mais forte.<\/li><li>Atra\u00e7\u00e3o de talentos, uma vez que s\u00e3o bem valorizados e t\u00eam um impacto positivo.<\/li><li>Refor\u00e7o das rela\u00e7\u00f5es com as partes interessadas<\/li><li>Resili\u00eancia \u00e0s crises atrav\u00e9s de uma melhor prepara\u00e7\u00e3o para uma gest\u00e3o mais eficaz<\/li><li>Diferencia\u00e7\u00e3o competitiva, diferenciando-nos da concorr\u00eancia ao atrair os consumidores.<\/li><\/ul><p>\u00a0<\/p><p class=\"MsoNormal\" style=\"text-align: justify;\">\u00a0<\/p><p>\u00a0<\/p>\t\t\t\t\t\t\t\t<\/div>\n\t\t\t\t<\/div>\n\t\t\t\t\t<\/div>\n\t\t<\/div>\n\t\t\t\t\t<\/div>\n\t\t<\/section>\n\t\t\t\t<section class=\"elementor-section elementor-top-section elementor-element elementor-element-f0fe119 elementor-section-boxed elementor-section-height-default elementor-section-height-default\" data-id=\"f0fe119\" data-element_type=\"section\" data-e-type=\"section\">\n\t\t\t\t\t\t<div class=\"elementor-container elementor-column-gap-default\">\n\t\t\t\t\t<div class=\"elementor-column elementor-col-100 elementor-top-column elementor-element elementor-element-0ce93a4\" data-id=\"0ce93a4\" data-element_type=\"column\" data-e-type=\"column\">\n\t\t\t<div class=\"elementor-widget-wrap elementor-element-populated\">\n\t\t\t\t\t\t<div class=\"elementor-element elementor-element-abefaaa elementor-widget elementor-widget-html\" data-id=\"abefaaa\" data-element_type=\"widget\" data-e-type=\"widget\" data-widget_type=\"html.default\">\n\t\t\t\t<div class=\"elementor-widget-container\">\n\t\t\t\t\t<!--HubSpot Call-to-Action Code --><span class=\"hs-cta-wrapper\" id=\"hs-cta-wrapper-9c54be69-532c-4017-a9e9-81b2071afef1\"><span class=\"hs-cta-node hs-cta-9c54be69-532c-4017-a9e9-81b2071afef1\" id=\"hs-cta-9c54be69-532c-4017-a9e9-81b2071afef1\"><!--[if lte IE 8]><div id=\"hs-cta-ie-element\"><\/div><![endif]--><a href=\"https:\/\/cta-redirect.hubspot.com\/cta\/redirect\/4071763\/9c54be69-532c-4017-a9e9-81b2071afef1\" target=\"_blank\" rel=\"noopener\"><img decoding=\"async\" class=\"hs-cta-img\" id=\"hs-cta-img-9c54be69-532c-4017-a9e9-81b2071afef1\" style=\"border-width:0px;\" src=\"https:\/\/no-cache.hubspot.com\/cta\/default\/4071763\/9c54be69-532c-4017-a9e9-81b2071afef1.png\"  alt=\"Nueva llamada a la acci\u00f3n\"\/><\/a><\/span><script charset=\"utf-8\" src=\"https:\/\/js.hscta.net\/cta\/current.js\"><\/script><script type=\"text\/javascript\"> hbspt.cta.load(4071763, '9c54be69-532c-4017-a9e9-81b2071afef1', {\"useNewLoader\":\"true\",\"region\":\"na1\"}); <\/script><\/span><!-- end HubSpot Call-to-Action Code -->\t\t\t\t<\/div>\n\t\t\t\t<\/div>\n\t\t\t\t\t<\/div>\n\t\t<\/div>\n\t\t\t\t\t<\/div>\n\t\t<\/section>\n\t\t\t\t<\/div>\n\t\t","protected":false},"excerpt":{"rendered":"<p>Hoje em dia, e com a rapidez que a Internet e as redes sociais nos proporcionam no acesso imediato a qualquer informa\u00e7\u00e3o, \u00e9 importante cuidar da reputa\u00e7\u00e3o de uma organiza\u00e7\u00e3o, pois trata-se de um ativo intang\u00edvel mas muito valioso, que pode ser dif\u00edcil de construir e, no entanto, extremamente f\u00e1cil de perder. Os riscos de &hellip; <\/p>\n<p class=\"link-more\"><a href=\"https:\/\/blog.emuca.com\/pt-pt\/cat\/actualidad-pt\/riscos-de-reputacao-relacionados-com-o-impacto-social-das-empresas\/\" class=\"more-link\">Continuar a ler <span class=\"screen-reader-text\">&#8220;Riscos de reputa\u00e7\u00e3o relacionados com o impacto social das empresas&#8221;<\/span><\/a><\/p>\n","protected":false},"author":2,"featured_media":55332,"comment_status":"closed","ping_status":"closed","sticky":false,"template":"","format":"standard","meta":{"footnotes":""},"categories":[122,59],"tags":[],"class_list":["post-55313","post","type-post","status-publish","format-standard","has-post-thumbnail","hentry","category-estilo-de-vida-pt-pt","category-actualidad-pt","entry"],"yoast_head":"<!-- This site is optimized with the Yoast SEO plugin v24.1 - https:\/\/yoast.com\/wordpress\/plugins\/seo\/ -->\n<title>Riscos de reputa\u00e7\u00e3o relacionados com o impacto social das empresas - Emuca blog<\/title>\n<meta name=\"robots\" content=\"index, follow, max-snippet:-1, max-image-preview:large, max-video-preview:-1\" \/>\n<link rel=\"canonical\" href=\"https:\/\/blog.emuca.com\/pt-pt\/cat\/actualidad-pt\/riscos-de-reputacao-relacionados-com-o-impacto-social-das-empresas\/\" \/>\n<meta property=\"og:locale\" content=\"pt_PT\" \/>\n<meta property=\"og:type\" content=\"article\" \/>\n<meta property=\"og:title\" content=\"Riscos de reputa\u00e7\u00e3o relacionados com o impacto social das empresas - Emuca blog\" \/>\n<meta property=\"og:description\" content=\"Hoje em dia, e com a rapidez que a Internet e as redes sociais nos proporcionam no acesso imediato a qualquer informa\u00e7\u00e3o, \u00e9 importante cuidar da reputa\u00e7\u00e3o de uma organiza\u00e7\u00e3o, pois trata-se de um ativo intang\u00edvel mas muito valioso, que pode ser dif\u00edcil de construir e, no entanto, extremamente f\u00e1cil de perder. Os riscos de &hellip; Continuar a ler &quot;Riscos de reputa\u00e7\u00e3o relacionados com o impacto social das empresas&quot;\" \/>\n<meta property=\"og:url\" content=\"https:\/\/blog.emuca.com\/pt-pt\/cat\/actualidad-pt\/riscos-de-reputacao-relacionados-com-o-impacto-social-das-empresas\/\" \/>\n<meta property=\"og:site_name\" content=\"Emuca blog\" \/>\n<meta property=\"article:publisher\" content=\"https:\/\/www.facebook.com\/EmucaGroup\" \/>\n<meta property=\"article:published_time\" content=\"2024-01-07T08:06:59+00:00\" \/>\n<meta property=\"article:modified_time\" content=\"2024-03-07T08:08:43+00:00\" \/>\n<meta property=\"og:image\" content=\"https:\/\/blog.emuca.com\/wp-content\/uploads\/2024\/03\/sostenibilidad-emuca-23.jpg\" \/>\n\t<meta property=\"og:image:width\" content=\"900\" \/>\n\t<meta property=\"og:image:height\" content=\"500\" \/>\n\t<meta property=\"og:image:type\" content=\"image\/jpeg\" \/>\n<meta name=\"author\" content=\"Emuca\" \/>\n<meta name=\"twitter:card\" content=\"summary_large_image\" \/>\n<meta name=\"twitter:label1\" content=\"Escrito por\" \/>\n\t<meta name=\"twitter:data1\" content=\"Emuca\" \/>\n\t<meta name=\"twitter:label2\" content=\"Tempo estimado de leitura\" \/>\n\t<meta name=\"twitter:data2\" content=\"5 minutos\" \/>\n<script type=\"application\/ld+json\" class=\"yoast-schema-graph\">{\"@context\":\"https:\/\/schema.org\",\"@graph\":[{\"@type\":\"Article\",\"@id\":\"https:\/\/blog.emuca.com\/pt-pt\/cat\/actualidad-pt\/riscos-de-reputacao-relacionados-com-o-impacto-social-das-empresas\/#article\",\"isPartOf\":{\"@id\":\"https:\/\/blog.emuca.com\/pt-pt\/cat\/actualidad-pt\/riscos-de-reputacao-relacionados-com-o-impacto-social-das-empresas\/\"},\"author\":{\"name\":\"Emuca\",\"@id\":\"https:\/\/blog.emuca.com\/#\/schema\/person\/81560ca037d9c1ed19744a85ef9cbe2a\"},\"headline\":\"Riscos de reputa\u00e7\u00e3o relacionados com o impacto social das empresas\",\"datePublished\":\"2024-01-07T08:06:59+00:00\",\"dateModified\":\"2024-03-07T08:08:43+00:00\",\"mainEntityOfPage\":{\"@id\":\"https:\/\/blog.emuca.com\/pt-pt\/cat\/actualidad-pt\/riscos-de-reputacao-relacionados-com-o-impacto-social-das-empresas\/\"},\"wordCount\":926,\"publisher\":{\"@id\":\"https:\/\/blog.emuca.com\/#organization\"},\"image\":{\"@id\":\"https:\/\/blog.emuca.com\/pt-pt\/cat\/actualidad-pt\/riscos-de-reputacao-relacionados-com-o-impacto-social-das-empresas\/#primaryimage\"},\"thumbnailUrl\":\"https:\/\/blog.emuca.com\/wp-content\/uploads\/2024\/03\/sostenibilidad-emuca-23.jpg\",\"articleSection\":[\"Estilo de vida\",\"Not\u00edcias atuais\"],\"inLanguage\":\"pt-PT\"},{\"@type\":\"WebPage\",\"@id\":\"https:\/\/blog.emuca.com\/pt-pt\/cat\/actualidad-pt\/riscos-de-reputacao-relacionados-com-o-impacto-social-das-empresas\/\",\"url\":\"https:\/\/blog.emuca.com\/pt-pt\/cat\/actualidad-pt\/riscos-de-reputacao-relacionados-com-o-impacto-social-das-empresas\/\",\"name\":\"Riscos de reputa\u00e7\u00e3o relacionados com o impacto social das empresas - Emuca blog\",\"isPartOf\":{\"@id\":\"https:\/\/blog.emuca.com\/#website\"},\"primaryImageOfPage\":{\"@id\":\"https:\/\/blog.emuca.com\/pt-pt\/cat\/actualidad-pt\/riscos-de-reputacao-relacionados-com-o-impacto-social-das-empresas\/#primaryimage\"},\"image\":{\"@id\":\"https:\/\/blog.emuca.com\/pt-pt\/cat\/actualidad-pt\/riscos-de-reputacao-relacionados-com-o-impacto-social-das-empresas\/#primaryimage\"},\"thumbnailUrl\":\"https:\/\/blog.emuca.com\/wp-content\/uploads\/2024\/03\/sostenibilidad-emuca-23.jpg\",\"datePublished\":\"2024-01-07T08:06:59+00:00\",\"dateModified\":\"2024-03-07T08:08:43+00:00\",\"inLanguage\":\"pt-PT\",\"potentialAction\":[{\"@type\":\"ReadAction\",\"target\":[\"https:\/\/blog.emuca.com\/pt-pt\/cat\/actualidad-pt\/riscos-de-reputacao-relacionados-com-o-impacto-social-das-empresas\/\"]}]},{\"@type\":\"ImageObject\",\"inLanguage\":\"pt-PT\",\"@id\":\"https:\/\/blog.emuca.com\/pt-pt\/cat\/actualidad-pt\/riscos-de-reputacao-relacionados-com-o-impacto-social-das-empresas\/#primaryimage\",\"url\":\"https:\/\/blog.emuca.com\/wp-content\/uploads\/2024\/03\/sostenibilidad-emuca-23.jpg\",\"contentUrl\":\"https:\/\/blog.emuca.com\/wp-content\/uploads\/2024\/03\/sostenibilidad-emuca-23.jpg\",\"width\":900,\"height\":500},{\"@type\":\"WebSite\",\"@id\":\"https:\/\/blog.emuca.com\/#website\",\"url\":\"https:\/\/blog.emuca.com\/\",\"name\":\"Emuca blog\",\"description\":\"\",\"publisher\":{\"@id\":\"https:\/\/blog.emuca.com\/#organization\"},\"potentialAction\":[{\"@type\":\"SearchAction\",\"target\":{\"@type\":\"EntryPoint\",\"urlTemplate\":\"https:\/\/blog.emuca.com\/?s={search_term_string}\"},\"query-input\":{\"@type\":\"PropertyValueSpecification\",\"valueRequired\":true,\"valueName\":\"search_term_string\"}}],\"inLanguage\":\"pt-PT\"},{\"@type\":\"Organization\",\"@id\":\"https:\/\/blog.emuca.com\/#organization\",\"name\":\"emuca\",\"url\":\"https:\/\/blog.emuca.com\/\",\"logo\":{\"@type\":\"ImageObject\",\"inLanguage\":\"pt-PT\",\"@id\":\"https:\/\/blog.emuca.com\/#\/schema\/logo\/image\/\",\"url\":\"https:\/\/blog.emuca.com\/wp-content\/uploads\/2024\/05\/cropped-logo-emuca-menu.png\",\"contentUrl\":\"https:\/\/blog.emuca.com\/wp-content\/uploads\/2024\/05\/cropped-logo-emuca-menu.png\",\"width\":190,\"height\":190,\"caption\":\"emuca\"},\"image\":{\"@id\":\"https:\/\/blog.emuca.com\/#\/schema\/logo\/image\/\"},\"sameAs\":[\"https:\/\/www.facebook.com\/EmucaGroup\"]},{\"@type\":\"Person\",\"@id\":\"https:\/\/blog.emuca.com\/#\/schema\/person\/81560ca037d9c1ed19744a85ef9cbe2a\",\"name\":\"Emuca\",\"url\":\"https:\/\/blog.emuca.com\/pt-pt\/cat\/author\/emuca\/\"}]}<\/script>\n<!-- \/ Yoast SEO plugin. -->","yoast_head_json":{"title":"Riscos de reputa\u00e7\u00e3o relacionados com o impacto social das empresas - Emuca blog","robots":{"index":"index","follow":"follow","max-snippet":"max-snippet:-1","max-image-preview":"max-image-preview:large","max-video-preview":"max-video-preview:-1"},"canonical":"https:\/\/blog.emuca.com\/pt-pt\/cat\/actualidad-pt\/riscos-de-reputacao-relacionados-com-o-impacto-social-das-empresas\/","og_locale":"pt_PT","og_type":"article","og_title":"Riscos de reputa\u00e7\u00e3o relacionados com o impacto social das empresas - Emuca blog","og_description":"Hoje em dia, e com a rapidez que a Internet e as redes sociais nos proporcionam no acesso imediato a qualquer informa\u00e7\u00e3o, \u00e9 importante cuidar da reputa\u00e7\u00e3o de uma organiza\u00e7\u00e3o, pois trata-se de um ativo intang\u00edvel mas muito valioso, que pode ser dif\u00edcil de construir e, no entanto, extremamente f\u00e1cil de perder. Os riscos de &hellip; Continuar a ler \"Riscos de reputa\u00e7\u00e3o relacionados com o impacto social das empresas\"","og_url":"https:\/\/blog.emuca.com\/pt-pt\/cat\/actualidad-pt\/riscos-de-reputacao-relacionados-com-o-impacto-social-das-empresas\/","og_site_name":"Emuca blog","article_publisher":"https:\/\/www.facebook.com\/EmucaGroup","article_published_time":"2024-01-07T08:06:59+00:00","article_modified_time":"2024-03-07T08:08:43+00:00","og_image":[{"width":900,"height":500,"url":"https:\/\/blog.emuca.com\/wp-content\/uploads\/2024\/03\/sostenibilidad-emuca-23.jpg","type":"image\/jpeg"}],"author":"Emuca","twitter_card":"summary_large_image","twitter_misc":{"Escrito por":"Emuca","Tempo estimado de leitura":"5 minutos"},"schema":{"@context":"https:\/\/schema.org","@graph":[{"@type":"Article","@id":"https:\/\/blog.emuca.com\/pt-pt\/cat\/actualidad-pt\/riscos-de-reputacao-relacionados-com-o-impacto-social-das-empresas\/#article","isPartOf":{"@id":"https:\/\/blog.emuca.com\/pt-pt\/cat\/actualidad-pt\/riscos-de-reputacao-relacionados-com-o-impacto-social-das-empresas\/"},"author":{"name":"Emuca","@id":"https:\/\/blog.emuca.com\/#\/schema\/person\/81560ca037d9c1ed19744a85ef9cbe2a"},"headline":"Riscos de reputa\u00e7\u00e3o relacionados com o impacto social das empresas","datePublished":"2024-01-07T08:06:59+00:00","dateModified":"2024-03-07T08:08:43+00:00","mainEntityOfPage":{"@id":"https:\/\/blog.emuca.com\/pt-pt\/cat\/actualidad-pt\/riscos-de-reputacao-relacionados-com-o-impacto-social-das-empresas\/"},"wordCount":926,"publisher":{"@id":"https:\/\/blog.emuca.com\/#organization"},"image":{"@id":"https:\/\/blog.emuca.com\/pt-pt\/cat\/actualidad-pt\/riscos-de-reputacao-relacionados-com-o-impacto-social-das-empresas\/#primaryimage"},"thumbnailUrl":"https:\/\/blog.emuca.com\/wp-content\/uploads\/2024\/03\/sostenibilidad-emuca-23.jpg","articleSection":["Estilo de vida","Not\u00edcias atuais"],"inLanguage":"pt-PT"},{"@type":"WebPage","@id":"https:\/\/blog.emuca.com\/pt-pt\/cat\/actualidad-pt\/riscos-de-reputacao-relacionados-com-o-impacto-social-das-empresas\/","url":"https:\/\/blog.emuca.com\/pt-pt\/cat\/actualidad-pt\/riscos-de-reputacao-relacionados-com-o-impacto-social-das-empresas\/","name":"Riscos de reputa\u00e7\u00e3o relacionados com o impacto social das empresas - Emuca blog","isPartOf":{"@id":"https:\/\/blog.emuca.com\/#website"},"primaryImageOfPage":{"@id":"https:\/\/blog.emuca.com\/pt-pt\/cat\/actualidad-pt\/riscos-de-reputacao-relacionados-com-o-impacto-social-das-empresas\/#primaryimage"},"image":{"@id":"https:\/\/blog.emuca.com\/pt-pt\/cat\/actualidad-pt\/riscos-de-reputacao-relacionados-com-o-impacto-social-das-empresas\/#primaryimage"},"thumbnailUrl":"https:\/\/blog.emuca.com\/wp-content\/uploads\/2024\/03\/sostenibilidad-emuca-23.jpg","datePublished":"2024-01-07T08:06:59+00:00","dateModified":"2024-03-07T08:08:43+00:00","inLanguage":"pt-PT","potentialAction":[{"@type":"ReadAction","target":["https:\/\/blog.emuca.com\/pt-pt\/cat\/actualidad-pt\/riscos-de-reputacao-relacionados-com-o-impacto-social-das-empresas\/"]}]},{"@type":"ImageObject","inLanguage":"pt-PT","@id":"https:\/\/blog.emuca.com\/pt-pt\/cat\/actualidad-pt\/riscos-de-reputacao-relacionados-com-o-impacto-social-das-empresas\/#primaryimage","url":"https:\/\/blog.emuca.com\/wp-content\/uploads\/2024\/03\/sostenibilidad-emuca-23.jpg","contentUrl":"https:\/\/blog.emuca.com\/wp-content\/uploads\/2024\/03\/sostenibilidad-emuca-23.jpg","width":900,"height":500},{"@type":"WebSite","@id":"https:\/\/blog.emuca.com\/#website","url":"https:\/\/blog.emuca.com\/","name":"Emuca blog","description":"","publisher":{"@id":"https:\/\/blog.emuca.com\/#organization"},"potentialAction":[{"@type":"SearchAction","target":{"@type":"EntryPoint","urlTemplate":"https:\/\/blog.emuca.com\/?s={search_term_string}"},"query-input":{"@type":"PropertyValueSpecification","valueRequired":true,"valueName":"search_term_string"}}],"inLanguage":"pt-PT"},{"@type":"Organization","@id":"https:\/\/blog.emuca.com\/#organization","name":"emuca","url":"https:\/\/blog.emuca.com\/","logo":{"@type":"ImageObject","inLanguage":"pt-PT","@id":"https:\/\/blog.emuca.com\/#\/schema\/logo\/image\/","url":"https:\/\/blog.emuca.com\/wp-content\/uploads\/2024\/05\/cropped-logo-emuca-menu.png","contentUrl":"https:\/\/blog.emuca.com\/wp-content\/uploads\/2024\/05\/cropped-logo-emuca-menu.png","width":190,"height":190,"caption":"emuca"},"image":{"@id":"https:\/\/blog.emuca.com\/#\/schema\/logo\/image\/"},"sameAs":["https:\/\/www.facebook.com\/EmucaGroup"]},{"@type":"Person","@id":"https:\/\/blog.emuca.com\/#\/schema\/person\/81560ca037d9c1ed19744a85ef9cbe2a","name":"Emuca","url":"https:\/\/blog.emuca.com\/pt-pt\/cat\/author\/emuca\/"}]}},"_links":{"self":[{"href":"https:\/\/blog.emuca.com\/pt-pt\/wp-json\/wp\/v2\/posts\/55313","targetHints":{"allow":["GET"]}}],"collection":[{"href":"https:\/\/blog.emuca.com\/pt-pt\/wp-json\/wp\/v2\/posts"}],"about":[{"href":"https:\/\/blog.emuca.com\/pt-pt\/wp-json\/wp\/v2\/types\/post"}],"author":[{"embeddable":true,"href":"https:\/\/blog.emuca.com\/pt-pt\/wp-json\/wp\/v2\/users\/2"}],"replies":[{"embeddable":true,"href":"https:\/\/blog.emuca.com\/pt-pt\/wp-json\/wp\/v2\/comments?post=55313"}],"version-history":[{"count":7,"href":"https:\/\/blog.emuca.com\/pt-pt\/wp-json\/wp\/v2\/posts\/55313\/revisions"}],"predecessor-version":[{"id":55394,"href":"https:\/\/blog.emuca.com\/pt-pt\/wp-json\/wp\/v2\/posts\/55313\/revisions\/55394"}],"wp:featuredmedia":[{"embeddable":true,"href":"https:\/\/blog.emuca.com\/pt-pt\/wp-json\/wp\/v2\/media\/55332"}],"wp:attachment":[{"href":"https:\/\/blog.emuca.com\/pt-pt\/wp-json\/wp\/v2\/media?parent=55313"}],"wp:term":[{"taxonomy":"category","embeddable":true,"href":"https:\/\/blog.emuca.com\/pt-pt\/wp-json\/wp\/v2\/categories?post=55313"},{"taxonomy":"post_tag","embeddable":true,"href":"https:\/\/blog.emuca.com\/pt-pt\/wp-json\/wp\/v2\/tags?post=55313"}],"curies":[{"name":"wp","href":"https:\/\/api.w.org\/{rel}","templated":true}]}}