{"id":51248,"date":"2023-10-30T11:42:35","date_gmt":"2023-10-30T10:42:35","guid":{"rendered":"http:\/\/blogs.emuca.com\/nblog\/?p=51248"},"modified":"2023-10-30T11:54:31","modified_gmt":"2023-10-30T10:54:31","slug":"espacos-separados-portas-interiores","status":"publish","type":"post","link":"https:\/\/blog.emuca.com\/pt-pt\/cat\/actualidad-pt\/espacos-separados-portas-interiores\/","title":{"rendered":"Espa\u00e7os separados. Portas interiores"},"content":{"rendered":"\t\t<div data-elementor-type=\"wp-post\" data-elementor-id=\"51248\" class=\"elementor elementor-51248 elementor-51239\" data-elementor-post-type=\"post\">\n\t\t\t\t\t\t<section class=\"elementor-section elementor-top-section elementor-element elementor-element-4f80085 elementor-section-boxed elementor-section-height-default elementor-section-height-default\" data-id=\"4f80085\" data-element_type=\"section\">\n\t\t\t\t\t\t<div class=\"elementor-container elementor-column-gap-default\">\n\t\t\t\t\t<div class=\"elementor-column elementor-col-100 elementor-top-column elementor-element elementor-element-c7e710a\" data-id=\"c7e710a\" data-element_type=\"column\">\n\t\t\t<div class=\"elementor-widget-wrap elementor-element-populated\">\n\t\t\t\t\t\t<div class=\"elementor-element elementor-element-3932c44 elementor-widget elementor-widget-text-editor\" data-id=\"3932c44\" data-element_type=\"widget\" data-widget_type=\"text-editor.default\">\n\t\t\t\t<div class=\"elementor-widget-container\">\n\t\t\t\t\t\t\t<h2 style=\"line-height: 1.16; margin-bottom: 0px; margin-top: 1.5rem; color: #2e2925; font-size: 2.18rem; font-family: Montserrat; letter-spacing: normal;\"><b>D\u00c1 O CAMINHO<\/b><\/h2>\t\t\t\t\t\t<\/div>\n\t\t\t\t<\/div>\n\t\t\t\t<div class=\"elementor-element elementor-element-6c02845 elementor-widget elementor-widget-text-editor\" data-id=\"6c02845\" data-element_type=\"widget\" data-widget_type=\"text-editor.default\">\n\t\t\t\t<div class=\"elementor-widget-container\">\n\t\t\t\t\t\t\t<p>Sabia que as portas interiores n\u00e3o s\u00f3 separam os espa\u00e7os, como tamb\u00e9m podem <b>transformar a sua casa ou qualquer divis\u00e3o<\/b>?<\/p><p>Descubra os nossos tr\u00eas impressionantes modelos de portas interiores, que n\u00e3o s\u00f3 dar\u00e3o <b>funcionalidade<\/b>, mas tamb\u00e9m <b>estilo <\/b>ao seu espa\u00e7o. Na <b>Emuca<\/b>, desde aumentar a privacidade at\u00e9 maximizar a efici\u00eancia e dar um toque de eleg\u00e2ncia aos seus espa\u00e7os, as portas interiores s\u00e3o um investimento inteligente. Est\u00e1 pronto para descobrir como estas portas podem fazer a diferen\u00e7a na sua vida?<\/p>\t\t\t\t\t\t<\/div>\n\t\t\t\t<\/div>\n\t\t\t\t<div class=\"elementor-element elementor-element-ca3cbe8 elementor-widget elementor-widget-text-editor\" data-id=\"ca3cbe8\" data-element_type=\"widget\" data-widget_type=\"text-editor.default\">\n\t\t\t\t<div class=\"elementor-widget-container\">\n\t\t\t\t\t\t\t<h3 align=\"center\"><span style=\"font-size: 28px;\"><b>Efici\u00eancia\u00a0<\/b><\/span><strong>\u00a0+\u00a0<\/strong><span style=\"text-align: left;\"><span style=\"font-size: 28px;\"><b>Design <\/b><\/span><b style=\"font-family: inherit; font-size: 1.75rem; letter-spacing: -0.02em;\">= Economia de espa\u00e7o<\/b><\/span><\/h3>\t\t\t\t\t\t<\/div>\n\t\t\t\t<\/div>\n\t\t\t\t<div class=\"elementor-element elementor-element-a5bd0c0 elementor-widget__width-initial elementor-widget elementor-widget-progress\" data-id=\"a5bd0c0\" data-element_type=\"widget\" data-settings=\"{&quot;motion_fx_motion_fx_scrolling&quot;:&quot;yes&quot;,&quot;motion_fx_motion_fx_mouse&quot;:&quot;yes&quot;,&quot;motion_fx_devices&quot;:[&quot;desktop&quot;,&quot;tablet&quot;,&quot;mobile&quot;]}\" data-widget_type=\"progress.default\">\n\t\t\t\t<div class=\"elementor-widget-container\">\n\t\t\t\n\t\t<div class=\"elementor-progress-wrapper\" role=\"progressbar\" aria-valuemin=\"0\" aria-valuemax=\"100\" aria-valuenow=\"100\">\n\t\t\t<div class=\"elementor-progress-bar\" data-max=\"100\">\n\t\t\t\t<span class=\"elementor-progress-text\"><\/span>\n\t\t\t\t\t\t\t\t\t<span class=\"elementor-progress-percentage\">100%<\/span>\n\t\t\t\t\t\t\t<\/div>\n\t\t<\/div>\n\t\t\t\t<\/div>\n\t\t\t\t<\/div>\n\t\t\t\t<div class=\"elementor-element elementor-element-fd00799 elementor-widget elementor-widget-spacer\" data-id=\"fd00799\" data-element_type=\"widget\" data-widget_type=\"spacer.default\">\n\t\t\t\t<div class=\"elementor-widget-container\">\n\t\t\t\t\t<div class=\"elementor-spacer\">\n\t\t\t<div class=\"elementor-spacer-inner\"><\/div>\n\t\t<\/div>\n\t\t\t\t<\/div>\n\t\t\t\t<\/div>\n\t\t\t\t<div class=\"elementor-element elementor-element-ca0f26b elementor-widget elementor-widget-image\" data-id=\"ca0f26b\" data-element_type=\"widget\" data-widget_type=\"image.default\">\n\t\t\t\t<div class=\"elementor-widget-container\">\n\t\t\t\t\t\t\t\t\t\t\t\t\t<img fetchpriority=\"high\" decoding=\"async\" width=\"2560\" height=\"1504\" src=\"https:\/\/blog.emuca.com\/wp-content\/uploads\/2023\/10\/61154-scaled.jpg\" class=\"attachment-full size-full wp-image-51341\" alt=\"\" srcset=\"https:\/\/blog.emuca.com\/wp-content\/uploads\/2023\/10\/61154-scaled.jpg 2560w, https:\/\/blog.emuca.com\/wp-content\/uploads\/2023\/10\/61154-300x176.jpg 300w, https:\/\/blog.emuca.com\/wp-content\/uploads\/2023\/10\/61154-1024x602.jpg 1024w, https:\/\/blog.emuca.com\/wp-content\/uploads\/2023\/10\/61154-768x451.jpg 768w, https:\/\/blog.emuca.com\/wp-content\/uploads\/2023\/10\/61154-1536x903.jpg 1536w, https:\/\/blog.emuca.com\/wp-content\/uploads\/2023\/10\/61154-2048x1203.jpg 2048w, https:\/\/blog.emuca.com\/wp-content\/uploads\/2023\/10\/61154-1568x921.jpg 1568w\" sizes=\"(max-width: 34.9rem) calc(100vw - 2rem), (max-width: 53rem) calc(8 * (100vw \/ 12)), (min-width: 53rem) calc(6 * (100vw \/ 12)), 100vw\" \/>\t\t\t\t\t\t\t\t\t\t\t\t\t<\/div>\n\t\t\t\t<\/div>\n\t\t\t\t<div class=\"elementor-element elementor-element-34dca8b elementor-widget elementor-widget-spacer\" data-id=\"34dca8b\" data-element_type=\"widget\" data-widget_type=\"spacer.default\">\n\t\t\t\t<div class=\"elementor-widget-container\">\n\t\t\t\t\t<div class=\"elementor-spacer\">\n\t\t\t<div class=\"elementor-spacer-inner\"><\/div>\n\t\t<\/div>\n\t\t\t\t<\/div>\n\t\t\t\t<\/div>\n\t\t\t\t\t<\/div>\n\t\t<\/div>\n\t\t\t\t\t<\/div>\n\t\t<\/section>\n\t\t\t\t<section class=\"elementor-section elementor-top-section elementor-element elementor-element-54351ca elementor-section-boxed elementor-section-height-default elementor-section-height-default\" data-id=\"54351ca\" data-element_type=\"section\" data-settings=\"{&quot;background_background&quot;:&quot;classic&quot;}\">\n\t\t\t\t\t\t<div class=\"elementor-container elementor-column-gap-default\">\n\t\t\t\t\t<div class=\"elementor-column elementor-col-100 elementor-top-column elementor-element elementor-element-f1fb1fa\" data-id=\"f1fb1fa\" data-element_type=\"column\">\n\t\t\t<div class=\"elementor-widget-wrap elementor-element-populated\">\n\t\t\t\t\t\t<div class=\"elementor-element elementor-element-0a7a601 elementor-widget elementor-widget-heading\" data-id=\"0a7a601\" data-element_type=\"widget\" data-widget_type=\"heading.default\">\n\t\t\t\t<div class=\"elementor-widget-container\">\n\t\t\t<h2 class=\"elementor-heading-title elementor-size-default\"><b>OS NOSSOS SISTEMAS<\/b><\/h2>\t\t<\/div>\n\t\t\t\t<\/div>\n\t\t\t\t<div class=\"elementor-element elementor-element-213065b elementor-widget elementor-widget-spacer\" data-id=\"213065b\" data-element_type=\"widget\" data-widget_type=\"spacer.default\">\n\t\t\t\t<div class=\"elementor-widget-container\">\n\t\t\t\t\t<div class=\"elementor-spacer\">\n\t\t\t<div class=\"elementor-spacer-inner\"><\/div>\n\t\t<\/div>\n\t\t\t\t<\/div>\n\t\t\t\t<\/div>\n\t\t\t\t\t<\/div>\n\t\t<\/div>\n\t\t\t\t\t<\/div>\n\t\t<\/section>\n\t\t\t\t<section class=\"elementor-section elementor-top-section elementor-element elementor-element-0a11a06 elementor-section-boxed elementor-section-height-default elementor-section-height-default\" data-id=\"0a11a06\" data-element_type=\"section\" data-settings=\"{&quot;background_background&quot;:&quot;classic&quot;}\">\n\t\t\t\t\t\t<div class=\"elementor-container elementor-column-gap-no\">\n\t\t\t\t\t<div class=\"elementor-column elementor-col-50 elementor-top-column elementor-element elementor-element-30a4e3b\" data-id=\"30a4e3b\" data-element_type=\"column\">\n\t\t\t<div class=\"elementor-widget-wrap elementor-element-populated\">\n\t\t\t\t\t\t<div class=\"elementor-element elementor-element-38bc713 elementor-widget elementor-widget-image\" data-id=\"38bc713\" data-element_type=\"widget\" data-widget_type=\"image.default\">\n\t\t\t\t<div class=\"elementor-widget-container\">\n\t\t\t\t\t\t\t\t\t\t\t\t\t<img decoding=\"async\" width=\"2048\" height=\"2048\" src=\"https:\/\/blog.emuca.com\/wp-content\/uploads\/2023\/10\/wall-2048x2048.jpg\" class=\"attachment-2048x2048 size-2048x2048 wp-image-51361\" alt=\"\" srcset=\"https:\/\/blog.emuca.com\/wp-content\/uploads\/2023\/10\/wall-2048x2048.jpg 2048w, https:\/\/blog.emuca.com\/wp-content\/uploads\/2023\/10\/wall-300x300.jpg 300w, https:\/\/blog.emuca.com\/wp-content\/uploads\/2023\/10\/wall-1024x1024.jpg 1024w, https:\/\/blog.emuca.com\/wp-content\/uploads\/2023\/10\/wall-150x150.jpg 150w, https:\/\/blog.emuca.com\/wp-content\/uploads\/2023\/10\/wall-768x768.jpg 768w, https:\/\/blog.emuca.com\/wp-content\/uploads\/2023\/10\/wall-1536x1536.jpg 1536w, https:\/\/blog.emuca.com\/wp-content\/uploads\/2023\/10\/wall-1568x1568.jpg 1568w\" sizes=\"(max-width: 34.9rem) calc(100vw - 2rem), (max-width: 53rem) calc(8 * (100vw \/ 12)), (min-width: 53rem) calc(6 * (100vw \/ 12)), 100vw\" \/>\t\t\t\t\t\t\t\t\t\t\t\t\t<\/div>\n\t\t\t\t<\/div>\n\t\t\t\t\t<\/div>\n\t\t<\/div>\n\t\t\t\t<div class=\"elementor-column elementor-col-50 elementor-top-column elementor-element elementor-element-e364b0b\" data-id=\"e364b0b\" data-element_type=\"column\">\n\t\t\t<div class=\"elementor-widget-wrap elementor-element-populated\">\n\t\t\t\t\t\t<div class=\"elementor-element elementor-element-806c7d1 elementor-widget elementor-widget-text-editor\" data-id=\"806c7d1\" data-element_type=\"widget\" data-widget_type=\"text-editor.default\">\n\t\t\t\t<div class=\"elementor-widget-container\">\n\t\t\t\t\t\t\t<h2 style=\"line-height: 1.16; margin-bottom: 0px; margin-top: 1.5rem; color: #2e2925; font-size: 2.18rem; font-family: Montserrat; letter-spacing: normal;\">Wall<\/h2>\t\t\t\t\t\t<\/div>\n\t\t\t\t<\/div>\n\t\t\t\t<div class=\"elementor-element elementor-element-c4a40a5 elementor-widget elementor-widget-text-editor\" data-id=\"c4a40a5\" data-element_type=\"widget\" data-widget_type=\"text-editor.default\">\n\t\t\t\t<div class=\"elementor-widget-container\">\n\t\t\t\t\t\t\t<p>Apresentamos o <b>Kit Wall System<\/b> para a montagem de portas de madeira na parede, ideal para espa\u00e7os pequenos.<\/p><p><b>Optimize os seus espa\u00e7os<\/b> com esta solu\u00e7\u00e3o vers\u00e1til e elegante. Com o kit Wall System, pode transformar os seus interiores e tornar cada divis\u00e3o \u00fanica &#8211; descubra hoje a porta perfeita para a sua casa!<\/p>\t\t\t\t\t\t<\/div>\n\t\t\t\t<\/div>\n\t\t\t\t<div class=\"elementor-element elementor-element-e90eac1 elementor-widget elementor-widget-accordion\" data-id=\"e90eac1\" data-element_type=\"widget\" data-widget_type=\"accordion.default\">\n\t\t\t\t<div class=\"elementor-widget-container\">\n\t\t\t\t\t<div class=\"elementor-accordion\">\n\t\t\t\t\t\t\t<div class=\"elementor-accordion-item\">\n\t\t\t\t\t<div id=\"elementor-tab-title-2441\" class=\"elementor-tab-title\" data-tab=\"1\" role=\"button\" aria-controls=\"elementor-tab-content-2441\" aria-expanded=\"false\">\n\t\t\t\t\t\t\t\t\t\t\t\t\t<span class=\"elementor-accordion-icon elementor-accordion-icon-left\" aria-hidden=\"true\">\n\t\t\t\t\t\t\t\t\t\t\t\t\t\t\t<span class=\"elementor-accordion-icon-closed\"><i class=\"fas fa-plus\"><\/i><\/span>\n\t\t\t\t\t\t\t\t<span class=\"elementor-accordion-icon-opened\"><i class=\"fas fa-minus\"><\/i><\/span>\n\t\t\t\t\t\t\t\t\t\t\t\t\t\t<\/span>\n\t\t\t\t\t\t\t\t\t\t\t\t<a class=\"elementor-accordion-title\" tabindex=\"0\">Detalhes<\/a>\n\t\t\t\t\t<\/div>\n\t\t\t\t\t<div id=\"elementor-tab-content-2441\" class=\"elementor-tab-content elementor-clearfix\" data-tab=\"1\" role=\"region\" aria-labelledby=\"elementor-tab-title-2441\"><p>Inclui corredi\u00e7as, guia e carrinho para um <b>deslizamento suave<\/b> <b>(placas n\u00e3o inclu\u00eddas).<\/b> Suporta at\u00e9 80 kg e oferece bloqueio bidirecional e sistema <b>anti-inclina\u00e7\u00e3o.<\/b> Adequado para <b>montagem \u00e0 superf\u00edcie ou embutida na porta<\/b>. Regula\u00e7\u00e3o em altura at\u00e9 10 mm e regula\u00e7\u00e3o da inclina\u00e7\u00e3o da porta.<\/p><\/div>\n\t\t\t\t<\/div>\n\t\t\t\t\t\t\t\t<\/div>\n\t\t\t\t<\/div>\n\t\t\t\t<\/div>\n\t\t\t\t<div class=\"elementor-element elementor-element-548e535 elementor-align-center elementor-widget__width-auto elementor-widget elementor-widget-button\" data-id=\"548e535\" data-element_type=\"widget\" data-widget_type=\"button.default\">\n\t\t\t\t<div class=\"elementor-widget-container\">\n\t\t\t\t\t<div class=\"elementor-button-wrapper\">\n\t\t\t<a class=\"elementor-button elementor-button-link elementor-size-sm\" href=\"https:\/\/www.emuca.pt\/sistema-para-portas-de-correr\/portas-de-passagem\/wall-portas-suspensas\/sistema-wall-para-portas-de-correr-suspensas-de-madeira-com-fecho-suave\/sistema-wall-para-portas-de-correr-suspensas-de-madeira-com-fecho-suave-aco-e-aluminio-e-plastico\">\n\t\t\t\t\t\t<span class=\"elementor-button-content-wrapper\">\n\t\t\t\t\t\t\t\t\t<span class=\"elementor-button-text\">ver producto<\/span>\n\t\t\t\t\t<\/span>\n\t\t\t\t\t<\/a>\n\t\t<\/div>\n\t\t\t\t<\/div>\n\t\t\t\t<\/div>\n\t\t\t\t\t<\/div>\n\t\t<\/div>\n\t\t\t\t\t<\/div>\n\t\t<\/section>\n\t\t\t\t<section class=\"elementor-section elementor-top-section elementor-element elementor-element-0143862 elementor-section-boxed elementor-section-height-default elementor-section-height-default\" data-id=\"0143862\" data-element_type=\"section\">\n\t\t\t\t\t\t<div class=\"elementor-container elementor-column-gap-default\">\n\t\t\t\t\t<div class=\"elementor-column elementor-col-100 elementor-top-column elementor-element elementor-element-af3c88c\" data-id=\"af3c88c\" data-element_type=\"column\">\n\t\t\t<div class=\"elementor-widget-wrap elementor-element-populated\">\n\t\t\t\t\t\t<div class=\"elementor-element elementor-element-d9ef1ae elementor-widget elementor-widget-spacer\" data-id=\"d9ef1ae\" data-element_type=\"widget\" data-widget_type=\"spacer.default\">\n\t\t\t\t<div class=\"elementor-widget-container\">\n\t\t\t\t\t<div class=\"elementor-spacer\">\n\t\t\t<div class=\"elementor-spacer-inner\"><\/div>\n\t\t<\/div>\n\t\t\t\t<\/div>\n\t\t\t\t<\/div>\n\t\t\t\t\t<\/div>\n\t\t<\/div>\n\t\t\t\t\t<\/div>\n\t\t<\/section>\n\t\t\t\t<section class=\"elementor-section elementor-top-section elementor-element elementor-element-d8db53c elementor-section-boxed elementor-section-height-default elementor-section-height-default\" data-id=\"d8db53c\" data-element_type=\"section\">\n\t\t\t\t\t\t<div class=\"elementor-container elementor-column-gap-no\">\n\t\t\t\t\t<div class=\"elementor-column elementor-col-50 elementor-top-column elementor-element elementor-element-e43319a\" data-id=\"e43319a\" data-element_type=\"column\">\n\t\t\t<div class=\"elementor-widget-wrap elementor-element-populated\">\n\t\t\t\t\t\t<div class=\"elementor-element elementor-element-ad74de7 elementor-widget__width-inherit elementor-widget elementor-widget-image\" data-id=\"ad74de7\" data-element_type=\"widget\" data-widget_type=\"image.default\">\n\t\t\t\t<div class=\"elementor-widget-container\">\n\t\t\t\t\t\t\t\t\t\t\t\t\t<img decoding=\"async\" width=\"1491\" height=\"1666\" src=\"https:\/\/blog.emuca.com\/wp-content\/uploads\/2023\/10\/barn-2.jpg\" class=\"attachment-full size-full wp-image-51371\" alt=\"\" srcset=\"https:\/\/blog.emuca.com\/wp-content\/uploads\/2023\/10\/barn-2.jpg 1491w, https:\/\/blog.emuca.com\/wp-content\/uploads\/2023\/10\/barn-2-268x300.jpg 268w, https:\/\/blog.emuca.com\/wp-content\/uploads\/2023\/10\/barn-2-916x1024.jpg 916w, https:\/\/blog.emuca.com\/wp-content\/uploads\/2023\/10\/barn-2-768x858.jpg 768w, https:\/\/blog.emuca.com\/wp-content\/uploads\/2023\/10\/barn-2-1375x1536.jpg 1375w\" sizes=\"(max-width: 34.9rem) calc(100vw - 2rem), (max-width: 53rem) calc(8 * (100vw \/ 12)), (min-width: 53rem) calc(6 * (100vw \/ 12)), 100vw\" \/>\t\t\t\t\t\t\t\t\t\t\t\t\t<\/div>\n\t\t\t\t<\/div>\n\t\t\t\t\t<\/div>\n\t\t<\/div>\n\t\t\t\t<div class=\"elementor-column elementor-col-50 elementor-top-column elementor-element elementor-element-6990788\" data-id=\"6990788\" data-element_type=\"column\">\n\t\t\t<div class=\"elementor-widget-wrap elementor-element-populated\">\n\t\t\t\t\t\t<div class=\"elementor-element elementor-element-439ff7e elementor-widget elementor-widget-text-editor\" data-id=\"439ff7e\" data-element_type=\"widget\" data-widget_type=\"text-editor.default\">\n\t\t\t\t<div class=\"elementor-widget-container\">\n\t\t\t\t\t\t\t<h2 style=\"line-height: 1.16; margin-bottom: 0px; margin-top: 1.5rem; color: #2e2925; font-size: 2.18rem; font-family: Montserrat; letter-spacing: normal;\">Barn<\/h2>\t\t\t\t\t\t<\/div>\n\t\t\t\t<\/div>\n\t\t\t\t<div class=\"elementor-element elementor-element-716b20b elementor-widget elementor-widget-text-editor\" data-id=\"716b20b\" data-element_type=\"widget\" data-widget_type=\"text-editor.default\">\n\t\t\t\t<div class=\"elementor-widget-container\">\n\t\t\t\t\t\t\t<p>D\u00ea um toque \u00fanico aos seus espa\u00e7os com o <b>sistema Barn para pendurar portas de correr em madeira<\/b>! Este sistema vers\u00e1til \u00e9 a chave para dar um toque de eleg\u00e2ncia a qualquer ambiente, seja ele r\u00fastico ou moderno.<\/p><p>N\u00e3o perca a oportunidade de fazer sobressair os seus interiores com estilo e conforto!<\/p>\t\t\t\t\t\t<\/div>\n\t\t\t\t<\/div>\n\t\t\t\t<div class=\"elementor-element elementor-element-a85c16c elementor-widget elementor-widget-accordion\" data-id=\"a85c16c\" data-element_type=\"widget\" data-widget_type=\"accordion.default\">\n\t\t\t\t<div class=\"elementor-widget-container\">\n\t\t\t\t\t<div class=\"elementor-accordion\">\n\t\t\t\t\t\t\t<div class=\"elementor-accordion-item\">\n\t\t\t\t\t<div id=\"elementor-tab-title-1761\" class=\"elementor-tab-title\" data-tab=\"1\" role=\"button\" aria-controls=\"elementor-tab-content-1761\" aria-expanded=\"false\">\n\t\t\t\t\t\t\t\t\t\t\t\t\t<span class=\"elementor-accordion-icon elementor-accordion-icon-left\" aria-hidden=\"true\">\n\t\t\t\t\t\t\t\t\t\t\t\t\t\t\t<span class=\"elementor-accordion-icon-closed\"><i class=\"fas fa-plus\"><\/i><\/span>\n\t\t\t\t\t\t\t\t<span class=\"elementor-accordion-icon-opened\"><i class=\"fas fa-minus\"><\/i><\/span>\n\t\t\t\t\t\t\t\t\t\t\t\t\t\t<\/span>\n\t\t\t\t\t\t\t\t\t\t\t\t<a class=\"elementor-accordion-title\" tabindex=\"0\">Detalhes<\/a>\n\t\t\t\t\t<\/div>\n\t\t\t\t\t<div id=\"elementor-tab-content-1761\" class=\"elementor-tab-content elementor-clearfix\" data-tab=\"1\" role=\"region\" aria-labelledby=\"elementor-tab-title-1761\"><p>Inclui uma calha superior de 2 metros, dois carrinhos, acess\u00f3rios <b>anti-descarrilamento<\/b> e parafusos de instala\u00e7\u00e3o<b> (placas n\u00e3o inclu\u00eddas)<\/b>. Este sistema suporta cargas at\u00e9 80 kg (sem fecho suave) ou 60 kg (com fecho suave), consoante a parede de instala\u00e7\u00e3o (gesso cartonado, tijolo, bet\u00e3o). <b>Deslizamento suave<\/b> gra\u00e7as \u00e0 sua constru\u00e7\u00e3o em a\u00e7o com acabamento pintado a preto.<\/p><\/div>\n\t\t\t\t<\/div>\n\t\t\t\t\t\t\t\t<\/div>\n\t\t\t\t<\/div>\n\t\t\t\t<\/div>\n\t\t\t\t<div class=\"elementor-element elementor-element-52be247 elementor-align-center elementor-widget__width-auto elementor-widget elementor-widget-button\" data-id=\"52be247\" data-element_type=\"widget\" data-widget_type=\"button.default\">\n\t\t\t\t<div class=\"elementor-widget-container\">\n\t\t\t\t\t<div class=\"elementor-button-wrapper\">\n\t\t\t<a class=\"elementor-button elementor-button-link elementor-size-sm\" href=\"https:\/\/www.emuca.pt\/sistema-para-portas-de-correr\/portas-de-passagem\/barn-portas-suspensas\/emuca-sistema-barn-para-portas-de-correr-suspensas\/sistema-barn-para-portas-de-correr-suspensas-fecho-suave-paineis-nao-incluidas-60-kg-aco-preto\">\n\t\t\t\t\t\t<span class=\"elementor-button-content-wrapper\">\n\t\t\t\t\t\t\t\t\t<span class=\"elementor-button-text\">ver producto<\/span>\n\t\t\t\t\t<\/span>\n\t\t\t\t\t<\/a>\n\t\t<\/div>\n\t\t\t\t<\/div>\n\t\t\t\t<\/div>\n\t\t\t\t\t<\/div>\n\t\t<\/div>\n\t\t\t\t\t<\/div>\n\t\t<\/section>\n\t\t\t\t<section class=\"elementor-section elementor-top-section elementor-element elementor-element-42bac7a elementor-section-boxed elementor-section-height-default elementor-section-height-default\" data-id=\"42bac7a\" data-element_type=\"section\">\n\t\t\t\t\t\t<div class=\"elementor-container elementor-column-gap-default\">\n\t\t\t\t\t<div class=\"elementor-column elementor-col-100 elementor-top-column elementor-element elementor-element-94c7f22\" data-id=\"94c7f22\" data-element_type=\"column\">\n\t\t\t<div class=\"elementor-widget-wrap elementor-element-populated\">\n\t\t\t\t\t\t<div class=\"elementor-element elementor-element-0012bda elementor-widget elementor-widget-spacer\" data-id=\"0012bda\" data-element_type=\"widget\" data-widget_type=\"spacer.default\">\n\t\t\t\t<div class=\"elementor-widget-container\">\n\t\t\t\t\t<div class=\"elementor-spacer\">\n\t\t\t<div class=\"elementor-spacer-inner\"><\/div>\n\t\t<\/div>\n\t\t\t\t<\/div>\n\t\t\t\t<\/div>\n\t\t\t\t\t<\/div>\n\t\t<\/div>\n\t\t\t\t\t<\/div>\n\t\t<\/section>\n\t\t\t\t<section class=\"elementor-section elementor-top-section elementor-element elementor-element-cca1f4e elementor-section-boxed elementor-section-height-default elementor-section-height-default\" data-id=\"cca1f4e\" data-element_type=\"section\">\n\t\t\t\t\t\t<div class=\"elementor-container elementor-column-gap-no\">\n\t\t\t\t\t<div class=\"elementor-column elementor-col-50 elementor-top-column elementor-element elementor-element-5990f57\" data-id=\"5990f57\" data-element_type=\"column\">\n\t\t\t<div class=\"elementor-widget-wrap elementor-element-populated\">\n\t\t\t\t\t\t<div class=\"elementor-element elementor-element-beffb38 elementor-widget elementor-widget-image\" data-id=\"beffb38\" data-element_type=\"widget\" data-widget_type=\"image.default\">\n\t\t\t\t<div class=\"elementor-widget-container\">\n\t\t\t\t\t\t\t\t\t\t\t\t\t<img loading=\"lazy\" decoding=\"async\" width=\"2000\" height=\"2000\" src=\"https:\/\/blog.emuca.com\/wp-content\/uploads\/2023\/10\/railway.jpg\" class=\"attachment-full size-full wp-image-51381\" alt=\"\" srcset=\"https:\/\/blog.emuca.com\/wp-content\/uploads\/2023\/10\/railway.jpg 2000w, https:\/\/blog.emuca.com\/wp-content\/uploads\/2023\/10\/railway-300x300.jpg 300w, https:\/\/blog.emuca.com\/wp-content\/uploads\/2023\/10\/railway-1024x1024.jpg 1024w, https:\/\/blog.emuca.com\/wp-content\/uploads\/2023\/10\/railway-150x150.jpg 150w, https:\/\/blog.emuca.com\/wp-content\/uploads\/2023\/10\/railway-768x768.jpg 768w, https:\/\/blog.emuca.com\/wp-content\/uploads\/2023\/10\/railway-1536x1536.jpg 1536w, https:\/\/blog.emuca.com\/wp-content\/uploads\/2023\/10\/railway-1568x1568.jpg 1568w\" sizes=\"(max-width: 34.9rem) calc(100vw - 2rem), (max-width: 53rem) calc(8 * (100vw \/ 12)), (min-width: 53rem) calc(6 * (100vw \/ 12)), 100vw\" \/>\t\t\t\t\t\t\t\t\t\t\t\t\t<\/div>\n\t\t\t\t<\/div>\n\t\t\t\t\t<\/div>\n\t\t<\/div>\n\t\t\t\t<div class=\"elementor-column elementor-col-50 elementor-top-column elementor-element elementor-element-60728c2\" data-id=\"60728c2\" data-element_type=\"column\">\n\t\t\t<div class=\"elementor-widget-wrap elementor-element-populated\">\n\t\t\t\t\t\t<div class=\"elementor-element elementor-element-c24cf0e elementor-widget elementor-widget-text-editor\" data-id=\"c24cf0e\" data-element_type=\"widget\" data-widget_type=\"text-editor.default\">\n\t\t\t\t<div class=\"elementor-widget-container\">\n\t\t\t\t\t\t\t<h2 style=\"line-height: 1.16; margin-bottom: 0px; margin-top: 1.5rem; color: #2e2925; font-size: 2.18rem; font-family: Montserrat; letter-spacing: normal;\">Railway<\/h2>\t\t\t\t\t\t<\/div>\n\t\t\t\t<\/div>\n\t\t\t\t<div class=\"elementor-element elementor-element-2222b75 elementor-widget elementor-widget-text-editor\" data-id=\"2222b75\" data-element_type=\"widget\" data-widget_type=\"text-editor.default\">\n\t\t\t\t<div class=\"elementor-widget-container\">\n\t\t\t\t\t\t\t<p>Eleve o estilo e a funcionalidade dos seus espa\u00e7os com o <b>sistema Railway para portas de correr de madeira<\/b> com fecho suave.<\/p>\n<p>N\u00e3o perca esta oportunidade de transformar a sua casa, fa\u00e7a com que as suas portas sejam apenas mais um elemento da sua casa!<\/p>\t\t\t\t\t\t<\/div>\n\t\t\t\t<\/div>\n\t\t\t\t<div class=\"elementor-element elementor-element-afc8431 elementor-widget elementor-widget-accordion\" data-id=\"afc8431\" data-element_type=\"widget\" data-widget_type=\"accordion.default\">\n\t\t\t\t<div class=\"elementor-widget-container\">\n\t\t\t\t\t<div class=\"elementor-accordion\">\n\t\t\t\t\t\t\t<div class=\"elementor-accordion-item\">\n\t\t\t\t\t<div id=\"elementor-tab-title-1841\" class=\"elementor-tab-title\" data-tab=\"1\" role=\"button\" aria-controls=\"elementor-tab-content-1841\" aria-expanded=\"false\">\n\t\t\t\t\t\t\t\t\t\t\t\t\t<span class=\"elementor-accordion-icon elementor-accordion-icon-left\" aria-hidden=\"true\">\n\t\t\t\t\t\t\t\t\t\t\t\t\t\t\t<span class=\"elementor-accordion-icon-closed\"><i class=\"fas fa-plus\"><\/i><\/span>\n\t\t\t\t\t\t\t\t<span class=\"elementor-accordion-icon-opened\"><i class=\"fas fa-minus\"><\/i><\/span>\n\t\t\t\t\t\t\t\t\t\t\t\t\t\t<\/span>\n\t\t\t\t\t\t\t\t\t\t\t\t<a class=\"elementor-accordion-title\" tabindex=\"0\">Detalhes<\/a>\n\t\t\t\t\t<\/div>\n\t\t\t\t\t<div id=\"elementor-tab-content-1841\" class=\"elementor-tab-content elementor-clearfix\" data-tab=\"1\" role=\"region\" aria-labelledby=\"elementor-tab-title-1841\"><p>Inclui uma calha superior em alum\u00ednio anodizado, carrinhos com rodas de rolamentos de esferas, uma guia inferior e um dispositivo de<b> fecho suave<\/b> bidirecional com uma capacidade de carga at\u00e9 80 kg <b>(placas n\u00e3o inclu\u00eddas)<\/b>. Al\u00e9m disso, s\u00e3o incorporadas buchas e tampas de pl\u00e1stico para ocultar as ferragens, tornando a<b> instala\u00e7\u00e3o simples e esteticamente atractiva.<\/b><\/p><\/div>\n\t\t\t\t<\/div>\n\t\t\t\t\t\t\t\t<\/div>\n\t\t\t\t<\/div>\n\t\t\t\t<\/div>\n\t\t\t\t<div class=\"elementor-element elementor-element-35c65b1 elementor-align-left elementor-widget elementor-widget-button\" data-id=\"35c65b1\" data-element_type=\"widget\" data-widget_type=\"button.default\">\n\t\t\t\t<div class=\"elementor-widget-container\">\n\t\t\t\t\t<div class=\"elementor-button-wrapper\">\n\t\t\t<a class=\"elementor-button elementor-button-link elementor-size-sm\" href=\"https:\/\/www.emuca.pt\/sistema-para-portas-de-correr\/portas-de-passagem\/railway-portas-suspensas\/emuca-sistema-railway-para-portas-de-correr-suspensas-de-madeira-com-fecho-suave\/sistema-railway-para-portas-de-correr-de-madeira-paineis-nao-incluidas-com-fecho-suave-80-kg-aluminio-anodizado\">\n\t\t\t\t\t\t<span class=\"elementor-button-content-wrapper\">\n\t\t\t\t\t\t\t\t\t<span class=\"elementor-button-text\">ver producto<\/span>\n\t\t\t\t\t<\/span>\n\t\t\t\t\t<\/a>\n\t\t<\/div>\n\t\t\t\t<\/div>\n\t\t\t\t<\/div>\n\t\t\t\t\t<\/div>\n\t\t<\/div>\n\t\t\t\t\t<\/div>\n\t\t<\/section>\n\t\t\t\t<\/div>\n\t\t","protected":false},"excerpt":{"rendered":"<p>D\u00c1 O CAMINHO Sabia que as portas interiores n\u00e3o s\u00f3 separam os espa\u00e7os, como tamb\u00e9m podem transformar a sua casa ou qualquer divis\u00e3o? Descubra os nossos tr\u00eas impressionantes modelos de portas interiores, que n\u00e3o s\u00f3 dar\u00e3o funcionalidade, mas tamb\u00e9m estilo ao seu espa\u00e7o. Na Emuca, desde aumentar a privacidade at\u00e9 maximizar a efici\u00eancia e dar &hellip; <\/p>\n<p class=\"link-more\"><a href=\"https:\/\/blog.emuca.com\/pt-pt\/cat\/actualidad-pt\/espacos-separados-portas-interiores\/\" class=\"more-link\">Continuar a ler <span class=\"screen-reader-text\">&#8220;Espa\u00e7os separados. Portas interiores&#8221;<\/span><\/a><\/p>\n","protected":false},"author":2,"featured_media":52314,"comment_status":"closed","ping_status":"closed","sticky":false,"template":"","format":"standard","meta":{"footnotes":""},"categories":[59,108],"tags":[],"class_list":["post-51248","post","type-post","status-publish","format-standard","has-post-thumbnail","hentry","category-actualidad-pt","category-novidades","entry"],"yoast_head":"<!-- This site is optimized with the Yoast SEO plugin v24.1 - https:\/\/yoast.com\/wordpress\/plugins\/seo\/ -->\n<title>Espa\u00e7os separados. Portas interiores - Emuca blog<\/title>\n<meta name=\"description\" content=\"Descubra as nossas portas interiores, a escolha perfeita para dar estilo e funcionalidade aos seus espa\u00e7os. Com modelos vers\u00e1teis e elegantes, transforme os seus interiores com estas portas interiores de alta qualidade e d\u00ea um toque de distin\u00e7\u00e3o \u00e0 sua casa!\" \/>\n<meta name=\"robots\" content=\"index, follow, max-snippet:-1, max-image-preview:large, max-video-preview:-1\" \/>\n<link rel=\"canonical\" href=\"https:\/\/blog.emuca.com\/pt-pt\/cat\/actualidad-pt\/espacos-separados-portas-interiores\/\" \/>\n<meta property=\"og:locale\" content=\"pt_PT\" \/>\n<meta property=\"og:type\" content=\"article\" \/>\n<meta property=\"og:title\" content=\"Espa\u00e7os separados. Portas interiores - Emuca blog\" \/>\n<meta property=\"og:description\" content=\"Descubra as nossas portas interiores, a escolha perfeita para dar estilo e funcionalidade aos seus espa\u00e7os. Com modelos vers\u00e1teis e elegantes, transforme os seus interiores com estas portas interiores de alta qualidade e d\u00ea um toque de distin\u00e7\u00e3o \u00e0 sua casa!\" \/>\n<meta property=\"og:url\" content=\"https:\/\/blog.emuca.com\/pt-pt\/cat\/actualidad-pt\/espacos-separados-portas-interiores\/\" \/>\n<meta property=\"og:site_name\" content=\"Emuca blog\" \/>\n<meta property=\"article:publisher\" content=\"https:\/\/www.facebook.com\/EmucaGroup\" \/>\n<meta property=\"article:published_time\" content=\"2023-10-30T10:42:35+00:00\" \/>\n<meta property=\"article:modified_time\" content=\"2023-10-30T10:54:31+00:00\" \/>\n<meta property=\"og:image\" content=\"https:\/\/blog.emuca.com\/wp-content\/uploads\/2023\/10\/PORTADA-PUERTAS-DE-PASO.jpg\" \/>\n\t<meta property=\"og:image:width\" content=\"900\" \/>\n\t<meta property=\"og:image:height\" content=\"500\" \/>\n\t<meta property=\"og:image:type\" content=\"image\/jpeg\" \/>\n<meta name=\"author\" content=\"Emuca\" \/>\n<meta name=\"twitter:card\" content=\"summary_large_image\" \/>\n<meta name=\"twitter:label1\" content=\"Escrito por\" \/>\n\t<meta name=\"twitter:data1\" content=\"Emuca\" \/>\n\t<meta name=\"twitter:label2\" content=\"Tempo estimado de leitura\" \/>\n\t<meta name=\"twitter:data2\" content=\"4 minutos\" \/>\n<script type=\"application\/ld+json\" class=\"yoast-schema-graph\">{\"@context\":\"https:\/\/schema.org\",\"@graph\":[{\"@type\":\"Article\",\"@id\":\"https:\/\/blog.emuca.com\/pt-pt\/cat\/actualidad-pt\/espacos-separados-portas-interiores\/#article\",\"isPartOf\":{\"@id\":\"https:\/\/blog.emuca.com\/pt-pt\/cat\/actualidad-pt\/espacos-separados-portas-interiores\/\"},\"author\":{\"name\":\"Emuca\",\"@id\":\"https:\/\/blog.emuca.com\/#\/schema\/person\/81560ca037d9c1ed19744a85ef9cbe2a\"},\"headline\":\"Espa\u00e7os separados. Portas interiores\",\"datePublished\":\"2023-10-30T10:42:35+00:00\",\"dateModified\":\"2023-10-30T10:54:31+00:00\",\"mainEntityOfPage\":{\"@id\":\"https:\/\/blog.emuca.com\/pt-pt\/cat\/actualidad-pt\/espacos-separados-portas-interiores\/\"},\"wordCount\":457,\"publisher\":{\"@id\":\"https:\/\/blog.emuca.com\/#organization\"},\"image\":{\"@id\":\"https:\/\/blog.emuca.com\/pt-pt\/cat\/actualidad-pt\/espacos-separados-portas-interiores\/#primaryimage\"},\"thumbnailUrl\":\"https:\/\/blog.emuca.com\/wp-content\/uploads\/2023\/10\/PORTADA-PUERTAS-DE-PASO.jpg\",\"articleSection\":[\"Not\u00edcias atuais\",\"Novidades\"],\"inLanguage\":\"pt-PT\"},{\"@type\":\"WebPage\",\"@id\":\"https:\/\/blog.emuca.com\/pt-pt\/cat\/actualidad-pt\/espacos-separados-portas-interiores\/\",\"url\":\"https:\/\/blog.emuca.com\/pt-pt\/cat\/actualidad-pt\/espacos-separados-portas-interiores\/\",\"name\":\"Espa\u00e7os separados. Portas interiores - Emuca blog\",\"isPartOf\":{\"@id\":\"https:\/\/blog.emuca.com\/#website\"},\"primaryImageOfPage\":{\"@id\":\"https:\/\/blog.emuca.com\/pt-pt\/cat\/actualidad-pt\/espacos-separados-portas-interiores\/#primaryimage\"},\"image\":{\"@id\":\"https:\/\/blog.emuca.com\/pt-pt\/cat\/actualidad-pt\/espacos-separados-portas-interiores\/#primaryimage\"},\"thumbnailUrl\":\"https:\/\/blog.emuca.com\/wp-content\/uploads\/2023\/10\/PORTADA-PUERTAS-DE-PASO.jpg\",\"datePublished\":\"2023-10-30T10:42:35+00:00\",\"dateModified\":\"2023-10-30T10:54:31+00:00\",\"description\":\"Descubra as nossas portas interiores, a escolha perfeita para dar estilo e funcionalidade aos seus espa\u00e7os. Com modelos vers\u00e1teis e elegantes, transforme os seus interiores com estas portas interiores de alta qualidade e d\u00ea um toque de distin\u00e7\u00e3o \u00e0 sua casa!\",\"inLanguage\":\"pt-PT\",\"potentialAction\":[{\"@type\":\"ReadAction\",\"target\":[\"https:\/\/blog.emuca.com\/pt-pt\/cat\/actualidad-pt\/espacos-separados-portas-interiores\/\"]}]},{\"@type\":\"ImageObject\",\"inLanguage\":\"pt-PT\",\"@id\":\"https:\/\/blog.emuca.com\/pt-pt\/cat\/actualidad-pt\/espacos-separados-portas-interiores\/#primaryimage\",\"url\":\"https:\/\/blog.emuca.com\/wp-content\/uploads\/2023\/10\/PORTADA-PUERTAS-DE-PASO.jpg\",\"contentUrl\":\"https:\/\/blog.emuca.com\/wp-content\/uploads\/2023\/10\/PORTADA-PUERTAS-DE-PASO.jpg\",\"width\":900,\"height\":500},{\"@type\":\"WebSite\",\"@id\":\"https:\/\/blog.emuca.com\/#website\",\"url\":\"https:\/\/blog.emuca.com\/\",\"name\":\"Emuca blog\",\"description\":\"\",\"publisher\":{\"@id\":\"https:\/\/blog.emuca.com\/#organization\"},\"potentialAction\":[{\"@type\":\"SearchAction\",\"target\":{\"@type\":\"EntryPoint\",\"urlTemplate\":\"https:\/\/blog.emuca.com\/?s={search_term_string}\"},\"query-input\":{\"@type\":\"PropertyValueSpecification\",\"valueRequired\":true,\"valueName\":\"search_term_string\"}}],\"inLanguage\":\"pt-PT\"},{\"@type\":\"Organization\",\"@id\":\"https:\/\/blog.emuca.com\/#organization\",\"name\":\"emuca\",\"url\":\"https:\/\/blog.emuca.com\/\",\"logo\":{\"@type\":\"ImageObject\",\"inLanguage\":\"pt-PT\",\"@id\":\"https:\/\/blog.emuca.com\/#\/schema\/logo\/image\/\",\"url\":\"https:\/\/blog.emuca.com\/wp-content\/uploads\/2024\/05\/cropped-logo-emuca-menu.png\",\"contentUrl\":\"https:\/\/blog.emuca.com\/wp-content\/uploads\/2024\/05\/cropped-logo-emuca-menu.png\",\"width\":190,\"height\":190,\"caption\":\"emuca\"},\"image\":{\"@id\":\"https:\/\/blog.emuca.com\/#\/schema\/logo\/image\/\"},\"sameAs\":[\"https:\/\/www.facebook.com\/EmucaGroup\"]},{\"@type\":\"Person\",\"@id\":\"https:\/\/blog.emuca.com\/#\/schema\/person\/81560ca037d9c1ed19744a85ef9cbe2a\",\"name\":\"Emuca\",\"url\":\"https:\/\/blog.emuca.com\/pt-pt\/cat\/author\/emuca\/\"}]}<\/script>\n<!-- \/ Yoast SEO plugin. -->","yoast_head_json":{"title":"Espa\u00e7os separados. Portas interiores - Emuca blog","description":"Descubra as nossas portas interiores, a escolha perfeita para dar estilo e funcionalidade aos seus espa\u00e7os. Com modelos vers\u00e1teis e elegantes, transforme os seus interiores com estas portas interiores de alta qualidade e d\u00ea um toque de distin\u00e7\u00e3o \u00e0 sua casa!","robots":{"index":"index","follow":"follow","max-snippet":"max-snippet:-1","max-image-preview":"max-image-preview:large","max-video-preview":"max-video-preview:-1"},"canonical":"https:\/\/blog.emuca.com\/pt-pt\/cat\/actualidad-pt\/espacos-separados-portas-interiores\/","og_locale":"pt_PT","og_type":"article","og_title":"Espa\u00e7os separados. Portas interiores - Emuca blog","og_description":"Descubra as nossas portas interiores, a escolha perfeita para dar estilo e funcionalidade aos seus espa\u00e7os. Com modelos vers\u00e1teis e elegantes, transforme os seus interiores com estas portas interiores de alta qualidade e d\u00ea um toque de distin\u00e7\u00e3o \u00e0 sua casa!","og_url":"https:\/\/blog.emuca.com\/pt-pt\/cat\/actualidad-pt\/espacos-separados-portas-interiores\/","og_site_name":"Emuca blog","article_publisher":"https:\/\/www.facebook.com\/EmucaGroup","article_published_time":"2023-10-30T10:42:35+00:00","article_modified_time":"2023-10-30T10:54:31+00:00","og_image":[{"width":900,"height":500,"url":"https:\/\/blog.emuca.com\/wp-content\/uploads\/2023\/10\/PORTADA-PUERTAS-DE-PASO.jpg","type":"image\/jpeg"}],"author":"Emuca","twitter_card":"summary_large_image","twitter_misc":{"Escrito por":"Emuca","Tempo estimado de leitura":"4 minutos"},"schema":{"@context":"https:\/\/schema.org","@graph":[{"@type":"Article","@id":"https:\/\/blog.emuca.com\/pt-pt\/cat\/actualidad-pt\/espacos-separados-portas-interiores\/#article","isPartOf":{"@id":"https:\/\/blog.emuca.com\/pt-pt\/cat\/actualidad-pt\/espacos-separados-portas-interiores\/"},"author":{"name":"Emuca","@id":"https:\/\/blog.emuca.com\/#\/schema\/person\/81560ca037d9c1ed19744a85ef9cbe2a"},"headline":"Espa\u00e7os separados. Portas interiores","datePublished":"2023-10-30T10:42:35+00:00","dateModified":"2023-10-30T10:54:31+00:00","mainEntityOfPage":{"@id":"https:\/\/blog.emuca.com\/pt-pt\/cat\/actualidad-pt\/espacos-separados-portas-interiores\/"},"wordCount":457,"publisher":{"@id":"https:\/\/blog.emuca.com\/#organization"},"image":{"@id":"https:\/\/blog.emuca.com\/pt-pt\/cat\/actualidad-pt\/espacos-separados-portas-interiores\/#primaryimage"},"thumbnailUrl":"https:\/\/blog.emuca.com\/wp-content\/uploads\/2023\/10\/PORTADA-PUERTAS-DE-PASO.jpg","articleSection":["Not\u00edcias atuais","Novidades"],"inLanguage":"pt-PT"},{"@type":"WebPage","@id":"https:\/\/blog.emuca.com\/pt-pt\/cat\/actualidad-pt\/espacos-separados-portas-interiores\/","url":"https:\/\/blog.emuca.com\/pt-pt\/cat\/actualidad-pt\/espacos-separados-portas-interiores\/","name":"Espa\u00e7os separados. Portas interiores - Emuca blog","isPartOf":{"@id":"https:\/\/blog.emuca.com\/#website"},"primaryImageOfPage":{"@id":"https:\/\/blog.emuca.com\/pt-pt\/cat\/actualidad-pt\/espacos-separados-portas-interiores\/#primaryimage"},"image":{"@id":"https:\/\/blog.emuca.com\/pt-pt\/cat\/actualidad-pt\/espacos-separados-portas-interiores\/#primaryimage"},"thumbnailUrl":"https:\/\/blog.emuca.com\/wp-content\/uploads\/2023\/10\/PORTADA-PUERTAS-DE-PASO.jpg","datePublished":"2023-10-30T10:42:35+00:00","dateModified":"2023-10-30T10:54:31+00:00","description":"Descubra as nossas portas interiores, a escolha perfeita para dar estilo e funcionalidade aos seus espa\u00e7os. Com modelos vers\u00e1teis e elegantes, transforme os seus interiores com estas portas interiores de alta qualidade e d\u00ea um toque de distin\u00e7\u00e3o \u00e0 sua casa!","inLanguage":"pt-PT","potentialAction":[{"@type":"ReadAction","target":["https:\/\/blog.emuca.com\/pt-pt\/cat\/actualidad-pt\/espacos-separados-portas-interiores\/"]}]},{"@type":"ImageObject","inLanguage":"pt-PT","@id":"https:\/\/blog.emuca.com\/pt-pt\/cat\/actualidad-pt\/espacos-separados-portas-interiores\/#primaryimage","url":"https:\/\/blog.emuca.com\/wp-content\/uploads\/2023\/10\/PORTADA-PUERTAS-DE-PASO.jpg","contentUrl":"https:\/\/blog.emuca.com\/wp-content\/uploads\/2023\/10\/PORTADA-PUERTAS-DE-PASO.jpg","width":900,"height":500},{"@type":"WebSite","@id":"https:\/\/blog.emuca.com\/#website","url":"https:\/\/blog.emuca.com\/","name":"Emuca blog","description":"","publisher":{"@id":"https:\/\/blog.emuca.com\/#organization"},"potentialAction":[{"@type":"SearchAction","target":{"@type":"EntryPoint","urlTemplate":"https:\/\/blog.emuca.com\/?s={search_term_string}"},"query-input":{"@type":"PropertyValueSpecification","valueRequired":true,"valueName":"search_term_string"}}],"inLanguage":"pt-PT"},{"@type":"Organization","@id":"https:\/\/blog.emuca.com\/#organization","name":"emuca","url":"https:\/\/blog.emuca.com\/","logo":{"@type":"ImageObject","inLanguage":"pt-PT","@id":"https:\/\/blog.emuca.com\/#\/schema\/logo\/image\/","url":"https:\/\/blog.emuca.com\/wp-content\/uploads\/2024\/05\/cropped-logo-emuca-menu.png","contentUrl":"https:\/\/blog.emuca.com\/wp-content\/uploads\/2024\/05\/cropped-logo-emuca-menu.png","width":190,"height":190,"caption":"emuca"},"image":{"@id":"https:\/\/blog.emuca.com\/#\/schema\/logo\/image\/"},"sameAs":["https:\/\/www.facebook.com\/EmucaGroup"]},{"@type":"Person","@id":"https:\/\/blog.emuca.com\/#\/schema\/person\/81560ca037d9c1ed19744a85ef9cbe2a","name":"Emuca","url":"https:\/\/blog.emuca.com\/pt-pt\/cat\/author\/emuca\/"}]}},"_links":{"self":[{"href":"https:\/\/blog.emuca.com\/pt-pt\/wp-json\/wp\/v2\/posts\/51248"}],"collection":[{"href":"https:\/\/blog.emuca.com\/pt-pt\/wp-json\/wp\/v2\/posts"}],"about":[{"href":"https:\/\/blog.emuca.com\/pt-pt\/wp-json\/wp\/v2\/types\/post"}],"author":[{"embeddable":true,"href":"https:\/\/blog.emuca.com\/pt-pt\/wp-json\/wp\/v2\/users\/2"}],"replies":[{"embeddable":true,"href":"https:\/\/blog.emuca.com\/pt-pt\/wp-json\/wp\/v2\/comments?post=51248"}],"version-history":[{"count":16,"href":"https:\/\/blog.emuca.com\/pt-pt\/wp-json\/wp\/v2\/posts\/51248\/revisions"}],"predecessor-version":[{"id":51761,"href":"https:\/\/blog.emuca.com\/pt-pt\/wp-json\/wp\/v2\/posts\/51248\/revisions\/51761"}],"wp:featuredmedia":[{"embeddable":true,"href":"https:\/\/blog.emuca.com\/pt-pt\/wp-json\/wp\/v2\/media\/52314"}],"wp:attachment":[{"href":"https:\/\/blog.emuca.com\/pt-pt\/wp-json\/wp\/v2\/media?parent=51248"}],"wp:term":[{"taxonomy":"category","embeddable":true,"href":"https:\/\/blog.emuca.com\/pt-pt\/wp-json\/wp\/v2\/categories?post=51248"},{"taxonomy":"post_tag","embeddable":true,"href":"https:\/\/blog.emuca.com\/pt-pt\/wp-json\/wp\/v2\/tags?post=51248"}],"curies":[{"name":"wp","href":"https:\/\/api.w.org\/{rel}","templated":true}]}}