{"id":45208,"date":"2022-12-19T09:42:45","date_gmt":"2022-12-19T08:42:45","guid":{"rendered":"http:\/\/blogs.emuca.com\/nblog\/?p=45208"},"modified":"2022-12-21T12:53:16","modified_gmt":"2022-12-21T11:53:16","slug":"novos-acessorios-de-cozinha","status":"publish","type":"post","link":"https:\/\/blog.emuca.com\/pt-pt\/cat\/novidades\/novos-acessorios-de-cozinha\/","title":{"rendered":"Novos acess\u00f3rios de cozinha"},"content":{"rendered":"\t\t<div data-elementor-type=\"wp-post\" data-elementor-id=\"45208\" class=\"elementor elementor-45208 elementor-44795\" data-elementor-post-type=\"post\">\n\t\t\t\t\t\t<section class=\"elementor-section elementor-top-section elementor-element elementor-element-03183a3 elementor-section-boxed elementor-section-height-default elementor-section-height-default\" data-id=\"03183a3\" data-element_type=\"section\">\n\t\t\t\t\t\t<div class=\"elementor-container elementor-column-gap-default\">\n\t\t\t\t\t<div class=\"elementor-column elementor-col-100 elementor-top-column elementor-element elementor-element-b59d7cb\" data-id=\"b59d7cb\" data-element_type=\"column\">\n\t\t\t<div class=\"elementor-widget-wrap elementor-element-populated\">\n\t\t\t\t\t\t<div class=\"elementor-element elementor-element-1119e9e elementor-widget elementor-widget-text-editor\" data-id=\"1119e9e\" data-element_type=\"widget\" data-widget_type=\"text-editor.default\">\n\t\t\t\t<div class=\"elementor-widget-container\">\n\t\t\t\t\t\t\t<p><span style=\"font-size: 10.0pt; font-family: Montserrat; color: #272626;\">A <strong><span style=\"font-family: Montserrat;\">cozinha <\/span><\/strong>\u00e9 o cora\u00e7\u00e3o da sua casa e os <b>acess\u00f3rios de cozinha ajudam a <\/b>manter a ordem nesta sala, onde todos querem estar e passar tempo como uma fam\u00edlia.<\/span><\/p><p><strong><span style=\"font-size: 10.0pt; font-family: Montserrat; color: #272626;\">Conforto, funcionalidade, design e organiza\u00e7\u00e3o <\/span><\/strong><span style=\"font-size: 10.0pt; font-family: Montserrat; color: #272626;\">s\u00e3o os objectivos que todos querem na sua cozinha. Por este motivo, na <strong><span>Emuca <\/span><\/strong>trabalhamos orientando os nossos produtos para estes termos, para que possa desfrutar de uma cozinha elegante e organizada.<\/span><\/p>\t\t\t\t\t\t<\/div>\n\t\t\t\t<\/div>\n\t\t\t\t<div class=\"elementor-element elementor-element-dda8552 elementor-widget elementor-widget-text-editor\" data-id=\"dda8552\" data-element_type=\"widget\" data-widget_type=\"text-editor.default\">\n\t\t\t\t<div class=\"elementor-widget-container\">\n\t\t\t\t\t\t\t<h2><strong>Drenador de pratos Suprastar <\/strong><\/h2>\t\t\t\t\t\t<\/div>\n\t\t\t\t<\/div>\n\t\t\t\t<div class=\"elementor-element elementor-element-6722d96 elementor-widget elementor-widget-text-editor\" data-id=\"6722d96\" data-element_type=\"widget\" data-widget_type=\"text-editor.default\">\n\t\t\t\t<div class=\"elementor-widget-container\">\n\t\t\t\t\t\t\t<p><span style=\"font-size: 10.0pt; font-family: Montserrat; color: #333333;\">O <strong><span style=\"font-family: Montserrat;\">escorredor de pratos Suprastar <\/span><\/strong>\u00e9 concebido para organizar lou\u00e7a nos seus arm\u00e1rios de cozinha. Tem uma <b>prateleira para copos e outra para pratos<\/b>, com uma bandeja de gotejamento que evita que a \u00e1gua danifique o seu mobili\u00e1rio.<\/span><\/p><p><span style=\"font-size: 10.0pt; font-family: Montserrat; color: #333333;\">Destaca-se pela sua <strong><span style=\"font-family: Montserrat;\">grande capacidade de armazenamento <\/span><\/strong>e por ser <strong><span style=\"font-family: Montserrat;\">muito f\u00e1cil de montar<\/span><\/strong>, basta aparafusar as \u00e2ncoras na unidade de cozinha e colocar as bandejas. \u00c9 feito de a\u00e7o com um acabamento pintado de alum\u00ednio resistente \u00e0 ferrugem, com ancoragens \u00e0 unidade em pl\u00e1stico cinzento e uma bandeja de gotejamento em pl\u00e1stico transparente.<\/span><\/p>\t\t\t\t\t\t<\/div>\n\t\t\t\t<\/div>\n\t\t\t\t<div class=\"elementor-element elementor-element-bd5d237 elementor-widget elementor-widget-button\" data-id=\"bd5d237\" data-element_type=\"widget\" data-widget_type=\"button.default\">\n\t\t\t\t<div class=\"elementor-widget-container\">\n\t\t\t\t\t<div class=\"elementor-button-wrapper\">\n\t\t\t<a class=\"elementor-button elementor-button-link elementor-size-sm\" href=\"https:\/\/www.emuca.pt\/cozinha\/acessorio-para-mobiliario-de-cozinha\/organizadores-de-cozinha\/escorredor-suprastar--para-modulos-superiores\/escorredor-suprastar--para-modulos-superiores-600-pintado-aluminio-aco-1-un\" target=\"_blank\">\n\t\t\t\t\t\t<span class=\"elementor-button-content-wrapper\">\n\t\t\t\t\t\t\t\t\t<span class=\"elementor-button-text\">Ver produtos<\/span>\n\t\t\t\t\t<\/span>\n\t\t\t\t\t<\/a>\n\t\t<\/div>\n\t\t\t\t<\/div>\n\t\t\t\t<\/div>\n\t\t\t\t<div class=\"elementor-element elementor-element-4f36add elementor-widget elementor-widget-image\" data-id=\"4f36add\" data-element_type=\"widget\" data-widget_type=\"image.default\">\n\t\t\t\t<div class=\"elementor-widget-container\">\n\t\t\t\t\t\t\t\t\t\t\t\t\t<img fetchpriority=\"high\" decoding=\"async\" width=\"890\" height=\"450\" src=\"https:\/\/blog.emuca.com\/wp-content\/uploads\/2022\/12\/EMUCA-kitchen-post-red-1-1.jpg\" class=\"attachment-full size-full wp-image-44831\" alt=\"\" srcset=\"https:\/\/blog.emuca.com\/wp-content\/uploads\/2022\/12\/EMUCA-kitchen-post-red-1-1.jpg 890w, https:\/\/blog.emuca.com\/wp-content\/uploads\/2022\/12\/EMUCA-kitchen-post-red-1-1-300x152.jpg 300w, https:\/\/blog.emuca.com\/wp-content\/uploads\/2022\/12\/EMUCA-kitchen-post-red-1-1-768x388.jpg 768w\" sizes=\"(max-width: 34.9rem) calc(100vw - 2rem), (max-width: 53rem) calc(8 * (100vw \/ 12)), (min-width: 53rem) calc(6 * (100vw \/ 12)), 100vw\" \/>\t\t\t\t\t\t\t\t\t\t\t\t\t<\/div>\n\t\t\t\t<\/div>\n\t\t\t\t<div class=\"elementor-element elementor-element-6e60cd1 elementor-widget elementor-widget-spacer\" data-id=\"6e60cd1\" data-element_type=\"widget\" data-widget_type=\"spacer.default\">\n\t\t\t\t<div class=\"elementor-widget-container\">\n\t\t\t\t\t<div class=\"elementor-spacer\">\n\t\t\t<div class=\"elementor-spacer-inner\"><\/div>\n\t\t<\/div>\n\t\t\t\t<\/div>\n\t\t\t\t<\/div>\n\t\t\t\t<div class=\"elementor-element elementor-element-a5804dd elementor-widget elementor-widget-text-editor\" data-id=\"a5804dd\" data-element_type=\"widget\" data-widget_type=\"text-editor.default\">\n\t\t\t\t<div class=\"elementor-widget-container\">\n\t\t\t\t\t\t\t<h2><strong>Pist\u00e3o fino para portas basculantes ou elevat\u00f3rias<\/strong><\/h2>\t\t\t\t\t\t<\/div>\n\t\t\t\t<\/div>\n\t\t\t\t<div class=\"elementor-element elementor-element-812ed0a elementor-widget elementor-widget-text-editor\" data-id=\"812ed0a\" data-element_type=\"widget\" data-widget_type=\"text-editor.default\">\n\t\t\t\t<div class=\"elementor-widget-container\">\n\t\t\t\t\t\t\t<p>Os pist\u00f5es de m\u00f3veis finos distinguem-se pelo seu <strong>design elegante<\/strong>, gra\u00e7as ao seu pequeno di\u00e2metro \u00d812mm. Al\u00e9m disso, s\u00e3o feitos de a\u00e7o com um <strong>acabamento em n\u00edquel fosco<\/strong>.<\/p><p>Estes pist\u00f5es amortecedores proporcionam uma descida ou subida suave e amortecida de portas dobr\u00e1veis ou de eleva\u00e7\u00e3o em casa, cozinha e mobili\u00e1rio de casa de banho. S\u00e3o fornecidos embalados individualmente em kit com a porta e os ganchos laterais.<\/p>\t\t\t\t\t\t<\/div>\n\t\t\t\t<\/div>\n\t\t\t\t<div class=\"elementor-element elementor-element-6cdb693 elementor-widget elementor-widget-button\" data-id=\"6cdb693\" data-element_type=\"widget\" data-widget_type=\"button.default\">\n\t\t\t\t<div class=\"elementor-widget-container\">\n\t\t\t\t\t<div class=\"elementor-button-wrapper\">\n\t\t\t<a class=\"elementor-button elementor-button-link elementor-size-sm\" href=\"https:\/\/www.emuca.pt\/cozinha\/mecanismos-elevatorios\/amortecedores-e-engates\/pistao-thin-com-egates-para-portas-elevatorias\/pistao-thin-com-egates-para-portas-elevatorias-5-kg-pintado-niquel-mate-aco-e-plastico\" target=\"_blank\">\n\t\t\t\t\t\t<span class=\"elementor-button-content-wrapper\">\n\t\t\t\t\t\t\t\t\t<span class=\"elementor-button-text\">Ver produtos<\/span>\n\t\t\t\t\t<\/span>\n\t\t\t\t\t<\/a>\n\t\t<\/div>\n\t\t\t\t<\/div>\n\t\t\t\t<\/div>\n\t\t\t\t<div class=\"elementor-element elementor-element-e4ab5a6 elementor-widget elementor-widget-image\" data-id=\"e4ab5a6\" data-element_type=\"widget\" data-widget_type=\"image.default\">\n\t\t\t\t<div class=\"elementor-widget-container\">\n\t\t\t\t\t\t\t\t\t\t\t\t\t<img decoding=\"async\" width=\"890\" height=\"450\" src=\"https:\/\/blog.emuca.com\/wp-content\/uploads\/2022\/12\/EMUCA-kitchen-post-red-2-1.jpg\" class=\"attachment-full size-full wp-image-44841\" alt=\"\" srcset=\"https:\/\/blog.emuca.com\/wp-content\/uploads\/2022\/12\/EMUCA-kitchen-post-red-2-1.jpg 890w, https:\/\/blog.emuca.com\/wp-content\/uploads\/2022\/12\/EMUCA-kitchen-post-red-2-1-300x152.jpg 300w, https:\/\/blog.emuca.com\/wp-content\/uploads\/2022\/12\/EMUCA-kitchen-post-red-2-1-768x388.jpg 768w\" sizes=\"(max-width: 34.9rem) calc(100vw - 2rem), (max-width: 53rem) calc(8 * (100vw \/ 12)), (min-width: 53rem) calc(6 * (100vw \/ 12)), 100vw\" \/>\t\t\t\t\t\t\t\t\t\t\t\t\t<\/div>\n\t\t\t\t<\/div>\n\t\t\t\t<div class=\"elementor-element elementor-element-378f11f elementor-widget elementor-widget-spacer\" data-id=\"378f11f\" data-element_type=\"widget\" data-widget_type=\"spacer.default\">\n\t\t\t\t<div class=\"elementor-widget-container\">\n\t\t\t\t\t<div class=\"elementor-spacer\">\n\t\t\t<div class=\"elementor-spacer-inner\"><\/div>\n\t\t<\/div>\n\t\t\t\t<\/div>\n\t\t\t\t<\/div>\n\t\t\t\t<div class=\"elementor-element elementor-element-0fbed12 elementor-widget elementor-widget-text-editor\" data-id=\"0fbed12\" data-element_type=\"widget\" data-widget_type=\"text-editor.default\">\n\t\t\t\t<div class=\"elementor-widget-container\">\n\t\t\t\t\t\t\t<h2><strong>Poupador de sif\u00f5es rectangulares finos<\/strong><\/h2>\t\t\t\t\t\t<\/div>\n\t\t\t\t<\/div>\n\t\t\t\t<div class=\"elementor-element elementor-element-6b8f010 elementor-widget elementor-widget-text-editor\" data-id=\"6b8f010\" data-element_type=\"widget\" data-widget_type=\"text-editor.default\">\n\t\t\t\t<div class=\"elementor-widget-container\">\n\t\t\t\t\t\t\t<p><span style=\"font-size: 10.0pt; font-family: Montserrat; color: #272626;\">Este sif\u00e3o rectangular \u00e9 caracterizado pelo seu desenho elegante e<strong> elegante de paredes finas<\/strong> em cinzento antracite, cinzento claro ou acabamento branco. Foi concebido para ser instalado numa gaveta de casa de banho debaixo do lavat\u00f3rio. A sua fun\u00e7\u00e3o \u00e9 bloquear a vista do sif\u00e3o e limitar a queda de objectos.<\/span><\/p><p><span style=\"font-size: 10.0pt; font-family: Montserrat; color: #272626;\">\u00c9 adequado para qualquer altura de costas de gaveta com uma espessura de 16mm e pode ser montado em gavetas com uma profundidade m\u00ednima de 350mm. A sua montagem \u00e9 muito simples, aparafusada na parte de tr\u00e1s da gaveta, mas requer a maquina\u00e7\u00e3o do fundo da gaveta.<\/span><\/p>\t\t\t\t\t\t<\/div>\n\t\t\t\t<\/div>\n\t\t\t\t<div class=\"elementor-element elementor-element-63b4c16 elementor-widget elementor-widget-button\" data-id=\"63b4c16\" data-element_type=\"widget\" data-widget_type=\"button.default\">\n\t\t\t\t<div class=\"elementor-widget-container\">\n\t\t\t\t\t<div class=\"elementor-button-wrapper\">\n\t\t\t<a class=\"elementor-button elementor-button-link elementor-size-sm\" href=\"https:\/\/www.emuca.pt\/gavetas\/gaveta-concept\/accesorios-concept-pt\/salva-sifao-rectangular-fino-para-gaveta\/salva-sifao-rectangular-fino-para-gaveta-plastico-branco-plastico\" target=\"_blank\">\n\t\t\t\t\t\t<span class=\"elementor-button-content-wrapper\">\n\t\t\t\t\t\t\t\t\t<span class=\"elementor-button-text\">Ver produtos<\/span>\n\t\t\t\t\t<\/span>\n\t\t\t\t\t<\/a>\n\t\t<\/div>\n\t\t\t\t<\/div>\n\t\t\t\t<\/div>\n\t\t\t\t<div class=\"elementor-element elementor-element-1ee74b8 elementor-widget elementor-widget-image\" data-id=\"1ee74b8\" data-element_type=\"widget\" data-widget_type=\"image.default\">\n\t\t\t\t<div class=\"elementor-widget-container\">\n\t\t\t\t\t\t\t\t\t\t\t\t\t<img decoding=\"async\" width=\"890\" height=\"360\" src=\"https:\/\/blog.emuca.com\/wp-content\/uploads\/2022\/12\/EMUCA-kitchen-post-red-3.jpg\" class=\"attachment-full size-full wp-image-44851\" alt=\"\" srcset=\"https:\/\/blog.emuca.com\/wp-content\/uploads\/2022\/12\/EMUCA-kitchen-post-red-3.jpg 890w, https:\/\/blog.emuca.com\/wp-content\/uploads\/2022\/12\/EMUCA-kitchen-post-red-3-300x121.jpg 300w, https:\/\/blog.emuca.com\/wp-content\/uploads\/2022\/12\/EMUCA-kitchen-post-red-3-768x311.jpg 768w\" sizes=\"(max-width: 34.9rem) calc(100vw - 2rem), (max-width: 53rem) calc(8 * (100vw \/ 12)), (min-width: 53rem) calc(6 * (100vw \/ 12)), 100vw\" \/>\t\t\t\t\t\t\t\t\t\t\t\t\t<\/div>\n\t\t\t\t<\/div>\n\t\t\t\t<div class=\"elementor-element elementor-element-30ce799 elementor-widget elementor-widget-spacer\" data-id=\"30ce799\" data-element_type=\"widget\" data-widget_type=\"spacer.default\">\n\t\t\t\t<div class=\"elementor-widget-container\">\n\t\t\t\t\t<div class=\"elementor-spacer\">\n\t\t\t<div class=\"elementor-spacer-inner\"><\/div>\n\t\t<\/div>\n\t\t\t\t<\/div>\n\t\t\t\t<\/div>\n\t\t\t\t<div class=\"elementor-element elementor-element-1e43c76 elementor-widget elementor-widget-text-editor\" data-id=\"1e43c76\" data-element_type=\"widget\" data-widget_type=\"text-editor.default\">\n\t\t\t\t<div class=\"elementor-widget-container\">\n\t\t\t\t\t\t\t<h2><strong>Fecho de porta Push Lite com ajuste<\/strong><\/h2>\t\t\t\t\t\t<\/div>\n\t\t\t\t<\/div>\n\t\t\t\t<div class=\"elementor-element elementor-element-01b252b elementor-widget elementor-widget-text-editor\" data-id=\"01b252b\" data-element_type=\"widget\" data-widget_type=\"text-editor.default\">\n\t\t\t\t<div class=\"elementor-widget-container\">\n\t\t\t\t\t\t\t<p>A fechadura <strong>Push Lite <\/strong>\u00e9 a melhor solu\u00e7\u00e3o para <strong>abrir e fechar portas de <\/strong>mobili\u00e1rio <strong>sem a necessidade de puxadores<\/strong>. T\u00eam uma <strong>abertura de empurr\u00e3o <\/strong>e dois modelos diferentes de fecho, <strong>amortecido ou magn\u00e9tico.<\/strong><\/p><p>A sua instala\u00e7\u00e3o \u00e9 muito simples, \u00e9 <strong>aparafusada ou encastrada no mobili\u00e1rio <\/strong>numa maquinagem de \u00d810 mm e 70 mm de profundidade. Al\u00e9m disso, rodando a cabe\u00e7a, pode ser <strong>ajustada de -1 a +5 mm <\/strong>para caber na porta.<\/p>\t\t\t\t\t\t<\/div>\n\t\t\t\t<\/div>\n\t\t\t\t<div class=\"elementor-element elementor-element-88be474 elementor-widget elementor-widget-button\" data-id=\"88be474\" data-element_type=\"widget\" data-widget_type=\"button.default\">\n\t\t\t\t<div class=\"elementor-widget-container\">\n\t\t\t\t\t<div class=\"elementor-button-wrapper\">\n\t\t\t<a class=\"elementor-button elementor-button-link elementor-size-sm\" href=\"https:\/\/www.emuca.pt\/cozinha\/fechaduras-e-fechos\/fechos-automaticos\/fecho-tic-tac-push-lite-com-regulavel-de-embutir-70-mm\/fecho-push-lite-de-porta-para-encastrar-no-movel-com-regulacao-70-mm-amortecedor-plastico-branco-plastico\" target=\"_blank\">\n\t\t\t\t\t\t<span class=\"elementor-button-content-wrapper\">\n\t\t\t\t\t\t\t\t\t<span class=\"elementor-button-text\">Ver produtos<\/span>\n\t\t\t\t\t<\/span>\n\t\t\t\t\t<\/a>\n\t\t<\/div>\n\t\t\t\t<\/div>\n\t\t\t\t<\/div>\n\t\t\t\t<div class=\"elementor-element elementor-element-f5c30fe elementor-widget elementor-widget-image\" data-id=\"f5c30fe\" data-element_type=\"widget\" data-widget_type=\"image.default\">\n\t\t\t\t<div class=\"elementor-widget-container\">\n\t\t\t\t\t\t\t\t\t\t\t\t\t<img loading=\"lazy\" decoding=\"async\" width=\"890\" height=\"260\" src=\"https:\/\/blog.emuca.com\/wp-content\/uploads\/2022\/12\/EMUCA-kitchen-post-red-4.jpg\" class=\"attachment-full size-full wp-image-44861\" alt=\"\" srcset=\"https:\/\/blog.emuca.com\/wp-content\/uploads\/2022\/12\/EMUCA-kitchen-post-red-4.jpg 890w, https:\/\/blog.emuca.com\/wp-content\/uploads\/2022\/12\/EMUCA-kitchen-post-red-4-300x88.jpg 300w, https:\/\/blog.emuca.com\/wp-content\/uploads\/2022\/12\/EMUCA-kitchen-post-red-4-768x224.jpg 768w\" sizes=\"(max-width: 34.9rem) calc(100vw - 2rem), (max-width: 53rem) calc(8 * (100vw \/ 12)), (min-width: 53rem) calc(6 * (100vw \/ 12)), 100vw\" \/>\t\t\t\t\t\t\t\t\t\t\t\t\t<\/div>\n\t\t\t\t<\/div>\n\t\t\t\t<div class=\"elementor-element elementor-element-98996a2 elementor-widget elementor-widget-spacer\" data-id=\"98996a2\" data-element_type=\"widget\" data-widget_type=\"spacer.default\">\n\t\t\t\t<div class=\"elementor-widget-container\">\n\t\t\t\t\t<div class=\"elementor-spacer\">\n\t\t\t<div class=\"elementor-spacer-inner\"><\/div>\n\t\t<\/div>\n\t\t\t\t<\/div>\n\t\t\t\t<\/div>\n\t\t\t\t<div class=\"elementor-element elementor-element-5d835cc elementor-widget elementor-widget-text-editor\" data-id=\"5d835cc\" data-element_type=\"widget\" data-widget_type=\"text-editor.default\">\n\t\t\t\t<div class=\"elementor-widget-container\">\n\t\t\t\t\t\t\t<h2><strong>Fecho suave para corredi\u00e7as T30 e gavetas Ultrabox<\/strong><\/h2>\t\t\t\t\t\t<\/div>\n\t\t\t\t<\/div>\n\t\t\t\t<div class=\"elementor-element elementor-element-7c28bcf elementor-widget elementor-widget-text-editor\" data-id=\"7c28bcf\" data-element_type=\"widget\" data-widget_type=\"text-editor.default\">\n\t\t\t\t<div class=\"elementor-widget-container\">\n\t\t\t\t\t\t\t<p><strong>Este dispositivo proporciona um fecho suave para gavetas <\/strong>montadas em corredi\u00e7as T30 ou gavetas Ultrabox, com <strong>comprimentos de gaveta entre 250 e 800 mm. <\/strong>Tem um pist\u00e3o amortecedor que, ao interferir com o actuador, proporciona um fecho suave das gavetas sem choques.<br \/><br \/>\u00c9 instalado muito facilmente e <strong>sem o uso de m\u00e3os<\/strong>, um dispositivo em cada lado do arm\u00e1rio e um actuador em cada lado da gaveta. Recomenda-se a montagem do dispositivo com <strong>parafusos \u00d83,5 x 20 mm <\/strong>e os actuadores com parafusos <strong>\u00d83,5 x 12 mm <\/strong>(n\u00e3o inclu\u00eddos).<\/p>\t\t\t\t\t\t<\/div>\n\t\t\t\t<\/div>\n\t\t\t\t<div class=\"elementor-element elementor-element-3e4dc25 elementor-widget elementor-widget-button\" data-id=\"3e4dc25\" data-element_type=\"widget\" data-widget_type=\"button.default\">\n\t\t\t\t<div class=\"elementor-widget-container\">\n\t\t\t\t\t<div class=\"elementor-button-wrapper\">\n\t\t\t<a class=\"elementor-button elementor-button-link elementor-size-sm\" href=\"https:\/\/www.emuca.pt\/gavetas\/gaveta-ultrabox\/fecho-soft-para-corredicas-t30-2\/fecho-soft-para-corredicas-t30-e-gaveta-ultrabox-plastico-cinza-plastico\" target=\"_blank\">\n\t\t\t\t\t\t<span class=\"elementor-button-content-wrapper\">\n\t\t\t\t\t\t\t\t\t<span class=\"elementor-button-text\">Ver produtos<\/span>\n\t\t\t\t\t<\/span>\n\t\t\t\t\t<\/a>\n\t\t<\/div>\n\t\t\t\t<\/div>\n\t\t\t\t<\/div>\n\t\t\t\t<div class=\"elementor-element elementor-element-3ec7d6c elementor-widget elementor-widget-image\" data-id=\"3ec7d6c\" data-element_type=\"widget\" data-widget_type=\"image.default\">\n\t\t\t\t<div class=\"elementor-widget-container\">\n\t\t\t\t\t\t\t\t\t\t\t\t\t<img loading=\"lazy\" decoding=\"async\" width=\"890\" height=\"256\" src=\"https:\/\/blog.emuca.com\/wp-content\/uploads\/2022\/12\/EMUCA-kitchen-post-red-5-1.jpg\" class=\"attachment-full size-full wp-image-44884\" alt=\"\" srcset=\"https:\/\/blog.emuca.com\/wp-content\/uploads\/2022\/12\/EMUCA-kitchen-post-red-5-1.jpg 890w, https:\/\/blog.emuca.com\/wp-content\/uploads\/2022\/12\/EMUCA-kitchen-post-red-5-1-300x86.jpg 300w, https:\/\/blog.emuca.com\/wp-content\/uploads\/2022\/12\/EMUCA-kitchen-post-red-5-1-768x221.jpg 768w\" sizes=\"(max-width: 34.9rem) calc(100vw - 2rem), (max-width: 53rem) calc(8 * (100vw \/ 12)), (min-width: 53rem) calc(6 * (100vw \/ 12)), 100vw\" \/>\t\t\t\t\t\t\t\t\t\t\t\t\t<\/div>\n\t\t\t\t<\/div>\n\t\t\t\t<div class=\"elementor-element elementor-element-1587e79 elementor-widget elementor-widget-spacer\" data-id=\"1587e79\" data-element_type=\"widget\" data-widget_type=\"spacer.default\">\n\t\t\t\t<div class=\"elementor-widget-container\">\n\t\t\t\t\t<div class=\"elementor-spacer\">\n\t\t\t<div class=\"elementor-spacer-inner\"><\/div>\n\t\t<\/div>\n\t\t\t\t<\/div>\n\t\t\t\t<\/div>\n\t\t\t\t\t<\/div>\n\t\t<\/div>\n\t\t\t\t\t<\/div>\n\t\t<\/section>\n\t\t\t\t<\/div>\n\t\t","protected":false},"excerpt":{"rendered":"<p>A cozinha \u00e9 o cora\u00e7\u00e3o da sua casa e os acess\u00f3rios de cozinha ajudam a manter a ordem nesta sala, onde todos querem estar e passar tempo como uma fam\u00edlia. Conforto, funcionalidade, design e organiza\u00e7\u00e3o s\u00e3o os objectivos que todos querem na sua cozinha. Por este motivo, na Emuca trabalhamos orientando os nossos produtos para &hellip; <\/p>\n<p class=\"link-more\"><a href=\"https:\/\/blog.emuca.com\/pt-pt\/cat\/novidades\/novos-acessorios-de-cozinha\/\" class=\"more-link\">Continuar a ler <span class=\"screen-reader-text\">&#8220;Novos acess\u00f3rios de cozinha&#8221;<\/span><\/a><\/p>\n","protected":false},"author":2,"featured_media":44806,"comment_status":"closed","ping_status":"closed","sticky":false,"template":"","format":"standard","meta":{"footnotes":""},"categories":[108],"tags":[],"class_list":["post-45208","post","type-post","status-publish","format-standard","has-post-thumbnail","hentry","category-novidades","entry"],"yoast_head":"<!-- This site is optimized with the Yoast SEO plugin v24.1 - https:\/\/yoast.com\/wordpress\/plugins\/seo\/ -->\n<title>Novos acess\u00f3rios de cozinha - Emuca blog<\/title>\n<meta name=\"description\" content=\"A cozinha \u00e9 o cora\u00e7\u00e3o da sua casa e os acess\u00f3rios de cozinha ajudam a manter a ordem nesta sala, onde todos querem estar e passar tempo como uma fam\u00edlia. Conforto, funcionalidade, design e organiza\u00e7\u00e3o s\u00e3o os objectivos que todos querem na sua cozinha. Por este motivo, na Emuca trabalhamos orientando os nossos produtos para estes termos, para que possa desfrutar de uma cozinha elegante e organizada.\" \/>\n<meta name=\"robots\" content=\"index, follow, max-snippet:-1, max-image-preview:large, max-video-preview:-1\" \/>\n<link rel=\"canonical\" href=\"https:\/\/blog.emuca.com\/pt-pt\/cat\/novidades\/novos-acessorios-de-cozinha\/\" \/>\n<meta property=\"og:locale\" content=\"pt_PT\" \/>\n<meta property=\"og:type\" content=\"article\" \/>\n<meta property=\"og:title\" content=\"Novos acess\u00f3rios de cozinha - Emuca blog\" \/>\n<meta property=\"og:description\" content=\"A cozinha \u00e9 o cora\u00e7\u00e3o da sua casa e os acess\u00f3rios de cozinha ajudam a manter a ordem nesta sala, onde todos querem estar e passar tempo como uma fam\u00edlia. Conforto, funcionalidade, design e organiza\u00e7\u00e3o s\u00e3o os objectivos que todos querem na sua cozinha. Por este motivo, na Emuca trabalhamos orientando os nossos produtos para estes termos, para que possa desfrutar de uma cozinha elegante e organizada.\" \/>\n<meta property=\"og:url\" content=\"https:\/\/blog.emuca.com\/pt-pt\/cat\/novidades\/novos-acessorios-de-cozinha\/\" \/>\n<meta property=\"og:site_name\" content=\"Emuca blog\" \/>\n<meta property=\"article:publisher\" content=\"https:\/\/www.facebook.com\/EmucaGroup\" \/>\n<meta property=\"article:published_time\" content=\"2022-12-19T08:42:45+00:00\" \/>\n<meta property=\"article:modified_time\" content=\"2022-12-21T11:53:16+00:00\" \/>\n<meta property=\"og:image\" content=\"https:\/\/blog.emuca.com\/wp-content\/uploads\/2022\/12\/EMUCA-kitchen-post-red.jpg\" \/>\n\t<meta property=\"og:image:width\" content=\"800\" \/>\n\t<meta property=\"og:image:height\" content=\"450\" \/>\n\t<meta property=\"og:image:type\" content=\"image\/jpeg\" \/>\n<meta name=\"author\" content=\"Emuca\" \/>\n<meta name=\"twitter:card\" content=\"summary_large_image\" \/>\n<meta name=\"twitter:label1\" content=\"Escrito por\" \/>\n\t<meta name=\"twitter:data1\" content=\"Emuca\" \/>\n\t<meta name=\"twitter:label2\" content=\"Tempo estimado de leitura\" \/>\n\t<meta name=\"twitter:data2\" content=\"4 minutos\" \/>\n<script type=\"application\/ld+json\" class=\"yoast-schema-graph\">{\"@context\":\"https:\/\/schema.org\",\"@graph\":[{\"@type\":\"Article\",\"@id\":\"https:\/\/blog.emuca.com\/pt-pt\/cat\/novidades\/novos-acessorios-de-cozinha\/#article\",\"isPartOf\":{\"@id\":\"https:\/\/blog.emuca.com\/pt-pt\/cat\/novidades\/novos-acessorios-de-cozinha\/\"},\"author\":{\"name\":\"Emuca\",\"@id\":\"https:\/\/blog.emuca.com\/#\/schema\/person\/81560ca037d9c1ed19744a85ef9cbe2a\"},\"headline\":\"Novos acess\u00f3rios de cozinha\",\"datePublished\":\"2022-12-19T08:42:45+00:00\",\"dateModified\":\"2022-12-21T11:53:16+00:00\",\"mainEntityOfPage\":{\"@id\":\"https:\/\/blog.emuca.com\/pt-pt\/cat\/novidades\/novos-acessorios-de-cozinha\/\"},\"wordCount\":562,\"publisher\":{\"@id\":\"https:\/\/blog.emuca.com\/#organization\"},\"image\":{\"@id\":\"https:\/\/blog.emuca.com\/pt-pt\/cat\/novidades\/novos-acessorios-de-cozinha\/#primaryimage\"},\"thumbnailUrl\":\"https:\/\/blog.emuca.com\/wp-content\/uploads\/2022\/12\/EMUCA-kitchen-post-red.jpg\",\"articleSection\":[\"Novidades\"],\"inLanguage\":\"pt-PT\"},{\"@type\":\"WebPage\",\"@id\":\"https:\/\/blog.emuca.com\/pt-pt\/cat\/novidades\/novos-acessorios-de-cozinha\/\",\"url\":\"https:\/\/blog.emuca.com\/pt-pt\/cat\/novidades\/novos-acessorios-de-cozinha\/\",\"name\":\"Novos acess\u00f3rios de cozinha - Emuca blog\",\"isPartOf\":{\"@id\":\"https:\/\/blog.emuca.com\/#website\"},\"primaryImageOfPage\":{\"@id\":\"https:\/\/blog.emuca.com\/pt-pt\/cat\/novidades\/novos-acessorios-de-cozinha\/#primaryimage\"},\"image\":{\"@id\":\"https:\/\/blog.emuca.com\/pt-pt\/cat\/novidades\/novos-acessorios-de-cozinha\/#primaryimage\"},\"thumbnailUrl\":\"https:\/\/blog.emuca.com\/wp-content\/uploads\/2022\/12\/EMUCA-kitchen-post-red.jpg\",\"datePublished\":\"2022-12-19T08:42:45+00:00\",\"dateModified\":\"2022-12-21T11:53:16+00:00\",\"description\":\"A cozinha \u00e9 o cora\u00e7\u00e3o da sua casa e os acess\u00f3rios de cozinha ajudam a manter a ordem nesta sala, onde todos querem estar e passar tempo como uma fam\u00edlia. Conforto, funcionalidade, design e organiza\u00e7\u00e3o s\u00e3o os objectivos que todos querem na sua cozinha. Por este motivo, na Emuca trabalhamos orientando os nossos produtos para estes termos, para que possa desfrutar de uma cozinha elegante e organizada.\",\"inLanguage\":\"pt-PT\",\"potentialAction\":[{\"@type\":\"ReadAction\",\"target\":[\"https:\/\/blog.emuca.com\/pt-pt\/cat\/novidades\/novos-acessorios-de-cozinha\/\"]}]},{\"@type\":\"ImageObject\",\"inLanguage\":\"pt-PT\",\"@id\":\"https:\/\/blog.emuca.com\/pt-pt\/cat\/novidades\/novos-acessorios-de-cozinha\/#primaryimage\",\"url\":\"https:\/\/blog.emuca.com\/wp-content\/uploads\/2022\/12\/EMUCA-kitchen-post-red.jpg\",\"contentUrl\":\"https:\/\/blog.emuca.com\/wp-content\/uploads\/2022\/12\/EMUCA-kitchen-post-red.jpg\",\"width\":800,\"height\":450},{\"@type\":\"WebSite\",\"@id\":\"https:\/\/blog.emuca.com\/#website\",\"url\":\"https:\/\/blog.emuca.com\/\",\"name\":\"Emuca blog\",\"description\":\"\",\"publisher\":{\"@id\":\"https:\/\/blog.emuca.com\/#organization\"},\"potentialAction\":[{\"@type\":\"SearchAction\",\"target\":{\"@type\":\"EntryPoint\",\"urlTemplate\":\"https:\/\/blog.emuca.com\/?s={search_term_string}\"},\"query-input\":{\"@type\":\"PropertyValueSpecification\",\"valueRequired\":true,\"valueName\":\"search_term_string\"}}],\"inLanguage\":\"pt-PT\"},{\"@type\":\"Organization\",\"@id\":\"https:\/\/blog.emuca.com\/#organization\",\"name\":\"emuca\",\"url\":\"https:\/\/blog.emuca.com\/\",\"logo\":{\"@type\":\"ImageObject\",\"inLanguage\":\"pt-PT\",\"@id\":\"https:\/\/blog.emuca.com\/#\/schema\/logo\/image\/\",\"url\":\"https:\/\/blog.emuca.com\/wp-content\/uploads\/2024\/05\/cropped-logo-emuca-menu.png\",\"contentUrl\":\"https:\/\/blog.emuca.com\/wp-content\/uploads\/2024\/05\/cropped-logo-emuca-menu.png\",\"width\":190,\"height\":190,\"caption\":\"emuca\"},\"image\":{\"@id\":\"https:\/\/blog.emuca.com\/#\/schema\/logo\/image\/\"},\"sameAs\":[\"https:\/\/www.facebook.com\/EmucaGroup\"]},{\"@type\":\"Person\",\"@id\":\"https:\/\/blog.emuca.com\/#\/schema\/person\/81560ca037d9c1ed19744a85ef9cbe2a\",\"name\":\"Emuca\",\"url\":\"https:\/\/blog.emuca.com\/pt-pt\/cat\/author\/emuca\/\"}]}<\/script>\n<!-- \/ Yoast SEO plugin. -->","yoast_head_json":{"title":"Novos acess\u00f3rios de cozinha - Emuca blog","description":"A cozinha \u00e9 o cora\u00e7\u00e3o da sua casa e os acess\u00f3rios de cozinha ajudam a manter a ordem nesta sala, onde todos querem estar e passar tempo como uma fam\u00edlia. Conforto, funcionalidade, design e organiza\u00e7\u00e3o s\u00e3o os objectivos que todos querem na sua cozinha. Por este motivo, na Emuca trabalhamos orientando os nossos produtos para estes termos, para que possa desfrutar de uma cozinha elegante e organizada.","robots":{"index":"index","follow":"follow","max-snippet":"max-snippet:-1","max-image-preview":"max-image-preview:large","max-video-preview":"max-video-preview:-1"},"canonical":"https:\/\/blog.emuca.com\/pt-pt\/cat\/novidades\/novos-acessorios-de-cozinha\/","og_locale":"pt_PT","og_type":"article","og_title":"Novos acess\u00f3rios de cozinha - Emuca blog","og_description":"A cozinha \u00e9 o cora\u00e7\u00e3o da sua casa e os acess\u00f3rios de cozinha ajudam a manter a ordem nesta sala, onde todos querem estar e passar tempo como uma fam\u00edlia. Conforto, funcionalidade, design e organiza\u00e7\u00e3o s\u00e3o os objectivos que todos querem na sua cozinha. Por este motivo, na Emuca trabalhamos orientando os nossos produtos para estes termos, para que possa desfrutar de uma cozinha elegante e organizada.","og_url":"https:\/\/blog.emuca.com\/pt-pt\/cat\/novidades\/novos-acessorios-de-cozinha\/","og_site_name":"Emuca blog","article_publisher":"https:\/\/www.facebook.com\/EmucaGroup","article_published_time":"2022-12-19T08:42:45+00:00","article_modified_time":"2022-12-21T11:53:16+00:00","og_image":[{"width":800,"height":450,"url":"https:\/\/blog.emuca.com\/wp-content\/uploads\/2022\/12\/EMUCA-kitchen-post-red.jpg","type":"image\/jpeg"}],"author":"Emuca","twitter_card":"summary_large_image","twitter_misc":{"Escrito por":"Emuca","Tempo estimado de leitura":"4 minutos"},"schema":{"@context":"https:\/\/schema.org","@graph":[{"@type":"Article","@id":"https:\/\/blog.emuca.com\/pt-pt\/cat\/novidades\/novos-acessorios-de-cozinha\/#article","isPartOf":{"@id":"https:\/\/blog.emuca.com\/pt-pt\/cat\/novidades\/novos-acessorios-de-cozinha\/"},"author":{"name":"Emuca","@id":"https:\/\/blog.emuca.com\/#\/schema\/person\/81560ca037d9c1ed19744a85ef9cbe2a"},"headline":"Novos acess\u00f3rios de cozinha","datePublished":"2022-12-19T08:42:45+00:00","dateModified":"2022-12-21T11:53:16+00:00","mainEntityOfPage":{"@id":"https:\/\/blog.emuca.com\/pt-pt\/cat\/novidades\/novos-acessorios-de-cozinha\/"},"wordCount":562,"publisher":{"@id":"https:\/\/blog.emuca.com\/#organization"},"image":{"@id":"https:\/\/blog.emuca.com\/pt-pt\/cat\/novidades\/novos-acessorios-de-cozinha\/#primaryimage"},"thumbnailUrl":"https:\/\/blog.emuca.com\/wp-content\/uploads\/2022\/12\/EMUCA-kitchen-post-red.jpg","articleSection":["Novidades"],"inLanguage":"pt-PT"},{"@type":"WebPage","@id":"https:\/\/blog.emuca.com\/pt-pt\/cat\/novidades\/novos-acessorios-de-cozinha\/","url":"https:\/\/blog.emuca.com\/pt-pt\/cat\/novidades\/novos-acessorios-de-cozinha\/","name":"Novos acess\u00f3rios de cozinha - Emuca blog","isPartOf":{"@id":"https:\/\/blog.emuca.com\/#website"},"primaryImageOfPage":{"@id":"https:\/\/blog.emuca.com\/pt-pt\/cat\/novidades\/novos-acessorios-de-cozinha\/#primaryimage"},"image":{"@id":"https:\/\/blog.emuca.com\/pt-pt\/cat\/novidades\/novos-acessorios-de-cozinha\/#primaryimage"},"thumbnailUrl":"https:\/\/blog.emuca.com\/wp-content\/uploads\/2022\/12\/EMUCA-kitchen-post-red.jpg","datePublished":"2022-12-19T08:42:45+00:00","dateModified":"2022-12-21T11:53:16+00:00","description":"A cozinha \u00e9 o cora\u00e7\u00e3o da sua casa e os acess\u00f3rios de cozinha ajudam a manter a ordem nesta sala, onde todos querem estar e passar tempo como uma fam\u00edlia. Conforto, funcionalidade, design e organiza\u00e7\u00e3o s\u00e3o os objectivos que todos querem na sua cozinha. Por este motivo, na Emuca trabalhamos orientando os nossos produtos para estes termos, para que possa desfrutar de uma cozinha elegante e organizada.","inLanguage":"pt-PT","potentialAction":[{"@type":"ReadAction","target":["https:\/\/blog.emuca.com\/pt-pt\/cat\/novidades\/novos-acessorios-de-cozinha\/"]}]},{"@type":"ImageObject","inLanguage":"pt-PT","@id":"https:\/\/blog.emuca.com\/pt-pt\/cat\/novidades\/novos-acessorios-de-cozinha\/#primaryimage","url":"https:\/\/blog.emuca.com\/wp-content\/uploads\/2022\/12\/EMUCA-kitchen-post-red.jpg","contentUrl":"https:\/\/blog.emuca.com\/wp-content\/uploads\/2022\/12\/EMUCA-kitchen-post-red.jpg","width":800,"height":450},{"@type":"WebSite","@id":"https:\/\/blog.emuca.com\/#website","url":"https:\/\/blog.emuca.com\/","name":"Emuca blog","description":"","publisher":{"@id":"https:\/\/blog.emuca.com\/#organization"},"potentialAction":[{"@type":"SearchAction","target":{"@type":"EntryPoint","urlTemplate":"https:\/\/blog.emuca.com\/?s={search_term_string}"},"query-input":{"@type":"PropertyValueSpecification","valueRequired":true,"valueName":"search_term_string"}}],"inLanguage":"pt-PT"},{"@type":"Organization","@id":"https:\/\/blog.emuca.com\/#organization","name":"emuca","url":"https:\/\/blog.emuca.com\/","logo":{"@type":"ImageObject","inLanguage":"pt-PT","@id":"https:\/\/blog.emuca.com\/#\/schema\/logo\/image\/","url":"https:\/\/blog.emuca.com\/wp-content\/uploads\/2024\/05\/cropped-logo-emuca-menu.png","contentUrl":"https:\/\/blog.emuca.com\/wp-content\/uploads\/2024\/05\/cropped-logo-emuca-menu.png","width":190,"height":190,"caption":"emuca"},"image":{"@id":"https:\/\/blog.emuca.com\/#\/schema\/logo\/image\/"},"sameAs":["https:\/\/www.facebook.com\/EmucaGroup"]},{"@type":"Person","@id":"https:\/\/blog.emuca.com\/#\/schema\/person\/81560ca037d9c1ed19744a85ef9cbe2a","name":"Emuca","url":"https:\/\/blog.emuca.com\/pt-pt\/cat\/author\/emuca\/"}]}},"_links":{"self":[{"href":"https:\/\/blog.emuca.com\/pt-pt\/wp-json\/wp\/v2\/posts\/45208"}],"collection":[{"href":"https:\/\/blog.emuca.com\/pt-pt\/wp-json\/wp\/v2\/posts"}],"about":[{"href":"https:\/\/blog.emuca.com\/pt-pt\/wp-json\/wp\/v2\/types\/post"}],"author":[{"embeddable":true,"href":"https:\/\/blog.emuca.com\/pt-pt\/wp-json\/wp\/v2\/users\/2"}],"replies":[{"embeddable":true,"href":"https:\/\/blog.emuca.com\/pt-pt\/wp-json\/wp\/v2\/comments?post=45208"}],"version-history":[{"count":11,"href":"https:\/\/blog.emuca.com\/pt-pt\/wp-json\/wp\/v2\/posts\/45208\/revisions"}],"predecessor-version":[{"id":45227,"href":"https:\/\/blog.emuca.com\/pt-pt\/wp-json\/wp\/v2\/posts\/45208\/revisions\/45227"}],"wp:featuredmedia":[{"embeddable":true,"href":"https:\/\/blog.emuca.com\/pt-pt\/wp-json\/wp\/v2\/media\/44806"}],"wp:attachment":[{"href":"https:\/\/blog.emuca.com\/pt-pt\/wp-json\/wp\/v2\/media?parent=45208"}],"wp:term":[{"taxonomy":"category","embeddable":true,"href":"https:\/\/blog.emuca.com\/pt-pt\/wp-json\/wp\/v2\/categories?post=45208"},{"taxonomy":"post_tag","embeddable":true,"href":"https:\/\/blog.emuca.com\/pt-pt\/wp-json\/wp\/v2\/tags?post=45208"}],"curies":[{"name":"wp","href":"https:\/\/api.w.org\/{rel}","templated":true}]}}