{"id":26696,"date":"2022-01-11T15:23:54","date_gmt":"2022-01-11T14:23:54","guid":{"rendered":"http:\/\/blogs.emuca.com\/nblog\/cat\/sem-categoria\/qualidade-e-conforto-na-cozinha-que-tipos-de-portas-para-armarios-me-convem\/"},"modified":"2022-03-11T13:40:03","modified_gmt":"2022-03-11T12:40:03","slug":"qualidade-e-conforto-na-cozinha-que-tipos-de-portas-para-armarios-me-convem","status":"publish","type":"post","link":"https:\/\/blog.emuca.com\/pt-pt\/cat\/actualidad-pt\/qualidade-e-conforto-na-cozinha-que-tipos-de-portas-para-armarios-me-convem\/","title":{"rendered":"Qualidade e conforto na cozinha. Que tipos de portas para arm\u00e1rios me conv\u00eam?"},"content":{"rendered":"\t\t<div data-elementor-type=\"wp-post\" data-elementor-id=\"26696\" class=\"elementor elementor-26696 elementor-21916\">\n\t\t\t\t\t\t<section class=\"elementor-section elementor-top-section elementor-element elementor-element-52af5a0b elementor-section-boxed elementor-section-height-default elementor-section-height-default\" data-id=\"52af5a0b\" data-element_type=\"section\" data-e-type=\"section\">\n\t\t\t\t\t\t<div class=\"elementor-container elementor-column-gap-default\">\n\t\t\t\t\t<div class=\"elementor-column elementor-col-100 elementor-top-column elementor-element elementor-element-53473cf9\" data-id=\"53473cf9\" data-element_type=\"column\" data-e-type=\"column\">\n\t\t\t<div class=\"elementor-widget-wrap elementor-element-populated\">\n\t\t\t\t\t\t<div class=\"elementor-element elementor-element-38fe45ea elementor-widget elementor-widget-text-editor\" data-id=\"38fe45ea\" data-element_type=\"widget\" data-e-type=\"widget\" data-widget_type=\"text-editor.default\">\n\t\t\t\t<div class=\"elementor-widget-container\">\n\t\t\t\t\t\t\t\t\tEscolher as <strong>portas dos arm\u00e1rios<\/strong> ser\u00e1, talvez, das decis\u00f5es mais complicadas ao fazer uma remodela\u00e7\u00e3o. Apesar de \u00e0 primeira vista este parecer um tema de relev\u00e2ncia menor, ser\u00e3o estes elementos a <strong>definir o estilo do espa\u00e7o e a decora\u00e7\u00e3o que nele ser\u00e1 colocada. <\/strong>\r\n\r\nDa mesma forma, o design n\u00e3o \u00e9 o \u00fanico fator a ter em considera\u00e7\u00e3o, a funcionalidade \u00e9 o fundamental ao escolher <strong>que tipo de porta instalar nos m\u00f3veis da sua cozinha<\/strong>. Uma escolha adequada ser\u00e1 garantia de mobili\u00e1rio dur\u00e1vel e resistente.\r\n\r\nO mobili\u00e1rio de cozinha \u00e9 o mais propenso a sofrer desgaste em virtude de flutua\u00e7\u00f5es de temperatura, doa utiliza\u00e7\u00e3o di\u00e1ria e da humidade ambiente, motivo pelo qual \u00e9 importante escolher bem. Na <strong>Emuca<\/strong>, sabemos, e queremos ajudar na sua decis\u00e3o. Fique connosco e <strong>descubra que tipo de portas de arm\u00e1rio s\u00e3o as ideais para si.<\/strong>\r\n<h2>Portas de arm\u00e1rio de cozinha: como escolher?<\/h2>\r\nExiste no mercado uma grande variedade de materiais para o fabrico de <strong>portas para arm\u00e1rios de cozinha<\/strong>, sejam laminadas, estratificadas, lacadas, folheadas ou de outro tipo. Estes s\u00e3o os mais utilizados:\r\n<h3>Portas laminadas<\/h3>\r\nO material mais comum para o fabrico de portas para m\u00f3veis de cozinha, em consequ\u00eancia da sua durabilidade e resist\u00eancia. <strong>O laminado \u00e9 ideal para cozinhas que ter\u00e3o muito uso<\/strong> por ser f\u00e1cil de limpar e resistente a riscos.\r\n\r\nEste material consiste em madeira comprimida com resina, coberta de capas decorativas com diferentes cores, texturas e acabamentos. S\u00e3o <a href=\"https:\/\/www.emuca.pt\/sistema-para-portas-de-correr\/sistemas-de-portas-de-correr\">portas para arm\u00e1rios de cozinha<\/a> muito vers\u00e1teis.\r\n<h3>Portas estratificadas<\/h3>\r\nAs <strong>portas estratificadas<\/strong> s\u00e3o uma das op\u00e7\u00f5es mais econ\u00f3micas e consistem em placas de aglomerado recobertas de l\u00e2minas estratificadas.\r\n\r\nIsto torna-as <strong>dif\u00edceis de riscar e muito resistentes a impactos e ao desgaste<\/strong>, ao contr\u00e1rio das laminadas. No entanto, este \u00e9 um material mais poroso, logo mais dif\u00edcil de limpar.\r\n\r\nEstas portas ligam muito bem com decora\u00e7\u00f5es em estilo moderno, dado que permitem acabamentos brilhantes ou mate e s\u00e3o compat\u00edveis com sistemas de fecho autom\u00e1tico.\t\t\t\t\t\t\t\t<\/div>\n\t\t\t\t<\/div>\n\t\t\t\t<div class=\"elementor-element elementor-element-1f51c2a elementor-widget elementor-widget-html\" data-id=\"1f51c2a\" data-element_type=\"widget\" data-e-type=\"widget\" data-widget_type=\"html.default\">\n\t\t\t\t<div class=\"elementor-widget-container\">\n\t\t\t\t\t<!--HubSpot Call-to-Action Code --><span class=\"hs-cta-wrapper\" id=\"hs-cta-wrapper-1d68b833-6196-47bf-b6a9-66041774b3fb\"><span class=\"hs-cta-node hs-cta-1d68b833-6196-47bf-b6a9-66041774b3fb\" id=\"hs-cta-1d68b833-6196-47bf-b6a9-66041774b3fb\"><!--[if lte IE 8]><div id=\"hs-cta-ie-element\"><\/div><![endif]--><a href=\"https:\/\/cta-redirect.hubspot.com\/cta\/redirect\/4071763\/1d68b833-6196-47bf-b6a9-66041774b3fb\"  target=\"_blank\" ><img fetchpriority=\"high\" decoding=\"async\" class=\"hs-cta-img\" id=\"hs-cta-img-1d68b833-6196-47bf-b6a9-66041774b3fb\" style=\"border-width:0px;\" height=\"358\" width=\"1125\" src=\"https:\/\/no-cache.hubspot.com\/cta\/default\/4071763\/1d68b833-6196-47bf-b6a9-66041774b3fb.png\"  alt=\"Nueva llamada a la acci\u00f3n\"\/><\/a><\/span><script charset=\"utf-8\" src=\"https:\/\/js.hscta.net\/cta\/current.js\"><\/script><script type=\"text\/javascript\"> hbspt.cta.load(4071763, '1d68b833-6196-47bf-b6a9-66041774b3fb', {\"useNewLoader\":\"true\",\"region\":\"na1\"}); <\/script><\/span><!-- end HubSpot Call-to-Action Code -->\t\t\t\t<\/div>\n\t\t\t\t<\/div>\n\t\t\t\t<div class=\"elementor-element elementor-element-232f13a elementor-widget elementor-widget-text-editor\" data-id=\"232f13a\" data-element_type=\"widget\" data-e-type=\"widget\" data-widget_type=\"text-editor.default\">\n\t\t\t\t<div class=\"elementor-widget-container\">\n\t\t\t\t\t\t\t\t\t<h3 style=\"font-family: 'Maven Pro', sans-serif;\">Portas de vidro<\/h3>\r\nSe aquilo que deseja \u00e9 uma <strong>cozinha imaculada, de acabamentos minimalistas<\/strong>, o vidro ser\u00e1 a op\u00e7\u00e3o ideal. Estas portas contam com uma estrutura de alum\u00ednio, sobre a qual \u00e9 colocado o vidro lacado, proporcionando um acabamento de cor s\u00f3lida, brilhante ou mate, conforme o gosto do utilizador.\r\n\r\nEste \u00e9 um material resistente \u00e0 \u00e1gua e ao calor, que pode ser fabricado em qualquer das cores da escala Pantone e personalizado com serigrafia.\r\n\r\nEste tipo de <a href=\"https:\/\/www.emuca.pt\/sistema-para-portas-de-correr\/sistemas-de-portas-de-correr\/eku-clipo-para-madeira\">portas para arm\u00e1rios de cozinha<\/a> oferecem um acabamento muito parecido com o lacado, <strong>com a diferen\u00e7a de a sua manuten\u00e7\u00e3o ser muito mais simples. Por outro lado, esta tamb\u00e9m \u00e9 das op\u00e7\u00f5es mais dispendiosas.<\/strong>\r\n<h3 style=\"font-family: 'Maven Pro', sans-serif;\">Portas lacadas para arm\u00e1rios<\/h3>\r\nEste material para <a href=\"https:\/\/www.emuca.pt\/sistema-para-portas-de-correr\/sistemas-dobraveis\">portas de arm\u00e1rios de cozinha<\/a> destaca-se por <strong>ser personaliz\u00e1vel<\/strong> ao gosto de cada um. Estas portas podem ser fabricadas na cor que o utilizador desejar, permitindo assim criar espa\u00e7os completamente integrados ou contrastes muito apelativos.\r\n\r\nS\u00e3o fabricadas a partir de MDF, <strong>material pouco sens\u00edvel \u00e0 humidade<\/strong>, ao qual s\u00e3o aplicadas v\u00e1rias camadas de tinta de poli\u00e9ster, com acabamento em acr\u00edlico ou poliuretano, dependendo se o efeito final pretendido ser brilhante, mate ou texturizado.\r\n<h3 style=\"font-family: 'Maven Pro', sans-serif;\">Portas de a\u00e7o para arm\u00e1rios<\/h3>\r\nNas cozinhas profissionais, o mais conveniente \u00e9 que as portas dos m\u00f3veis sejam feitas de a\u00e7o, uma vez que este <strong>\u00e9 o material mais higi\u00e9nico de todos, devido \u00e0 facilidade com que pode ser limpo.<\/strong> por\u00e9m, este tamb\u00e9m \u00e9 um material mais propenso a riscos e cuja ado\u00e7\u00e3o pressup\u00f5e um maior investimento inicial, isto apesar de o seu pre\u00e7o poder ver-se reduzido quando em combina\u00e7\u00e3o com outros materiais.\r\n<h3 style=\"font-family: 'Maven Pro', sans-serif;\">Portas de madeira maci\u00e7a<\/h3>\r\nAs <strong>portas de madeira maci\u00e7a<\/strong> s\u00e3o as que melhor envelhecem, por serem muito resistentes ao passar dos ano. A juntar a isto, este material pode ser combinado com outros, permitindo estilos e contrastes muito pessoais, que transmitem \u00e0 cozinha um toque muito bonito.\r\n\r\nApesar de este ser o material mais caro de todos, vale, definitivamente, a pena, uma vez que estes s\u00e3o sempre m\u00f3veis de alta qualidade, muito resistentes.\t\t\t\t\t\t\t\t<\/div>\n\t\t\t\t<\/div>\n\t\t\t\t<div class=\"elementor-element elementor-element-865b257 elementor-widget elementor-widget-image\" data-id=\"865b257\" data-element_type=\"widget\" data-e-type=\"widget\" data-widget_type=\"image.default\">\n\t\t\t\t<div class=\"elementor-widget-container\">\n\t\t\t\t\t\t\t\t\t\t\t\t\t\t\t<img decoding=\"async\" width=\"640\" height=\"356\" src=\"https:\/\/blog.emuca.com\/wp-content\/uploads\/2021\/10\/dfsadfasdf-1.jpg\" class=\"attachment-large size-large wp-image-22179\" alt=\"\" srcset=\"https:\/\/blog.emuca.com\/wp-content\/uploads\/2021\/10\/dfsadfasdf-1.jpg 900w, https:\/\/blog.emuca.com\/wp-content\/uploads\/2021\/10\/dfsadfasdf-1-300x167.jpg 300w, https:\/\/blog.emuca.com\/wp-content\/uploads\/2021\/10\/dfsadfasdf-1-768x427.jpg 768w\" sizes=\"(max-width: 34.9rem) calc(100vw - 2rem), (max-width: 53rem) calc(8 * (100vw \/ 12)), (min-width: 53rem) calc(6 * (100vw \/ 12)), 100vw\" \/>\t\t\t\t\t\t\t\t\t\t\t\t\t\t\t<\/div>\n\t\t\t\t<\/div>\n\t\t\t\t<div class=\"elementor-element elementor-element-ef6756e elementor-widget elementor-widget-text-editor\" data-id=\"ef6756e\" data-element_type=\"widget\" data-e-type=\"widget\" data-widget_type=\"text-editor.default\">\n\t\t\t\t<div class=\"elementor-widget-container\">\n\t\t\t\t\t\t\t\t\t<h2>Portas para arm\u00e1rios: outros aspetos a ter em conta<\/h2>\r\nEm jeito de conclus\u00e3o, al\u00e9m do material de que as <strong>portas para os seus arm\u00e1rios<\/strong> s\u00e3o feitas, ser\u00e1 tamb\u00e9m necess\u00e1rio ter em conta alguns detalhes que marcar\u00e3o a diferen\u00e7a numa cozinha confort\u00e1vel e de qualidade, como por exemplo a execu\u00e7\u00e3o dos bordos, um aspeto em que pouco se repara, mas que \u00e9 muito importante.\r\n\r\nDa mesma forma, tamb\u00e9m as dobradi\u00e7as, as corredi\u00e7as da gavetas e os puxadores <strong>s\u00e3o pe\u00e7as fundamentais para a funcionalidade do mobili\u00e1rio de cozinha.<\/strong>\r\n\r\nAnda a pensar em renovar o mobili\u00e1rio da sua? N\u00e3o hesite em dar uma vista de olhos ao cat\u00e1logo digital da <strong>Emuca<\/strong>, onde ir\u00e1 encontrar tudo aquilo de que necessita para fazer do seu projeto um grande sucesso: materiais de alta qualidade que definir\u00e3o o antes e o depois da sua cozinha.\t\t\t\t\t\t\t\t<\/div>\n\t\t\t\t<\/div>\n\t\t\t\t\t<\/div>\n\t\t<\/div>\n\t\t\t\t\t<\/div>\n\t\t<\/section>\n\t\t\t\t<\/div>\n\t\t","protected":false},"excerpt":{"rendered":"<p>Escolher as portas dos arm\u00e1rios ser\u00e1, talvez, das decis\u00f5es mais complicadas ao fazer uma remodela\u00e7\u00e3o. Apesar de \u00e0 primeira vista este parecer um tema de relev\u00e2ncia menor, ser\u00e3o estes elementos a definir o estilo do espa\u00e7o e a decora\u00e7\u00e3o que nele ser\u00e1 colocada. Da mesma forma, o design n\u00e3o \u00e9 o \u00fanico fator a ter &hellip; <\/p>\n<p class=\"link-more\"><a href=\"https:\/\/blog.emuca.com\/pt-pt\/cat\/actualidad-pt\/qualidade-e-conforto-na-cozinha-que-tipos-de-portas-para-armarios-me-convem\/\" class=\"more-link\">Continuar a ler <span class=\"screen-reader-text\">&#8220;Qualidade e conforto na cozinha. Que tipos de portas para arm\u00e1rios me conv\u00eam?&#8221;<\/span><\/a><\/p>\n","protected":false},"author":3,"featured_media":22168,"comment_status":"closed","ping_status":"closed","sticky":false,"template":"","format":"standard","meta":{"footnotes":""},"categories":[59],"tags":[620,747,746],"class_list":["post-26696","post","type-post","status-publish","format-standard","has-post-thumbnail","hentry","category-actualidad-pt","tag-armarios-pt-pt","tag-armarios-emuca-pt-pt","tag-portas-para-armarios","entry"],"yoast_head":"<!-- This site is optimized with the Yoast SEO plugin v24.1 - https:\/\/yoast.com\/wordpress\/plugins\/seo\/ -->\n<title>Portas para guarda-roupa: quais s\u00e3o as melhores para mim? - Blog Emuca<\/title>\n<meta name=\"description\" content=\"N\u00e3o sabe quais as melhores portas para os seus arm\u00e1rios? Seja qual for o seu projeto, tenha em conta estas dicas essenciais e fa\u00e7a a escolha mais acertada.\" \/>\n<meta name=\"robots\" content=\"index, follow, max-snippet:-1, max-image-preview:large, max-video-preview:-1\" \/>\n<link rel=\"canonical\" href=\"https:\/\/blog.emuca.com\/pt-pt\/cat\/actualidad-pt\/qualidade-e-conforto-na-cozinha-que-tipos-de-portas-para-armarios-me-convem\/\" \/>\n<meta property=\"og:locale\" content=\"pt_PT\" \/>\n<meta property=\"og:type\" content=\"article\" \/>\n<meta property=\"og:title\" content=\"Portas para guarda-roupa: quais s\u00e3o as melhores para mim? - Blog Emuca\" \/>\n<meta property=\"og:description\" content=\"N\u00e3o sabe quais as melhores portas para os seus arm\u00e1rios? Seja qual for o seu projeto, tenha em conta estas dicas essenciais e fa\u00e7a a escolha mais acertada.\" \/>\n<meta property=\"og:url\" content=\"https:\/\/blog.emuca.com\/pt-pt\/cat\/actualidad-pt\/qualidade-e-conforto-na-cozinha-que-tipos-de-portas-para-armarios-me-convem\/\" \/>\n<meta property=\"og:site_name\" content=\"Emuca blog\" \/>\n<meta property=\"article:publisher\" content=\"https:\/\/www.facebook.com\/EmucaGroup\" \/>\n<meta property=\"article:published_time\" content=\"2022-01-11T14:23:54+00:00\" \/>\n<meta property=\"article:modified_time\" content=\"2022-03-11T12:40:03+00:00\" \/>\n<meta property=\"og:image\" content=\"https:\/\/blog.emuca.com\/wp-content\/uploads\/2021\/09\/post7.jpg\" \/>\n\t<meta property=\"og:image:width\" content=\"900\" \/>\n\t<meta property=\"og:image:height\" content=\"500\" \/>\n\t<meta property=\"og:image:type\" content=\"image\/jpeg\" \/>\n<meta name=\"author\" content=\"Jes\u00fas\" \/>\n<meta name=\"twitter:card\" content=\"summary_large_image\" \/>\n<meta name=\"twitter:label1\" content=\"Escrito por\" \/>\n\t<meta name=\"twitter:data1\" content=\"Jes\u00fas\" \/>\n\t<meta name=\"twitter:label2\" content=\"Tempo estimado de leitura\" \/>\n\t<meta name=\"twitter:data2\" content=\"4 minutos\" \/>\n<script type=\"application\/ld+json\" class=\"yoast-schema-graph\">{\"@context\":\"https:\/\/schema.org\",\"@graph\":[{\"@type\":\"Article\",\"@id\":\"https:\/\/blog.emuca.com\/pt-pt\/cat\/actualidad-pt\/qualidade-e-conforto-na-cozinha-que-tipos-de-portas-para-armarios-me-convem\/#article\",\"isPartOf\":{\"@id\":\"https:\/\/blog.emuca.com\/pt-pt\/cat\/actualidad-pt\/qualidade-e-conforto-na-cozinha-que-tipos-de-portas-para-armarios-me-convem\/\"},\"author\":{\"name\":\"Jes\u00fas\",\"@id\":\"https:\/\/blog.emuca.com\/#\/schema\/person\/e2000aac3322e591b53c90f4a386f893\"},\"headline\":\"Qualidade e conforto na cozinha. Que tipos de portas para arm\u00e1rios me conv\u00eam?\",\"datePublished\":\"2022-01-11T14:23:54+00:00\",\"dateModified\":\"2022-03-11T12:40:03+00:00\",\"mainEntityOfPage\":{\"@id\":\"https:\/\/blog.emuca.com\/pt-pt\/cat\/actualidad-pt\/qualidade-e-conforto-na-cozinha-que-tipos-de-portas-para-armarios-me-convem\/\"},\"wordCount\":888,\"publisher\":{\"@id\":\"https:\/\/blog.emuca.com\/#organization\"},\"image\":{\"@id\":\"https:\/\/blog.emuca.com\/pt-pt\/cat\/actualidad-pt\/qualidade-e-conforto-na-cozinha-que-tipos-de-portas-para-armarios-me-convem\/#primaryimage\"},\"thumbnailUrl\":\"https:\/\/blog.emuca.com\/wp-content\/uploads\/2021\/09\/post7.jpg\",\"keywords\":[\"arm\u00e1rios\",\"arm\u00e1rios emuca\",\"portas para arm\u00e1rios\"],\"articleSection\":[\"Not\u00edcias atuais\"],\"inLanguage\":\"pt-PT\"},{\"@type\":\"WebPage\",\"@id\":\"https:\/\/blog.emuca.com\/pt-pt\/cat\/actualidad-pt\/qualidade-e-conforto-na-cozinha-que-tipos-de-portas-para-armarios-me-convem\/\",\"url\":\"https:\/\/blog.emuca.com\/pt-pt\/cat\/actualidad-pt\/qualidade-e-conforto-na-cozinha-que-tipos-de-portas-para-armarios-me-convem\/\",\"name\":\"Portas para guarda-roupa: quais s\u00e3o as melhores para mim? - Blog Emuca\",\"isPartOf\":{\"@id\":\"https:\/\/blog.emuca.com\/#website\"},\"primaryImageOfPage\":{\"@id\":\"https:\/\/blog.emuca.com\/pt-pt\/cat\/actualidad-pt\/qualidade-e-conforto-na-cozinha-que-tipos-de-portas-para-armarios-me-convem\/#primaryimage\"},\"image\":{\"@id\":\"https:\/\/blog.emuca.com\/pt-pt\/cat\/actualidad-pt\/qualidade-e-conforto-na-cozinha-que-tipos-de-portas-para-armarios-me-convem\/#primaryimage\"},\"thumbnailUrl\":\"https:\/\/blog.emuca.com\/wp-content\/uploads\/2021\/09\/post7.jpg\",\"datePublished\":\"2022-01-11T14:23:54+00:00\",\"dateModified\":\"2022-03-11T12:40:03+00:00\",\"description\":\"N\u00e3o sabe quais as melhores portas para os seus arm\u00e1rios? Seja qual for o seu projeto, tenha em conta estas dicas essenciais e fa\u00e7a a escolha mais acertada.\",\"inLanguage\":\"pt-PT\",\"potentialAction\":[{\"@type\":\"ReadAction\",\"target\":[\"https:\/\/blog.emuca.com\/pt-pt\/cat\/actualidad-pt\/qualidade-e-conforto-na-cozinha-que-tipos-de-portas-para-armarios-me-convem\/\"]}]},{\"@type\":\"ImageObject\",\"inLanguage\":\"pt-PT\",\"@id\":\"https:\/\/blog.emuca.com\/pt-pt\/cat\/actualidad-pt\/qualidade-e-conforto-na-cozinha-que-tipos-de-portas-para-armarios-me-convem\/#primaryimage\",\"url\":\"https:\/\/blog.emuca.com\/wp-content\/uploads\/2021\/09\/post7.jpg\",\"contentUrl\":\"https:\/\/blog.emuca.com\/wp-content\/uploads\/2021\/09\/post7.jpg\",\"width\":900,\"height\":500},{\"@type\":\"WebSite\",\"@id\":\"https:\/\/blog.emuca.com\/#website\",\"url\":\"https:\/\/blog.emuca.com\/\",\"name\":\"Emuca blog\",\"description\":\"\",\"publisher\":{\"@id\":\"https:\/\/blog.emuca.com\/#organization\"},\"potentialAction\":[{\"@type\":\"SearchAction\",\"target\":{\"@type\":\"EntryPoint\",\"urlTemplate\":\"https:\/\/blog.emuca.com\/?s={search_term_string}\"},\"query-input\":{\"@type\":\"PropertyValueSpecification\",\"valueRequired\":true,\"valueName\":\"search_term_string\"}}],\"inLanguage\":\"pt-PT\"},{\"@type\":\"Organization\",\"@id\":\"https:\/\/blog.emuca.com\/#organization\",\"name\":\"emuca\",\"url\":\"https:\/\/blog.emuca.com\/\",\"logo\":{\"@type\":\"ImageObject\",\"inLanguage\":\"pt-PT\",\"@id\":\"https:\/\/blog.emuca.com\/#\/schema\/logo\/image\/\",\"url\":\"https:\/\/blog.emuca.com\/wp-content\/uploads\/2024\/05\/cropped-logo-emuca-menu.png\",\"contentUrl\":\"https:\/\/blog.emuca.com\/wp-content\/uploads\/2024\/05\/cropped-logo-emuca-menu.png\",\"width\":190,\"height\":190,\"caption\":\"emuca\"},\"image\":{\"@id\":\"https:\/\/blog.emuca.com\/#\/schema\/logo\/image\/\"},\"sameAs\":[\"https:\/\/www.facebook.com\/EmucaGroup\"]},{\"@type\":\"Person\",\"@id\":\"https:\/\/blog.emuca.com\/#\/schema\/person\/e2000aac3322e591b53c90f4a386f893\",\"name\":\"Jes\u00fas\",\"url\":\"https:\/\/blog.emuca.com\/pt-pt\/cat\/author\/jesus_redactor\/\"}]}<\/script>\n<!-- \/ Yoast SEO plugin. -->","yoast_head_json":{"title":"Portas para guarda-roupa: quais s\u00e3o as melhores para mim? - Blog Emuca","description":"N\u00e3o sabe quais as melhores portas para os seus arm\u00e1rios? Seja qual for o seu projeto, tenha em conta estas dicas essenciais e fa\u00e7a a escolha mais acertada.","robots":{"index":"index","follow":"follow","max-snippet":"max-snippet:-1","max-image-preview":"max-image-preview:large","max-video-preview":"max-video-preview:-1"},"canonical":"https:\/\/blog.emuca.com\/pt-pt\/cat\/actualidad-pt\/qualidade-e-conforto-na-cozinha-que-tipos-de-portas-para-armarios-me-convem\/","og_locale":"pt_PT","og_type":"article","og_title":"Portas para guarda-roupa: quais s\u00e3o as melhores para mim? - Blog Emuca","og_description":"N\u00e3o sabe quais as melhores portas para os seus arm\u00e1rios? Seja qual for o seu projeto, tenha em conta estas dicas essenciais e fa\u00e7a a escolha mais acertada.","og_url":"https:\/\/blog.emuca.com\/pt-pt\/cat\/actualidad-pt\/qualidade-e-conforto-na-cozinha-que-tipos-de-portas-para-armarios-me-convem\/","og_site_name":"Emuca blog","article_publisher":"https:\/\/www.facebook.com\/EmucaGroup","article_published_time":"2022-01-11T14:23:54+00:00","article_modified_time":"2022-03-11T12:40:03+00:00","og_image":[{"width":900,"height":500,"url":"https:\/\/blog.emuca.com\/wp-content\/uploads\/2021\/09\/post7.jpg","type":"image\/jpeg"}],"author":"Jes\u00fas","twitter_card":"summary_large_image","twitter_misc":{"Escrito por":"Jes\u00fas","Tempo estimado de leitura":"4 minutos"},"schema":{"@context":"https:\/\/schema.org","@graph":[{"@type":"Article","@id":"https:\/\/blog.emuca.com\/pt-pt\/cat\/actualidad-pt\/qualidade-e-conforto-na-cozinha-que-tipos-de-portas-para-armarios-me-convem\/#article","isPartOf":{"@id":"https:\/\/blog.emuca.com\/pt-pt\/cat\/actualidad-pt\/qualidade-e-conforto-na-cozinha-que-tipos-de-portas-para-armarios-me-convem\/"},"author":{"name":"Jes\u00fas","@id":"https:\/\/blog.emuca.com\/#\/schema\/person\/e2000aac3322e591b53c90f4a386f893"},"headline":"Qualidade e conforto na cozinha. Que tipos de portas para arm\u00e1rios me conv\u00eam?","datePublished":"2022-01-11T14:23:54+00:00","dateModified":"2022-03-11T12:40:03+00:00","mainEntityOfPage":{"@id":"https:\/\/blog.emuca.com\/pt-pt\/cat\/actualidad-pt\/qualidade-e-conforto-na-cozinha-que-tipos-de-portas-para-armarios-me-convem\/"},"wordCount":888,"publisher":{"@id":"https:\/\/blog.emuca.com\/#organization"},"image":{"@id":"https:\/\/blog.emuca.com\/pt-pt\/cat\/actualidad-pt\/qualidade-e-conforto-na-cozinha-que-tipos-de-portas-para-armarios-me-convem\/#primaryimage"},"thumbnailUrl":"https:\/\/blog.emuca.com\/wp-content\/uploads\/2021\/09\/post7.jpg","keywords":["arm\u00e1rios","arm\u00e1rios emuca","portas para arm\u00e1rios"],"articleSection":["Not\u00edcias atuais"],"inLanguage":"pt-PT"},{"@type":"WebPage","@id":"https:\/\/blog.emuca.com\/pt-pt\/cat\/actualidad-pt\/qualidade-e-conforto-na-cozinha-que-tipos-de-portas-para-armarios-me-convem\/","url":"https:\/\/blog.emuca.com\/pt-pt\/cat\/actualidad-pt\/qualidade-e-conforto-na-cozinha-que-tipos-de-portas-para-armarios-me-convem\/","name":"Portas para guarda-roupa: quais s\u00e3o as melhores para mim? - Blog Emuca","isPartOf":{"@id":"https:\/\/blog.emuca.com\/#website"},"primaryImageOfPage":{"@id":"https:\/\/blog.emuca.com\/pt-pt\/cat\/actualidad-pt\/qualidade-e-conforto-na-cozinha-que-tipos-de-portas-para-armarios-me-convem\/#primaryimage"},"image":{"@id":"https:\/\/blog.emuca.com\/pt-pt\/cat\/actualidad-pt\/qualidade-e-conforto-na-cozinha-que-tipos-de-portas-para-armarios-me-convem\/#primaryimage"},"thumbnailUrl":"https:\/\/blog.emuca.com\/wp-content\/uploads\/2021\/09\/post7.jpg","datePublished":"2022-01-11T14:23:54+00:00","dateModified":"2022-03-11T12:40:03+00:00","description":"N\u00e3o sabe quais as melhores portas para os seus arm\u00e1rios? Seja qual for o seu projeto, tenha em conta estas dicas essenciais e fa\u00e7a a escolha mais acertada.","inLanguage":"pt-PT","potentialAction":[{"@type":"ReadAction","target":["https:\/\/blog.emuca.com\/pt-pt\/cat\/actualidad-pt\/qualidade-e-conforto-na-cozinha-que-tipos-de-portas-para-armarios-me-convem\/"]}]},{"@type":"ImageObject","inLanguage":"pt-PT","@id":"https:\/\/blog.emuca.com\/pt-pt\/cat\/actualidad-pt\/qualidade-e-conforto-na-cozinha-que-tipos-de-portas-para-armarios-me-convem\/#primaryimage","url":"https:\/\/blog.emuca.com\/wp-content\/uploads\/2021\/09\/post7.jpg","contentUrl":"https:\/\/blog.emuca.com\/wp-content\/uploads\/2021\/09\/post7.jpg","width":900,"height":500},{"@type":"WebSite","@id":"https:\/\/blog.emuca.com\/#website","url":"https:\/\/blog.emuca.com\/","name":"Emuca blog","description":"","publisher":{"@id":"https:\/\/blog.emuca.com\/#organization"},"potentialAction":[{"@type":"SearchAction","target":{"@type":"EntryPoint","urlTemplate":"https:\/\/blog.emuca.com\/?s={search_term_string}"},"query-input":{"@type":"PropertyValueSpecification","valueRequired":true,"valueName":"search_term_string"}}],"inLanguage":"pt-PT"},{"@type":"Organization","@id":"https:\/\/blog.emuca.com\/#organization","name":"emuca","url":"https:\/\/blog.emuca.com\/","logo":{"@type":"ImageObject","inLanguage":"pt-PT","@id":"https:\/\/blog.emuca.com\/#\/schema\/logo\/image\/","url":"https:\/\/blog.emuca.com\/wp-content\/uploads\/2024\/05\/cropped-logo-emuca-menu.png","contentUrl":"https:\/\/blog.emuca.com\/wp-content\/uploads\/2024\/05\/cropped-logo-emuca-menu.png","width":190,"height":190,"caption":"emuca"},"image":{"@id":"https:\/\/blog.emuca.com\/#\/schema\/logo\/image\/"},"sameAs":["https:\/\/www.facebook.com\/EmucaGroup"]},{"@type":"Person","@id":"https:\/\/blog.emuca.com\/#\/schema\/person\/e2000aac3322e591b53c90f4a386f893","name":"Jes\u00fas","url":"https:\/\/blog.emuca.com\/pt-pt\/cat\/author\/jesus_redactor\/"}]}},"_links":{"self":[{"href":"https:\/\/blog.emuca.com\/pt-pt\/wp-json\/wp\/v2\/posts\/26696","targetHints":{"allow":["GET"]}}],"collection":[{"href":"https:\/\/blog.emuca.com\/pt-pt\/wp-json\/wp\/v2\/posts"}],"about":[{"href":"https:\/\/blog.emuca.com\/pt-pt\/wp-json\/wp\/v2\/types\/post"}],"author":[{"embeddable":true,"href":"https:\/\/blog.emuca.com\/pt-pt\/wp-json\/wp\/v2\/users\/3"}],"replies":[{"embeddable":true,"href":"https:\/\/blog.emuca.com\/pt-pt\/wp-json\/wp\/v2\/comments?post=26696"}],"version-history":[{"count":3,"href":"https:\/\/blog.emuca.com\/pt-pt\/wp-json\/wp\/v2\/posts\/26696\/revisions"}],"predecessor-version":[{"id":30241,"href":"https:\/\/blog.emuca.com\/pt-pt\/wp-json\/wp\/v2\/posts\/26696\/revisions\/30241"}],"wp:featuredmedia":[{"embeddable":true,"href":"https:\/\/blog.emuca.com\/pt-pt\/wp-json\/wp\/v2\/media\/22168"}],"wp:attachment":[{"href":"https:\/\/blog.emuca.com\/pt-pt\/wp-json\/wp\/v2\/media?parent=26696"}],"wp:term":[{"taxonomy":"category","embeddable":true,"href":"https:\/\/blog.emuca.com\/pt-pt\/wp-json\/wp\/v2\/categories?post=26696"},{"taxonomy":"post_tag","embeddable":true,"href":"https:\/\/blog.emuca.com\/pt-pt\/wp-json\/wp\/v2\/tags?post=26696"}],"curies":[{"name":"wp","href":"https:\/\/api.w.org\/{rel}","templated":true}]}}