{"id":22390,"date":"2021-11-03T13:29:17","date_gmt":"2021-11-03T12:29:17","guid":{"rendered":"http:\/\/blogs.emuca.com\/nblog\/cat\/sem-categoria\/equipamento-de-cozinha-pontos-chave-para-fazer-uma-escolha-acertada\/"},"modified":"2022-05-04T11:37:41","modified_gmt":"2022-05-04T09:37:41","slug":"equipamento-de-cozinha-pontos-chave-para-fazer-uma-escolha-acertada","status":"publish","type":"post","link":"https:\/\/blog.emuca.com\/pt-pt\/cat\/tendencias\/equipamento-de-cozinha-pontos-chave-para-fazer-uma-escolha-acertada\/","title":{"rendered":"Equipamento de cozinha: pontos-chave para fazer uma escolha acertada"},"content":{"rendered":"\t\t<div data-elementor-type=\"wp-post\" data-elementor-id=\"22390\" class=\"elementor elementor-22390 elementor-20293\" data-elementor-post-type=\"post\">\n\t\t\t\t\t\t<section class=\"elementor-section elementor-top-section elementor-element elementor-element-7fc5097a elementor-section-boxed elementor-section-height-default elementor-section-height-default\" data-id=\"7fc5097a\" data-element_type=\"section\">\n\t\t\t\t\t\t<div class=\"elementor-container elementor-column-gap-default\">\n\t\t\t\t\t<div class=\"elementor-column elementor-col-100 elementor-top-column elementor-element elementor-element-7a03a892\" data-id=\"7a03a892\" data-element_type=\"column\">\n\t\t\t<div class=\"elementor-widget-wrap elementor-element-populated\">\n\t\t\t\t\t\t<div class=\"elementor-element elementor-element-56e48b23 elementor-widget elementor-widget-text-editor\" data-id=\"56e48b23\" data-element_type=\"widget\" data-widget_type=\"text-editor.default\">\n\t\t\t\t<div class=\"elementor-widget-container\">\n\t\t\t\t\t\t\t<p><span style=\"font-weight: 400;\">Na hora de procurar <\/span><b>equipamento de cozinha<\/b><span style=\"font-weight: 400;\">, \u00e9 de esperar que tenha perguntas sobre como come\u00e7ar.<\/span><\/p>\n<p><span style=\"font-weight: 400;\">Como fazer para que n\u00e3o fique sobrecarregada? De que \u00e9 que realmente necessito e como escolho o mais apropriado? \u00c9 necess\u00e1rio procurar um equil\u00edbrio entre comodidade, funcionalidade e durabilidade. Se est\u00e1 nesta situa\u00e7\u00e3o, n\u00e3o se preocupe: <\/span><b>a <\/b><a href=\"https:\/\/www.emuca.es\"><b>Emuca<\/b><\/a><b> vai ajudar a que fa\u00e7a da sua cozinha um lugar de sonho para si e para a sua fam\u00edlia.<\/b><\/p>\n<h2><b>Diretrizes para encontrar o melhor equipamento de cozinha<\/b><\/h2>\n<p><span style=\"font-weight: 400;\">Antes de pensar em escolher o <\/span><b>melhor equipamento de cozinha<\/b><span style=\"font-weight: 400;\">, \u00e9 necess\u00e1rio ter em conta uma s\u00e9rie de aspetos.<\/span><\/p>\n<p><span style=\"font-weight: 400;\">Estes aspetos essenciais ir\u00e3o proporcionar-lhe uma <\/span><b>base a partir da qual poder\u00e1 avan\u00e7ar.<\/b><span style=\"font-weight: 400;\"> Tendo sito decidido, poder\u00e1 come\u00e7ar a pensar em que tipo de <\/span><b>visual<\/b><span style=\"font-weight: 400;\"> procura para este espa\u00e7o. Os seguintes s\u00e3o os 3 aspetos mais importantes no que concerne a escolha de equipamento para cozinha.<\/span><\/p>\n<h3><b>Material<\/b><\/h3>\n<p><span style=\"font-weight: 400;\">Quando escolher o material a utilizar na sua cozinha, recorde que <\/span><b>estar\u00e1 constantemente exposto \u00e0 humidade.<\/b><\/p>\n<p><span style=\"font-weight: 400;\">Evite materiais perme\u00e1veis, sendo prefer\u00edvel optar por <\/span><b>sint\u00e9ticos<\/b><span style=\"font-weight: 400;\">: recorde que existem atualmente milhares de op\u00e7\u00f5es deste g\u00e9nero, muito duradouras, capazes de se manterem como novas durante anos.<\/span><\/p>\n<h3><b>Espa\u00e7o<\/b><\/h3>\n<p><span style=\"font-weight: 400;\">\u00c9 fundamental considerar o espa\u00e7o dispon\u00edvel antes de decidir que equipamento de cozinha escolher.<\/span><\/p>\n<p><span style=\"font-weight: 400;\">Mesmo que tenha bastante espa\u00e7o na sua cozinha, s\u00e3o recomend\u00e1veis as <\/span><b>mesas dobr\u00e1veis, prateleiras interiores<\/b><span style=\"font-weight: 400;\"> e outros recursos do g\u00e9nero, garantia de espa\u00e7o para se mover mais \u00e0 vontade.<\/span><\/p>\n<h3><b>Versatilidade<\/b><\/h3>\n<p><span style=\"font-weight: 400;\">Ao escolher equipamentos para a cozinha, \u00e9 sempre boa ideia escolher elementos capazes de <\/span><b>desempenhar diferentes fun\u00e7\u00f5es<\/b><span style=\"font-weight: 400;\"> ou que possa mover facilmente.<\/span><\/p>\n<p><span style=\"font-weight: 400;\">Assim, poder\u00e1 <\/span><b>aproveitar o espa\u00e7o ao m\u00e1ximo<\/b><span style=\"font-weight: 400;\">, evitando um ambiente saturado de m\u00f3veis.<\/span><\/p>\n<h2><b>O melhor equipamento de cozinha da Emuca<\/b><\/h2>\n<p><span style=\"font-weight: 400;\">Passamos a mostrar-lhe alguns dos produtos preferidos dos nossos clientes, em virtude da sua utilidade e valor, no que toca a <\/span><b>equipamento de cozinha<\/b><span style=\"font-weight: 400;\">.<\/span><\/p>\n<p><span style=\"font-weight: 400;\">Mais que um site onde pode adquirir os seus produtos com total comodidade e seguran\u00e7a, a<\/span> <a href=\"https:\/\/www.emuca.es\"><span style=\"font-weight: 400;\">Emuca<\/span><\/a><span style=\"font-weight: 400;\"> d\u00e1-lhe todas as garantias em mat\u00e9ria de entrega, com rapidez, efic\u00e1cia e toda a qualidade. estas s\u00e3o algumas das nossas <\/span><b>solu\u00e7\u00f5es para cozinha <\/b><span style=\"font-weight: 400;\">mais destacadas:<\/span><\/p>\n<h3><a href=\"https:\/\/www.emuca.es\/cocina\/mesas-extensibles-de-cocina\/mesas-extensibles\/mesa-extensible-y-elevable-opla-top\/emuca-mesa-extensible-y-elevable-opla-top-para-cocina-aluminio-anonizado-inox\"><b>Mesa extens\u00edvel e elevat\u00f3ria Opl\u00e0 Top<\/b><\/a><\/h3>\n<p><span style=\"font-weight: 400;\">Esta mesa de trabalho \u00e9 super pr\u00e1tica para <\/span><b>qualquer cozinheiro<\/b><span style=\"font-weight: 400;\">.<\/span><\/p>\n<p><span style=\"font-weight: 400;\">Imagine que abre uma gaveta, de dentro da qual sai toda uma mesa de trabalho suficientemente firme para nela poder <\/span><b>cozinhar comodamente<\/b><span style=\"font-weight: 400;\">. Feita de alum\u00ednio anodizado, \u00e9 muito resistente e ir\u00e1 poupar imenso espa\u00e7o na sua cozinha, isto para n\u00e3o falar do seu d<\/span><b>esign t\u00e3o elegante<\/b><span style=\"font-weight: 400;\"> que combina na perfei\u00e7\u00e3o com todos os tipos de estilos.<\/span><\/p>\n\t\t\t\t\t\t<\/div>\n\t\t\t\t<\/div>\n\t\t\t\t<div class=\"elementor-element elementor-element-2b71deb elementor-widget elementor-widget-html\" data-id=\"2b71deb\" data-element_type=\"widget\" data-widget_type=\"html.default\">\n\t\t\t\t<div class=\"elementor-widget-container\">\n\t\t\t<!--HubSpot Call-to-Action Code --><span class=\"hs-cta-wrapper\" id=\"hs-cta-wrapper-8bf0609c-0289-4814-9ec1-8f788f214d7f\"><span class=\"hs-cta-node hs-cta-8bf0609c-0289-4814-9ec1-8f788f214d7f\" id=\"hs-cta-8bf0609c-0289-4814-9ec1-8f788f214d7f\"><!--[if lte IE 8]><div id=\"hs-cta-ie-element\"><\/div><![endif]--><a href=\"https:\/\/cta-redirect.hubspot.com\/cta\/redirect\/4071763\/8bf0609c-0289-4814-9ec1-8f788f214d7f\" target=\"_blank\" rel=\"noopener\"><img fetchpriority=\"high\" decoding=\"async\" class=\"hs-cta-img\" id=\"hs-cta-img-8bf0609c-0289-4814-9ec1-8f788f214d7f\" style=\"border-width:0px;\" height=\"458\" width=\"1175\" src=\"https:\/\/no-cache.hubspot.com\/cta\/default\/4071763\/8bf0609c-0289-4814-9ec1-8f788f214d7f.png\"  alt=\"Nueva llamada a la acci\u00f3n\"\/><\/a><\/span><script charset=\"utf-8\" src=\"https:\/\/js.hscta.net\/cta\/current.js\"><\/script><script type=\"text\/javascript\"> hbspt.cta.load(4071763, '8bf0609c-0289-4814-9ec1-8f788f214d7f', {\"useNewLoader\":\"true\",\"region\":\"na1\"}); <\/script><\/span><!-- end HubSpot Call-to-Action Code -->\t\t<\/div>\n\t\t\t\t<\/div>\n\t\t\t\t<div class=\"elementor-element elementor-element-07cdf67 elementor-widget elementor-widget-text-editor\" data-id=\"07cdf67\" data-element_type=\"widget\" data-widget_type=\"text-editor.default\">\n\t\t\t\t<div class=\"elementor-widget-container\">\n\t\t\t\t\t\t\t<h3><a href=\"https:\/\/www.emuca.es\/cocina\/almacenaje-cocina\/accesorios-titane-para-montar-en-la-pared\/ganchos-para-colgar-titane\/ganchos-para-colgar-titane-8965235-10-gris-antracita\"><b>Ganchos de pendurar Titane\u00a0<\/b><\/a><\/h3>\n<p><span style=\"font-weight: 400;\">S\u00e3o pequenos, mas extremamente resistentes. E, acima de tudo, <\/span><b>mant\u00eam todos os utens\u00edlios b\u00e1sicos ao seu alcance.<\/b><\/p>\n<p><span style=\"font-weight: 400;\">Estes pequenos ganhos de a\u00e7o <\/span><b>suportam cargas elevadas<\/b><span style=\"font-weight: 400;\">, permitindo-lhe ter sempre \u00e0 m\u00e3o tudo aquilo de que precisa. Recorde que \u00e9 prefer\u00edvel manter os utens\u00edlios de cozinha em local bem ventilado e longe da humidade.<\/span><\/p>\n\t\t\t\t\t\t<\/div>\n\t\t\t\t<\/div>\n\t\t\t\t<div class=\"elementor-element elementor-element-77c7aed elementor-widget elementor-widget-image\" data-id=\"77c7aed\" data-element_type=\"widget\" data-widget_type=\"image.default\">\n\t\t\t\t<div class=\"elementor-widget-container\">\n\t\t\t\t\t\t\t\t\t\t\t\t\t<img decoding=\"async\" width=\"640\" height=\"640\" src=\"https:\/\/blog.emuca.com\/wp-content\/uploads\/2021\/08\/titane-1024x1024.jpg\" class=\"attachment-large size-large wp-image-20713\" alt=\"\" srcset=\"https:\/\/blog.emuca.com\/wp-content\/uploads\/2021\/08\/titane-1024x1024.jpg 1024w, https:\/\/blog.emuca.com\/wp-content\/uploads\/2021\/08\/titane-300x300.jpg 300w, https:\/\/blog.emuca.com\/wp-content\/uploads\/2021\/08\/titane-150x150.jpg 150w, https:\/\/blog.emuca.com\/wp-content\/uploads\/2021\/08\/titane-768x768.jpg 768w, https:\/\/blog.emuca.com\/wp-content\/uploads\/2021\/08\/titane.jpg 1080w\" sizes=\"(max-width: 34.9rem) calc(100vw - 2rem), (max-width: 53rem) calc(8 * (100vw \/ 12)), (min-width: 53rem) calc(6 * (100vw \/ 12)), 100vw\" \/>\t\t\t\t\t\t\t\t\t\t\t\t\t<\/div>\n\t\t\t\t<\/div>\n\t\t\t\t<div class=\"elementor-element elementor-element-e46dbd0 elementor-widget elementor-widget-text-editor\" data-id=\"e46dbd0\" data-element_type=\"widget\" data-widget_type=\"text-editor.default\">\n\t\t\t\t<div class=\"elementor-widget-container\">\n\t\t\t\t\t\t\t<h3><a href=\"https:\/\/www.emuca.es\/cocina\/almacenaje-cocina\/sistema-titane\/sistema-extraible-de-rincon-titane\/sistema-extraible-de-rincon-titane-8944335-1-gris-antracita\"><b>Canto m\u00e1gico Titane Cinza Antracite<\/b><\/a><\/h3>\n<p><span style=\"font-weight: 400;\">Todos sabemos como pode ser dif\u00edcil manter a organiza\u00e7\u00e3o dentro de m\u00f3dulos fechados, o que faz deste sistema de canto um artigo fundamental de <\/span><b>equipamento de cozinha<\/b><span style=\"font-weight: 400;\">.<\/span><\/p>\n<p><span style=\"font-weight: 400;\">Por um lado, proporciona-lhe uma <\/span><b>estrutura muito confort\u00e1vel onde organizar as suas coisas<\/b><span style=\"font-weight: 400;\">, sendo ao mesmo tempo f\u00e1cil de retirar para limpar. A juntar a isto, a sua estrutura de a\u00e7o \u00e9 garantia de qualidade e durabilidade.<\/span><\/p>\n<h3><a href=\"https:\/\/www.emuca.es\/cocina\/almacenaje-cocina\/sistema-supra\/columna-extraible-para-puerta-con-bisagras\/columna-extraible-para-puerta-con-bisagras-8936111-1-cromado\"><b>Coluna extra\u00edvel para porta de abrir com dobradi\u00e7as Cromado<\/b><\/a><\/h3>\n<p><span style=\"font-weight: 400;\">Provavelmente, j\u00e1 se apercebeu da import\u00e2ncia que damos \u00e0s <\/span><b>estruturas<\/b><span style=\"font-weight: 400;\"> pensadas para m\u00f3veis fechados.<\/span><\/p>\n<p><span style=\"font-weight: 400;\">Sim, s\u00e3o essenciais e \u00e9 f\u00e1cil entender porqu\u00ea: nunca lhe aconteceu esquecer por completo algo que tenha ficado ca\u00eddo ao fundo de uma prateleira de um arm\u00e1rio fechado? Sabemos que sim e \u00e9 por esse motivo que <\/span><b>desenhamos estas estruturas extra\u00edveis<\/b><span style=\"font-weight: 400;\"> que n\u00e3o deixar\u00e3o que isto volte a acontecer.<\/span><\/p>\n<h3><a href=\"https:\/\/www.emuca.es\/cocina\/almacenaje-cocina\/sistema-shelvo\/juego-de-bandejas-circulares-shelvo\/juego-de-bandejas-circulares-shelvo-8929015-1-800-710-plastico-blanco\"><b>Jogo de travessas circulares Shelvo em Pl\u00e1stico Branco<\/b><\/a><\/h3>\n<p><span style=\"font-weight: 400;\">Estamos sempre \u00e0 procura de formas de organizar as nossas coisas dentro dos <\/span><b>m\u00f3veis de canto<\/b><span style=\"font-weight: 400;\"> e estas travessas s\u00e3o uma solu\u00e7\u00e3o extremamente pr\u00e1tica para guardar os seus produtos.<\/span><\/p>\n<p><span style=\"font-weight: 400;\">Permitem <\/span><b>aproveitar ao m\u00e1ximo o espa\u00e7o do m\u00f3vel<\/b><span style=\"font-weight: 400;\">, bem como manter sempre todos os utens\u00edlios bem \u00e0 m\u00e3o. Muito convenientes, proporcionam grande comodidade.<\/span><\/p>\n\t\t\t\t\t\t<\/div>\n\t\t\t\t<\/div>\n\t\t\t\t<div class=\"elementor-element elementor-element-691e794 elementor-widget elementor-widget-image\" data-id=\"691e794\" data-element_type=\"widget\" data-widget_type=\"image.default\">\n\t\t\t\t<div class=\"elementor-widget-container\">\n\t\t\t\t\t\t\t\t\t\t\t\t\t<img decoding=\"async\" width=\"640\" height=\"616\" src=\"https:\/\/blog.emuca.com\/wp-content\/uploads\/2021\/08\/shelvo.jpg\" class=\"attachment-large size-large wp-image-20721\" alt=\"\" srcset=\"https:\/\/blog.emuca.com\/wp-content\/uploads\/2021\/08\/shelvo.jpg 783w, https:\/\/blog.emuca.com\/wp-content\/uploads\/2021\/08\/shelvo-300x289.jpg 300w, https:\/\/blog.emuca.com\/wp-content\/uploads\/2021\/08\/shelvo-768x740.jpg 768w\" sizes=\"(max-width: 34.9rem) calc(100vw - 2rem), (max-width: 53rem) calc(8 * (100vw \/ 12)), (min-width: 53rem) calc(6 * (100vw \/ 12)), 100vw\" \/>\t\t\t\t\t\t\t\t\t\t\t\t\t<\/div>\n\t\t\t\t<\/div>\n\t\t\t\t<div class=\"elementor-element elementor-element-4267238 elementor-widget elementor-widget-text-editor\" data-id=\"4267238\" data-element_type=\"widget\" data-widget_type=\"text-editor.default\">\n\t\t\t\t<div class=\"elementor-widget-container\">\n\t\t\t\t\t\t\t<h3><a href=\"https:\/\/www.emuca.es\/cocina\/almacenaje-cocina\/accesorios-titane-para-montar-en-la-pared\/emuca-estante-para-tarros-de-especies-titane\/emuca-estante-para-tarros-de-especias-para-colgar-acero-gris-antracita\"><b>Um detalhe mais em equipamento de cozinha: estante suspensa para frascos de especiarias<\/b><\/a><\/h3>\n<p><span style=\"font-weight: 400;\">Esta estante \u00e9 super \u00fatil para manter as suas <\/span><b>especiarias em lugar vis\u00edvel e de f\u00e1cil alcance.<\/b><span style=\"font-weight: 400;\"> Feita de a\u00e7o, \u00e9 extremamente resistente e dotada de uma cor muito elegante. O melhor desta pe\u00e7a \u00e9 que basta pendur\u00e1-la no lugar que preferir, de tal forma que poder\u00e1 mov\u00ea-la com facilidade e tamb\u00e9m limp\u00e1-la quando necess\u00e1rio.<\/span><\/p>\n<p><span style=\"font-weight: 400;\">Esta lista contempla apenas uma pequena parte de tudo aquilo que a <\/span><b>Emuca<\/b><span style=\"font-weight: 400;\"> tem para si em mat\u00e9ria de equipamento de cozinha. Todos estes produtos, feitos com materiais da mais elevada qualidade, foram pensados para lhe fazer companhia durante muitos anos, sempre a ir de encontro \u00e0s suas mais exigentes expectativas. <\/span><b>N\u00e3o se conforme com menos! A sua fam\u00edlia merece o melhor e a Emuca \u00e9 sin\u00f3nimo de qualidade.<\/b><span style=\"font-weight: 400;\"> Que espera? Fa\u00e7a da sua cozinha um ponto de encontro!<\/span><\/p>\n\t\t\t\t\t\t<\/div>\n\t\t\t\t<\/div>\n\t\t\t\t\t<\/div>\n\t\t<\/div>\n\t\t\t\t\t<\/div>\n\t\t<\/section>\n\t\t\t\t<\/div>\n\t\t","protected":false},"excerpt":{"rendered":"<p>Na hora de procurar equipamento de cozinha, \u00e9 de esperar que tenha perguntas sobre como come\u00e7ar. Como fazer para que n\u00e3o fique sobrecarregada? De que \u00e9 que realmente necessito e como escolho o mais apropriado? \u00c9 necess\u00e1rio procurar um equil\u00edbrio entre comodidade, funcionalidade e durabilidade. Se est\u00e1 nesta situa\u00e7\u00e3o, n\u00e3o se preocupe: a Emuca vai &hellip; <\/p>\n<p class=\"link-more\"><a href=\"https:\/\/blog.emuca.com\/pt-pt\/cat\/tendencias\/equipamento-de-cozinha-pontos-chave-para-fazer-uma-escolha-acertada\/\" class=\"more-link\">Continuar a ler <span class=\"screen-reader-text\">&#8220;Equipamento de cozinha: pontos-chave para fazer uma escolha acertada&#8221;<\/span><\/a><\/p>\n","protected":false},"author":3,"featured_media":21241,"comment_status":"closed","ping_status":"closed","sticky":false,"template":"","format":"standard","meta":{"footnotes":""},"categories":[122,121],"tags":[464,463],"class_list":["post-22390","post","type-post","status-publish","format-standard","has-post-thumbnail","hentry","category-estilo-de-vida-pt-pt","category-tendencias","tag-cozinhas-de-emuca","tag-equipamento-de-cozinha","entry"],"yoast_head":"<!-- This site is optimized with the Yoast SEO plugin v24.1 - https:\/\/yoast.com\/wordpress\/plugins\/seo\/ -->\n<title>Equipamento de cozinha: pontos-chave para fazer uma escolha acertada<\/title>\n<meta name=\"description\" content=\"A cozinha \u00e9 o cora\u00e7\u00e3o de uma casa, por isso em Emuca mostramos-lhe tudo o que precisa em equipamento de cozinha de ponta.\" \/>\n<meta name=\"robots\" content=\"index, follow, max-snippet:-1, max-image-preview:large, max-video-preview:-1\" \/>\n<link rel=\"canonical\" href=\"https:\/\/blog.emuca.com\/pt-pt\/cat\/tendencias\/equipamento-de-cozinha-pontos-chave-para-fazer-uma-escolha-acertada\/\" \/>\n<meta property=\"og:locale\" content=\"pt_PT\" \/>\n<meta property=\"og:type\" content=\"article\" \/>\n<meta property=\"og:title\" content=\"Equipamento de cozinha: pontos-chave para fazer uma escolha acertada\" \/>\n<meta property=\"og:description\" content=\"A cozinha \u00e9 o cora\u00e7\u00e3o de uma casa, por isso em Emuca mostramos-lhe tudo o que precisa em equipamento de cozinha de ponta.\" \/>\n<meta property=\"og:url\" content=\"https:\/\/blog.emuca.com\/pt-pt\/cat\/tendencias\/equipamento-de-cozinha-pontos-chave-para-fazer-uma-escolha-acertada\/\" \/>\n<meta property=\"og:site_name\" content=\"Emuca blog\" \/>\n<meta property=\"article:publisher\" content=\"https:\/\/www.facebook.com\/EmucaGroup\" \/>\n<meta property=\"article:published_time\" content=\"2021-11-03T12:29:17+00:00\" \/>\n<meta property=\"article:modified_time\" content=\"2022-05-04T09:37:41+00:00\" \/>\n<meta property=\"og:image\" content=\"https:\/\/blog.emuca.com\/wp-content\/uploads\/2021\/08\/Sin-treter1.jpg\" \/>\n\t<meta property=\"og:image:width\" content=\"900\" \/>\n\t<meta property=\"og:image:height\" content=\"500\" \/>\n\t<meta property=\"og:image:type\" content=\"image\/jpeg\" \/>\n<meta name=\"author\" content=\"Jes\u00fas\" \/>\n<meta name=\"twitter:card\" content=\"summary_large_image\" \/>\n<meta name=\"twitter:label1\" content=\"Escrito por\" \/>\n\t<meta name=\"twitter:data1\" content=\"Jes\u00fas\" \/>\n\t<meta name=\"twitter:label2\" content=\"Tempo estimado de leitura\" \/>\n\t<meta name=\"twitter:data2\" content=\"4 minutos\" \/>\n<script type=\"application\/ld+json\" class=\"yoast-schema-graph\">{\"@context\":\"https:\/\/schema.org\",\"@graph\":[{\"@type\":\"Article\",\"@id\":\"https:\/\/blog.emuca.com\/pt-pt\/cat\/tendencias\/equipamento-de-cozinha-pontos-chave-para-fazer-uma-escolha-acertada\/#article\",\"isPartOf\":{\"@id\":\"https:\/\/blog.emuca.com\/pt-pt\/cat\/tendencias\/equipamento-de-cozinha-pontos-chave-para-fazer-uma-escolha-acertada\/\"},\"author\":{\"name\":\"Jes\u00fas\",\"@id\":\"https:\/\/blog.emuca.com\/#\/schema\/person\/e2000aac3322e591b53c90f4a386f893\"},\"headline\":\"Equipamento de cozinha: pontos-chave para fazer uma escolha acertada\",\"datePublished\":\"2021-11-03T12:29:17+00:00\",\"dateModified\":\"2022-05-04T09:37:41+00:00\",\"mainEntityOfPage\":{\"@id\":\"https:\/\/blog.emuca.com\/pt-pt\/cat\/tendencias\/equipamento-de-cozinha-pontos-chave-para-fazer-uma-escolha-acertada\/\"},\"wordCount\":903,\"publisher\":{\"@id\":\"https:\/\/blog.emuca.com\/#organization\"},\"image\":{\"@id\":\"https:\/\/blog.emuca.com\/pt-pt\/cat\/tendencias\/equipamento-de-cozinha-pontos-chave-para-fazer-uma-escolha-acertada\/#primaryimage\"},\"thumbnailUrl\":\"https:\/\/blog.emuca.com\/wp-content\/uploads\/2021\/08\/Sin-treter1.jpg\",\"keywords\":[\"cozinhas de emuca\",\"equipamento de cozinha\"],\"articleSection\":[\"Estilo de vida\",\"Tend\u00eancias\"],\"inLanguage\":\"pt-PT\"},{\"@type\":\"WebPage\",\"@id\":\"https:\/\/blog.emuca.com\/pt-pt\/cat\/tendencias\/equipamento-de-cozinha-pontos-chave-para-fazer-uma-escolha-acertada\/\",\"url\":\"https:\/\/blog.emuca.com\/pt-pt\/cat\/tendencias\/equipamento-de-cozinha-pontos-chave-para-fazer-uma-escolha-acertada\/\",\"name\":\"Equipamento de cozinha: pontos-chave para fazer uma escolha acertada\",\"isPartOf\":{\"@id\":\"https:\/\/blog.emuca.com\/#website\"},\"primaryImageOfPage\":{\"@id\":\"https:\/\/blog.emuca.com\/pt-pt\/cat\/tendencias\/equipamento-de-cozinha-pontos-chave-para-fazer-uma-escolha-acertada\/#primaryimage\"},\"image\":{\"@id\":\"https:\/\/blog.emuca.com\/pt-pt\/cat\/tendencias\/equipamento-de-cozinha-pontos-chave-para-fazer-uma-escolha-acertada\/#primaryimage\"},\"thumbnailUrl\":\"https:\/\/blog.emuca.com\/wp-content\/uploads\/2021\/08\/Sin-treter1.jpg\",\"datePublished\":\"2021-11-03T12:29:17+00:00\",\"dateModified\":\"2022-05-04T09:37:41+00:00\",\"description\":\"A cozinha \u00e9 o cora\u00e7\u00e3o de uma casa, por isso em Emuca mostramos-lhe tudo o que precisa em equipamento de cozinha de ponta.\",\"inLanguage\":\"pt-PT\",\"potentialAction\":[{\"@type\":\"ReadAction\",\"target\":[\"https:\/\/blog.emuca.com\/pt-pt\/cat\/tendencias\/equipamento-de-cozinha-pontos-chave-para-fazer-uma-escolha-acertada\/\"]}]},{\"@type\":\"ImageObject\",\"inLanguage\":\"pt-PT\",\"@id\":\"https:\/\/blog.emuca.com\/pt-pt\/cat\/tendencias\/equipamento-de-cozinha-pontos-chave-para-fazer-uma-escolha-acertada\/#primaryimage\",\"url\":\"https:\/\/blog.emuca.com\/wp-content\/uploads\/2021\/08\/Sin-treter1.jpg\",\"contentUrl\":\"https:\/\/blog.emuca.com\/wp-content\/uploads\/2021\/08\/Sin-treter1.jpg\",\"width\":900,\"height\":500},{\"@type\":\"WebSite\",\"@id\":\"https:\/\/blog.emuca.com\/#website\",\"url\":\"https:\/\/blog.emuca.com\/\",\"name\":\"Emuca blog\",\"description\":\"\",\"publisher\":{\"@id\":\"https:\/\/blog.emuca.com\/#organization\"},\"potentialAction\":[{\"@type\":\"SearchAction\",\"target\":{\"@type\":\"EntryPoint\",\"urlTemplate\":\"https:\/\/blog.emuca.com\/?s={search_term_string}\"},\"query-input\":{\"@type\":\"PropertyValueSpecification\",\"valueRequired\":true,\"valueName\":\"search_term_string\"}}],\"inLanguage\":\"pt-PT\"},{\"@type\":\"Organization\",\"@id\":\"https:\/\/blog.emuca.com\/#organization\",\"name\":\"emuca\",\"url\":\"https:\/\/blog.emuca.com\/\",\"logo\":{\"@type\":\"ImageObject\",\"inLanguage\":\"pt-PT\",\"@id\":\"https:\/\/blog.emuca.com\/#\/schema\/logo\/image\/\",\"url\":\"https:\/\/blog.emuca.com\/wp-content\/uploads\/2024\/05\/cropped-logo-emuca-menu.png\",\"contentUrl\":\"https:\/\/blog.emuca.com\/wp-content\/uploads\/2024\/05\/cropped-logo-emuca-menu.png\",\"width\":190,\"height\":190,\"caption\":\"emuca\"},\"image\":{\"@id\":\"https:\/\/blog.emuca.com\/#\/schema\/logo\/image\/\"},\"sameAs\":[\"https:\/\/www.facebook.com\/EmucaGroup\"]},{\"@type\":\"Person\",\"@id\":\"https:\/\/blog.emuca.com\/#\/schema\/person\/e2000aac3322e591b53c90f4a386f893\",\"name\":\"Jes\u00fas\",\"url\":\"https:\/\/blog.emuca.com\/pt-pt\/cat\/author\/jesus_redactor\/\"}]}<\/script>\n<!-- \/ Yoast SEO plugin. -->","yoast_head_json":{"title":"Equipamento de cozinha: pontos-chave para fazer uma escolha acertada","description":"A cozinha \u00e9 o cora\u00e7\u00e3o de uma casa, por isso em Emuca mostramos-lhe tudo o que precisa em equipamento de cozinha de ponta.","robots":{"index":"index","follow":"follow","max-snippet":"max-snippet:-1","max-image-preview":"max-image-preview:large","max-video-preview":"max-video-preview:-1"},"canonical":"https:\/\/blog.emuca.com\/pt-pt\/cat\/tendencias\/equipamento-de-cozinha-pontos-chave-para-fazer-uma-escolha-acertada\/","og_locale":"pt_PT","og_type":"article","og_title":"Equipamento de cozinha: pontos-chave para fazer uma escolha acertada","og_description":"A cozinha \u00e9 o cora\u00e7\u00e3o de uma casa, por isso em Emuca mostramos-lhe tudo o que precisa em equipamento de cozinha de ponta.","og_url":"https:\/\/blog.emuca.com\/pt-pt\/cat\/tendencias\/equipamento-de-cozinha-pontos-chave-para-fazer-uma-escolha-acertada\/","og_site_name":"Emuca blog","article_publisher":"https:\/\/www.facebook.com\/EmucaGroup","article_published_time":"2021-11-03T12:29:17+00:00","article_modified_time":"2022-05-04T09:37:41+00:00","og_image":[{"width":900,"height":500,"url":"https:\/\/blog.emuca.com\/wp-content\/uploads\/2021\/08\/Sin-treter1.jpg","type":"image\/jpeg"}],"author":"Jes\u00fas","twitter_card":"summary_large_image","twitter_misc":{"Escrito por":"Jes\u00fas","Tempo estimado de leitura":"4 minutos"},"schema":{"@context":"https:\/\/schema.org","@graph":[{"@type":"Article","@id":"https:\/\/blog.emuca.com\/pt-pt\/cat\/tendencias\/equipamento-de-cozinha-pontos-chave-para-fazer-uma-escolha-acertada\/#article","isPartOf":{"@id":"https:\/\/blog.emuca.com\/pt-pt\/cat\/tendencias\/equipamento-de-cozinha-pontos-chave-para-fazer-uma-escolha-acertada\/"},"author":{"name":"Jes\u00fas","@id":"https:\/\/blog.emuca.com\/#\/schema\/person\/e2000aac3322e591b53c90f4a386f893"},"headline":"Equipamento de cozinha: pontos-chave para fazer uma escolha acertada","datePublished":"2021-11-03T12:29:17+00:00","dateModified":"2022-05-04T09:37:41+00:00","mainEntityOfPage":{"@id":"https:\/\/blog.emuca.com\/pt-pt\/cat\/tendencias\/equipamento-de-cozinha-pontos-chave-para-fazer-uma-escolha-acertada\/"},"wordCount":903,"publisher":{"@id":"https:\/\/blog.emuca.com\/#organization"},"image":{"@id":"https:\/\/blog.emuca.com\/pt-pt\/cat\/tendencias\/equipamento-de-cozinha-pontos-chave-para-fazer-uma-escolha-acertada\/#primaryimage"},"thumbnailUrl":"https:\/\/blog.emuca.com\/wp-content\/uploads\/2021\/08\/Sin-treter1.jpg","keywords":["cozinhas de emuca","equipamento de cozinha"],"articleSection":["Estilo de vida","Tend\u00eancias"],"inLanguage":"pt-PT"},{"@type":"WebPage","@id":"https:\/\/blog.emuca.com\/pt-pt\/cat\/tendencias\/equipamento-de-cozinha-pontos-chave-para-fazer-uma-escolha-acertada\/","url":"https:\/\/blog.emuca.com\/pt-pt\/cat\/tendencias\/equipamento-de-cozinha-pontos-chave-para-fazer-uma-escolha-acertada\/","name":"Equipamento de cozinha: pontos-chave para fazer uma escolha acertada","isPartOf":{"@id":"https:\/\/blog.emuca.com\/#website"},"primaryImageOfPage":{"@id":"https:\/\/blog.emuca.com\/pt-pt\/cat\/tendencias\/equipamento-de-cozinha-pontos-chave-para-fazer-uma-escolha-acertada\/#primaryimage"},"image":{"@id":"https:\/\/blog.emuca.com\/pt-pt\/cat\/tendencias\/equipamento-de-cozinha-pontos-chave-para-fazer-uma-escolha-acertada\/#primaryimage"},"thumbnailUrl":"https:\/\/blog.emuca.com\/wp-content\/uploads\/2021\/08\/Sin-treter1.jpg","datePublished":"2021-11-03T12:29:17+00:00","dateModified":"2022-05-04T09:37:41+00:00","description":"A cozinha \u00e9 o cora\u00e7\u00e3o de uma casa, por isso em Emuca mostramos-lhe tudo o que precisa em equipamento de cozinha de ponta.","inLanguage":"pt-PT","potentialAction":[{"@type":"ReadAction","target":["https:\/\/blog.emuca.com\/pt-pt\/cat\/tendencias\/equipamento-de-cozinha-pontos-chave-para-fazer-uma-escolha-acertada\/"]}]},{"@type":"ImageObject","inLanguage":"pt-PT","@id":"https:\/\/blog.emuca.com\/pt-pt\/cat\/tendencias\/equipamento-de-cozinha-pontos-chave-para-fazer-uma-escolha-acertada\/#primaryimage","url":"https:\/\/blog.emuca.com\/wp-content\/uploads\/2021\/08\/Sin-treter1.jpg","contentUrl":"https:\/\/blog.emuca.com\/wp-content\/uploads\/2021\/08\/Sin-treter1.jpg","width":900,"height":500},{"@type":"WebSite","@id":"https:\/\/blog.emuca.com\/#website","url":"https:\/\/blog.emuca.com\/","name":"Emuca blog","description":"","publisher":{"@id":"https:\/\/blog.emuca.com\/#organization"},"potentialAction":[{"@type":"SearchAction","target":{"@type":"EntryPoint","urlTemplate":"https:\/\/blog.emuca.com\/?s={search_term_string}"},"query-input":{"@type":"PropertyValueSpecification","valueRequired":true,"valueName":"search_term_string"}}],"inLanguage":"pt-PT"},{"@type":"Organization","@id":"https:\/\/blog.emuca.com\/#organization","name":"emuca","url":"https:\/\/blog.emuca.com\/","logo":{"@type":"ImageObject","inLanguage":"pt-PT","@id":"https:\/\/blog.emuca.com\/#\/schema\/logo\/image\/","url":"https:\/\/blog.emuca.com\/wp-content\/uploads\/2024\/05\/cropped-logo-emuca-menu.png","contentUrl":"https:\/\/blog.emuca.com\/wp-content\/uploads\/2024\/05\/cropped-logo-emuca-menu.png","width":190,"height":190,"caption":"emuca"},"image":{"@id":"https:\/\/blog.emuca.com\/#\/schema\/logo\/image\/"},"sameAs":["https:\/\/www.facebook.com\/EmucaGroup"]},{"@type":"Person","@id":"https:\/\/blog.emuca.com\/#\/schema\/person\/e2000aac3322e591b53c90f4a386f893","name":"Jes\u00fas","url":"https:\/\/blog.emuca.com\/pt-pt\/cat\/author\/jesus_redactor\/"}]}},"_links":{"self":[{"href":"https:\/\/blog.emuca.com\/pt-pt\/wp-json\/wp\/v2\/posts\/22390"}],"collection":[{"href":"https:\/\/blog.emuca.com\/pt-pt\/wp-json\/wp\/v2\/posts"}],"about":[{"href":"https:\/\/blog.emuca.com\/pt-pt\/wp-json\/wp\/v2\/types\/post"}],"author":[{"embeddable":true,"href":"https:\/\/blog.emuca.com\/pt-pt\/wp-json\/wp\/v2\/users\/3"}],"replies":[{"embeddable":true,"href":"https:\/\/blog.emuca.com\/pt-pt\/wp-json\/wp\/v2\/comments?post=22390"}],"version-history":[{"count":3,"href":"https:\/\/blog.emuca.com\/pt-pt\/wp-json\/wp\/v2\/posts\/22390\/revisions"}],"predecessor-version":[{"id":24903,"href":"https:\/\/blog.emuca.com\/pt-pt\/wp-json\/wp\/v2\/posts\/22390\/revisions\/24903"}],"wp:featuredmedia":[{"embeddable":true,"href":"https:\/\/blog.emuca.com\/pt-pt\/wp-json\/wp\/v2\/media\/21241"}],"wp:attachment":[{"href":"https:\/\/blog.emuca.com\/pt-pt\/wp-json\/wp\/v2\/media?parent=22390"}],"wp:term":[{"taxonomy":"category","embeddable":true,"href":"https:\/\/blog.emuca.com\/pt-pt\/wp-json\/wp\/v2\/categories?post=22390"},{"taxonomy":"post_tag","embeddable":true,"href":"https:\/\/blog.emuca.com\/pt-pt\/wp-json\/wp\/v2\/tags?post=22390"}],"curies":[{"name":"wp","href":"https:\/\/api.w.org\/{rel}","templated":true}]}}