{"id":15361,"date":"2021-03-29T08:38:04","date_gmt":"2021-03-29T06:38:04","guid":{"rendered":"http:\/\/blogs.emuca.com\/nblog\/cat\/sem-categoria\/por-que-as-patas-com-regulacao-para-moveis-sao-tendencia-em-escritorios\/"},"modified":"2021-03-29T08:38:04","modified_gmt":"2021-03-29T06:38:04","slug":"por-que-as-patas-com-regulacao-para-moveis-sao-tendencia-em-escritorios","status":"publish","type":"post","link":"https:\/\/blog.emuca.com\/pt-pt\/cat\/tendencias\/por-que-as-patas-com-regulacao-para-moveis-sao-tendencia-em-escritorios\/","title":{"rendered":"Por qu\u00ea as patas com regula\u00e7\u00e3o para m\u00f3veis s\u00e3o tend\u00eancia em escrit\u00f3rios"},"content":{"rendered":"\t\t<div data-elementor-type=\"wp-post\" data-elementor-id=\"15361\" class=\"elementor elementor-15361 elementor-13909\" data-elementor-post-type=\"post\">\n\t\t\t\t\t\t<section class=\"elementor-section elementor-top-section elementor-element elementor-element-78d09657 elementor-section-boxed elementor-section-height-default elementor-section-height-default\" data-id=\"78d09657\" data-element_type=\"section\">\n\t\t\t\t\t\t<div class=\"elementor-container elementor-column-gap-default\">\n\t\t\t\t\t<div class=\"elementor-column elementor-col-100 elementor-top-column elementor-element elementor-element-7f36cfc4\" data-id=\"7f36cfc4\" data-element_type=\"column\">\n\t\t\t<div class=\"elementor-widget-wrap elementor-element-populated\">\n\t\t\t\t\t\t<div class=\"elementor-element elementor-element-114104c3 elementor-widget elementor-widget-text-editor\" data-id=\"114104c3\" data-element_type=\"widget\" data-widget_type=\"text-editor.default\">\n\t\t\t\t<div class=\"elementor-widget-container\">\n\t\t\t\t\t\t\t<p>Onde mais tempo passamos, em regra geral, \u00e9 no<strong> trabalho<\/strong>. Levantamo-nos, acudimos ao nosso posto, inclusive chegamos a comer ali, e ap\u00f3s finalizar as nossas tarefas regressamos a casa onde ainda vamos acabar de cumprir com o resto de rutinas di\u00e1rias que levamos a cabo. As jornadas de trabalho costumam ser de 8 horas, mas consoante os casos, estas podem chegar a alongar-se muito mais.<\/p>\n<p>Por essa raz\u00e3o, resulta imprescind\u00edvel que <strong>o espa\u00e7o onde se trabalhe seja confort\u00e1vel, ergon\u00f3mico e pr\u00e1tico<\/strong>. E, sem d\u00favida, os seus projectos devem ir focados a conferir todos estos requisitos aos seus clientes.<\/p>\n<p>As <a href=\"https:\/\/www.emuca.pt\/bases\/patas-de-mesa-pt\"><strong>patas com regula\u00e7\u00e3o<\/strong><\/a> tornaram-se num requisito imprescind\u00edvel para os escrit\u00f3rios, dado que permitem, como o seu nome indica, <strong>regular em altura o mobili\u00e1rio<\/strong> para adapt\u00e1-lo \u00e0s necessidades de cada profissional.<\/p>\n<p>Na <a href=\"https:\/\/www.emuca.pt\/\"><strong>Emuca<\/strong><\/a>, como especialistas na comercializa\u00e7\u00e3o de<strong> ferragens<\/strong>, vamos dedicar este artigo a explicar-lhe tudo quanto necessita saber sobre elas. Para que consiga que os seus projectos confiram os m\u00e1ximos benef\u00edcios poss\u00edveis.<\/p>\n\t\t\t\t\t\t<\/div>\n\t\t\t\t<\/div>\n\t\t\t\t<div class=\"elementor-element elementor-element-19f0f22 elementor-widget elementor-widget-spacer\" data-id=\"19f0f22\" data-element_type=\"widget\" data-widget_type=\"spacer.default\">\n\t\t\t\t<div class=\"elementor-widget-container\">\n\t\t\t\t\t<div class=\"elementor-spacer\">\n\t\t\t<div class=\"elementor-spacer-inner\"><\/div>\n\t\t<\/div>\n\t\t\t\t<\/div>\n\t\t\t\t<\/div>\n\t\t\t\t\t<\/div>\n\t\t<\/div>\n\t\t\t\t\t<\/div>\n\t\t<\/section>\n\t\t\t\t<section class=\"elementor-section elementor-top-section elementor-element elementor-element-78a5044 elementor-section-boxed elementor-section-height-default elementor-section-height-default\" data-id=\"78a5044\" data-element_type=\"section\">\n\t\t\t\t\t\t<div class=\"elementor-container elementor-column-gap-default\">\n\t\t\t\t\t<div class=\"elementor-column elementor-col-100 elementor-top-column elementor-element elementor-element-ae5d284\" data-id=\"ae5d284\" data-element_type=\"column\">\n\t\t\t<div class=\"elementor-widget-wrap elementor-element-populated\">\n\t\t\t\t\t\t<div class=\"elementor-element elementor-element-a13fdae elementor-widget elementor-widget-text-editor\" data-id=\"a13fdae\" data-element_type=\"widget\" data-widget_type=\"text-editor.default\">\n\t\t\t\t<div class=\"elementor-widget-container\">\n\t\t\t\t\t\t\t<h2><strong>A nova gera\u00e7\u00e3o de espa\u00e7os de trabalho, como s\u00e3o actualmente?<\/strong><\/h2>\n<p>Com a pandemia do Covid-19 o <strong>teletrabalho <\/strong>tornou-se em algo muito comum e frequente. Inclusive h\u00e1 quem garanta que muitos dos que j\u00e1 iniciaram esta pr\u00e1tica, j\u00e1 n\u00e3o voltar\u00e3o ao seu lugar de trabalho de forma presencial.<\/p>\n<p>Portanto, \u00e9 inevit\u00e1vel assumir que <strong>os espa\u00e7os de trabalho mudaram <\/strong>e que, como profissionais, devemos adaptar-nos \u00e0s novas necessidades e exig\u00eancias dos clientes.<\/p>\n<p>Actualmente,<strong> os postos de trabalho transformaram-se em espa\u00e7os amplos, desimpedidos, ergon\u00f3micos, pr\u00e1ticos, confort\u00e1veis e est\u00e9ticos<\/strong>. E conseguir unificar num s\u00f3 projecto todos estos requisitos, requer de um bom planeamento e conhecimento de todas as op\u00e7\u00f5es que temos dispon\u00edveis.<\/p>\n<p>&nbsp;<\/p>\n<p><em>\u00a0Talvez possam interessar-lhe as <\/em><a href=\"https:\/\/www.emuca.pt\/blog\/cat\/tendencias\/novas-tendencias-em-iluminacao-de-escritorios\/\"><strong><em>Novas tend\u00eancias em ilumina\u00e7\u00e3o de escrit\u00f3rios<\/em><\/strong><\/a><\/p>\n<p>&nbsp;<\/p>\n<p>Por isso, desde a <a href=\"https:\/\/www.emuca.pt\/\"><strong>Emuca <\/strong><\/a>sempre queremos manter-lhe informada\/o de todas as novidades e <strong>ferragens que v\u00e3o criando tend\u00eancia<\/strong> para que possa aplic\u00e1-las nos seus projectos.<\/p>\n\t\t\t\t\t\t<\/div>\n\t\t\t\t<\/div>\n\t\t\t\t<div class=\"elementor-element elementor-element-1ab044e elementor-widget elementor-widget-spacer\" data-id=\"1ab044e\" data-element_type=\"widget\" data-widget_type=\"spacer.default\">\n\t\t\t\t<div class=\"elementor-widget-container\">\n\t\t\t\t\t<div class=\"elementor-spacer\">\n\t\t\t<div class=\"elementor-spacer-inner\"><\/div>\n\t\t<\/div>\n\t\t\t\t<\/div>\n\t\t\t\t<\/div>\n\t\t\t\t<div class=\"elementor-element elementor-element-aa7f951 elementor-widget elementor-widget-html\" data-id=\"aa7f951\" data-element_type=\"widget\" data-widget_type=\"html.default\">\n\t\t\t\t<div class=\"elementor-widget-container\">\n\t\t\t<!--HubSpot Call-to-Action Code --><span class=\"hs-cta-wrapper\" id=\"hs-cta-wrapper-bc48f826-1300-4790-8e1d-d28c71d5c676\"><span class=\"hs-cta-node hs-cta-bc48f826-1300-4790-8e1d-d28c71d5c676\" id=\"hs-cta-bc48f826-1300-4790-8e1d-d28c71d5c676\"><!--[if lte IE 8]><div id=\"hs-cta-ie-element\"><\/div><![endif]--><a href=\"https:\/\/cta-redirect.hubspot.com\/cta\/redirect\/4071763\/bc48f826-1300-4790-8e1d-d28c71d5c676\"  target=\"_blank\" ><img fetchpriority=\"high\" decoding=\"async\" class=\"hs-cta-img\" id=\"hs-cta-img-bc48f826-1300-4790-8e1d-d28c71d5c676\" style=\"border-width:0px;\" height=\"307\" width=\"1137\" src=\"https:\/\/no-cache.hubspot.com\/cta\/default\/4071763\/bc48f826-1300-4790-8e1d-d28c71d5c676.png\"  alt=\"Nueva llamada a la acci\u00f3n\"\/><\/a><\/span><script charset=\"utf-8\" src=\"https:\/\/js.hscta.net\/cta\/current.js\"><\/script><script type=\"text\/javascript\"> hbspt.cta.load(4071763, 'bc48f826-1300-4790-8e1d-d28c71d5c676', {\"region\":\"na1\"}); <\/script><\/span><!-- end HubSpot Call-to-Action Code -->\t\t<\/div>\n\t\t\t\t<\/div>\n\t\t\t\t<div class=\"elementor-element elementor-element-12a70cf elementor-widget elementor-widget-spacer\" data-id=\"12a70cf\" data-element_type=\"widget\" data-widget_type=\"spacer.default\">\n\t\t\t\t<div class=\"elementor-widget-container\">\n\t\t\t\t\t<div class=\"elementor-spacer\">\n\t\t\t<div class=\"elementor-spacer-inner\"><\/div>\n\t\t<\/div>\n\t\t\t\t<\/div>\n\t\t\t\t<\/div>\n\t\t\t\t\t<\/div>\n\t\t<\/div>\n\t\t\t\t\t<\/div>\n\t\t<\/section>\n\t\t\t\t<section class=\"elementor-section elementor-top-section elementor-element elementor-element-f2e1589 elementor-section-boxed elementor-section-height-default elementor-section-height-default\" data-id=\"f2e1589\" data-element_type=\"section\">\n\t\t\t\t\t\t<div class=\"elementor-container elementor-column-gap-default\">\n\t\t\t\t\t<div class=\"elementor-column elementor-col-100 elementor-top-column elementor-element elementor-element-d08f1c7\" data-id=\"d08f1c7\" data-element_type=\"column\">\n\t\t\t<div class=\"elementor-widget-wrap elementor-element-populated\">\n\t\t\t\t\t\t<div class=\"elementor-element elementor-element-bea5613 elementor-widget elementor-widget-text-editor\" data-id=\"bea5613\" data-element_type=\"widget\" data-widget_type=\"text-editor.default\">\n\t\t\t\t<div class=\"elementor-widget-container\">\n\t\t\t\t\t\t\t<h2><strong>\u00bfPor qu\u00ea \u00e9 necess\u00e1rio escolher patas com regula\u00e7\u00e3o para os m\u00f3veis de escrit\u00f3rio?<\/strong><\/h2>\n<p>Cada profiss\u00e3o tem as suas pr\u00f3prias necessidades na hora de poder trabalhar e, consoante o espa\u00e7o de trabalho no qual o fa\u00e7am, ser\u00e3o necess\u00e1rios uns elementos ou outros.<\/p>\n<p>As <a href=\"https:\/\/www.emuca.pt\/bases\/patas-de-mesa-pt\"><strong>patas com regula\u00e7\u00e3o<\/strong><\/a> n\u00e3o s\u00e3o j\u00e1 apenas uma mera quest\u00e3o est\u00e9tica, mas sim o facto de que <strong>melhorar o seu conforto<\/strong> tornou-se agora numa necessidade b\u00e1sica. Nas salas polivalentes, por exemplo, partilham-se espa\u00e7os para trabalhar. Mas, al\u00e9m disso, tamb\u00e9m para descansar. Pelo que incluir mobili\u00e1rio com este <strong>tipo de ferragens<\/strong> pode resultar realmente pr\u00e1ctico. Como por exemplo o nosso modelo de <a href=\"https:\/\/www.emuca.pt\/bases\/patas-de-mesa-pt\/patas-fitwid-pt\/emuca-pata-regulaveis-para-mesa-fitwid\/emuca-para-para-mesa-quadrada-regulaveis-710-730-mm-aluminio-anodizado-mate\"><strong>patas para m\u00f3veis com regula\u00e7\u00e3o Fitwid.<\/strong><\/a><\/p>\n<p>Mas tamb\u00e9m existem determinadas profiss\u00f5es que necessitam <strong>patas telesc\u00f3picas<\/strong> para poder <strong>melhorar o seu ritmo de trabalho,<\/strong> como por exemplo os arquitectos, desenhadores\u2026<\/p>\n<p>Na procura de um lugar de trabalho <strong>confort\u00e1vel, funcional e que se adapte \u00e0s suas necessidades<\/strong>, n\u00e3o pode faltar uma boa combina\u00e7\u00e3o <a href=\"https:\/\/www.emuca.pt\/blog\/cat\/escritorio\/ferragens-para-mobiliario-de-escritorio-consiga-um-lugar-de-trabalho-pratico-e-funcional\/\"><strong>nas ferragens para m\u00f3veis de escrit\u00f3rio <\/strong><\/a>que ir\u00e3o fazer deste o <strong>lugar id\u00f3neo no qual desenvolver a sua actividade profissional.<\/strong><\/p>\n<p><strong>\u00a0<\/strong><\/p>\n<p><em>Talvez possa interessar-lhe tamb\u00e9m <\/em><a href=\"https:\/\/www.emuca.pt\/blog\/cat\/actualidad-pt\/o-que-e-preciso-para-desenhar-um-escritorio-em-casa\/\"><strong><em>Como desenhar um escrit\u00f3rio em casa?<\/em><\/strong><\/a><\/p>\n\t\t\t\t\t\t<\/div>\n\t\t\t\t<\/div>\n\t\t\t\t\t<\/div>\n\t\t<\/div>\n\t\t\t\t\t<\/div>\n\t\t<\/section>\n\t\t\t\t<section class=\"elementor-section elementor-top-section elementor-element elementor-element-0c76994 elementor-section-boxed elementor-section-height-default elementor-section-height-default\" data-id=\"0c76994\" data-element_type=\"section\">\n\t\t\t\t\t\t<div class=\"elementor-container elementor-column-gap-default\">\n\t\t\t\t\t<div class=\"elementor-column elementor-col-100 elementor-top-column elementor-element elementor-element-a3d8197\" data-id=\"a3d8197\" data-element_type=\"column\">\n\t\t\t<div class=\"elementor-widget-wrap elementor-element-populated\">\n\t\t\t\t\t\t<div class=\"elementor-element elementor-element-c4ea770 elementor-widget elementor-widget-spacer\" data-id=\"c4ea770\" data-element_type=\"widget\" data-widget_type=\"spacer.default\">\n\t\t\t\t<div class=\"elementor-widget-container\">\n\t\t\t\t\t<div class=\"elementor-spacer\">\n\t\t\t<div class=\"elementor-spacer-inner\"><\/div>\n\t\t<\/div>\n\t\t\t\t<\/div>\n\t\t\t\t<\/div>\n\t\t\t\t<div class=\"elementor-element elementor-element-e0b8049 elementor-widget elementor-widget-text-editor\" data-id=\"e0b8049\" data-element_type=\"widget\" data-widget_type=\"text-editor.default\">\n\t\t\t\t<div class=\"elementor-widget-container\">\n\t\t\t\t\t\t\t<h2><strong>Tipos de patas com regula\u00e7\u00e3o para m\u00f3veis de escrit\u00f3rio<\/strong><\/h2>\n<p>Existe uma grande variedade de modelos de <strong>patas para m\u00f3veis com regula\u00e7\u00e3o<\/strong> que poder\u00e1 escolher conforme a altura desejada, o tipo de m\u00f3vel, a cor, se \u00e9 fixo ou m\u00f3vel, e a est\u00e9tica que lhe queira dar.<\/p>\n<p>Na <a href=\"https:\/\/www.emuca.pt\/\"><strong>Emuca<\/strong><\/a>, oferecemos-lhe um amplo leque para que possa seleccionar aquilo que melhor se adapte a cada um dos seus desenhos. Como por exemplo, <a href=\"https:\/\/www.emuca.pt\/bases\/patas-de-mesa-pt\/patas-60-pt\/emuca-pata-regulaveis-com-roda-e-travao-d-60-mm\/emuca-pata-para-mesa-d-60-mm-roda-com-travao-regulaveis-735-755-mm-aco-cinza-metalizado\"><strong>a pata com regula\u00e7\u00e3o para mesa de 60 mm,<\/strong><\/a><strong> com roda e trav\u00e3o integrado, em cor cinza metalizado. <\/strong><\/p>\n<p>Ou o <a href=\"https:\/\/www.emuca.pt\/bases\/patas-de-mesa-pt\/patas-60-pt\"><strong>modelo fixo de 60 mm<\/strong><\/a> dispon\u00edvel em diferentes acabamentos.<\/p>\n<p>Conseguir os melhores resultados em todos e cada um dos seus projectos est\u00e1 ao alcance da sua m\u00e3o. J\u00e1 seja incorporando <a href=\"https:\/\/www.emuca.pt\/bases\/patas-de-mesa-pt\"><strong>patas com regula\u00e7\u00e3o<\/strong><\/a> aos m\u00f3veis ou incluindo todo <strong>tipo de ferragens <\/strong>que <strong>consigam melhorar e aumentar a ergonomia e est\u00e9tica de cada espa\u00e7o que estiver a criar.<\/strong><\/p>\n<p>&nbsp;<\/p>\n<p>No final, o seu trabalho est\u00e1 focado em <strong>melhorar a vida dos seus clientes<\/strong>, <strong>oferecer-lhes as melhores solu\u00e7\u00f5es e conseguir que fiquem t\u00e3o satisfeitos<\/strong> que sempre que necessitem alguma coisa, acudam a si.<\/p>\n<p>Por isso <a href=\"https:\/\/www.emuca.pt\/\"><strong>visite o nosso site<\/strong><\/a> e descubra tudo o que temos para lhe oferecer para poder <strong>criar espa\u00e7os inovadores em perfeita sintonia com o conforto e a est\u00e9tica. <\/strong><\/p>\n<p>E, como seria de esperar, se n\u00e3o encontrar aquilo que est\u00e1 \u00e0 procura, n\u00e3o hesite em contactar-nos! Iremos ajudar-lhe a resolver todas as d\u00favidas que possa ter.<\/p>\n\t\t\t\t\t\t<\/div>\n\t\t\t\t<\/div>\n\t\t\t\t\t<\/div>\n\t\t<\/div>\n\t\t\t\t\t<\/div>\n\t\t<\/section>\n\t\t\t\t<\/div>\n\t\t","protected":false},"excerpt":{"rendered":"<p>Onde mais tempo passamos, em regra geral, \u00e9 no trabalho. Levantamo-nos, acudimos ao nosso posto, inclusive chegamos a comer ali, e ap\u00f3s finalizar as nossas tarefas regressamos a casa onde ainda vamos acabar de cumprir com o resto de rutinas di\u00e1rias que levamos a cabo. As jornadas de trabalho costumam ser de 8 horas, mas &hellip; <\/p>\n<p class=\"link-more\"><a href=\"https:\/\/blog.emuca.com\/pt-pt\/cat\/tendencias\/por-que-as-patas-com-regulacao-para-moveis-sao-tendencia-em-escritorios\/\" class=\"more-link\">Continuar a ler <span class=\"screen-reader-text\">&#8220;Por qu\u00ea as patas com regula\u00e7\u00e3o para m\u00f3veis s\u00e3o tend\u00eancia em escrit\u00f3rios&#8221;<\/span><\/a><\/p>\n","protected":false},"author":2,"featured_media":13944,"comment_status":"closed","ping_status":"closed","sticky":false,"template":"","format":"standard","meta":{"footnotes":""},"categories":[121],"tags":[],"class_list":["post-15361","post","type-post","status-publish","format-standard","has-post-thumbnail","hentry","category-tendencias","entry"],"yoast_head":"<!-- This site is optimized with the Yoast SEO plugin v24.1 - https:\/\/yoast.com\/wordpress\/plugins\/seo\/ -->\n<title>Pernas ajust\u00e1veis, a \u00faltima tend\u00eancia em escrit\u00f3rios | Emuca<\/title>\n<meta name=\"description\" content=\"Descubra as melhores tend\u00eancias ao incorporar pernas ajust\u00e1veis \u200b\u200bao seu mobili\u00e1rio de escrit\u00f3rio e torn\u00e1-lo um espa\u00e7o diferente\" \/>\n<meta name=\"robots\" content=\"index, follow, max-snippet:-1, max-image-preview:large, max-video-preview:-1\" \/>\n<link rel=\"canonical\" href=\"https:\/\/blog.emuca.com\/pt-pt\/cat\/tendencias\/por-que-as-patas-com-regulacao-para-moveis-sao-tendencia-em-escritorios\/\" \/>\n<meta property=\"og:locale\" content=\"pt_PT\" \/>\n<meta property=\"og:type\" content=\"article\" \/>\n<meta property=\"og:title\" content=\"Pernas ajust\u00e1veis, a \u00faltima tend\u00eancia em escrit\u00f3rios | Emuca\" \/>\n<meta property=\"og:description\" content=\"Descubra as melhores tend\u00eancias ao incorporar pernas ajust\u00e1veis \u200b\u200bao seu mobili\u00e1rio de escrit\u00f3rio e torn\u00e1-lo um espa\u00e7o diferente\" \/>\n<meta property=\"og:url\" content=\"https:\/\/blog.emuca.com\/pt-pt\/cat\/tendencias\/por-que-as-patas-com-regulacao-para-moveis-sao-tendencia-em-escritorios\/\" \/>\n<meta property=\"og:site_name\" content=\"Emuca blog\" \/>\n<meta property=\"article:publisher\" content=\"https:\/\/www.facebook.com\/EmucaGroup\" \/>\n<meta property=\"article:published_time\" content=\"2021-03-29T06:38:04+00:00\" \/>\n<meta property=\"og:image\" content=\"https:\/\/blog.emuca.com\/wp-content\/uploads\/2021\/02\/EMUCA_HEADE-BLOG-1-copia-2.png\" \/>\n\t<meta property=\"og:image:width\" content=\"900\" \/>\n\t<meta property=\"og:image:height\" content=\"500\" \/>\n\t<meta property=\"og:image:type\" content=\"image\/png\" \/>\n<meta name=\"author\" content=\"Emuca\" \/>\n<meta name=\"twitter:card\" content=\"summary_large_image\" \/>\n<meta name=\"twitter:label1\" content=\"Escrito por\" \/>\n\t<meta name=\"twitter:data1\" content=\"Emuca\" \/>\n\t<meta name=\"twitter:label2\" content=\"Tempo estimado de leitura\" \/>\n\t<meta name=\"twitter:data2\" content=\"4 minutos\" \/>\n<script type=\"application\/ld+json\" class=\"yoast-schema-graph\">{\"@context\":\"https:\/\/schema.org\",\"@graph\":[{\"@type\":\"Article\",\"@id\":\"https:\/\/blog.emuca.com\/pt-pt\/cat\/tendencias\/por-que-as-patas-com-regulacao-para-moveis-sao-tendencia-em-escritorios\/#article\",\"isPartOf\":{\"@id\":\"https:\/\/blog.emuca.com\/pt-pt\/cat\/tendencias\/por-que-as-patas-com-regulacao-para-moveis-sao-tendencia-em-escritorios\/\"},\"author\":{\"name\":\"Emuca\",\"@id\":\"https:\/\/blog.emuca.com\/#\/schema\/person\/81560ca037d9c1ed19744a85ef9cbe2a\"},\"headline\":\"Por qu\u00ea as patas com regula\u00e7\u00e3o para m\u00f3veis s\u00e3o tend\u00eancia em escrit\u00f3rios\",\"datePublished\":\"2021-03-29T06:38:04+00:00\",\"dateModified\":\"2021-03-29T06:38:04+00:00\",\"mainEntityOfPage\":{\"@id\":\"https:\/\/blog.emuca.com\/pt-pt\/cat\/tendencias\/por-que-as-patas-com-regulacao-para-moveis-sao-tendencia-em-escritorios\/\"},\"wordCount\":836,\"publisher\":{\"@id\":\"https:\/\/blog.emuca.com\/#organization\"},\"image\":{\"@id\":\"https:\/\/blog.emuca.com\/pt-pt\/cat\/tendencias\/por-que-as-patas-com-regulacao-para-moveis-sao-tendencia-em-escritorios\/#primaryimage\"},\"thumbnailUrl\":\"https:\/\/blog.emuca.com\/wp-content\/uploads\/2021\/02\/EMUCA_HEADE-BLOG-1-copia-2.png\",\"articleSection\":[\"Tend\u00eancias\"],\"inLanguage\":\"pt-PT\"},{\"@type\":\"WebPage\",\"@id\":\"https:\/\/blog.emuca.com\/pt-pt\/cat\/tendencias\/por-que-as-patas-com-regulacao-para-moveis-sao-tendencia-em-escritorios\/\",\"url\":\"https:\/\/blog.emuca.com\/pt-pt\/cat\/tendencias\/por-que-as-patas-com-regulacao-para-moveis-sao-tendencia-em-escritorios\/\",\"name\":\"Pernas ajust\u00e1veis, a \u00faltima tend\u00eancia em escrit\u00f3rios | Emuca\",\"isPartOf\":{\"@id\":\"https:\/\/blog.emuca.com\/#website\"},\"primaryImageOfPage\":{\"@id\":\"https:\/\/blog.emuca.com\/pt-pt\/cat\/tendencias\/por-que-as-patas-com-regulacao-para-moveis-sao-tendencia-em-escritorios\/#primaryimage\"},\"image\":{\"@id\":\"https:\/\/blog.emuca.com\/pt-pt\/cat\/tendencias\/por-que-as-patas-com-regulacao-para-moveis-sao-tendencia-em-escritorios\/#primaryimage\"},\"thumbnailUrl\":\"https:\/\/blog.emuca.com\/wp-content\/uploads\/2021\/02\/EMUCA_HEADE-BLOG-1-copia-2.png\",\"datePublished\":\"2021-03-29T06:38:04+00:00\",\"dateModified\":\"2021-03-29T06:38:04+00:00\",\"description\":\"Descubra as melhores tend\u00eancias ao incorporar pernas ajust\u00e1veis \u200b\u200bao seu mobili\u00e1rio de escrit\u00f3rio e torn\u00e1-lo um espa\u00e7o diferente\",\"inLanguage\":\"pt-PT\",\"potentialAction\":[{\"@type\":\"ReadAction\",\"target\":[\"https:\/\/blog.emuca.com\/pt-pt\/cat\/tendencias\/por-que-as-patas-com-regulacao-para-moveis-sao-tendencia-em-escritorios\/\"]}]},{\"@type\":\"ImageObject\",\"inLanguage\":\"pt-PT\",\"@id\":\"https:\/\/blog.emuca.com\/pt-pt\/cat\/tendencias\/por-que-as-patas-com-regulacao-para-moveis-sao-tendencia-em-escritorios\/#primaryimage\",\"url\":\"https:\/\/blog.emuca.com\/wp-content\/uploads\/2021\/02\/EMUCA_HEADE-BLOG-1-copia-2.png\",\"contentUrl\":\"https:\/\/blog.emuca.com\/wp-content\/uploads\/2021\/02\/EMUCA_HEADE-BLOG-1-copia-2.png\",\"width\":900,\"height\":500,\"caption\":\"Por qu\u00e9 las patas regulables para muebles son tendencia en oficinas\"},{\"@type\":\"WebSite\",\"@id\":\"https:\/\/blog.emuca.com\/#website\",\"url\":\"https:\/\/blog.emuca.com\/\",\"name\":\"Emuca blog\",\"description\":\"\",\"publisher\":{\"@id\":\"https:\/\/blog.emuca.com\/#organization\"},\"potentialAction\":[{\"@type\":\"SearchAction\",\"target\":{\"@type\":\"EntryPoint\",\"urlTemplate\":\"https:\/\/blog.emuca.com\/?s={search_term_string}\"},\"query-input\":{\"@type\":\"PropertyValueSpecification\",\"valueRequired\":true,\"valueName\":\"search_term_string\"}}],\"inLanguage\":\"pt-PT\"},{\"@type\":\"Organization\",\"@id\":\"https:\/\/blog.emuca.com\/#organization\",\"name\":\"emuca\",\"url\":\"https:\/\/blog.emuca.com\/\",\"logo\":{\"@type\":\"ImageObject\",\"inLanguage\":\"pt-PT\",\"@id\":\"https:\/\/blog.emuca.com\/#\/schema\/logo\/image\/\",\"url\":\"https:\/\/blog.emuca.com\/wp-content\/uploads\/2024\/05\/cropped-logo-emuca-menu.png\",\"contentUrl\":\"https:\/\/blog.emuca.com\/wp-content\/uploads\/2024\/05\/cropped-logo-emuca-menu.png\",\"width\":190,\"height\":190,\"caption\":\"emuca\"},\"image\":{\"@id\":\"https:\/\/blog.emuca.com\/#\/schema\/logo\/image\/\"},\"sameAs\":[\"https:\/\/www.facebook.com\/EmucaGroup\"]},{\"@type\":\"Person\",\"@id\":\"https:\/\/blog.emuca.com\/#\/schema\/person\/81560ca037d9c1ed19744a85ef9cbe2a\",\"name\":\"Emuca\",\"url\":\"https:\/\/blog.emuca.com\/pt-pt\/cat\/author\/emuca\/\"}]}<\/script>\n<!-- \/ Yoast SEO plugin. -->","yoast_head_json":{"title":"Pernas ajust\u00e1veis, a \u00faltima tend\u00eancia em escrit\u00f3rios | Emuca","description":"Descubra as melhores tend\u00eancias ao incorporar pernas ajust\u00e1veis \u200b\u200bao seu mobili\u00e1rio de escrit\u00f3rio e torn\u00e1-lo um espa\u00e7o diferente","robots":{"index":"index","follow":"follow","max-snippet":"max-snippet:-1","max-image-preview":"max-image-preview:large","max-video-preview":"max-video-preview:-1"},"canonical":"https:\/\/blog.emuca.com\/pt-pt\/cat\/tendencias\/por-que-as-patas-com-regulacao-para-moveis-sao-tendencia-em-escritorios\/","og_locale":"pt_PT","og_type":"article","og_title":"Pernas ajust\u00e1veis, a \u00faltima tend\u00eancia em escrit\u00f3rios | Emuca","og_description":"Descubra as melhores tend\u00eancias ao incorporar pernas ajust\u00e1veis \u200b\u200bao seu mobili\u00e1rio de escrit\u00f3rio e torn\u00e1-lo um espa\u00e7o diferente","og_url":"https:\/\/blog.emuca.com\/pt-pt\/cat\/tendencias\/por-que-as-patas-com-regulacao-para-moveis-sao-tendencia-em-escritorios\/","og_site_name":"Emuca blog","article_publisher":"https:\/\/www.facebook.com\/EmucaGroup","article_published_time":"2021-03-29T06:38:04+00:00","og_image":[{"width":900,"height":500,"url":"https:\/\/blog.emuca.com\/wp-content\/uploads\/2021\/02\/EMUCA_HEADE-BLOG-1-copia-2.png","type":"image\/png"}],"author":"Emuca","twitter_card":"summary_large_image","twitter_misc":{"Escrito por":"Emuca","Tempo estimado de leitura":"4 minutos"},"schema":{"@context":"https:\/\/schema.org","@graph":[{"@type":"Article","@id":"https:\/\/blog.emuca.com\/pt-pt\/cat\/tendencias\/por-que-as-patas-com-regulacao-para-moveis-sao-tendencia-em-escritorios\/#article","isPartOf":{"@id":"https:\/\/blog.emuca.com\/pt-pt\/cat\/tendencias\/por-que-as-patas-com-regulacao-para-moveis-sao-tendencia-em-escritorios\/"},"author":{"name":"Emuca","@id":"https:\/\/blog.emuca.com\/#\/schema\/person\/81560ca037d9c1ed19744a85ef9cbe2a"},"headline":"Por qu\u00ea as patas com regula\u00e7\u00e3o para m\u00f3veis s\u00e3o tend\u00eancia em escrit\u00f3rios","datePublished":"2021-03-29T06:38:04+00:00","dateModified":"2021-03-29T06:38:04+00:00","mainEntityOfPage":{"@id":"https:\/\/blog.emuca.com\/pt-pt\/cat\/tendencias\/por-que-as-patas-com-regulacao-para-moveis-sao-tendencia-em-escritorios\/"},"wordCount":836,"publisher":{"@id":"https:\/\/blog.emuca.com\/#organization"},"image":{"@id":"https:\/\/blog.emuca.com\/pt-pt\/cat\/tendencias\/por-que-as-patas-com-regulacao-para-moveis-sao-tendencia-em-escritorios\/#primaryimage"},"thumbnailUrl":"https:\/\/blog.emuca.com\/wp-content\/uploads\/2021\/02\/EMUCA_HEADE-BLOG-1-copia-2.png","articleSection":["Tend\u00eancias"],"inLanguage":"pt-PT"},{"@type":"WebPage","@id":"https:\/\/blog.emuca.com\/pt-pt\/cat\/tendencias\/por-que-as-patas-com-regulacao-para-moveis-sao-tendencia-em-escritorios\/","url":"https:\/\/blog.emuca.com\/pt-pt\/cat\/tendencias\/por-que-as-patas-com-regulacao-para-moveis-sao-tendencia-em-escritorios\/","name":"Pernas ajust\u00e1veis, a \u00faltima tend\u00eancia em escrit\u00f3rios | Emuca","isPartOf":{"@id":"https:\/\/blog.emuca.com\/#website"},"primaryImageOfPage":{"@id":"https:\/\/blog.emuca.com\/pt-pt\/cat\/tendencias\/por-que-as-patas-com-regulacao-para-moveis-sao-tendencia-em-escritorios\/#primaryimage"},"image":{"@id":"https:\/\/blog.emuca.com\/pt-pt\/cat\/tendencias\/por-que-as-patas-com-regulacao-para-moveis-sao-tendencia-em-escritorios\/#primaryimage"},"thumbnailUrl":"https:\/\/blog.emuca.com\/wp-content\/uploads\/2021\/02\/EMUCA_HEADE-BLOG-1-copia-2.png","datePublished":"2021-03-29T06:38:04+00:00","dateModified":"2021-03-29T06:38:04+00:00","description":"Descubra as melhores tend\u00eancias ao incorporar pernas ajust\u00e1veis \u200b\u200bao seu mobili\u00e1rio de escrit\u00f3rio e torn\u00e1-lo um espa\u00e7o diferente","inLanguage":"pt-PT","potentialAction":[{"@type":"ReadAction","target":["https:\/\/blog.emuca.com\/pt-pt\/cat\/tendencias\/por-que-as-patas-com-regulacao-para-moveis-sao-tendencia-em-escritorios\/"]}]},{"@type":"ImageObject","inLanguage":"pt-PT","@id":"https:\/\/blog.emuca.com\/pt-pt\/cat\/tendencias\/por-que-as-patas-com-regulacao-para-moveis-sao-tendencia-em-escritorios\/#primaryimage","url":"https:\/\/blog.emuca.com\/wp-content\/uploads\/2021\/02\/EMUCA_HEADE-BLOG-1-copia-2.png","contentUrl":"https:\/\/blog.emuca.com\/wp-content\/uploads\/2021\/02\/EMUCA_HEADE-BLOG-1-copia-2.png","width":900,"height":500,"caption":"Por qu\u00e9 las patas regulables para muebles son tendencia en oficinas"},{"@type":"WebSite","@id":"https:\/\/blog.emuca.com\/#website","url":"https:\/\/blog.emuca.com\/","name":"Emuca blog","description":"","publisher":{"@id":"https:\/\/blog.emuca.com\/#organization"},"potentialAction":[{"@type":"SearchAction","target":{"@type":"EntryPoint","urlTemplate":"https:\/\/blog.emuca.com\/?s={search_term_string}"},"query-input":{"@type":"PropertyValueSpecification","valueRequired":true,"valueName":"search_term_string"}}],"inLanguage":"pt-PT"},{"@type":"Organization","@id":"https:\/\/blog.emuca.com\/#organization","name":"emuca","url":"https:\/\/blog.emuca.com\/","logo":{"@type":"ImageObject","inLanguage":"pt-PT","@id":"https:\/\/blog.emuca.com\/#\/schema\/logo\/image\/","url":"https:\/\/blog.emuca.com\/wp-content\/uploads\/2024\/05\/cropped-logo-emuca-menu.png","contentUrl":"https:\/\/blog.emuca.com\/wp-content\/uploads\/2024\/05\/cropped-logo-emuca-menu.png","width":190,"height":190,"caption":"emuca"},"image":{"@id":"https:\/\/blog.emuca.com\/#\/schema\/logo\/image\/"},"sameAs":["https:\/\/www.facebook.com\/EmucaGroup"]},{"@type":"Person","@id":"https:\/\/blog.emuca.com\/#\/schema\/person\/81560ca037d9c1ed19744a85ef9cbe2a","name":"Emuca","url":"https:\/\/blog.emuca.com\/pt-pt\/cat\/author\/emuca\/"}]}},"_links":{"self":[{"href":"https:\/\/blog.emuca.com\/pt-pt\/wp-json\/wp\/v2\/posts\/15361"}],"collection":[{"href":"https:\/\/blog.emuca.com\/pt-pt\/wp-json\/wp\/v2\/posts"}],"about":[{"href":"https:\/\/blog.emuca.com\/pt-pt\/wp-json\/wp\/v2\/types\/post"}],"author":[{"embeddable":true,"href":"https:\/\/blog.emuca.com\/pt-pt\/wp-json\/wp\/v2\/users\/2"}],"replies":[{"embeddable":true,"href":"https:\/\/blog.emuca.com\/pt-pt\/wp-json\/wp\/v2\/comments?post=15361"}],"version-history":[{"count":1,"href":"https:\/\/blog.emuca.com\/pt-pt\/wp-json\/wp\/v2\/posts\/15361\/revisions"}],"predecessor-version":[{"id":15362,"href":"https:\/\/blog.emuca.com\/pt-pt\/wp-json\/wp\/v2\/posts\/15361\/revisions\/15362"}],"wp:featuredmedia":[{"embeddable":true,"href":"https:\/\/blog.emuca.com\/pt-pt\/wp-json\/wp\/v2\/media\/13944"}],"wp:attachment":[{"href":"https:\/\/blog.emuca.com\/pt-pt\/wp-json\/wp\/v2\/media?parent=15361"}],"wp:term":[{"taxonomy":"category","embeddable":true,"href":"https:\/\/blog.emuca.com\/pt-pt\/wp-json\/wp\/v2\/categories?post=15361"},{"taxonomy":"post_tag","embeddable":true,"href":"https:\/\/blog.emuca.com\/pt-pt\/wp-json\/wp\/v2\/tags?post=15361"}],"curies":[{"name":"wp","href":"https:\/\/api.w.org\/{rel}","templated":true}]}}