{"id":7110,"date":"2020-08-13T11:30:22","date_gmt":"2020-08-13T09:30:22","guid":{"rendered":"http:\/\/blogs.emuca.com\/nblog\/cat\/bez-kategorii\/najnowsze-trendy-w-dziedzinie-oswietlenia-led-w-produkcji-szaf\/"},"modified":"2020-08-13T11:33:21","modified_gmt":"2020-08-13T09:33:21","slug":"najnowsze-trendy-w-dziedzinie-oswietlenia-led-w-produkcji-szaf","status":"publish","type":"post","link":"https:\/\/blog.emuca.com\/pl\/cat\/trendy\/najnowsze-trendy-w-dziedzinie-oswietlenia-led-w-produkcji-szaf\/","title":{"rendered":"Najnowsze trendy w dziedzinie o\u015bwietlenia LED w produkcji szaf"},"content":{"rendered":"\t\t<div data-elementor-type=\"wp-post\" data-elementor-id=\"7110\" class=\"elementor elementor-7110 elementor-5844\">\n\t\t\t\t\t\t<section class=\"elementor-section elementor-top-section elementor-element elementor-element-59f759b1 elementor-section-boxed elementor-section-height-default elementor-section-height-default\" data-id=\"59f759b1\" data-element_type=\"section\" data-e-type=\"section\">\n\t\t\t\t\t\t<div class=\"elementor-container elementor-column-gap-default\">\n\t\t\t\t\t<div class=\"elementor-column elementor-col-100 elementor-top-column elementor-element elementor-element-43f3434b\" data-id=\"43f3434b\" data-element_type=\"column\" data-e-type=\"column\">\n\t\t\t<div class=\"elementor-widget-wrap elementor-element-populated\">\n\t\t\t\t\t\t<div class=\"elementor-element elementor-element-262538b5 elementor-widget elementor-widget-text-editor\" data-id=\"262538b5\" data-element_type=\"widget\" data-e-type=\"widget\" data-widget_type=\"text-editor.default\">\n\t\t\t\t<div class=\"elementor-widget-container\">\n\t\t\t\t\t\t\t\t\t<p>Dzisiaj klienci nie szukaj\u0105 ju\u017c tylko <strong>wysokiej jako\u015bci szafy<\/strong>, kt\u00f3rej wymiary pozwol\u0105 im pomie\u015bci\u0107 wszystko, czego potrzebuj\u0105 i\u00a0utrzyma\u0107 porz\u0105dek w\u00a0 domu. Dzisiaj liczy si\u0119 przede wszystkim <strong>wygoda i\u00a0komfort <\/strong>codziennego <strong>u\u017cytkowania<\/strong>. Dlatego<a href=\"https:\/\/www.emuca.pl\/katalog\/przybory\/lighting\"> <strong>zastosowanie<\/strong> o\u015bwietlenia <strong>led<\/strong><\/a> do o\u015bwietlenia wn\u0119trza mebli staje si\u0119 wymogiem, na pomini\u0119cie kt\u00f3rego <strong>meblarstwo<\/strong> nie mo\u017ce sobie pozwoli\u0107<strong>.<\/strong><\/p>\n<p>&nbsp;<\/p>\n<h2><strong>Systemy LED \u2013 najlepsze rozwi\u0105zanie w dziedzinie o\u015bwietlenia szaf<\/strong><\/h2>\n<p>Jeszcze kilka lat temu nikt by nie pomy\u015bla\u0142, \u017ce mo\u017ce mie\u0107 szaf\u0119 lub prost\u0105 szuflad\u0119 ze \u015bwiat\u0142em wewn\u0105trz. Dzisiaj natomiast <strong>o\u015bwietlenie szaf<\/strong> wpisa\u0142o si\u0119 na sta\u0142e w\u00a0projektowanie mebli. Jego g\u0142\u00f3wnym celem jest <strong>u\u0142atwienie u\u017cytkownikowi<\/strong> wykonywania prostych codziennych czynno\u015bci, w\u00a0tym poszukiwania ubra\u0144, kt\u00f3re chce za\u0142o\u017cy\u0107. Dlatego projektanci szukaj\u0105 rozwi\u0105za\u0144 prostych, wygodnych i\u00a0atrakcyjnych.<\/p>\n<p>Poza tym trzeba zauwa\u017cy\u0107, \u017ce<a href=\"https:\/\/www.emuca.pl\/katalog\/przybory\/lighting\"> <strong>Instalacja opraw<\/strong><\/a> w\u00a0dolnej partii szafy podkre\u015bla pi\u0119kno drewna i\u00a0samego projektu szafy. A\u00a0zatem dodatkowo <strong>poprawia og\u00f3lny klimat<\/strong> pokoju, w\u00a0kt\u00f3rym stoi szafa.<\/p>\n<p>O\u015bwietlenie mebli lampkami LED jest najlepszym rozwi\u0105zaniem, poniewa\u017c pozwala zintegrowa\u0107 je z\u00a0konstrukcj\u0105 szafy, a poza tym jest to rozwi\u0105zanie ekologiczne. O\u015bwietlenie LED zu\u017cywa o\u00a0<strong>80% mniej energii<\/strong>,a\u00a0jego okres u\u017cytkowania wynosi oko\u0142o 20\u00a0lat. Jego instalacja nie zatem bardzo droga, wr\u0119cz przeciwnie, jest bardzo korzystna.<\/p>\n<p>&nbsp;<\/p>\n<h2><strong>Najnowsze wiadomo\u015bci o systemach LED w meblarstwie<\/strong><\/h2>\n<p>Najnowsze <strong>trendy o\u015bwietleniowe<\/strong> przynosz\u0105 r\u00f3\u017cne systemy LED, kt\u00f3re dzia\u0142aj\u0105 wydajnie jako<a href=\"https:\/\/www.emuca.pl\/katalog\/przybory\/lighting\/spot-led\"><strong> punkt \u015bwietlny e<\/strong><\/a>wewn\u0105trz szafy. Wyb\u00f3r konkretnego systemu zale\u017ce\u0107 b\u0119dzie od <strong>w\u0142a\u015bciwo\u015bci samego mebla<\/strong>, czyli jego rozmiar\u00f3w, obecno\u015bci szuflad, p\u00f3\u0142ek oraz od sposobu jego wykorzystywania na co dzie\u0144.<\/p>\n<p>Np.<a href=\"https:\/\/www.emuca.pl\/katalog\/przybory\/lighting\/strip-led\"> <strong>Dr\u0105\u017cki LED<\/strong><\/a> z czujnikami w\u0142\u0105czaj\u0105 si\u0119 po otwarciu drzwi szafy lub szuflady lub po wykryciu ruchu r\u0119k\u0105. Je\u017celi chcemy unikn\u0105\u0107 wykonywania instalacji elektrycznej lub nie mo\u017cemy jej za\u0142o\u017cy\u0107 ze wzgl\u0119du na miejsce, w\u00a0kt\u00f3rym stoi szafa, mo\u017cemy skorzysta\u0107 z\u00a0modeli zasilanych na baterie. Wszystkie modele wyr\u00f3\u017cniaj\u0105 si\u0119 <strong>wysokim nat\u0119\u017ceniem \u015bwiat\u0142a<\/strong>.<\/p>\n<p><b>\u00a0<\/b><\/p>\n<p><img fetchpriority=\"high\" decoding=\"async\" style=\"margin-top: 0px;\" src=\"http:\/\/blogs.emuca.com\/blog\/wp-content\/uploads\/2020\/07\/Dise%C3%B1o-sin-t%C3%ADtulo-8.png\" alt=\"iluminacion led\" width=\"750\" height=\"300\" \/><\/p>\n<p>Tak\u017ce<a href=\"https:\/\/www.emuca.pl\/katalog\/przybory\/lighting\/spot-led\"> <strong>reflektor LED<\/strong><\/a> mo\u017ce by\u0107 wyposa\u017cony w\u00a0czujnik ruchu. Wyr\u00f3\u017cnia go tak\u017ce mo\u017cliwo\u015b\u0107 skupienia \u015bwiat\u0142a, co pomaga do\u015bwietli\u0107 wybran\u0105 przestrze\u0144 w\u00a0\u015brodku mebla z\u00a0powod\u00f3w funkcjonalnych lub estetycznych. Jedn\u0105 z\u00a0ogromnych zalet reflektor\u00f3w jest mo\u017cliwo\u015b\u0107 ich <strong>autonomicznego stosowania<\/strong>, dlatego s\u0105 przydatne, gdy chcemy o\u015bwietli\u0107 jedn\u0105 szuflad\u0119 lub jedn\u0105 p\u00f3\u0142k\u0119 w\u00a0czasie poszukiwa\u0144 konkretnych rzeczy.<\/p>\n<p>We wszystkich przypadkach <a href=\"https:\/\/www.emuca.pl\/katalog\/przybory\/lighting\">\u00a0<strong>systemy LED<\/strong><\/a> <strong><u>stosowane do o\u015bwietlenia<\/u><\/strong> wn\u0119trza szafy charakteryzuje mo\u017cliwo\u015b\u0107 dostosowania do wszystkich rodzaj\u00f3w mebli, a\u00a0tak\u017ce przede wszystkim niskie zu\u017cycie energii. W\u0142\u0105czenie <strong>czujnik\u00f3w ruchu<\/strong> i\u00a0o\u015bwietlenia zewn\u0119trznego to wa\u017cny czynnik zapewniaj\u0105cy minimalne zu\u017cycie energii elektrycznej, wy\u0142\u0105cznie na niezb\u0119dnym poziomie.<\/p>\n<h2><\/h2>\n<h2><strong>Do eleganckiego i stylowego o\u015bwietlenia<\/strong><\/h2>\n<p>O\u015bwietlenie mebli nie musi by\u0107 rozwi\u0105zaniem wy\u0142\u0105cznie funkcjonalnym. To oczywiste, \u017ce szafy z\u00a0o\u015bwietleniem wewn\u0119trznym s\u0105 <strong>du\u017co wygodniejsze<\/strong>, gdy wykonujemy takie czynno\u015bci, jak chowanie ubra\u0144 lub szukanie konkretnego stroju, ale nie mo\u017cemy <strong>zapomina\u0107 o\u00a0estetyce<\/strong>, gdy opracowujemy projekt tego rodzaju o\u015bwietlenia.<\/p>\n<p>&nbsp;<\/p>\n<p>O\u015bwietlenie szafy jest doskona\u0142ym sprzymierze\u0144cem u\u017cytkownika, kt\u00f3ry chce unowocze\u015bni\u0107 szaf\u0119, a\u00a0jednocze\u015bnie my\u015bli o\u00a0jej elegancji i\u00a0stylu. Bardzo wa\u017cne jest, aby oceni\u0107 wp\u0142yw \u015bwiat\u0142a wewn\u0119trznego na estetyk\u0119 mebli, gdy\u017c \u015bwiat\u0142o pozwala zobaczy\u0107 ich zawarto\u015b\u0107. Trzeba te\u017c pami\u0119ta\u0107, \u017ce drewno jest jednym z\u00a0materia\u0142\u00f3w, kt\u00f3ry kojarzy si\u0119 silnie z\u00a0ciep\u0142em i\u00a0atmosfer\u0105 domowego ogniska, a\u00a0\u015bwiat\u0142o pomaga uwypukli\u0107 te cechy, dzi\u0119ki czemu szafy staj\u0105 si\u0119 wygodn\u0105 i\u00a0przytuln\u0105 przestrzeni\u0105 dla ich u\u017cytkownik\u00f3w.<\/p>\n<div>\u00a0<img decoding=\"async\" src=\"http:\/\/blogs.emuca.com\/blog\/wp-content\/uploads\/2020\/07\/Dise%C3%B1o-sin-t%C3%ADtulo-7.png\" alt=\"\" width=\"750\" height=\"300\" \/><\/div>\n\t\t\t\t\t\t\t\t<\/div>\n\t\t\t\t<\/div>\n\t\t\t\t<div class=\"elementor-element elementor-element-4006fd3 elementor-align-center elementor-widget elementor-widget-button\" data-id=\"4006fd3\" data-element_type=\"widget\" data-e-type=\"widget\" data-widget_type=\"button.default\">\n\t\t\t\t<div class=\"elementor-widget-container\">\n\t\t\t\t\t\t\t\t\t<div class=\"elementor-button-wrapper\">\n\t\t\t\t\t<a class=\"elementor-button elementor-button-link elementor-size-sm\" href=\"https:\/\/www.emuca.pl\/katalog\/przybory\/lighting\">\n\t\t\t\t\t\t<span class=\"elementor-button-content-wrapper\">\n\t\t\t\t\t\t\t\t\t<span class=\"elementor-button-text\">Zobacs produkt<\/span>\n\t\t\t\t\t<\/span>\n\t\t\t\t\t<\/a>\n\t\t\t\t<\/div>\n\t\t\t\t\t\t\t\t<\/div>\n\t\t\t\t<\/div>\n\t\t\t\t<div class=\"elementor-element elementor-element-348b80a elementor-widget elementor-widget-text-editor\" data-id=\"348b80a\" data-element_type=\"widget\" data-e-type=\"widget\" data-widget_type=\"text-editor.default\">\n\t\t\t\t<div class=\"elementor-widget-container\">\n\t\t\t\t\t\t\t\t\t<h2><strong>Rodzaje system\u00f3w LED stosowane w\u00a0produkcji szaf<\/strong><\/h2>\n<p>Wykorzystanie nowych trend\u00f3w o\u015bwietleniowych w\u00a0produkcji szaf pozwala zastosowa\u0107 r\u00f3\u017cnego rodzaju systemy LED do o\u015bwietlenia wn\u0119trza szaf.<\/p>\n<p>Lampki LED z\u00a0mocowaniem na magnes przyczepia si\u0119 w\u00a0dowolnym miejscu na wewn\u0119trznych \u015bcianach szafy. Po prostu przyciska si\u0119 r\u0119k\u0105; dysponujemy takimi lampkami na baterie i\u00a0akumulatorkami. To najlepsze rozwi\u0105zanie, je\u015bli szukasz o\u015bwietlenia punktowego i\u00a0ekonomicznego.<\/p>\n<p>Je\u015bli szafa, kt\u00f3r\u0105 chcesz o\u015bwietli\u0107, jest du\u017ca, warto rozwa\u017cy\u0107 instalacj\u0119 sufitowych system\u00f3w LED. Chocia\u017c wymaga to pewnych drobnych prac, trzeba pami\u0119ta\u0107, \u017ce pozwalaj\u0105 one u\u017cy\u0107 reflektor\u00f3w kierunkowych. Jest to zatem rozwi\u0105zanie najbardziej funkcjonalne zapewniaj\u0105ce doskona\u0142e do\u015bwietlenie ka\u017cdego k\u0105tka szafy. Dzi\u0119ki temu wszystkie szuflady i\u00a0p\u00f3\u0142ki b\u0119d\u0105 w\u00a0pe\u0142ni funkcjonalne, a\u00a0je\u015bli dodasz do tego ta\u015bmy LED, mo\u017cesz uzyska\u0107 spektakularny efekt.<\/p>\n<p>Cho\u0107 s\u0105 to najcz\u0119\u015bciej stosowane systemy, nie wyczerpuj\u0105 one listy bie\u017c\u0105cych trend\u00f3w w\u00a0o\u015bwietleniu LED. Je\u015bli chcesz nada\u0107 swoim szafom szczeg\u00f3lnie elegancki i\u00a0designerski wygl\u0105d, nie zaniedbuj\u0105c ich funkcjonalno\u015bci, mo\u017cesz uciec si\u0119 do bardziej skomplikowanych instalacji np. system\u00f3w LED w\u00a0lustrach lub arkuszy metakrylanu. Dzi\u0119ki temu b\u0119d\u0105 ca\u0142kowicie niewidoczne.<\/p>\n<p>W\u00a0firmie Emuca zdajemy sobie spraw\u0119, jak wa\u017cne jest projektowanie szaf z\u00a0dyskretnym o\u015bwietleniem wn\u0119trza. Dlatego te\u017c dysponujemy pe\u0142nym<a href=\"https:\/\/resources.emuca.com\/tiras-led-lynx-neonlynx\"> Katalogiem opraw LED, <\/a><u>\u00a0<\/u>kt\u00f3ry obejmuje ca\u0142\u0105 gam\u0119 modeli <a href=\"https:\/\/www.emuca.es\/catalogo\/herrajes\/iluminacion\/tiras-led\">\u00a0ta\u015bm LED<\/a> podnosz\u0105cych walory mebli i\u00a0poprawiaj\u0105cych og\u00f3ln\u0105 atmosfer\u0119 mieszkania. Pokazujemy r\u00f3wnie\u017c przyk\u0142adowe zastosowania, dzi\u0119ki czemu producenci szaf mog\u0105 odnie\u015b\u0107 si\u0119 bezpo\u015brednio do modelu, kt\u00f3ry najlepiej pasuje do ich w\u0142asnych kreatywnych rozwi\u0105za\u0144.<\/p>\n<p>Systemy LED s\u0105 obecnie jednym z\u00a0najcz\u0119\u015bciej stosowanych trend\u00f3w o\u015bwietleniowych, zar\u00f3wno w\u00a0mieszkaniach, jak i\u00a0wewn\u0105trz mebli. Ich zaleta to zapewnianie wysokiej jako\u015bci \u015bwiat\u0142a gwarantuj\u0105cego doskona\u0142\u0105 widoczno\u015b\u0107 oraz wszechstronno\u015b\u0107, je\u015bli chodzi o\u00a0mo\u017cliwo\u015b\u0107 dostosowania do otoczenia, w\u00a0kt\u00f3rym si\u0119 je instaluje i\u00a0to s\u0105 powody ich sukcesu. Ponadto nie mo\u017cemy zapomina\u0107, \u017ce s\u0105 to rozwi\u0105zania nad wyraz ekologiczne z\u00a0perspektywy zu\u017cycia energii, a\u00a0tym samym jedne z\u00a0najbardziej ekonomicznych. Mo\u017cliwo\u015b\u0107 po\u0142\u0105czenia funkcjonalno\u015bci, estetyki i\u00a0niskich koszt\u00f3w sprawia, \u017ce coraz wi\u0119cej klient\u00f3w domaga si\u0119 o\u015bwietlenia LED w\u00a0swoich szafach.<\/p>\n\t\t\t\t\t\t\t\t<\/div>\n\t\t\t\t<\/div>\n\t\t\t\t<div class=\"elementor-element elementor-element-8c61019 elementor-widget elementor-widget-spacer\" data-id=\"8c61019\" data-element_type=\"widget\" data-e-type=\"widget\" data-widget_type=\"spacer.default\">\n\t\t\t\t<div class=\"elementor-widget-container\">\n\t\t\t\t\t\t\t<div class=\"elementor-spacer\">\n\t\t\t<div class=\"elementor-spacer-inner\"><\/div>\n\t\t<\/div>\n\t\t\t\t\t\t<\/div>\n\t\t\t\t<\/div>\n\t\t\t\t\t<\/div>\n\t\t<\/div>\n\t\t\t\t\t<\/div>\n\t\t<\/section>\n\t\t\t\t<\/div>\n\t\t","protected":false},"excerpt":{"rendered":"<p>Dzisiaj klienci nie szukaj\u0105 ju\u017c tylko wysokiej jako\u015bci szafy, kt\u00f3rej wymiary pozwol\u0105 im pomie\u015bci\u0107 wszystko, czego potrzebuj\u0105 i\u00a0utrzyma\u0107 porz\u0105dek w\u00a0 domu. Dzisiaj liczy si\u0119 przede wszystkim wygoda i\u00a0komfort codziennego u\u017cytkowania. Dlatego zastosowanie o\u015bwietlenia led do o\u015bwietlenia wn\u0119trza mebli staje si\u0119 wymogiem, na pomini\u0119cie kt\u00f3rego meblarstwo nie mo\u017ce sobie pozwoli\u0107. &nbsp; Systemy LED \u2013 najlepsze rozwi\u0105zanie &hellip; <\/p>\n<p class=\"link-more\"><a href=\"https:\/\/blog.emuca.com\/pl\/cat\/trendy\/najnowsze-trendy-w-dziedzinie-oswietlenia-led-w-produkcji-szaf\/\" class=\"more-link\">Czytaj dalej<span class=\"screen-reader-text\"> \u201eNajnowsze trendy w dziedzinie o\u015bwietlenia LED w produkcji szaf\u201d<\/span><\/a><\/p>\n","protected":false},"author":2,"featured_media":5873,"comment_status":"closed","ping_status":"closed","sticky":false,"template":"","format":"standard","meta":{"footnotes":""},"categories":[123],"tags":[],"class_list":["post-7110","post","type-post","status-publish","format-standard","has-post-thumbnail","hentry","category-trendy","entry"],"yoast_head":"<!-- This site is optimized with the Yoast SEO plugin v24.1 - https:\/\/yoast.com\/wordpress\/plugins\/seo\/ -->\n<title>Najnowsze trendy w dziedzinie o\u015bwietlenia LED w produkcji szaf | Emuca<\/title>\n<meta name=\"description\" content=\"Scopri le ultime tendenze nell&#039;illuminazione a led per la produzione di armadi. Tutto ci\u00f2 che \u00e8 di moda lo hai da Emuca!\" \/>\n<meta name=\"robots\" content=\"index, follow, max-snippet:-1, max-image-preview:large, max-video-preview:-1\" \/>\n<link rel=\"canonical\" href=\"https:\/\/blog.emuca.com\/pl\/cat\/trendy\/najnowsze-trendy-w-dziedzinie-oswietlenia-led-w-produkcji-szaf\/\" \/>\n<meta property=\"og:locale\" content=\"pl_PL\" \/>\n<meta property=\"og:type\" content=\"article\" \/>\n<meta property=\"og:title\" content=\"Najnowsze trendy w dziedzinie o\u015bwietlenia LED w produkcji szaf | Emuca\" \/>\n<meta property=\"og:description\" content=\"Scopri le ultime tendenze nell&#039;illuminazione a led per la produzione di armadi. Tutto ci\u00f2 che \u00e8 di moda lo hai da Emuca!\" \/>\n<meta property=\"og:url\" content=\"https:\/\/blog.emuca.com\/pl\/cat\/trendy\/najnowsze-trendy-w-dziedzinie-oswietlenia-led-w-produkcji-szaf\/\" \/>\n<meta property=\"og:site_name\" content=\"Emuca blog\" \/>\n<meta property=\"article:publisher\" content=\"https:\/\/www.facebook.com\/EmucaGroup\" \/>\n<meta property=\"article:published_time\" content=\"2020-08-13T09:30:22+00:00\" \/>\n<meta property=\"article:modified_time\" content=\"2020-08-13T09:33:21+00:00\" \/>\n<meta property=\"og:image\" content=\"https:\/\/blog.emuca.com\/wp-content\/uploads\/2020\/07\/Header_Emuca_Blog.png\" \/>\n\t<meta property=\"og:image:width\" content=\"700\" \/>\n\t<meta property=\"og:image:height\" content=\"370\" \/>\n\t<meta property=\"og:image:type\" content=\"image\/png\" \/>\n<meta name=\"author\" content=\"Emuca\" \/>\n<meta name=\"twitter:card\" content=\"summary_large_image\" \/>\n<meta name=\"twitter:label1\" content=\"Napisane przez\" \/>\n\t<meta name=\"twitter:data1\" content=\"Emuca\" \/>\n\t<meta name=\"twitter:label2\" content=\"Szacowany czas czytania\" \/>\n\t<meta name=\"twitter:data2\" content=\"5 minut\" \/>\n<script type=\"application\/ld+json\" class=\"yoast-schema-graph\">{\"@context\":\"https:\/\/schema.org\",\"@graph\":[{\"@type\":\"Article\",\"@id\":\"https:\/\/blog.emuca.com\/pl\/cat\/trendy\/najnowsze-trendy-w-dziedzinie-oswietlenia-led-w-produkcji-szaf\/#article\",\"isPartOf\":{\"@id\":\"https:\/\/blog.emuca.com\/pl\/cat\/trendy\/najnowsze-trendy-w-dziedzinie-oswietlenia-led-w-produkcji-szaf\/\"},\"author\":{\"name\":\"Emuca\",\"@id\":\"https:\/\/blog.emuca.com\/#\/schema\/person\/81560ca037d9c1ed19744a85ef9cbe2a\"},\"headline\":\"Najnowsze trendy w dziedzinie o\u015bwietlenia LED w produkcji szaf\",\"datePublished\":\"2020-08-13T09:30:22+00:00\",\"dateModified\":\"2020-08-13T09:33:21+00:00\",\"mainEntityOfPage\":{\"@id\":\"https:\/\/blog.emuca.com\/pl\/cat\/trendy\/najnowsze-trendy-w-dziedzinie-oswietlenia-led-w-produkcji-szaf\/\"},\"wordCount\":1041,\"publisher\":{\"@id\":\"https:\/\/blog.emuca.com\/#organization\"},\"image\":{\"@id\":\"https:\/\/blog.emuca.com\/pl\/cat\/trendy\/najnowsze-trendy-w-dziedzinie-oswietlenia-led-w-produkcji-szaf\/#primaryimage\"},\"thumbnailUrl\":\"https:\/\/blog.emuca.com\/wp-content\/uploads\/2020\/07\/Header_Emuca_Blog.png\",\"articleSection\":[\"Trendy\"],\"inLanguage\":\"pl-PL\"},{\"@type\":\"WebPage\",\"@id\":\"https:\/\/blog.emuca.com\/pl\/cat\/trendy\/najnowsze-trendy-w-dziedzinie-oswietlenia-led-w-produkcji-szaf\/\",\"url\":\"https:\/\/blog.emuca.com\/pl\/cat\/trendy\/najnowsze-trendy-w-dziedzinie-oswietlenia-led-w-produkcji-szaf\/\",\"name\":\"Najnowsze trendy w dziedzinie o\u015bwietlenia LED w produkcji szaf | Emuca\",\"isPartOf\":{\"@id\":\"https:\/\/blog.emuca.com\/#website\"},\"primaryImageOfPage\":{\"@id\":\"https:\/\/blog.emuca.com\/pl\/cat\/trendy\/najnowsze-trendy-w-dziedzinie-oswietlenia-led-w-produkcji-szaf\/#primaryimage\"},\"image\":{\"@id\":\"https:\/\/blog.emuca.com\/pl\/cat\/trendy\/najnowsze-trendy-w-dziedzinie-oswietlenia-led-w-produkcji-szaf\/#primaryimage\"},\"thumbnailUrl\":\"https:\/\/blog.emuca.com\/wp-content\/uploads\/2020\/07\/Header_Emuca_Blog.png\",\"datePublished\":\"2020-08-13T09:30:22+00:00\",\"dateModified\":\"2020-08-13T09:33:21+00:00\",\"description\":\"Scopri le ultime tendenze nell'illuminazione a led per la produzione di armadi. Tutto ci\u00f2 che \u00e8 di moda lo hai da Emuca!\",\"inLanguage\":\"pl-PL\",\"potentialAction\":[{\"@type\":\"ReadAction\",\"target\":[\"https:\/\/blog.emuca.com\/pl\/cat\/trendy\/najnowsze-trendy-w-dziedzinie-oswietlenia-led-w-produkcji-szaf\/\"]}]},{\"@type\":\"ImageObject\",\"inLanguage\":\"pl-PL\",\"@id\":\"https:\/\/blog.emuca.com\/pl\/cat\/trendy\/najnowsze-trendy-w-dziedzinie-oswietlenia-led-w-produkcji-szaf\/#primaryimage\",\"url\":\"https:\/\/blog.emuca.com\/wp-content\/uploads\/2020\/07\/Header_Emuca_Blog.png\",\"contentUrl\":\"https:\/\/blog.emuca.com\/wp-content\/uploads\/2020\/07\/Header_Emuca_Blog.png\",\"width\":700,\"height\":370,\"caption\":\"iluminacion led para armarios\"},{\"@type\":\"WebSite\",\"@id\":\"https:\/\/blog.emuca.com\/#website\",\"url\":\"https:\/\/blog.emuca.com\/\",\"name\":\"Emuca blog\",\"description\":\"\",\"publisher\":{\"@id\":\"https:\/\/blog.emuca.com\/#organization\"},\"potentialAction\":[{\"@type\":\"SearchAction\",\"target\":{\"@type\":\"EntryPoint\",\"urlTemplate\":\"https:\/\/blog.emuca.com\/?s={search_term_string}\"},\"query-input\":{\"@type\":\"PropertyValueSpecification\",\"valueRequired\":true,\"valueName\":\"search_term_string\"}}],\"inLanguage\":\"pl-PL\"},{\"@type\":\"Organization\",\"@id\":\"https:\/\/blog.emuca.com\/#organization\",\"name\":\"emuca\",\"url\":\"https:\/\/blog.emuca.com\/\",\"logo\":{\"@type\":\"ImageObject\",\"inLanguage\":\"pl-PL\",\"@id\":\"https:\/\/blog.emuca.com\/#\/schema\/logo\/image\/\",\"url\":\"https:\/\/blog.emuca.com\/wp-content\/uploads\/2024\/05\/cropped-logo-emuca-menu.png\",\"contentUrl\":\"https:\/\/blog.emuca.com\/wp-content\/uploads\/2024\/05\/cropped-logo-emuca-menu.png\",\"width\":190,\"height\":190,\"caption\":\"emuca\"},\"image\":{\"@id\":\"https:\/\/blog.emuca.com\/#\/schema\/logo\/image\/\"},\"sameAs\":[\"https:\/\/www.facebook.com\/EmucaGroup\"]},{\"@type\":\"Person\",\"@id\":\"https:\/\/blog.emuca.com\/#\/schema\/person\/81560ca037d9c1ed19744a85ef9cbe2a\",\"name\":\"Emuca\",\"url\":\"https:\/\/blog.emuca.com\/pl\/cat\/author\/emuca\/\"}]}<\/script>\n<!-- \/ Yoast SEO plugin. -->","yoast_head_json":{"title":"Najnowsze trendy w dziedzinie o\u015bwietlenia LED w produkcji szaf | Emuca","description":"Scopri le ultime tendenze nell'illuminazione a led per la produzione di armadi. Tutto ci\u00f2 che \u00e8 di moda lo hai da Emuca!","robots":{"index":"index","follow":"follow","max-snippet":"max-snippet:-1","max-image-preview":"max-image-preview:large","max-video-preview":"max-video-preview:-1"},"canonical":"https:\/\/blog.emuca.com\/pl\/cat\/trendy\/najnowsze-trendy-w-dziedzinie-oswietlenia-led-w-produkcji-szaf\/","og_locale":"pl_PL","og_type":"article","og_title":"Najnowsze trendy w dziedzinie o\u015bwietlenia LED w produkcji szaf | Emuca","og_description":"Scopri le ultime tendenze nell'illuminazione a led per la produzione di armadi. Tutto ci\u00f2 che \u00e8 di moda lo hai da Emuca!","og_url":"https:\/\/blog.emuca.com\/pl\/cat\/trendy\/najnowsze-trendy-w-dziedzinie-oswietlenia-led-w-produkcji-szaf\/","og_site_name":"Emuca blog","article_publisher":"https:\/\/www.facebook.com\/EmucaGroup","article_published_time":"2020-08-13T09:30:22+00:00","article_modified_time":"2020-08-13T09:33:21+00:00","og_image":[{"width":700,"height":370,"url":"https:\/\/blog.emuca.com\/wp-content\/uploads\/2020\/07\/Header_Emuca_Blog.png","type":"image\/png"}],"author":"Emuca","twitter_card":"summary_large_image","twitter_misc":{"Napisane przez":"Emuca","Szacowany czas czytania":"5 minut"},"schema":{"@context":"https:\/\/schema.org","@graph":[{"@type":"Article","@id":"https:\/\/blog.emuca.com\/pl\/cat\/trendy\/najnowsze-trendy-w-dziedzinie-oswietlenia-led-w-produkcji-szaf\/#article","isPartOf":{"@id":"https:\/\/blog.emuca.com\/pl\/cat\/trendy\/najnowsze-trendy-w-dziedzinie-oswietlenia-led-w-produkcji-szaf\/"},"author":{"name":"Emuca","@id":"https:\/\/blog.emuca.com\/#\/schema\/person\/81560ca037d9c1ed19744a85ef9cbe2a"},"headline":"Najnowsze trendy w dziedzinie o\u015bwietlenia LED w produkcji szaf","datePublished":"2020-08-13T09:30:22+00:00","dateModified":"2020-08-13T09:33:21+00:00","mainEntityOfPage":{"@id":"https:\/\/blog.emuca.com\/pl\/cat\/trendy\/najnowsze-trendy-w-dziedzinie-oswietlenia-led-w-produkcji-szaf\/"},"wordCount":1041,"publisher":{"@id":"https:\/\/blog.emuca.com\/#organization"},"image":{"@id":"https:\/\/blog.emuca.com\/pl\/cat\/trendy\/najnowsze-trendy-w-dziedzinie-oswietlenia-led-w-produkcji-szaf\/#primaryimage"},"thumbnailUrl":"https:\/\/blog.emuca.com\/wp-content\/uploads\/2020\/07\/Header_Emuca_Blog.png","articleSection":["Trendy"],"inLanguage":"pl-PL"},{"@type":"WebPage","@id":"https:\/\/blog.emuca.com\/pl\/cat\/trendy\/najnowsze-trendy-w-dziedzinie-oswietlenia-led-w-produkcji-szaf\/","url":"https:\/\/blog.emuca.com\/pl\/cat\/trendy\/najnowsze-trendy-w-dziedzinie-oswietlenia-led-w-produkcji-szaf\/","name":"Najnowsze trendy w dziedzinie o\u015bwietlenia LED w produkcji szaf | Emuca","isPartOf":{"@id":"https:\/\/blog.emuca.com\/#website"},"primaryImageOfPage":{"@id":"https:\/\/blog.emuca.com\/pl\/cat\/trendy\/najnowsze-trendy-w-dziedzinie-oswietlenia-led-w-produkcji-szaf\/#primaryimage"},"image":{"@id":"https:\/\/blog.emuca.com\/pl\/cat\/trendy\/najnowsze-trendy-w-dziedzinie-oswietlenia-led-w-produkcji-szaf\/#primaryimage"},"thumbnailUrl":"https:\/\/blog.emuca.com\/wp-content\/uploads\/2020\/07\/Header_Emuca_Blog.png","datePublished":"2020-08-13T09:30:22+00:00","dateModified":"2020-08-13T09:33:21+00:00","description":"Scopri le ultime tendenze nell'illuminazione a led per la produzione di armadi. Tutto ci\u00f2 che \u00e8 di moda lo hai da Emuca!","inLanguage":"pl-PL","potentialAction":[{"@type":"ReadAction","target":["https:\/\/blog.emuca.com\/pl\/cat\/trendy\/najnowsze-trendy-w-dziedzinie-oswietlenia-led-w-produkcji-szaf\/"]}]},{"@type":"ImageObject","inLanguage":"pl-PL","@id":"https:\/\/blog.emuca.com\/pl\/cat\/trendy\/najnowsze-trendy-w-dziedzinie-oswietlenia-led-w-produkcji-szaf\/#primaryimage","url":"https:\/\/blog.emuca.com\/wp-content\/uploads\/2020\/07\/Header_Emuca_Blog.png","contentUrl":"https:\/\/blog.emuca.com\/wp-content\/uploads\/2020\/07\/Header_Emuca_Blog.png","width":700,"height":370,"caption":"iluminacion led para armarios"},{"@type":"WebSite","@id":"https:\/\/blog.emuca.com\/#website","url":"https:\/\/blog.emuca.com\/","name":"Emuca blog","description":"","publisher":{"@id":"https:\/\/blog.emuca.com\/#organization"},"potentialAction":[{"@type":"SearchAction","target":{"@type":"EntryPoint","urlTemplate":"https:\/\/blog.emuca.com\/?s={search_term_string}"},"query-input":{"@type":"PropertyValueSpecification","valueRequired":true,"valueName":"search_term_string"}}],"inLanguage":"pl-PL"},{"@type":"Organization","@id":"https:\/\/blog.emuca.com\/#organization","name":"emuca","url":"https:\/\/blog.emuca.com\/","logo":{"@type":"ImageObject","inLanguage":"pl-PL","@id":"https:\/\/blog.emuca.com\/#\/schema\/logo\/image\/","url":"https:\/\/blog.emuca.com\/wp-content\/uploads\/2024\/05\/cropped-logo-emuca-menu.png","contentUrl":"https:\/\/blog.emuca.com\/wp-content\/uploads\/2024\/05\/cropped-logo-emuca-menu.png","width":190,"height":190,"caption":"emuca"},"image":{"@id":"https:\/\/blog.emuca.com\/#\/schema\/logo\/image\/"},"sameAs":["https:\/\/www.facebook.com\/EmucaGroup"]},{"@type":"Person","@id":"https:\/\/blog.emuca.com\/#\/schema\/person\/81560ca037d9c1ed19744a85ef9cbe2a","name":"Emuca","url":"https:\/\/blog.emuca.com\/pl\/cat\/author\/emuca\/"}]}},"_links":{"self":[{"href":"https:\/\/blog.emuca.com\/pl\/wp-json\/wp\/v2\/posts\/7110","targetHints":{"allow":["GET"]}}],"collection":[{"href":"https:\/\/blog.emuca.com\/pl\/wp-json\/wp\/v2\/posts"}],"about":[{"href":"https:\/\/blog.emuca.com\/pl\/wp-json\/wp\/v2\/types\/post"}],"author":[{"embeddable":true,"href":"https:\/\/blog.emuca.com\/pl\/wp-json\/wp\/v2\/users\/2"}],"replies":[{"embeddable":true,"href":"https:\/\/blog.emuca.com\/pl\/wp-json\/wp\/v2\/comments?post=7110"}],"version-history":[{"count":2,"href":"https:\/\/blog.emuca.com\/pl\/wp-json\/wp\/v2\/posts\/7110\/revisions"}],"predecessor-version":[{"id":7114,"href":"https:\/\/blog.emuca.com\/pl\/wp-json\/wp\/v2\/posts\/7110\/revisions\/7114"}],"wp:featuredmedia":[{"embeddable":true,"href":"https:\/\/blog.emuca.com\/pl\/wp-json\/wp\/v2\/media\/5873"}],"wp:attachment":[{"href":"https:\/\/blog.emuca.com\/pl\/wp-json\/wp\/v2\/media?parent=7110"}],"wp:term":[{"taxonomy":"category","embeddable":true,"href":"https:\/\/blog.emuca.com\/pl\/wp-json\/wp\/v2\/categories?post=7110"},{"taxonomy":"post_tag","embeddable":true,"href":"https:\/\/blog.emuca.com\/pl\/wp-json\/wp\/v2\/tags?post=7110"}],"curies":[{"name":"wp","href":"https:\/\/api.w.org\/{rel}","templated":true}]}}