{"id":63014,"date":"2026-04-20T16:39:59","date_gmt":"2026-04-20T14:39:59","guid":{"rendered":"https:\/\/blog.emuca.com\/cat\/bez-kategorii\/jak-najlepiej-wykorzystac-przestrzen-w-szufladach-lazienkowych\/"},"modified":"2026-04-20T16:59:44","modified_gmt":"2026-04-20T14:59:44","slug":"jak-najlepiej-wykorzystac-przestrzen-w-szufladach-lazienkowych","status":"publish","type":"post","link":"https:\/\/blog.emuca.com\/pl\/cat\/styl-zycia\/jak-najlepiej-wykorzystac-przestrzen-w-szufladach-lazienkowych\/","title":{"rendered":"Jak najlepiej wykorzysta\u0107 przestrze\u0144 w szufladach \u0142azienkowych?"},"content":{"rendered":"\t\t<div data-elementor-type=\"wp-post\" data-elementor-id=\"63014\" class=\"elementor elementor-63014 elementor-62983\" data-elementor-post-type=\"post\">\n\t\t\t\t\t\t<section class=\"elementor-section elementor-top-section elementor-element elementor-element-6fee92a elementor-section-boxed elementor-section-height-default elementor-section-height-default\" data-id=\"6fee92a\" data-element_type=\"section\">\n\t\t\t\t\t\t<div class=\"elementor-container elementor-column-gap-default\">\n\t\t\t\t\t<div class=\"elementor-column elementor-col-100 elementor-top-column elementor-element elementor-element-d5bf359\" data-id=\"d5bf359\" data-element_type=\"column\">\n\t\t\t<div class=\"elementor-widget-wrap elementor-element-populated\">\n\t\t\t\t\t\t<div class=\"elementor-element elementor-element-8bdb71c elementor-widget elementor-widget-text-editor\" data-id=\"8bdb71c\" data-element_type=\"widget\" data-widget_type=\"text-editor.default\">\n\t\t\t\t<div class=\"elementor-widget-container\">\n\t\t\t\t\t\t\t<p><b>\u0141azienka<\/b> to prawdopodobnie jedno z najbardziej ruchliwych pomieszcze\u0144 w domu i, paradoksalnie, jedno z najmniejszych. W <b>szufladach<\/b> cz\u0119sto panuje chaos: przewracaj\u0105ce si\u0119 buteleczki perfum, kosmetyki do makija\u017cu wymieszane z akcesoriami do w\u0142os\u00f3w oraz nieko\u0144cz\u0105cy si\u0119 labirynt drobiazg\u00f3w.<\/p>\n<p>Cz\u0119sto wydaje nam si\u0119, \u017ce problemem jest <b>brak miejsca do przechowywania<\/b>, ale w wi\u0119kszo\u015bci przypadk\u00f3w prawdziwym wyzwaniem jest zagospodarowanie przestrzeni wewn\u0119trznej. Oto jak przekszta\u0142ci\u0107 chaotyczn\u0105 szuflad\u0119 w wz\u00f3r efektywno\u015bci i designu.<\/p>\n\t\t\t\t\t\t<\/div>\n\t\t\t\t<\/div>\n\t\t\t\t<div class=\"elementor-element elementor-element-3a88ab3 elementor-widget elementor-widget-heading\" data-id=\"3a88ab3\" data-element_type=\"widget\" data-widget_type=\"heading.default\">\n\t\t\t\t<div class=\"elementor-widget-container\">\n\t\t\t<h2 class=\"elementor-heading-title elementor-size-default\">1. Planowanie: Klucz do sprawnego funkcjonowania<p><\/h2>\t\t<\/div>\n\t\t\t\t<\/div>\n\t\t\t\t<div class=\"elementor-element elementor-element-ca69210 elementor-widget elementor-widget-text-editor\" data-id=\"ca69210\" data-element_type=\"widget\" data-widget_type=\"text-editor.default\">\n\t\t\t\t<div class=\"elementor-widget-container\">\n\t\t\t\t\t\t\t<p>Zanim zdecydujesz si\u0119 na jakiekolwiek rozwi\u0105zania do przechowywania, musisz przede wszystkim zorientowa\u0107 si\u0119, co w\u0142a\u015bciwie chcesz przechowywa\u0107. Kluczem do <b>optymalnego wykorzystania przestrzeni w szufladach \u0142azienkowych<\/b> jest dobra organizacja.<\/p>\n<p>Nie wszystkie przedmioty maj\u0105 ten sam rozmiar ani nie s\u0105 u\u017cywane z tak\u0105 sam\u0105 cz\u0119stotliwo\u015bci\u0105. Dobr\u0105 praktyk\u0105 projektow\u0105 jest zorganizowanie wn\u0119trza wok\u00f3\u0142 \u201estref aktywno\u015bci\u201d:<\/p>\n<ul>\n<li><b>Strefa codziennego u\u017cytku:<\/b> Z przodu i najbardziej dost\u0119pna.<\/li>\n<li><b>Strefa zapas\u00f3w lub rezerw:<\/b> Z ty\u0142u szuflady na produkty, kt\u00f3rych jeszcze nie otworzyli\u015bmy.<\/li>\n<li><b>Strefa piel\u0119gnacji osobistej:<\/b> Specjalne miejsca na delikatne przedmioty, takie jak bi\u017cuteria lub kosmetyki do makija\u017cu.<\/li>\n<\/ul>\n\t\t\t\t\t\t<\/div>\n\t\t\t\t<\/div>\n\t\t\t\t<div class=\"elementor-element elementor-element-0060ef2 elementor-widget elementor-widget-heading\" data-id=\"0060ef2\" data-element_type=\"widget\" data-widget_type=\"heading.default\">\n\t\t\t\t<div class=\"elementor-widget-container\">\n\t\t\t<h2 class=\"elementor-heading-title elementor-size-default\"><p>2. Organizery modu\u0142owe: elastyczno\u015b\u0107 a sztywno\u015b\u0107<p><\/h2>\t\t<\/div>\n\t\t\t\t<\/div>\n\t\t\t\t<div class=\"elementor-element elementor-element-45625f5 elementor-widget elementor-widget-text-editor\" data-id=\"45625f5\" data-element_type=\"widget\" data-widget_type=\"text-editor.default\">\n\t\t\t\t<div class=\"elementor-widget-container\">\n\t\t\t\t\t\t\t<p>Jednym z najcz\u0119stszych b\u0142\u0119d\u00f3w jest kupowanie standardowych organizer\u00f3w, kt\u00f3re nie pasuj\u0105 idealnie, przez co po bokach pozostaje niewykorzystana przestrze\u0144. Obecny trend w aran\u017cacji wn\u0119trz opiera si\u0119 na <b>modularno\u015bci<\/b>.<\/p>\n<p>Wolnostoj\u0105ce systemy z koszykami pozwalaj\u0105 na pe\u0142n\u0105 personalizacj\u0119. Dzi\u0119ki organizerom, kt\u00f3re mo\u017cna dowolnie \u0142\u0105czy\u0107, szuflada dostosowuje si\u0119 do Twoich obecnych i przysz\u0142ych potrzeb. Je\u015bli dzi\u015b potrzebujesz wi\u0119cej miejsca na przybory toaletowe, a jutro na kosmetyki, wystarczy zmieni\u0107 uk\u0142ad koszyk\u00f3w. Co wi\u0119cej, wyb\u00f3r eleganckich wyko\u0144cze\u0144, takich jak antracytowa szaro\u015b\u0107 lub biel, sprawia, \u017ce wn\u0119trze mebla zachowuje ekskluzywny wygl\u0105d.<\/p>\n\t\t\t\t\t\t<\/div>\n\t\t\t\t<\/div>\n\t\t\t\t<div class=\"elementor-element elementor-element-dc8b986 elementor-widget elementor-widget-heading\" data-id=\"dc8b986\" data-element_type=\"widget\" data-widget_type=\"heading.default\">\n\t\t\t\t<div class=\"elementor-widget-container\">\n\t\t\t<h2 class=\"elementor-heading-title elementor-size-default\">3. Problem z umywalk\u0105: rozwi\u0105zania dotycz\u0105ce odp\u0142ywu<p><\/h2>\t\t<\/div>\n\t\t\t\t<\/div>\n\t\t\t\t<div class=\"elementor-element elementor-element-f22d927 elementor-widget elementor-widget-text-editor\" data-id=\"f22d927\" data-element_type=\"widget\" data-widget_type=\"text-editor.default\">\n\t\t\t\t<div class=\"elementor-widget-container\">\n\t\t\t\t\t\t\t<p>Najni\u017csza szuflada szafki \u0142azienkowej jest cz\u0119sto najtrudniejsza do uporz\u0105dkowania ze wzgl\u0119du na instalacj\u0119 wodno-kanalizacyjn\u0105. Dawniej przestrze\u0144 ta by\u0142a albo marnowana, albo zamienia\u0142a si\u0119 w ciemny, zagracony k\u0105t.<\/p>\n<p>Aby maksymalnie wykorzysta\u0107 t\u0119 przestrze\u0144, niezb\u0119dna jest <b>prostok\u0105tna os\u0142ona syfonu<\/b>. Element ten nie tylko zakrywa rury, ale tak\u017ce wyznacza przestrze\u0144 u\u017cytkow\u0105, zapobiegaj\u0105c spadaniu przedmiot\u00f3w na dno lub ich zapl\u0105taniu si\u0119 w odp\u0142ywie. Otaczaj\u0105c ten element bocznymi organizerami, przekszta\u0142camy przeszkod\u0119 techniczn\u0105 w idealne rozwi\u0105zanie do przechowywania szczotek, grzebieni lub wysokich butelek.<\/p>\n\t\t\t\t\t\t<\/div>\n\t\t\t\t<\/div>\n\t\t\t\t<div class=\"elementor-element elementor-element-961a364 elementor-widget elementor-widget-heading\" data-id=\"961a364\" data-element_type=\"widget\" data-widget_type=\"heading.default\">\n\t\t\t\t<div class=\"elementor-widget-container\">\n\t\t\t<h2 class=\"elementor-heading-title elementor-size-default\">4. Pionowo\u015b\u0107 i przejrzysto\u015b\u0107 wizualna<p><\/h2>\t\t<\/div>\n\t\t\t\t<\/div>\n\t\t\t\t<div class=\"elementor-element elementor-element-8fa725a elementor-widget elementor-widget-text-editor\" data-id=\"8fa725a\" data-element_type=\"widget\" data-widget_type=\"text-editor.default\">\n\t\t\t\t<div class=\"elementor-widget-container\">\n\t\t\t\t\t\t\t<p>Cz\u0119sto zapominamy, \u017ce szuflada ma r\u00f3wnie\u017c swoj\u0105 wysoko\u015b\u0107. Je\u015bli Twoje szuflady s\u0105 g\u0142\u0119bokie, zastosuj przegr\u00f3dki, kt\u00f3re pozwol\u0105 uporz\u0105dkowa\u0107 przedmioty, zapobiegaj\u0105c ich gromadzeniu si\u0119 jeden na drugim. Schludny wygl\u0105d ma kluczowe znaczenie dla wizerunku marki; uporz\u0105dkowana szuflada sprawia wra\u017cenie czysto\u015bci i komfortu.<br \/>\nPonadto higiena jest kluczowym czynnikiem w \u0142azience. Bardzo wa\u017cne jest, aby wybiera\u0107 elementy wyposa\u017cenia wykonane z materia\u0142\u00f3w \u0142atwych do czyszczenia i odpornych na wilgo\u0107, takich jak wysokiej jako\u015bci tworzywo ABS. Dzi\u0119ki temu mebel pozostanie jak nowy pomimo intensywnego u\u017cytkowania i up\u0142ywu czasu.<\/p>\n\t\t\t\t\t\t<\/div>\n\t\t\t\t<\/div>\n\t\t\t\t<div class=\"elementor-element elementor-element-9da2422 elementor-widget elementor-widget-heading\" data-id=\"9da2422\" data-element_type=\"widget\" data-widget_type=\"heading.default\">\n\t\t\t\t<div class=\"elementor-widget-container\">\n\t\t\t<h2 class=\"elementor-heading-title elementor-size-default\">5. Porz\u0105dek jako element stylu \u017cycia<p><\/h2>\t\t<\/div>\n\t\t\t\t<\/div>\n\t\t\t\t<div class=\"elementor-element elementor-element-a054050 elementor-widget elementor-widget-text-editor\" data-id=\"a054050\" data-element_type=\"widget\" data-widget_type=\"text-editor.default\">\n\t\t\t\t<div class=\"elementor-widget-container\">\n\t\t\t\t\t\t\t<p>Porz\u0105dkowanie \u0142azienki to nie tylko kwestia estetyki; to spos\u00f3b na optymalne wykorzystanie czasu. Rozpocz\u0119cie dnia bez konieczno\u015bci tracenia kilku minut na szukanie konkretnego produktu zmniejsza poranny stres.<br \/>\nKiedy inwestujemy w wysokiej jako\u015bci wyposa\u017cenie i akcesoria, nie kupujemy tylko przedmiot\u00f3w; poprawiamy komfort korzystania z naszego domu. Szafka \u0142azienkowa z dobrze zorganizowanym wn\u0119trzem podnosi warto\u015b\u0107 nieruchomo\u015bci i \u015bwiadczy o dba\u0142o\u015bci o szczeg\u00f3\u0142y oraz profesjonalizmie.<\/p>\n\t\t\t\t\t\t<\/div>\n\t\t\t\t<\/div>\n\t\t\t\t<div class=\"elementor-element elementor-element-381a99b elementor-widget elementor-widget-heading\" data-id=\"381a99b\" data-element_type=\"widget\" data-widget_type=\"heading.default\">\n\t\t\t\t<div class=\"elementor-widget-container\">\n\t\t\t<h2 class=\"elementor-heading-title elementor-size-default\">Najcz\u0119\u015bciej zadawane pytania (FAQ) \u2753<p><\/h2>\t\t<\/div>\n\t\t\t\t<\/div>\n\t\t\t\t<div class=\"elementor-element elementor-element-81da3df elementor-widget elementor-widget-toggle\" data-id=\"81da3df\" data-element_type=\"widget\" data-widget_type=\"toggle.default\">\n\t\t\t\t<div class=\"elementor-widget-container\">\n\t\t\t\t\t<div class=\"elementor-toggle\">\n\t\t\t\t\t\t\t<div class=\"elementor-toggle-item\">\n\t\t\t\t\t<div id=\"elementor-tab-title-1361\" class=\"elementor-tab-title\" data-tab=\"1\" role=\"button\" aria-controls=\"elementor-tab-content-1361\" aria-expanded=\"false\">\n\t\t\t\t\t\t\t\t\t\t\t\t<span class=\"elementor-toggle-icon elementor-toggle-icon-left\" aria-hidden=\"true\">\n\t\t\t\t\t\t\t\t\t\t\t\t\t\t\t<span class=\"elementor-toggle-icon-closed\"><i class=\"fas fa-caret-right\"><\/i><\/span>\n\t\t\t\t\t\t\t\t<span class=\"elementor-toggle-icon-opened\"><i class=\"elementor-toggle-icon-opened fas fa-caret-up\"><\/i><\/span>\n\t\t\t\t\t\t\t\t\t\t\t\t\t<\/span>\n\t\t\t\t\t\t\t\t\t\t\t\t<a class=\"elementor-toggle-title\" tabindex=\"0\">Sk\u0105d mam wiedzie\u0107, czy organizery zmieszcz\u0105 si\u0119 w mojej \u0142azienkowej szufladzie?<\/a>\n\t\t\t\t\t<\/div>\n\n\t\t\t\t\t<div id=\"elementor-tab-content-1361\" class=\"elementor-tab-content elementor-clearfix\" data-tab=\"1\" role=\"region\" aria-labelledby=\"elementor-tab-title-1361\"><p>Wi\u0119kszo\u015b\u0107 naszych system\u00f3w ma budow\u0119 modu\u0142ow\u0105 i mo\u017cna je dostosowa\u0107 do indywidualnych potrzeb. Wystarczy zmierzy\u0107 szeroko\u015b\u0107 i g\u0142\u0119boko\u015b\u0107 wewn\u0119trzn\u0105 szuflady. Nasze organizery s\u0105 zaprojektowane z my\u015bl\u0105 o standardowych g\u0142\u0119boko\u015bciach 250 mm lub 350 mm, dzi\u0119ki czemu pasuj\u0105 do wi\u0119kszo\u015bci szafek \u0142azienkowych dost\u0119pnych na rynku.<\/p>\n<\/div>\n\t\t\t\t<\/div>\n\t\t\t\t\t\t\t<div class=\"elementor-toggle-item\">\n\t\t\t\t\t<div id=\"elementor-tab-title-1362\" class=\"elementor-tab-title\" data-tab=\"2\" role=\"button\" aria-controls=\"elementor-tab-content-1362\" aria-expanded=\"false\">\n\t\t\t\t\t\t\t\t\t\t\t\t<span class=\"elementor-toggle-icon elementor-toggle-icon-left\" aria-hidden=\"true\">\n\t\t\t\t\t\t\t\t\t\t\t\t\t\t\t<span class=\"elementor-toggle-icon-closed\"><i class=\"fas fa-caret-right\"><\/i><\/span>\n\t\t\t\t\t\t\t\t<span class=\"elementor-toggle-icon-opened\"><i class=\"elementor-toggle-icon-opened fas fa-caret-up\"><\/i><\/span>\n\t\t\t\t\t\t\t\t\t\t\t\t\t<\/span>\n\t\t\t\t\t\t\t\t\t\t\t\t<a class=\"elementor-toggle-title\" tabindex=\"0\">Kt\u00f3ry materia\u0142 najlepiej nadaje si\u0119 do aran\u017cacji \u0142azienki: drewno czy tworzywo sztuczne?<\/a>\n\t\t\t\t\t<\/div>\n\n\t\t\t\t\t<div id=\"elementor-tab-content-1362\" class=\"elementor-tab-content elementor-clearfix\" data-tab=\"2\" role=\"region\" aria-labelledby=\"elementor-tab-title-1362\"><p>W pomieszczeniach o wysokiej wilgotno\u015bci zalecamy stosowanie <b>tworzywa ABS<\/b>. W przeciwie\u0144stwie do drewna nie wypacza si\u0119 pod wp\u0142ywem pary wodnej, jest znacznie bardziej higieniczne i \u0142atwo je wyczy\u015bci\u0107 wilgotn\u0105 \u015bciereczk\u0105, dzi\u0119ki czemu znacznie d\u0142u\u017cej zachowuje wygl\u0105d \u201enowej \u0142azienki\u201d.<\/p>\n<\/div>\n\t\t\t\t<\/div>\n\t\t\t\t\t\t\t<div class=\"elementor-toggle-item\">\n\t\t\t\t\t<div id=\"elementor-tab-title-1363\" class=\"elementor-tab-title\" data-tab=\"3\" role=\"button\" aria-controls=\"elementor-tab-content-1363\" aria-expanded=\"false\">\n\t\t\t\t\t\t\t\t\t\t\t\t<span class=\"elementor-toggle-icon elementor-toggle-icon-left\" aria-hidden=\"true\">\n\t\t\t\t\t\t\t\t\t\t\t\t\t\t\t<span class=\"elementor-toggle-icon-closed\"><i class=\"fas fa-caret-right\"><\/i><\/span>\n\t\t\t\t\t\t\t\t<span class=\"elementor-toggle-icon-opened\"><i class=\"elementor-toggle-icon-opened fas fa-caret-up\"><\/i><\/span>\n\t\t\t\t\t\t\t\t\t\t\t\t\t<\/span>\n\t\t\t\t\t\t\t\t\t\t\t\t<a class=\"elementor-toggle-title\" tabindex=\"0\">Czy mog\u0119 zamontowa\u0107 organizer, je\u015bli mam du\u017c\u0105 skrzynk\u0119?<\/a>\n\t\t\t\t\t<\/div>\n\n\t\t\t\t\t<div id=\"elementor-tab-content-1363\" class=\"elementor-tab-content elementor-clearfix\" data-tab=\"3\" role=\"region\" aria-labelledby=\"elementor-tab-title-1363\"><p>Tak, w\u0142a\u015bnie do tego s\u0142u\u017c\u0105 <b>uchwyty do syfon\u00f3w<\/b>. Montuje si\u0119 je z ty\u0142u szuflady i tworz\u0105 one wydzielon\u0105 przestrze\u0144 na instalacj\u0119 wodno-kanalizacyjn\u0105, dzi\u0119ki czemu pozosta\u0142\u0105 cz\u0119\u015b\u0107 szuflady mo\u017cna zagospodarowa\u0107 za pomoc\u0105 bocznych pojemnik\u00f3w lub tac, nie trac\u0105c ani centymetra powierzchni u\u017cytkowej.<\/p>\n<\/div>\n\t\t\t\t<\/div>\n\t\t\t\t\t\t\t<div class=\"elementor-toggle-item\">\n\t\t\t\t\t<div id=\"elementor-tab-title-1364\" class=\"elementor-tab-title\" data-tab=\"4\" role=\"button\" aria-controls=\"elementor-tab-content-1364\" aria-expanded=\"false\">\n\t\t\t\t\t\t\t\t\t\t\t\t<span class=\"elementor-toggle-icon elementor-toggle-icon-left\" aria-hidden=\"true\">\n\t\t\t\t\t\t\t\t\t\t\t\t\t\t\t<span class=\"elementor-toggle-icon-closed\"><i class=\"fas fa-caret-right\"><\/i><\/span>\n\t\t\t\t\t\t\t\t<span class=\"elementor-toggle-icon-opened\"><i class=\"elementor-toggle-icon-opened fas fa-caret-up\"><\/i><\/span>\n\t\t\t\t\t\t\t\t\t\t\t\t\t<\/span>\n\t\t\t\t\t\t\t\t\t\t\t\t<a class=\"elementor-toggle-title\" tabindex=\"0\">Czy czyszczenie przegr\u00f3dek organizera jest trudne?<\/a>\n\t\t\t\t\t<\/div>\n\n\t\t\t\t\t<div id=\"elementor-tab-content-1364\" class=\"elementor-tab-content elementor-clearfix\" data-tab=\"4\" role=\"region\" aria-labelledby=\"elementor-tab-title-1364\"><p>Wcale nie. Poniewa\u017c s\u0105 to oddzielne, modu\u0142owe elementy, wystarczy wyj\u0105\u0107 pojemnik, kt\u00f3ry chcesz wyczy\u015bci\u0107, umy\u0107 go pod bie\u017c\u0105c\u0105 wod\u0105 i w\u0142o\u017cy\u0107 z powrotem na miejsce. Jest to o wiele bardziej praktyczne ni\u017c sta\u0142e, jednocz\u0119\u015bciowe organizery<\/p>\n<\/div>\n\t\t\t\t<\/div>\n\t\t\t\t\t\t\t\t\t\t<script type=\"application\/ld+json\">{\"@context\":\"https:\\\/\\\/schema.org\",\"@type\":\"FAQPage\",\"mainEntity\":[{\"@type\":\"Question\",\"name\":\"Sk\\u0105d mam wiedzie\\u0107, czy organizery zmieszcz\\u0105 si\\u0119 w mojej \\u0142azienkowej szufladzie?\",\"acceptedAnswer\":{\"@type\":\"Answer\",\"text\":\"<p>Wi\\u0119kszo\\u015b\\u0107 naszych system\\u00f3w ma budow\\u0119 modu\\u0142ow\\u0105 i mo\\u017cna je dostosowa\\u0107 do indywidualnych potrzeb. Wystarczy zmierzy\\u0107 szeroko\\u015b\\u0107 i g\\u0142\\u0119boko\\u015b\\u0107 wewn\\u0119trzn\\u0105 szuflady. Nasze organizery s\\u0105 zaprojektowane z my\\u015bl\\u0105 o standardowych g\\u0142\\u0119boko\\u015bciach 250 mm lub 350 mm, dzi\\u0119ki czemu pasuj\\u0105 do wi\\u0119kszo\\u015bci szafek \\u0142azienkowych dost\\u0119pnych na rynku.<\\\/p>\\n\"}},{\"@type\":\"Question\",\"name\":\"Kt\\u00f3ry materia\\u0142 najlepiej nadaje si\\u0119 do aran\\u017cacji \\u0142azienki: drewno czy tworzywo sztuczne?\",\"acceptedAnswer\":{\"@type\":\"Answer\",\"text\":\"<p>W pomieszczeniach o wysokiej wilgotno\\u015bci zalecamy stosowanie <b>tworzywa ABS<\\\/b>. W przeciwie\\u0144stwie do drewna nie wypacza si\\u0119 pod wp\\u0142ywem pary wodnej, jest znacznie bardziej higieniczne i \\u0142atwo je wyczy\\u015bci\\u0107 wilgotn\\u0105 \\u015bciereczk\\u0105, dzi\\u0119ki czemu znacznie d\\u0142u\\u017cej zachowuje wygl\\u0105d \\u201enowej \\u0142azienki\\u201d.<\\\/p>\\n\"}},{\"@type\":\"Question\",\"name\":\"Czy mog\\u0119 zamontowa\\u0107 organizer, je\\u015bli mam du\\u017c\\u0105 skrzynk\\u0119?\",\"acceptedAnswer\":{\"@type\":\"Answer\",\"text\":\"<p>Tak, w\\u0142a\\u015bnie do tego s\\u0142u\\u017c\\u0105 <b>uchwyty do syfon\\u00f3w<\\\/b>. Montuje si\\u0119 je z ty\\u0142u szuflady i tworz\\u0105 one wydzielon\\u0105 przestrze\\u0144 na instalacj\\u0119 wodno-kanalizacyjn\\u0105, dzi\\u0119ki czemu pozosta\\u0142\\u0105 cz\\u0119\\u015b\\u0107 szuflady mo\\u017cna zagospodarowa\\u0107 za pomoc\\u0105 bocznych pojemnik\\u00f3w lub tac, nie trac\\u0105c ani centymetra powierzchni u\\u017cytkowej.<\\\/p>\\n\"}},{\"@type\":\"Question\",\"name\":\"Czy czyszczenie przegr\\u00f3dek organizera jest trudne?\",\"acceptedAnswer\":{\"@type\":\"Answer\",\"text\":\"<p>Wcale nie. Poniewa\\u017c s\\u0105 to oddzielne, modu\\u0142owe elementy, wystarczy wyj\\u0105\\u0107 pojemnik, kt\\u00f3ry chcesz wyczy\\u015bci\\u0107, umy\\u0107 go pod bie\\u017c\\u0105c\\u0105 wod\\u0105 i w\\u0142o\\u017cy\\u0107 z powrotem na miejsce. Jest to o wiele bardziej praktyczne ni\\u017c sta\\u0142e, jednocz\\u0119\\u015bciowe organizery<\\\/p>\\n\"}}]}<\/script>\n\t\t\t\t\t<\/div>\n\t\t\t\t<\/div>\n\t\t\t\t<\/div>\n\t\t\t\t<div class=\"elementor-element elementor-element-cea2ddd elementor-widget elementor-widget-spacer\" data-id=\"cea2ddd\" data-element_type=\"widget\" data-widget_type=\"spacer.default\">\n\t\t\t\t<div class=\"elementor-widget-container\">\n\t\t\t\t\t<div class=\"elementor-spacer\">\n\t\t\t<div class=\"elementor-spacer-inner\"><\/div>\n\t\t<\/div>\n\t\t\t\t<\/div>\n\t\t\t\t<\/div>\n\t\t\t\t\t<\/div>\n\t\t<\/div>\n\t\t\t\t\t<\/div>\n\t\t<\/section>\n\t\t\t\t<section class=\"elementor-section elementor-top-section elementor-element elementor-element-f4df535 elementor-section-boxed elementor-section-height-default elementor-section-height-default\" data-id=\"f4df535\" data-element_type=\"section\">\n\t\t\t\t\t\t<div class=\"elementor-container elementor-column-gap-default\">\n\t\t\t\t\t<div class=\"elementor-column elementor-col-50 elementor-top-column elementor-element elementor-element-acaf8fb\" data-id=\"acaf8fb\" data-element_type=\"column\">\n\t\t\t<div class=\"elementor-widget-wrap elementor-element-populated\">\n\t\t\t\t\t\t<div class=\"elementor-element elementor-element-3e9aaef elementor-align-center elementor-widget elementor-widget-button\" data-id=\"3e9aaef\" data-element_type=\"widget\" data-widget_type=\"button.default\">\n\t\t\t\t<div class=\"elementor-widget-container\">\n\t\t\t\t\t<div class=\"elementor-button-wrapper\">\n\t\t\t<a class=\"elementor-button elementor-button-link elementor-size-sm\" href=\"https:\/\/resources.emuca.com\/pl\/customer-registration-product\">\n\t\t\t\t\t\t<span class=\"elementor-button-content-wrapper\">\n\t\t\t\t\t\t<span class=\"elementor-button-icon elementor-align-icon-right\">\n\t\t\t\t<i aria-hidden=\"true\" class=\"fas fa-angle-right\"><\/i>\t\t\t<\/span>\n\t\t\t\t\t\t\t\t\t<span class=\"elementor-button-text\">Zosta\u0144 klientem<\/span>\n\t\t\t\t\t<\/span>\n\t\t\t\t\t<\/a>\n\t\t<\/div>\n\t\t\t\t<\/div>\n\t\t\t\t<\/div>\n\t\t\t\t\t<\/div>\n\t\t<\/div>\n\t\t\t\t<div class=\"elementor-column elementor-col-50 elementor-top-column elementor-element elementor-element-6022528\" data-id=\"6022528\" data-element_type=\"column\">\n\t\t\t<div class=\"elementor-widget-wrap elementor-element-populated\">\n\t\t\t\t\t\t<div class=\"elementor-element elementor-element-dae421e elementor-align-center elementor-widget elementor-widget-button\" data-id=\"dae421e\" data-element_type=\"widget\" data-widget_type=\"button.default\">\n\t\t\t\t<div class=\"elementor-widget-container\">\n\t\t\t\t\t<div class=\"elementor-button-wrapper\">\n\t\t\t<a class=\"elementor-button elementor-button-link elementor-size-sm\" href=\"https:\/\/blog.emuca.com\/pl\/\">\n\t\t\t\t\t\t<span class=\"elementor-button-content-wrapper\">\n\t\t\t\t\t\t<span class=\"elementor-button-icon elementor-align-icon-right\">\n\t\t\t\t<i aria-hidden=\"true\" class=\"fas fa-angle-right\"><\/i>\t\t\t<\/span>\n\t\t\t\t\t\t\t\t\t<span class=\"elementor-button-text\">Wr\u00f3\u0107<\/span>\n\t\t\t\t\t<\/span>\n\t\t\t\t\t<\/a>\n\t\t<\/div>\n\t\t\t\t<\/div>\n\t\t\t\t<\/div>\n\t\t\t\t\t<\/div>\n\t\t<\/div>\n\t\t\t\t\t<\/div>\n\t\t<\/section>\n\t\t\t\t<\/div>\n\t\t","protected":false},"excerpt":{"rendered":"<p>\u0141azienka to prawdopodobnie jedno z najbardziej ruchliwych pomieszcze\u0144 w domu i, paradoksalnie, jedno z najmniejszych. W szufladach cz\u0119sto panuje chaos: przewracaj\u0105ce si\u0119 buteleczki perfum, kosmetyki do makija\u017cu wymieszane z akcesoriami do w\u0142os\u00f3w oraz nieko\u0144cz\u0105cy si\u0119 labirynt drobiazg\u00f3w. Cz\u0119sto wydaje nam si\u0119, \u017ce problemem jest brak miejsca do przechowywania, ale w wi\u0119kszo\u015bci przypadk\u00f3w prawdziwym wyzwaniem jest &hellip; <\/p>\n<p class=\"link-more\"><a href=\"https:\/\/blog.emuca.com\/pl\/cat\/styl-zycia\/jak-najlepiej-wykorzystac-przestrzen-w-szufladach-lazienkowych\/\" class=\"more-link\">Czytaj dalej<span class=\"screen-reader-text\"> \u201eJak najlepiej wykorzysta\u0107 przestrze\u0144 w szufladach \u0142azienkowych?\u201d<\/span><\/a><\/p>\n","protected":false},"author":2,"featured_media":62991,"comment_status":"closed","ping_status":"closed","sticky":false,"template":"","format":"standard","meta":{"footnotes":""},"categories":[124],"tags":[],"class_list":["post-63014","post","type-post","status-publish","format-standard","has-post-thumbnail","hentry","category-styl-zycia","entry"],"yoast_head":"<!-- This site is optimized with the Yoast SEO plugin v24.1 - https:\/\/yoast.com\/wordpress\/plugins\/seo\/ -->\n<title>Jak najlepiej wykorzysta\u0107 przestrze\u0144 w szufladach \u0142azienkowych?<\/title>\n<meta name=\"description\" content=\"Czy w Twoich szufladach panuje ba\u0142agan? Dowiedz si\u0119, jak najlepiej wykorzysta\u0107 przestrze\u0144 w szufladach \u0142azienkowych.\" \/>\n<meta name=\"robots\" content=\"index, follow, max-snippet:-1, max-image-preview:large, max-video-preview:-1\" \/>\n<link rel=\"canonical\" href=\"https:\/\/blog.emuca.com\/pl\/cat\/styl-zycia\/jak-najlepiej-wykorzystac-przestrzen-w-szufladach-lazienkowych\/\" \/>\n<meta property=\"og:locale\" content=\"pl_PL\" \/>\n<meta property=\"og:type\" content=\"article\" \/>\n<meta property=\"og:title\" content=\"Jak najlepiej wykorzysta\u0107 przestrze\u0144 w szufladach \u0142azienkowych?\" \/>\n<meta property=\"og:description\" content=\"Czy w Twoich szufladach panuje ba\u0142agan? Dowiedz si\u0119, jak najlepiej wykorzysta\u0107 przestrze\u0144 w szufladach \u0142azienkowych.\" \/>\n<meta property=\"og:url\" content=\"https:\/\/blog.emuca.com\/pl\/cat\/styl-zycia\/jak-najlepiej-wykorzystac-przestrzen-w-szufladach-lazienkowych\/\" \/>\n<meta property=\"og:site_name\" content=\"Emuca blog\" \/>\n<meta property=\"article:publisher\" content=\"https:\/\/www.facebook.com\/EmucaGroup\" \/>\n<meta property=\"article:published_time\" content=\"2026-04-20T14:39:59+00:00\" \/>\n<meta property=\"article:modified_time\" content=\"2026-04-20T14:59:44+00:00\" \/>\n<meta property=\"og:image\" content=\"https:\/\/blog.emuca.com\/wp-content\/uploads\/2026\/04\/organizacion-cajones-bano-emuca.jpg\" \/>\n\t<meta property=\"og:image:width\" content=\"700\" \/>\n\t<meta property=\"og:image:height\" content=\"370\" \/>\n\t<meta property=\"og:image:type\" content=\"image\/jpeg\" \/>\n<meta name=\"author\" content=\"Emuca\" \/>\n<meta name=\"twitter:card\" content=\"summary_large_image\" \/>\n<meta name=\"twitter:label1\" content=\"Napisane przez\" \/>\n\t<meta name=\"twitter:data1\" content=\"Emuca\" \/>\n\t<meta name=\"twitter:label2\" content=\"Szacowany czas czytania\" \/>\n\t<meta name=\"twitter:data2\" content=\"4 minuty\" \/>\n<script type=\"application\/ld+json\" class=\"yoast-schema-graph\">{\"@context\":\"https:\/\/schema.org\",\"@graph\":[{\"@type\":\"Article\",\"@id\":\"https:\/\/blog.emuca.com\/pl\/cat\/styl-zycia\/jak-najlepiej-wykorzystac-przestrzen-w-szufladach-lazienkowych\/#article\",\"isPartOf\":{\"@id\":\"https:\/\/blog.emuca.com\/pl\/cat\/styl-zycia\/jak-najlepiej-wykorzystac-przestrzen-w-szufladach-lazienkowych\/\"},\"author\":{\"name\":\"Emuca\",\"@id\":\"https:\/\/blog.emuca.com\/#\/schema\/person\/81560ca037d9c1ed19744a85ef9cbe2a\"},\"headline\":\"Jak najlepiej wykorzysta\u0107 przestrze\u0144 w szufladach \u0142azienkowych?\",\"datePublished\":\"2026-04-20T14:39:59+00:00\",\"dateModified\":\"2026-04-20T14:59:44+00:00\",\"mainEntityOfPage\":{\"@id\":\"https:\/\/blog.emuca.com\/pl\/cat\/styl-zycia\/jak-najlepiej-wykorzystac-przestrzen-w-szufladach-lazienkowych\/\"},\"wordCount\":851,\"publisher\":{\"@id\":\"https:\/\/blog.emuca.com\/#organization\"},\"image\":{\"@id\":\"https:\/\/blog.emuca.com\/pl\/cat\/styl-zycia\/jak-najlepiej-wykorzystac-przestrzen-w-szufladach-lazienkowych\/#primaryimage\"},\"thumbnailUrl\":\"https:\/\/blog.emuca.com\/wp-content\/uploads\/2026\/04\/organizacion-cajones-bano-emuca.jpg\",\"articleSection\":[\"Styl \u017cycia\"],\"inLanguage\":\"pl-PL\"},{\"@type\":\"WebPage\",\"@id\":\"https:\/\/blog.emuca.com\/pl\/cat\/styl-zycia\/jak-najlepiej-wykorzystac-przestrzen-w-szufladach-lazienkowych\/\",\"url\":\"https:\/\/blog.emuca.com\/pl\/cat\/styl-zycia\/jak-najlepiej-wykorzystac-przestrzen-w-szufladach-lazienkowych\/\",\"name\":\"Jak najlepiej wykorzysta\u0107 przestrze\u0144 w szufladach \u0142azienkowych?\",\"isPartOf\":{\"@id\":\"https:\/\/blog.emuca.com\/#website\"},\"primaryImageOfPage\":{\"@id\":\"https:\/\/blog.emuca.com\/pl\/cat\/styl-zycia\/jak-najlepiej-wykorzystac-przestrzen-w-szufladach-lazienkowych\/#primaryimage\"},\"image\":{\"@id\":\"https:\/\/blog.emuca.com\/pl\/cat\/styl-zycia\/jak-najlepiej-wykorzystac-przestrzen-w-szufladach-lazienkowych\/#primaryimage\"},\"thumbnailUrl\":\"https:\/\/blog.emuca.com\/wp-content\/uploads\/2026\/04\/organizacion-cajones-bano-emuca.jpg\",\"datePublished\":\"2026-04-20T14:39:59+00:00\",\"dateModified\":\"2026-04-20T14:59:44+00:00\",\"description\":\"Czy w Twoich szufladach panuje ba\u0142agan? Dowiedz si\u0119, jak najlepiej wykorzysta\u0107 przestrze\u0144 w szufladach \u0142azienkowych.\",\"inLanguage\":\"pl-PL\",\"potentialAction\":[{\"@type\":\"ReadAction\",\"target\":[\"https:\/\/blog.emuca.com\/pl\/cat\/styl-zycia\/jak-najlepiej-wykorzystac-przestrzen-w-szufladach-lazienkowych\/\"]}]},{\"@type\":\"ImageObject\",\"inLanguage\":\"pl-PL\",\"@id\":\"https:\/\/blog.emuca.com\/pl\/cat\/styl-zycia\/jak-najlepiej-wykorzystac-przestrzen-w-szufladach-lazienkowych\/#primaryimage\",\"url\":\"https:\/\/blog.emuca.com\/wp-content\/uploads\/2026\/04\/organizacion-cajones-bano-emuca.jpg\",\"contentUrl\":\"https:\/\/blog.emuca.com\/wp-content\/uploads\/2026\/04\/organizacion-cajones-bano-emuca.jpg\",\"width\":700,\"height\":370,\"caption\":\"organizzazione dei cassetti del bagno Emuca\"},{\"@type\":\"WebSite\",\"@id\":\"https:\/\/blog.emuca.com\/#website\",\"url\":\"https:\/\/blog.emuca.com\/\",\"name\":\"Emuca blog\",\"description\":\"\",\"publisher\":{\"@id\":\"https:\/\/blog.emuca.com\/#organization\"},\"potentialAction\":[{\"@type\":\"SearchAction\",\"target\":{\"@type\":\"EntryPoint\",\"urlTemplate\":\"https:\/\/blog.emuca.com\/?s={search_term_string}\"},\"query-input\":{\"@type\":\"PropertyValueSpecification\",\"valueRequired\":true,\"valueName\":\"search_term_string\"}}],\"inLanguage\":\"pl-PL\"},{\"@type\":\"Organization\",\"@id\":\"https:\/\/blog.emuca.com\/#organization\",\"name\":\"emuca\",\"url\":\"https:\/\/blog.emuca.com\/\",\"logo\":{\"@type\":\"ImageObject\",\"inLanguage\":\"pl-PL\",\"@id\":\"https:\/\/blog.emuca.com\/#\/schema\/logo\/image\/\",\"url\":\"https:\/\/blog.emuca.com\/wp-content\/uploads\/2024\/05\/cropped-logo-emuca-menu.png\",\"contentUrl\":\"https:\/\/blog.emuca.com\/wp-content\/uploads\/2024\/05\/cropped-logo-emuca-menu.png\",\"width\":190,\"height\":190,\"caption\":\"emuca\"},\"image\":{\"@id\":\"https:\/\/blog.emuca.com\/#\/schema\/logo\/image\/\"},\"sameAs\":[\"https:\/\/www.facebook.com\/EmucaGroup\"]},{\"@type\":\"Person\",\"@id\":\"https:\/\/blog.emuca.com\/#\/schema\/person\/81560ca037d9c1ed19744a85ef9cbe2a\",\"name\":\"Emuca\",\"url\":\"https:\/\/blog.emuca.com\/pl\/cat\/author\/emuca\/\"}]}<\/script>\n<!-- \/ Yoast SEO plugin. -->","yoast_head_json":{"title":"Jak najlepiej wykorzysta\u0107 przestrze\u0144 w szufladach \u0142azienkowych?","description":"Czy w Twoich szufladach panuje ba\u0142agan? Dowiedz si\u0119, jak najlepiej wykorzysta\u0107 przestrze\u0144 w szufladach \u0142azienkowych.","robots":{"index":"index","follow":"follow","max-snippet":"max-snippet:-1","max-image-preview":"max-image-preview:large","max-video-preview":"max-video-preview:-1"},"canonical":"https:\/\/blog.emuca.com\/pl\/cat\/styl-zycia\/jak-najlepiej-wykorzystac-przestrzen-w-szufladach-lazienkowych\/","og_locale":"pl_PL","og_type":"article","og_title":"Jak najlepiej wykorzysta\u0107 przestrze\u0144 w szufladach \u0142azienkowych?","og_description":"Czy w Twoich szufladach panuje ba\u0142agan? Dowiedz si\u0119, jak najlepiej wykorzysta\u0107 przestrze\u0144 w szufladach \u0142azienkowych.","og_url":"https:\/\/blog.emuca.com\/pl\/cat\/styl-zycia\/jak-najlepiej-wykorzystac-przestrzen-w-szufladach-lazienkowych\/","og_site_name":"Emuca blog","article_publisher":"https:\/\/www.facebook.com\/EmucaGroup","article_published_time":"2026-04-20T14:39:59+00:00","article_modified_time":"2026-04-20T14:59:44+00:00","og_image":[{"width":700,"height":370,"url":"https:\/\/blog.emuca.com\/wp-content\/uploads\/2026\/04\/organizacion-cajones-bano-emuca.jpg","type":"image\/jpeg"}],"author":"Emuca","twitter_card":"summary_large_image","twitter_misc":{"Napisane przez":"Emuca","Szacowany czas czytania":"4 minuty"},"schema":{"@context":"https:\/\/schema.org","@graph":[{"@type":"Article","@id":"https:\/\/blog.emuca.com\/pl\/cat\/styl-zycia\/jak-najlepiej-wykorzystac-przestrzen-w-szufladach-lazienkowych\/#article","isPartOf":{"@id":"https:\/\/blog.emuca.com\/pl\/cat\/styl-zycia\/jak-najlepiej-wykorzystac-przestrzen-w-szufladach-lazienkowych\/"},"author":{"name":"Emuca","@id":"https:\/\/blog.emuca.com\/#\/schema\/person\/81560ca037d9c1ed19744a85ef9cbe2a"},"headline":"Jak najlepiej wykorzysta\u0107 przestrze\u0144 w szufladach \u0142azienkowych?","datePublished":"2026-04-20T14:39:59+00:00","dateModified":"2026-04-20T14:59:44+00:00","mainEntityOfPage":{"@id":"https:\/\/blog.emuca.com\/pl\/cat\/styl-zycia\/jak-najlepiej-wykorzystac-przestrzen-w-szufladach-lazienkowych\/"},"wordCount":851,"publisher":{"@id":"https:\/\/blog.emuca.com\/#organization"},"image":{"@id":"https:\/\/blog.emuca.com\/pl\/cat\/styl-zycia\/jak-najlepiej-wykorzystac-przestrzen-w-szufladach-lazienkowych\/#primaryimage"},"thumbnailUrl":"https:\/\/blog.emuca.com\/wp-content\/uploads\/2026\/04\/organizacion-cajones-bano-emuca.jpg","articleSection":["Styl \u017cycia"],"inLanguage":"pl-PL"},{"@type":"WebPage","@id":"https:\/\/blog.emuca.com\/pl\/cat\/styl-zycia\/jak-najlepiej-wykorzystac-przestrzen-w-szufladach-lazienkowych\/","url":"https:\/\/blog.emuca.com\/pl\/cat\/styl-zycia\/jak-najlepiej-wykorzystac-przestrzen-w-szufladach-lazienkowych\/","name":"Jak najlepiej wykorzysta\u0107 przestrze\u0144 w szufladach \u0142azienkowych?","isPartOf":{"@id":"https:\/\/blog.emuca.com\/#website"},"primaryImageOfPage":{"@id":"https:\/\/blog.emuca.com\/pl\/cat\/styl-zycia\/jak-najlepiej-wykorzystac-przestrzen-w-szufladach-lazienkowych\/#primaryimage"},"image":{"@id":"https:\/\/blog.emuca.com\/pl\/cat\/styl-zycia\/jak-najlepiej-wykorzystac-przestrzen-w-szufladach-lazienkowych\/#primaryimage"},"thumbnailUrl":"https:\/\/blog.emuca.com\/wp-content\/uploads\/2026\/04\/organizacion-cajones-bano-emuca.jpg","datePublished":"2026-04-20T14:39:59+00:00","dateModified":"2026-04-20T14:59:44+00:00","description":"Czy w Twoich szufladach panuje ba\u0142agan? Dowiedz si\u0119, jak najlepiej wykorzysta\u0107 przestrze\u0144 w szufladach \u0142azienkowych.","inLanguage":"pl-PL","potentialAction":[{"@type":"ReadAction","target":["https:\/\/blog.emuca.com\/pl\/cat\/styl-zycia\/jak-najlepiej-wykorzystac-przestrzen-w-szufladach-lazienkowych\/"]}]},{"@type":"ImageObject","inLanguage":"pl-PL","@id":"https:\/\/blog.emuca.com\/pl\/cat\/styl-zycia\/jak-najlepiej-wykorzystac-przestrzen-w-szufladach-lazienkowych\/#primaryimage","url":"https:\/\/blog.emuca.com\/wp-content\/uploads\/2026\/04\/organizacion-cajones-bano-emuca.jpg","contentUrl":"https:\/\/blog.emuca.com\/wp-content\/uploads\/2026\/04\/organizacion-cajones-bano-emuca.jpg","width":700,"height":370,"caption":"organizzazione dei cassetti del bagno Emuca"},{"@type":"WebSite","@id":"https:\/\/blog.emuca.com\/#website","url":"https:\/\/blog.emuca.com\/","name":"Emuca blog","description":"","publisher":{"@id":"https:\/\/blog.emuca.com\/#organization"},"potentialAction":[{"@type":"SearchAction","target":{"@type":"EntryPoint","urlTemplate":"https:\/\/blog.emuca.com\/?s={search_term_string}"},"query-input":{"@type":"PropertyValueSpecification","valueRequired":true,"valueName":"search_term_string"}}],"inLanguage":"pl-PL"},{"@type":"Organization","@id":"https:\/\/blog.emuca.com\/#organization","name":"emuca","url":"https:\/\/blog.emuca.com\/","logo":{"@type":"ImageObject","inLanguage":"pl-PL","@id":"https:\/\/blog.emuca.com\/#\/schema\/logo\/image\/","url":"https:\/\/blog.emuca.com\/wp-content\/uploads\/2024\/05\/cropped-logo-emuca-menu.png","contentUrl":"https:\/\/blog.emuca.com\/wp-content\/uploads\/2024\/05\/cropped-logo-emuca-menu.png","width":190,"height":190,"caption":"emuca"},"image":{"@id":"https:\/\/blog.emuca.com\/#\/schema\/logo\/image\/"},"sameAs":["https:\/\/www.facebook.com\/EmucaGroup"]},{"@type":"Person","@id":"https:\/\/blog.emuca.com\/#\/schema\/person\/81560ca037d9c1ed19744a85ef9cbe2a","name":"Emuca","url":"https:\/\/blog.emuca.com\/pl\/cat\/author\/emuca\/"}]}},"_links":{"self":[{"href":"https:\/\/blog.emuca.com\/pl\/wp-json\/wp\/v2\/posts\/63014"}],"collection":[{"href":"https:\/\/blog.emuca.com\/pl\/wp-json\/wp\/v2\/posts"}],"about":[{"href":"https:\/\/blog.emuca.com\/pl\/wp-json\/wp\/v2\/types\/post"}],"author":[{"embeddable":true,"href":"https:\/\/blog.emuca.com\/pl\/wp-json\/wp\/v2\/users\/2"}],"replies":[{"embeddable":true,"href":"https:\/\/blog.emuca.com\/pl\/wp-json\/wp\/v2\/comments?post=63014"}],"version-history":[{"count":2,"href":"https:\/\/blog.emuca.com\/pl\/wp-json\/wp\/v2\/posts\/63014\/revisions"}],"predecessor-version":[{"id":63024,"href":"https:\/\/blog.emuca.com\/pl\/wp-json\/wp\/v2\/posts\/63014\/revisions\/63024"}],"wp:featuredmedia":[{"embeddable":true,"href":"https:\/\/blog.emuca.com\/pl\/wp-json\/wp\/v2\/media\/62991"}],"wp:attachment":[{"href":"https:\/\/blog.emuca.com\/pl\/wp-json\/wp\/v2\/media?parent=63014"}],"wp:term":[{"taxonomy":"category","embeddable":true,"href":"https:\/\/blog.emuca.com\/pl\/wp-json\/wp\/v2\/categories?post=63014"},{"taxonomy":"post_tag","embeddable":true,"href":"https:\/\/blog.emuca.com\/pl\/wp-json\/wp\/v2\/tags?post=63014"}],"curies":[{"name":"wp","href":"https:\/\/api.w.org\/{rel}","templated":true}]}}