{"id":48550,"date":"2023-02-10T13:00:33","date_gmt":"2023-02-10T12:00:33","guid":{"rendered":"http:\/\/blogs.emuca.com\/nblog\/cat\/bez-kategorii\/emuca-made-in-italy-odkryj-nasza-siedzibe-we-wloszech\/"},"modified":"2023-03-10T12:13:14","modified_gmt":"2023-03-10T11:13:14","slug":"emuca-made-in-italy-odkryj-nasza-siedzibe-we-wloszech","status":"publish","type":"post","link":"https:\/\/blog.emuca.com\/pl\/cat\/aktualnosci\/emuca-made-in-italy-odkryj-nasza-siedzibe-we-wloszech\/","title":{"rendered":"Emuca Made in Italy: odkryj nasz\u0105 siedzib\u0119 we W\u0142oszech"},"content":{"rendered":"\t\t<div data-elementor-type=\"wp-post\" data-elementor-id=\"48550\" class=\"elementor elementor-48550 elementor-44539\">\n\t\t\t\t\t\t<section class=\"elementor-section elementor-top-section elementor-element elementor-element-5b0edc78 elementor-section-boxed elementor-section-height-default elementor-section-height-default\" data-id=\"5b0edc78\" data-element_type=\"section\" data-e-type=\"section\">\n\t\t\t\t\t\t<div class=\"elementor-container elementor-column-gap-default\">\n\t\t\t\t\t<div class=\"elementor-column elementor-col-100 elementor-top-column elementor-element elementor-element-6aac81b9\" data-id=\"6aac81b9\" data-element_type=\"column\" data-e-type=\"column\">\n\t\t\t<div class=\"elementor-widget-wrap elementor-element-populated\">\n\t\t\t\t\t\t<div class=\"elementor-element elementor-element-87dd513 elementor-widget elementor-widget-text-editor\" data-id=\"87dd513\" data-element_type=\"widget\" data-e-type=\"widget\" data-widget_type=\"text-editor.default\">\n\t\t\t\t<div class=\"elementor-widget-container\">\n\t\t\t\t\t\t\t\t\tW Emuca wykonujemy niesko\u0144czon\u0105 ilo\u015b\u0107 zada\u0144, aby produkt przeszed\u0142 drog\u0119 od potrzeby i pomys\u0142u do klienta ko\u0144cowego, aby m\u00f3g\u0142 si\u0119 nim cieszy\u0107. Jeste\u015bmy projektantami, producentami, sprzedawcami, dystrybutorami i wspieramy handel elektroniczny, u\u0142atwiaj\u0105c naszym produktom dotarcie do wi\u0119kszej liczby dom\u00f3w i firm. W tym miejscu narodzi\u0142a si\u0119 idea Emuca Made in Italy.\r\nAby dotrze\u0107 do coraz wi\u0119kszej liczby miejsc, mamy biura w Portugalii, Wielkiej Brytanii, Francji, W\u0142oszech i nasz\u0105 g\u0142\u00f3wn\u0105 siedzib\u0119 w Hiszpanii. Pozwoli\u0142o nam to na bli\u017cszy kontakt z naszymi klientami i aktualnymi trendami w \u015bwiecie mebli.\r\nDlatego w naszych produktach znajd\u0105 Pa\u0144stwo bezpo\u015brednie zastosowanie naszych studi\u00f3w i bada\u0144. Generujemy rozwi\u0105zania i wprowadzamy innowacje, czyli to, co robimy najlepiej.\r\nEmuca Made in Italy: centra logistyczne i korzy\u015bci, jakie oferuj\u0105\r\nCentra logistyczne to przestrzenie, kt\u00f3re umo\u017cliwiaj\u0105 scentralizowan\u0105 dystrybucj\u0119 produkt\u00f3w Emuca. Osi\u0105gaj\u0105 bardziej wydajne i kontrolowane wysy\u0142ki, jako ostatni element \u0142a\u0144cucha dostaw.\r\nDlatego posiadanie dw\u00f3ch du\u017cych centr\u00f3w, takich jak te, kt\u00f3re mamy w Hiszpanii i we W\u0142oszech, znacznie zwi\u0119ksza nasz\u0105 infrastruktur\u0119 operacyjn\u0105, skracaj\u0105c czas wysy\u0142ki.\r\nJedn\u0105 z zalet jest usprawnienie proces\u00f3w logistycznych, dlatego dzisiaj mo\u017cemy powiedzie\u0107, \u017ce dostarczamy zam\u00f3wienia do prawie ca\u0142ej Europy w szybkim czasie, albo do Pa\u0144stwa sklepu, albo do Pa\u0144stwa klienta, je\u017celi prowadz\u0105 Pa\u0144stwo handel elektroniczny.\r\nWarto zauwa\u017cy\u0107, \u017ce ka\u017cde centrum logistyczne ma niesamowit\u0105 powierzchni\u0119 i infrastruktur\u0119 z zaawansowan\u0105 technologi\u0105, kt\u00f3r\u0105 zbudowali\u015bmy w naszej d\u0142ugiej historii, dzi\u0119ki klientom, kt\u00f3rzy zawsze nas wspieraj\u0105 i ufaj\u0105 naszym rozwi\u0105zaniom dla swoich dom\u00f3w.\t\t\t\t\t\t\t\t<\/div>\n\t\t\t\t<\/div>\n\t\t\t\t<div class=\"elementor-element elementor-element-904fe08 elementor-widget elementor-widget-html\" data-id=\"904fe08\" data-element_type=\"widget\" data-e-type=\"widget\" data-widget_type=\"html.default\">\n\t\t\t\t<div class=\"elementor-widget-container\">\n\t\t\t\t\t<!--HubSpot Call-to-Action Code --><span class=\"hs-cta-wrapper\" id=\"hs-cta-wrapper-218d8260-cdce-4f85-8679-eff463075ae8\"><span class=\"hs-cta-node hs-cta-218d8260-cdce-4f85-8679-eff463075ae8\" id=\"hs-cta-218d8260-cdce-4f85-8679-eff463075ae8\"><!--[if lte IE 8]><div id=\"hs-cta-ie-element\"><\/div><![endif]--><a href=\"https:\/\/cta-redirect.hubspot.com\/cta\/redirect\/4071763\/218d8260-cdce-4f85-8679-eff463075ae8\" target=\"_blank\" rel=\"noopener\"><img fetchpriority=\"high\" decoding=\"async\" class=\"hs-cta-img\" id=\"hs-cta-img-218d8260-cdce-4f85-8679-eff463075ae8\" style=\"border-width:0px;\" height=\"372\" width=\"1175\" src=\"https:\/\/no-cache.hubspot.com\/cta\/default\/4071763\/218d8260-cdce-4f85-8679-eff463075ae8.png\"  alt=\"Nueva llamada a la acci\u00f3n\"\/><\/a><\/span><script charset=\"utf-8\" src=\"https:\/\/js.hscta.net\/cta\/current.js\"><\/script><script type=\"text\/javascript\"> hbspt.cta.load(4071763, '218d8260-cdce-4f85-8679-eff463075ae8', {\"useNewLoader\":\"true\",\"region\":\"na1\"}); <\/script><\/span><!-- end HubSpot Call-to-Action Code -->\t\t\t\t<\/div>\n\t\t\t\t<\/div>\n\t\t\t\t<div class=\"elementor-element elementor-element-42a096f elementor-widget elementor-widget-text-editor\" data-id=\"42a096f\" data-element_type=\"widget\" data-e-type=\"widget\" data-widget_type=\"text-editor.default\">\n\t\t\t\t<div class=\"elementor-widget-container\">\n\t\t\t\t\t\t\t\t\tEmuca we W\u0142oszech\r\nAby zwi\u0119kszy\u0107 nasze mo\u017cliwo\u015bci operacyjne, od lat pracujemy nad ekspansj\u0105, tworz\u0105c nowe centra, nie tylko logistyczne i dystrybucyjne, ale r\u00f3wnie\u017c produkcyjne.\r\nDlatego dzi\u015b mo\u017cemy powiedzie\u0107, \u017ce wytwarzamy produkty Emuca Made in Italy, aby s\u0142u\u017cy\u0107 szerszej publiczno\u015bci i w szybszy spos\u00f3b, rozszerzaj\u0105c obszar dzia\u0142ania i skuteczno\u015b\u0107 na ca\u0142\u0105 Europ\u0119.\r\nW Emuca staramy si\u0119 ulepsza\u0107 i s\u0142u\u017cy\u0107 wi\u0119kszej liczbie odbiorc\u00f3w, taka przestrze\u0144 produkcyjna pozwala nam na zwi\u0119kszenie zasi\u0119gu zlece\u0144 r\u00f3wnolegle, zar\u00f3wno dla klient\u00f3w ko\u0144cowych, producent\u00f3w, jak i sprzedawc\u00f3w.\r\nJak to osi\u0105gn\u0119li\u015bmy?\r\nJeste\u015bmy firm\u0105, kt\u00f3ra istnieje na rynku od ponad 40 lat, oferuj\u0105c wysokiej jako\u015bci rozwi\u0105zania dla przestrzeni domowych i biznesowych, wprowadzaj\u0105c innowacje we wszystkich dzia\u0142ach sektora meblowego.\r\nNasza wizja pozwoli\u0142a nam p\u00f3j\u015b\u0107 naprz\u00f3d i wykorzysta\u0107 nowe technologie, takie jak e-commerce i nowe platformy cyfrowe, aby rozwija\u0107 si\u0119 i dociera\u0107 do kolejnych cz\u0119\u015bci Europy.\r\nW zwi\u0105zku z tym uznali\u015bmy, \u017ce konieczne jest rozszerzenie naszych mo\u017cliwo\u015bci operacyjnych. Wraz z rozwojem naszej obecno\u015bci, popularno\u015b\u0107 produkt\u00f3w takich jak Vertex box urzek\u0142a tych, kt\u00f3rzy je wypr\u00f3bowali.\r\nTo nie by\u0142a praca na kilka dni, utrzymywali\u015bmy sta\u0142e tempo przez ca\u0142y czas naszej dzia\u0142alno\u015bci. Dlatego nasze osi\u0105gni\u0119cia przynosz\u0105 takie owoce, kt\u00f3re poprawiaj\u0105 jako\u015b\u0107 us\u0142ug dla naszych klient\u00f3w, takich jak Pa\u0144stwo.\t\t\t\t\t\t\t\t<\/div>\n\t\t\t\t<\/div>\n\t\t\t\t<div class=\"elementor-element elementor-element-4f9adce elementor-widget elementor-widget-image\" data-id=\"4f9adce\" data-element_type=\"widget\" data-e-type=\"widget\" data-widget_type=\"image.default\">\n\t\t\t\t<div class=\"elementor-widget-container\">\n\t\t\t\t\t\t\t\t\t\t\t\t\t\t\t<img decoding=\"async\" width=\"640\" height=\"356\" src=\"https:\/\/blog.emuca.com\/wp-content\/uploads\/2023\/02\/almacen-emuca-23.jpg\" class=\"attachment-large size-large wp-image-48290\" alt=\"\" srcset=\"https:\/\/blog.emuca.com\/wp-content\/uploads\/2023\/02\/almacen-emuca-23.jpg 900w, https:\/\/blog.emuca.com\/wp-content\/uploads\/2023\/02\/almacen-emuca-23-300x167.jpg 300w, https:\/\/blog.emuca.com\/wp-content\/uploads\/2023\/02\/almacen-emuca-23-768x427.jpg 768w\" sizes=\"(max-width: 34.9rem) calc(100vw - 2rem), (max-width: 53rem) calc(8 * (100vw \/ 12)), (min-width: 53rem) calc(6 * (100vw \/ 12)), 100vw\" \/>\t\t\t\t\t\t\t\t\t\t\t\t\t\t\t<\/div>\n\t\t\t\t<\/div>\n\t\t\t\t<div class=\"elementor-element elementor-element-65294d88 elementor-widget elementor-widget-text-editor\" data-id=\"65294d88\" data-element_type=\"widget\" data-e-type=\"widget\" data-widget_type=\"text-editor.default\">\n\t\t\t\t<div class=\"elementor-widget-container\">\n\t\t\t\t\t\t\t\t\tJak post\u0119pujemy z transportem?\r\nZarz\u0105dzanie transportem jest zawsze krytycznym aspektem zapewnienia doskona\u0142ej obs\u0142ugi. Terminowe dostawy i integralno\u015b\u0107 produktu to ostatni szczeg\u00f3\u0142, kt\u00f3ry m\u00f3wi o firmie.\r\nDlatego wsp\u00f3\u0142pracujemy z firmami spedycyjnymi, kt\u00f3re s\u0105 doskona\u0142e w swoich us\u0142ugach, gwarantuj\u0105c pokrycie terytorium Europy w idealny spos\u00f3b. Upewniamy si\u0119, \u017ce firmy te spe\u0142niaj\u0105 wszystkie wymagania i \u017ce ich filozofia jest zgodna z nasz\u0105.\r\nDlatego dbamy o to, aby nasze floty by\u0142y odnowione i przyjazne dla \u015brodowiska, staraj\u0105c si\u0119 jak najbardziej zmniejszy\u0107 nasz \u015blad w\u0119glowy.\r\nW ten spos\u00f3b udaje nam si\u0119 prowadzi\u0107 dystrybucj\u0119 do ponad 50 kraj\u00f3w i budowa\u0107 siln\u0105 i bardzo wydajn\u0105 sie\u0107 sprzeda\u017cy w ca\u0142ej Europie. B\u0119d\u0105 Pa\u0144stwo mogli otrzyma\u0107 swoje produkty niemal natychmiast.\r\nEcommerce i dropshipping\r\nW Emuca stawiamy na handel cyfrowy. Z tego powodu na naszej stronie internetowej znajd\u0105 Pa\u0144stwo wszystkie nasze produkty wyszczeg\u00f3lnione w obszernym i dobrze opracowanym katalogu.\r\nPonadto staramy si\u0119 zach\u0119ca\u0107 kolejnych sprzedawc\u00f3w do oferowania naszych produkt\u00f3w poprzez zapewnienie najlepszej obs\u0142ugi klienta, wsparcia, tre\u015bci edukacyjnych, szybkiej wysy\u0142ki, ubezpieczenia itp. I oczywi\u015bcie wysokiej jako\u015bci produkty, z kt\u00f3rych jeste\u015bmy znani.\r\nWszystko po to, aby osi\u0105gn\u0105\u0107 wa\u017cne kamienie milowe, takie jak to, \u017ce wi\u0119kszo\u015b\u0107 zam\u00f3wie\u0144 jest sk\u0142adana cyfrowo i \u017ce nasza aktywno\u015b\u0107 na kana\u0142ach cyfrowych ma wp\u0142yw na naszych klient\u00f3w.\r\nDzi\u0119ki temu b\u0119dziemy mogli sprosta\u0107 wyzwaniom przysz\u0142o\u015bci. Zawsze w parze z technologi\u0105 i z wizj\u0105 w harmonii z natur\u0105.\r\nKupujcie Pa\u0144stwo produkty w Emuca Made in Italy\r\nDlatego je\u015bli szukaj\u0105 Pa\u0144stwo oku\u0107, mebli lub innych element\u00f3w z tej dziedziny, mog\u0105 by\u0107 Pa\u0144stwo pewni, \u017ce znajdziemy je w naszym katalogu. Niezale\u017cnie od tego, czy chodzi o projekt osobisty, projekt klienta czy Pa\u0144stwa sklep&#8230; Emuca to ma!\t\t\t\t\t\t\t\t<\/div>\n\t\t\t\t<\/div>\n\t\t\t\t<div class=\"elementor-element elementor-element-f6375b8 elementor-widget elementor-widget-image\" data-id=\"f6375b8\" data-element_type=\"widget\" data-e-type=\"widget\" data-widget_type=\"image.default\">\n\t\t\t\t<div class=\"elementor-widget-container\">\n\t\t\t\t\t\t\t\t\t\t\t\t\t\t\t<img decoding=\"async\" width=\"640\" height=\"360\" src=\"https:\/\/blog.emuca.com\/wp-content\/uploads\/2023\/02\/Emuca-Made-in-italy-1024x576.gif\" class=\"attachment-large size-large wp-image-48451\" alt=\"\" srcset=\"https:\/\/blog.emuca.com\/wp-content\/uploads\/2023\/02\/Emuca-Made-in-italy-1024x576.gif 1024w, https:\/\/blog.emuca.com\/wp-content\/uploads\/2023\/02\/Emuca-Made-in-italy-300x169.gif 300w, https:\/\/blog.emuca.com\/wp-content\/uploads\/2023\/02\/Emuca-Made-in-italy-768x432.gif 768w, https:\/\/blog.emuca.com\/wp-content\/uploads\/2023\/02\/Emuca-Made-in-italy-1536x864.gif 1536w, https:\/\/blog.emuca.com\/wp-content\/uploads\/2023\/02\/Emuca-Made-in-italy-1568x882.gif 1568w\" sizes=\"(max-width: 34.9rem) calc(100vw - 2rem), (max-width: 53rem) calc(8 * (100vw \/ 12)), (min-width: 53rem) calc(6 * (100vw \/ 12)), 100vw\" \/>\t\t\t\t\t\t\t\t\t\t\t\t\t\t\t<\/div>\n\t\t\t\t<\/div>\n\t\t\t\t\t<\/div>\n\t\t<\/div>\n\t\t\t\t\t<\/div>\n\t\t<\/section>\n\t\t\t\t<\/div>\n\t\t","protected":false},"excerpt":{"rendered":"<p>W Emuca wykonujemy niesko\u0144czon\u0105 ilo\u015b\u0107 zada\u0144, aby produkt przeszed\u0142 drog\u0119 od potrzeby i pomys\u0142u do klienta ko\u0144cowego, aby m\u00f3g\u0142 si\u0119 nim cieszy\u0107. Jeste\u015bmy projektantami, producentami, sprzedawcami, dystrybutorami i wspieramy handel elektroniczny, u\u0142atwiaj\u0105c naszym produktom dotarcie do wi\u0119kszej liczby dom\u00f3w i firm. W tym miejscu narodzi\u0142a si\u0119 idea Emuca Made in Italy. Aby dotrze\u0107 do coraz &hellip; <\/p>\n<p class=\"link-more\"><a href=\"https:\/\/blog.emuca.com\/pl\/cat\/aktualnosci\/emuca-made-in-italy-odkryj-nasza-siedzibe-we-wloszech\/\" class=\"more-link\">Czytaj dalej<span class=\"screen-reader-text\"> \u201eEmuca Made in Italy: odkryj nasz\u0105 siedzib\u0119 we W\u0142oszech\u201d<\/span><\/a><\/p>\n","protected":false},"author":3,"featured_media":48472,"comment_status":"closed","ping_status":"closed","sticky":false,"template":"","format":"standard","meta":{"footnotes":""},"categories":[52],"tags":[716,1983],"class_list":["post-48550","post","type-post","status-publish","format-standard","has-post-thumbnail","hentry","category-aktualnosci","tag-emuca-pl","tag-emuca-wlochy","entry"],"yoast_head":"<!-- This site is optimized with the Yoast SEO plugin v24.1 - https:\/\/yoast.com\/wordpress\/plugins\/seo\/ -->\n<title>Emuca Made in Italy: odkryj nasz\u0105 siedzib\u0119 we W\u0142oszech - Emuca blog<\/title>\n<meta name=\"description\" content=\"W d\u0105\u017ceniu do rozwoju i oferowania jak najlepszych us\u0142ug zbudowali\u015bmy siedzib\u0119 we W\u0142oszech \u2b50 Discover Emuca Made in Italy \u2728.\" \/>\n<meta name=\"robots\" content=\"index, follow, max-snippet:-1, max-image-preview:large, max-video-preview:-1\" \/>\n<link rel=\"canonical\" href=\"https:\/\/blog.emuca.com\/pl\/cat\/aktualnosci\/emuca-made-in-italy-odkryj-nasza-siedzibe-we-wloszech\/\" \/>\n<meta property=\"og:locale\" content=\"pl_PL\" \/>\n<meta property=\"og:type\" content=\"article\" \/>\n<meta property=\"og:title\" content=\"Emuca Made in Italy: odkryj nasz\u0105 siedzib\u0119 we W\u0142oszech - Emuca blog\" \/>\n<meta property=\"og:description\" content=\"W d\u0105\u017ceniu do rozwoju i oferowania jak najlepszych us\u0142ug zbudowali\u015bmy siedzib\u0119 we W\u0142oszech \u2b50 Discover Emuca Made in Italy \u2728.\" \/>\n<meta property=\"og:url\" content=\"https:\/\/blog.emuca.com\/pl\/cat\/aktualnosci\/emuca-made-in-italy-odkryj-nasza-siedzibe-we-wloszech\/\" \/>\n<meta property=\"og:site_name\" content=\"Emuca blog\" \/>\n<meta property=\"article:publisher\" content=\"https:\/\/www.facebook.com\/EmucaGroup\" \/>\n<meta property=\"article:published_time\" content=\"2023-02-10T12:00:33+00:00\" \/>\n<meta property=\"article:modified_time\" content=\"2023-03-10T11:13:14+00:00\" \/>\n<meta property=\"og:image\" content=\"https:\/\/blog.emuca.com\/wp-content\/uploads\/2023\/02\/Emuca-Made-in-italy-23.jpg\" \/>\n\t<meta property=\"og:image:width\" content=\"1920\" \/>\n\t<meta property=\"og:image:height\" content=\"1080\" \/>\n\t<meta property=\"og:image:type\" content=\"image\/jpeg\" \/>\n<meta name=\"author\" content=\"Jes\u00fas\" \/>\n<meta name=\"twitter:card\" content=\"summary_large_image\" \/>\n<meta name=\"twitter:label1\" content=\"Napisane przez\" \/>\n\t<meta name=\"twitter:data1\" content=\"Jes\u00fas\" \/>\n\t<meta name=\"twitter:label2\" content=\"Szacowany czas czytania\" \/>\n\t<meta name=\"twitter:data2\" content=\"4 minuty\" \/>\n<script type=\"application\/ld+json\" class=\"yoast-schema-graph\">{\"@context\":\"https:\/\/schema.org\",\"@graph\":[{\"@type\":\"Article\",\"@id\":\"https:\/\/blog.emuca.com\/pl\/cat\/aktualnosci\/emuca-made-in-italy-odkryj-nasza-siedzibe-we-wloszech\/#article\",\"isPartOf\":{\"@id\":\"https:\/\/blog.emuca.com\/pl\/cat\/aktualnosci\/emuca-made-in-italy-odkryj-nasza-siedzibe-we-wloszech\/\"},\"author\":{\"name\":\"Jes\u00fas\",\"@id\":\"https:\/\/blog.emuca.com\/#\/schema\/person\/e2000aac3322e591b53c90f4a386f893\"},\"headline\":\"Emuca Made in Italy: odkryj nasz\u0105 siedzib\u0119 we W\u0142oszech\",\"datePublished\":\"2023-02-10T12:00:33+00:00\",\"dateModified\":\"2023-03-10T11:13:14+00:00\",\"mainEntityOfPage\":{\"@id\":\"https:\/\/blog.emuca.com\/pl\/cat\/aktualnosci\/emuca-made-in-italy-odkryj-nasza-siedzibe-we-wloszech\/\"},\"wordCount\":859,\"publisher\":{\"@id\":\"https:\/\/blog.emuca.com\/#organization\"},\"image\":{\"@id\":\"https:\/\/blog.emuca.com\/pl\/cat\/aktualnosci\/emuca-made-in-italy-odkryj-nasza-siedzibe-we-wloszech\/#primaryimage\"},\"thumbnailUrl\":\"https:\/\/blog.emuca.com\/wp-content\/uploads\/2023\/02\/Emuca-Made-in-italy-23.jpg\",\"keywords\":[\"emuca\",\"Emuca W\u0142ochy\"],\"articleSection\":[\"Aktualno\u015bci\"],\"inLanguage\":\"pl-PL\"},{\"@type\":\"WebPage\",\"@id\":\"https:\/\/blog.emuca.com\/pl\/cat\/aktualnosci\/emuca-made-in-italy-odkryj-nasza-siedzibe-we-wloszech\/\",\"url\":\"https:\/\/blog.emuca.com\/pl\/cat\/aktualnosci\/emuca-made-in-italy-odkryj-nasza-siedzibe-we-wloszech\/\",\"name\":\"Emuca Made in Italy: odkryj nasz\u0105 siedzib\u0119 we W\u0142oszech - Emuca blog\",\"isPartOf\":{\"@id\":\"https:\/\/blog.emuca.com\/#website\"},\"primaryImageOfPage\":{\"@id\":\"https:\/\/blog.emuca.com\/pl\/cat\/aktualnosci\/emuca-made-in-italy-odkryj-nasza-siedzibe-we-wloszech\/#primaryimage\"},\"image\":{\"@id\":\"https:\/\/blog.emuca.com\/pl\/cat\/aktualnosci\/emuca-made-in-italy-odkryj-nasza-siedzibe-we-wloszech\/#primaryimage\"},\"thumbnailUrl\":\"https:\/\/blog.emuca.com\/wp-content\/uploads\/2023\/02\/Emuca-Made-in-italy-23.jpg\",\"datePublished\":\"2023-02-10T12:00:33+00:00\",\"dateModified\":\"2023-03-10T11:13:14+00:00\",\"description\":\"W d\u0105\u017ceniu do rozwoju i oferowania jak najlepszych us\u0142ug zbudowali\u015bmy siedzib\u0119 we W\u0142oszech \u2b50 Discover Emuca Made in Italy \u2728.\",\"inLanguage\":\"pl-PL\",\"potentialAction\":[{\"@type\":\"ReadAction\",\"target\":[\"https:\/\/blog.emuca.com\/pl\/cat\/aktualnosci\/emuca-made-in-italy-odkryj-nasza-siedzibe-we-wloszech\/\"]}]},{\"@type\":\"ImageObject\",\"inLanguage\":\"pl-PL\",\"@id\":\"https:\/\/blog.emuca.com\/pl\/cat\/aktualnosci\/emuca-made-in-italy-odkryj-nasza-siedzibe-we-wloszech\/#primaryimage\",\"url\":\"https:\/\/blog.emuca.com\/wp-content\/uploads\/2023\/02\/Emuca-Made-in-italy-23.jpg\",\"contentUrl\":\"https:\/\/blog.emuca.com\/wp-content\/uploads\/2023\/02\/Emuca-Made-in-italy-23.jpg\",\"width\":1920,\"height\":1080},{\"@type\":\"WebSite\",\"@id\":\"https:\/\/blog.emuca.com\/#website\",\"url\":\"https:\/\/blog.emuca.com\/\",\"name\":\"Emuca blog\",\"description\":\"\",\"publisher\":{\"@id\":\"https:\/\/blog.emuca.com\/#organization\"},\"potentialAction\":[{\"@type\":\"SearchAction\",\"target\":{\"@type\":\"EntryPoint\",\"urlTemplate\":\"https:\/\/blog.emuca.com\/?s={search_term_string}\"},\"query-input\":{\"@type\":\"PropertyValueSpecification\",\"valueRequired\":true,\"valueName\":\"search_term_string\"}}],\"inLanguage\":\"pl-PL\"},{\"@type\":\"Organization\",\"@id\":\"https:\/\/blog.emuca.com\/#organization\",\"name\":\"emuca\",\"url\":\"https:\/\/blog.emuca.com\/\",\"logo\":{\"@type\":\"ImageObject\",\"inLanguage\":\"pl-PL\",\"@id\":\"https:\/\/blog.emuca.com\/#\/schema\/logo\/image\/\",\"url\":\"https:\/\/blog.emuca.com\/wp-content\/uploads\/2024\/05\/cropped-logo-emuca-menu.png\",\"contentUrl\":\"https:\/\/blog.emuca.com\/wp-content\/uploads\/2024\/05\/cropped-logo-emuca-menu.png\",\"width\":190,\"height\":190,\"caption\":\"emuca\"},\"image\":{\"@id\":\"https:\/\/blog.emuca.com\/#\/schema\/logo\/image\/\"},\"sameAs\":[\"https:\/\/www.facebook.com\/EmucaGroup\"]},{\"@type\":\"Person\",\"@id\":\"https:\/\/blog.emuca.com\/#\/schema\/person\/e2000aac3322e591b53c90f4a386f893\",\"name\":\"Jes\u00fas\",\"url\":\"https:\/\/blog.emuca.com\/pl\/cat\/author\/jesus_redactor\/\"}]}<\/script>\n<!-- \/ Yoast SEO plugin. -->","yoast_head_json":{"title":"Emuca Made in Italy: odkryj nasz\u0105 siedzib\u0119 we W\u0142oszech - Emuca blog","description":"W d\u0105\u017ceniu do rozwoju i oferowania jak najlepszych us\u0142ug zbudowali\u015bmy siedzib\u0119 we W\u0142oszech \u2b50 Discover Emuca Made in Italy \u2728.","robots":{"index":"index","follow":"follow","max-snippet":"max-snippet:-1","max-image-preview":"max-image-preview:large","max-video-preview":"max-video-preview:-1"},"canonical":"https:\/\/blog.emuca.com\/pl\/cat\/aktualnosci\/emuca-made-in-italy-odkryj-nasza-siedzibe-we-wloszech\/","og_locale":"pl_PL","og_type":"article","og_title":"Emuca Made in Italy: odkryj nasz\u0105 siedzib\u0119 we W\u0142oszech - Emuca blog","og_description":"W d\u0105\u017ceniu do rozwoju i oferowania jak najlepszych us\u0142ug zbudowali\u015bmy siedzib\u0119 we W\u0142oszech \u2b50 Discover Emuca Made in Italy \u2728.","og_url":"https:\/\/blog.emuca.com\/pl\/cat\/aktualnosci\/emuca-made-in-italy-odkryj-nasza-siedzibe-we-wloszech\/","og_site_name":"Emuca blog","article_publisher":"https:\/\/www.facebook.com\/EmucaGroup","article_published_time":"2023-02-10T12:00:33+00:00","article_modified_time":"2023-03-10T11:13:14+00:00","og_image":[{"width":1920,"height":1080,"url":"https:\/\/blog.emuca.com\/wp-content\/uploads\/2023\/02\/Emuca-Made-in-italy-23.jpg","type":"image\/jpeg"}],"author":"Jes\u00fas","twitter_card":"summary_large_image","twitter_misc":{"Napisane przez":"Jes\u00fas","Szacowany czas czytania":"4 minuty"},"schema":{"@context":"https:\/\/schema.org","@graph":[{"@type":"Article","@id":"https:\/\/blog.emuca.com\/pl\/cat\/aktualnosci\/emuca-made-in-italy-odkryj-nasza-siedzibe-we-wloszech\/#article","isPartOf":{"@id":"https:\/\/blog.emuca.com\/pl\/cat\/aktualnosci\/emuca-made-in-italy-odkryj-nasza-siedzibe-we-wloszech\/"},"author":{"name":"Jes\u00fas","@id":"https:\/\/blog.emuca.com\/#\/schema\/person\/e2000aac3322e591b53c90f4a386f893"},"headline":"Emuca Made in Italy: odkryj nasz\u0105 siedzib\u0119 we W\u0142oszech","datePublished":"2023-02-10T12:00:33+00:00","dateModified":"2023-03-10T11:13:14+00:00","mainEntityOfPage":{"@id":"https:\/\/blog.emuca.com\/pl\/cat\/aktualnosci\/emuca-made-in-italy-odkryj-nasza-siedzibe-we-wloszech\/"},"wordCount":859,"publisher":{"@id":"https:\/\/blog.emuca.com\/#organization"},"image":{"@id":"https:\/\/blog.emuca.com\/pl\/cat\/aktualnosci\/emuca-made-in-italy-odkryj-nasza-siedzibe-we-wloszech\/#primaryimage"},"thumbnailUrl":"https:\/\/blog.emuca.com\/wp-content\/uploads\/2023\/02\/Emuca-Made-in-italy-23.jpg","keywords":["emuca","Emuca W\u0142ochy"],"articleSection":["Aktualno\u015bci"],"inLanguage":"pl-PL"},{"@type":"WebPage","@id":"https:\/\/blog.emuca.com\/pl\/cat\/aktualnosci\/emuca-made-in-italy-odkryj-nasza-siedzibe-we-wloszech\/","url":"https:\/\/blog.emuca.com\/pl\/cat\/aktualnosci\/emuca-made-in-italy-odkryj-nasza-siedzibe-we-wloszech\/","name":"Emuca Made in Italy: odkryj nasz\u0105 siedzib\u0119 we W\u0142oszech - Emuca blog","isPartOf":{"@id":"https:\/\/blog.emuca.com\/#website"},"primaryImageOfPage":{"@id":"https:\/\/blog.emuca.com\/pl\/cat\/aktualnosci\/emuca-made-in-italy-odkryj-nasza-siedzibe-we-wloszech\/#primaryimage"},"image":{"@id":"https:\/\/blog.emuca.com\/pl\/cat\/aktualnosci\/emuca-made-in-italy-odkryj-nasza-siedzibe-we-wloszech\/#primaryimage"},"thumbnailUrl":"https:\/\/blog.emuca.com\/wp-content\/uploads\/2023\/02\/Emuca-Made-in-italy-23.jpg","datePublished":"2023-02-10T12:00:33+00:00","dateModified":"2023-03-10T11:13:14+00:00","description":"W d\u0105\u017ceniu do rozwoju i oferowania jak najlepszych us\u0142ug zbudowali\u015bmy siedzib\u0119 we W\u0142oszech \u2b50 Discover Emuca Made in Italy \u2728.","inLanguage":"pl-PL","potentialAction":[{"@type":"ReadAction","target":["https:\/\/blog.emuca.com\/pl\/cat\/aktualnosci\/emuca-made-in-italy-odkryj-nasza-siedzibe-we-wloszech\/"]}]},{"@type":"ImageObject","inLanguage":"pl-PL","@id":"https:\/\/blog.emuca.com\/pl\/cat\/aktualnosci\/emuca-made-in-italy-odkryj-nasza-siedzibe-we-wloszech\/#primaryimage","url":"https:\/\/blog.emuca.com\/wp-content\/uploads\/2023\/02\/Emuca-Made-in-italy-23.jpg","contentUrl":"https:\/\/blog.emuca.com\/wp-content\/uploads\/2023\/02\/Emuca-Made-in-italy-23.jpg","width":1920,"height":1080},{"@type":"WebSite","@id":"https:\/\/blog.emuca.com\/#website","url":"https:\/\/blog.emuca.com\/","name":"Emuca blog","description":"","publisher":{"@id":"https:\/\/blog.emuca.com\/#organization"},"potentialAction":[{"@type":"SearchAction","target":{"@type":"EntryPoint","urlTemplate":"https:\/\/blog.emuca.com\/?s={search_term_string}"},"query-input":{"@type":"PropertyValueSpecification","valueRequired":true,"valueName":"search_term_string"}}],"inLanguage":"pl-PL"},{"@type":"Organization","@id":"https:\/\/blog.emuca.com\/#organization","name":"emuca","url":"https:\/\/blog.emuca.com\/","logo":{"@type":"ImageObject","inLanguage":"pl-PL","@id":"https:\/\/blog.emuca.com\/#\/schema\/logo\/image\/","url":"https:\/\/blog.emuca.com\/wp-content\/uploads\/2024\/05\/cropped-logo-emuca-menu.png","contentUrl":"https:\/\/blog.emuca.com\/wp-content\/uploads\/2024\/05\/cropped-logo-emuca-menu.png","width":190,"height":190,"caption":"emuca"},"image":{"@id":"https:\/\/blog.emuca.com\/#\/schema\/logo\/image\/"},"sameAs":["https:\/\/www.facebook.com\/EmucaGroup"]},{"@type":"Person","@id":"https:\/\/blog.emuca.com\/#\/schema\/person\/e2000aac3322e591b53c90f4a386f893","name":"Jes\u00fas","url":"https:\/\/blog.emuca.com\/pl\/cat\/author\/jesus_redactor\/"}]}},"_links":{"self":[{"href":"https:\/\/blog.emuca.com\/pl\/wp-json\/wp\/v2\/posts\/48550","targetHints":{"allow":["GET"]}}],"collection":[{"href":"https:\/\/blog.emuca.com\/pl\/wp-json\/wp\/v2\/posts"}],"about":[{"href":"https:\/\/blog.emuca.com\/pl\/wp-json\/wp\/v2\/types\/post"}],"author":[{"embeddable":true,"href":"https:\/\/blog.emuca.com\/pl\/wp-json\/wp\/v2\/users\/3"}],"replies":[{"embeddable":true,"href":"https:\/\/blog.emuca.com\/pl\/wp-json\/wp\/v2\/comments?post=48550"}],"version-history":[{"count":2,"href":"https:\/\/blog.emuca.com\/pl\/wp-json\/wp\/v2\/posts\/48550\/revisions"}],"predecessor-version":[{"id":48891,"href":"https:\/\/blog.emuca.com\/pl\/wp-json\/wp\/v2\/posts\/48550\/revisions\/48891"}],"wp:featuredmedia":[{"embeddable":true,"href":"https:\/\/blog.emuca.com\/pl\/wp-json\/wp\/v2\/media\/48472"}],"wp:attachment":[{"href":"https:\/\/blog.emuca.com\/pl\/wp-json\/wp\/v2\/media?parent=48550"}],"wp:term":[{"taxonomy":"category","embeddable":true,"href":"https:\/\/blog.emuca.com\/pl\/wp-json\/wp\/v2\/categories?post=48550"},{"taxonomy":"post_tag","embeddable":true,"href":"https:\/\/blog.emuca.com\/pl\/wp-json\/wp\/v2\/tags?post=48550"}],"curies":[{"name":"wp","href":"https:\/\/api.w.org\/{rel}","templated":true}]}}