{"id":45231,"date":"2022-12-19T09:59:48","date_gmt":"2022-12-19T08:59:48","guid":{"rendered":"http:\/\/blogs.emuca.com\/nblog\/?p=45231"},"modified":"2022-12-21T12:52:38","modified_gmt":"2022-12-21T11:52:38","slug":"nowe-akcesoria-kuchenne","status":"publish","type":"post","link":"https:\/\/blog.emuca.com\/pl\/cat\/nowosci\/nowe-akcesoria-kuchenne\/","title":{"rendered":"Nowe akcesoria kuchenne"},"content":{"rendered":"\t\t<div data-elementor-type=\"wp-post\" data-elementor-id=\"45231\" class=\"elementor elementor-45231 elementor-44795\" data-elementor-post-type=\"post\">\n\t\t\t\t\t\t<section class=\"elementor-section elementor-top-section elementor-element elementor-element-03183a3 elementor-section-boxed elementor-section-height-default elementor-section-height-default\" data-id=\"03183a3\" data-element_type=\"section\">\n\t\t\t\t\t\t<div class=\"elementor-container elementor-column-gap-default\">\n\t\t\t\t\t<div class=\"elementor-column elementor-col-100 elementor-top-column elementor-element elementor-element-b59d7cb\" data-id=\"b59d7cb\" data-element_type=\"column\">\n\t\t\t<div class=\"elementor-widget-wrap elementor-element-populated\">\n\t\t\t\t\t\t<div class=\"elementor-element elementor-element-1119e9e elementor-widget elementor-widget-text-editor\" data-id=\"1119e9e\" data-element_type=\"widget\" data-widget_type=\"text-editor.default\">\n\t\t\t\t<div class=\"elementor-widget-container\">\n\t\t\t\t\t\t\t<p><strong><span style=\"font-size: 10.0pt; font-family: Montserrat; color: #272626;\">Kuchnia <\/span><\/strong><span style=\"font-size: 10.0pt; font-family: Montserrat; color: #272626;\">jest sercem domu, a <b>akcesoria kuchenne pomagaj\u0105 <\/b>utrzyma\u0107 porz\u0105dek w tym pomieszczeniu, w kt\u00f3rym ka\u017cdy chce przebywa\u0107 i sp\u0119dza\u0107 czas w gronie rodziny. <\/span><\/p><p><strong><span style=\"font-size: 10.0pt; font-family: Montserrat; color: #272626;\">Komfort, funkcjonalno\u015b\u0107, design i organizacja <\/span><\/strong><span style=\"font-size: 10.0pt; font-family: Montserrat; color: #272626;\">to cele, kt\u00f3re ka\u017cdy chce mie\u0107 w swojej kuchni. Z tego powodu w <strong><span style=\"font-family: Montserrat;\">Emuca <\/span><\/strong>pracujemy nad ukierunkowaniem naszych produkt\u00f3w na te poj\u0119cia, aby\u015b m\u00f3g\u0142 cieszy\u0107 si\u0119 eleganck\u0105 i zorganizowan\u0105 kuchni\u0105.<\/span><\/p>\t\t\t\t\t\t<\/div>\n\t\t\t\t<\/div>\n\t\t\t\t<div class=\"elementor-element elementor-element-dda8552 elementor-widget elementor-widget-text-editor\" data-id=\"dda8552\" data-element_type=\"widget\" data-widget_type=\"text-editor.default\">\n\t\t\t\t<div class=\"elementor-widget-container\">\n\t\t\t\t\t\t\t<h2><strong>Ociekacz do naczy\u0144 Suprastar <\/strong><\/h2>\t\t\t\t\t\t<\/div>\n\t\t\t\t<\/div>\n\t\t\t\t<div class=\"elementor-element elementor-element-6722d96 elementor-widget elementor-widget-text-editor\" data-id=\"6722d96\" data-element_type=\"widget\" data-widget_type=\"text-editor.default\">\n\t\t\t\t<div class=\"elementor-widget-container\">\n\t\t\t\t\t\t\t<p><span style=\"font-size: 10.0pt; font-family: Montserrat; color: #333333;\">Ociekacz do <strong><span style=\"font-family: Montserrat;\">naczy\u0144 Suprastar <\/span><\/strong>przeznaczony jest do organizacji naczy\u0144 w Twoich szafkach kuchennych. Posiada <b>p\u00f3\u0142k\u0119 na szklanki i drug\u0105 na talerze<\/b>, z tack\u0105 ociekow\u0105, dzi\u0119ki kt\u00f3rej woda nie zniszczy Twoich mebli.<\/span><\/p><p><span style=\"font-size: 10.0pt; font-family: Montserrat; color: #333333;\">Wyr\u00f3\u017cnia si\u0119 <strong><span style=\"font-family: Montserrat;\">du\u017c\u0105 pojemno\u015bci\u0105 przechowywania <\/span><\/strong>oraz tym, \u017ce jest <strong><span style=\"font-family: Montserrat;\">bardzo \u0142atwy w monta\u017cu<\/span><\/strong>, wystarczy przykr\u0119ci\u0107 kotwy do szafki kuchennej i umie\u015bci\u0107 tace. Wykonana jest ze stali z odpornym na rdz\u0119 aluminium lakierowanym, z mocowaniami do urz\u0105dzenia z szarego tworzywa sztucznego i tac\u0105 ociekow\u0105 z przezroczystego tworzywa sztucznego.<\/span><\/p>\t\t\t\t\t\t<\/div>\n\t\t\t\t<\/div>\n\t\t\t\t<div class=\"elementor-element elementor-element-bd5d237 elementor-widget elementor-widget-button\" data-id=\"bd5d237\" data-element_type=\"widget\" data-widget_type=\"button.default\">\n\t\t\t\t<div class=\"elementor-widget-container\">\n\t\t\t\t\t<div class=\"elementor-button-wrapper\">\n\t\t\t<a class=\"elementor-button elementor-button-link elementor-size-sm\" href=\"https:\/\/www.emuca.pl\/kuchnia\/akcesoria-do-mebli-kuchennych\/organizer-do-kuchni\/ociekacz-do-naczyn-suprastar-do-moduu\/ociekacz-do-naczyn-suprastar-do-moduu-600-malowane-aluminium-stal-1-szt\" target=\"_blank\">\n\t\t\t\t\t\t<span class=\"elementor-button-content-wrapper\">\n\t\t\t\t\t\t\t\t\t<span class=\"elementor-button-text\">Zobacz produkty<\/span>\n\t\t\t\t\t<\/span>\n\t\t\t\t\t<\/a>\n\t\t<\/div>\n\t\t\t\t<\/div>\n\t\t\t\t<\/div>\n\t\t\t\t<div class=\"elementor-element elementor-element-4f36add elementor-widget elementor-widget-image\" data-id=\"4f36add\" data-element_type=\"widget\" data-widget_type=\"image.default\">\n\t\t\t\t<div class=\"elementor-widget-container\">\n\t\t\t\t\t\t\t\t\t\t\t\t\t<img fetchpriority=\"high\" decoding=\"async\" width=\"890\" height=\"450\" src=\"https:\/\/blog.emuca.com\/wp-content\/uploads\/2022\/12\/EMUCA-kitchen-post-red-1-1.jpg\" class=\"attachment-full size-full wp-image-44831\" alt=\"\" srcset=\"https:\/\/blog.emuca.com\/wp-content\/uploads\/2022\/12\/EMUCA-kitchen-post-red-1-1.jpg 890w, https:\/\/blog.emuca.com\/wp-content\/uploads\/2022\/12\/EMUCA-kitchen-post-red-1-1-300x152.jpg 300w, https:\/\/blog.emuca.com\/wp-content\/uploads\/2022\/12\/EMUCA-kitchen-post-red-1-1-768x388.jpg 768w\" sizes=\"(max-width: 34.9rem) calc(100vw - 2rem), (max-width: 53rem) calc(8 * (100vw \/ 12)), (min-width: 53rem) calc(6 * (100vw \/ 12)), 100vw\" \/>\t\t\t\t\t\t\t\t\t\t\t\t\t<\/div>\n\t\t\t\t<\/div>\n\t\t\t\t<div class=\"elementor-element elementor-element-6e60cd1 elementor-widget elementor-widget-spacer\" data-id=\"6e60cd1\" data-element_type=\"widget\" data-widget_type=\"spacer.default\">\n\t\t\t\t<div class=\"elementor-widget-container\">\n\t\t\t\t\t<div class=\"elementor-spacer\">\n\t\t\t<div class=\"elementor-spacer-inner\"><\/div>\n\t\t<\/div>\n\t\t\t\t<\/div>\n\t\t\t\t<\/div>\n\t\t\t\t<div class=\"elementor-element elementor-element-a5804dd elementor-widget elementor-widget-text-editor\" data-id=\"a5804dd\" data-element_type=\"widget\" data-widget_type=\"text-editor.default\">\n\t\t\t\t<div class=\"elementor-widget-container\">\n\t\t\t\t\t\t\t<h2><strong>Cienki t\u0142ok do drzwi uchylnych lub podnoszonych do g\u00f3ry<\/strong><\/h2>\t\t\t\t\t\t<\/div>\n\t\t\t\t<\/div>\n\t\t\t\t<div class=\"elementor-element elementor-element-812ed0a elementor-widget elementor-widget-text-editor\" data-id=\"812ed0a\" data-element_type=\"widget\" data-widget_type=\"text-editor.default\">\n\t\t\t\t<div class=\"elementor-widget-container\">\n\t\t\t\t\t\t\t<p>T\u0142oki meblowe Thin wyr\u00f3\u017cniaj\u0105 si\u0119 <strong>eleganckim wygl\u0105dem<\/strong>, dzi\u0119ki ma\u0142ej \u015brednicy \u00d812mm. Dodatkowo wykonane s\u0105 ze stali o <strong>matowym niklowym wyko\u0144czeniu<\/strong>.<\/p><p>Te t\u0142oki t\u0142umi\u0105ce zapewniaj\u0105 g\u0142adkie i amortyzowane opuszczanie lub podnoszenie drzwi sk\u0142adanych lub podnoszonych w meblach domowych, kuchennych i \u0142azienkowych. S\u0105 one dostarczane pojedynczo w workach w formacie zestawu z drzwiami i bocznymi hakami.<\/p>\t\t\t\t\t\t<\/div>\n\t\t\t\t<\/div>\n\t\t\t\t<div class=\"elementor-element elementor-element-6cdb693 elementor-widget elementor-widget-button\" data-id=\"6cdb693\" data-element_type=\"widget\" data-widget_type=\"button.default\">\n\t\t\t\t<div class=\"elementor-widget-container\">\n\t\t\t\t\t<div class=\"elementor-button-wrapper\">\n\t\t\t<a class=\"elementor-button elementor-button-link elementor-size-sm\" href=\"https:\/\/www.emuca.pl\/kuchnia\/ograniczniki\/amortyzatory-i-zaczepy\/tok-thin-z-zaczepami-do-podnoszenia-drzwi\/tok-thin-z-zaczepami-do-podnoszenia-drzwi-5-kg-malowany-matowy-nikiel-stal-i-plastik\" target=\"_blank\">\n\t\t\t\t\t\t<span class=\"elementor-button-content-wrapper\">\n\t\t\t\t\t\t\t\t\t<span class=\"elementor-button-text\">Zobacz produkty<\/span>\n\t\t\t\t\t<\/span>\n\t\t\t\t\t<\/a>\n\t\t<\/div>\n\t\t\t\t<\/div>\n\t\t\t\t<\/div>\n\t\t\t\t<div class=\"elementor-element elementor-element-e4ab5a6 elementor-widget elementor-widget-image\" data-id=\"e4ab5a6\" data-element_type=\"widget\" data-widget_type=\"image.default\">\n\t\t\t\t<div class=\"elementor-widget-container\">\n\t\t\t\t\t\t\t\t\t\t\t\t\t<img decoding=\"async\" width=\"890\" height=\"450\" src=\"https:\/\/blog.emuca.com\/wp-content\/uploads\/2022\/12\/EMUCA-kitchen-post-red-2-1.jpg\" class=\"attachment-full size-full wp-image-44841\" alt=\"\" srcset=\"https:\/\/blog.emuca.com\/wp-content\/uploads\/2022\/12\/EMUCA-kitchen-post-red-2-1.jpg 890w, https:\/\/blog.emuca.com\/wp-content\/uploads\/2022\/12\/EMUCA-kitchen-post-red-2-1-300x152.jpg 300w, https:\/\/blog.emuca.com\/wp-content\/uploads\/2022\/12\/EMUCA-kitchen-post-red-2-1-768x388.jpg 768w\" sizes=\"(max-width: 34.9rem) calc(100vw - 2rem), (max-width: 53rem) calc(8 * (100vw \/ 12)), (min-width: 53rem) calc(6 * (100vw \/ 12)), 100vw\" \/>\t\t\t\t\t\t\t\t\t\t\t\t\t<\/div>\n\t\t\t\t<\/div>\n\t\t\t\t<div class=\"elementor-element elementor-element-378f11f elementor-widget elementor-widget-spacer\" data-id=\"378f11f\" data-element_type=\"widget\" data-widget_type=\"spacer.default\">\n\t\t\t\t<div class=\"elementor-widget-container\">\n\t\t\t\t\t<div class=\"elementor-spacer\">\n\t\t\t<div class=\"elementor-spacer-inner\"><\/div>\n\t\t<\/div>\n\t\t\t\t<\/div>\n\t\t\t\t<\/div>\n\t\t\t\t<div class=\"elementor-element elementor-element-0fbed12 elementor-widget elementor-widget-text-editor\" data-id=\"0fbed12\" data-element_type=\"widget\" data-widget_type=\"text-editor.default\">\n\t\t\t\t<div class=\"elementor-widget-container\">\n\t\t\t\t\t\t\t<h2><strong>Cienki, prostok\u0105tny syfon<\/strong><\/h2>\t\t\t\t\t\t<\/div>\n\t\t\t\t<\/div>\n\t\t\t\t<div class=\"elementor-element elementor-element-6b8f010 elementor-widget elementor-widget-text-editor\" data-id=\"6b8f010\" data-element_type=\"widget\" data-widget_type=\"text-editor.default\">\n\t\t\t\t<div class=\"elementor-widget-container\">\n\t\t\t\t\t\t\t<p><span style=\"font-size: 10.0pt; font-family: Montserrat; color: #272626;\">Ta prostok\u0105tna os\u0142ona syfonu charakteryzuje si\u0119 eleganck\u0105 i stylow\u0105 <strong>cienko\u015bcienn\u0105 konstrukcj\u0105<\/strong> w wyko\u0144czeniu antracytowo-szarym, jasnoszarym lub bia\u0142ym. Przeznaczony jest do monta\u017cu w szufladzie \u0142azienkowej pod umywalk\u0105. Jego zadaniem jest zas\u0142anianie widoku syfonu i ograniczanie spadania przedmiot\u00f3w.<\/span><\/p><p><span style=\"font-size: 10.0pt; font-family: Montserrat; color: #272626;\">Nadaje si\u0119 do ka\u017cdej wysoko\u015bci oparcia szuflady o grubo\u015bci 16mm i mo\u017ce by\u0107 montowany na szufladach o minimalnej g\u0142\u0119boko\u015bci 350mm. Jego monta\u017c jest bardzo prosty, przykr\u0119cany do plec\u00f3w szuflady, ale wymaga obr\u00f3bki dna szuflady.<\/span><\/p>\t\t\t\t\t\t<\/div>\n\t\t\t\t<\/div>\n\t\t\t\t<div class=\"elementor-element elementor-element-63b4c16 elementor-widget elementor-widget-button\" data-id=\"63b4c16\" data-element_type=\"widget\" data-widget_type=\"button.default\">\n\t\t\t\t<div class=\"elementor-widget-container\">\n\t\t\t\t\t<div class=\"elementor-button-wrapper\">\n\t\t\t<a class=\"elementor-button elementor-button-link elementor-size-sm\" href=\"https:\/\/www.emuca.pl\/szuflady\/szuflada-concept\/akcesoria-concept\/prostokatna-szuflada-oszczedzajaca-syfon\/prostokatna-szuflada-oszczedzajaca-syfon-biay-plastik-plastik\" target=\"_blank\">\n\t\t\t\t\t\t<span class=\"elementor-button-content-wrapper\">\n\t\t\t\t\t\t\t\t\t<span class=\"elementor-button-text\">Zobacz produkty<\/span>\n\t\t\t\t\t<\/span>\n\t\t\t\t\t<\/a>\n\t\t<\/div>\n\t\t\t\t<\/div>\n\t\t\t\t<\/div>\n\t\t\t\t<div class=\"elementor-element elementor-element-1ee74b8 elementor-widget elementor-widget-image\" data-id=\"1ee74b8\" data-element_type=\"widget\" data-widget_type=\"image.default\">\n\t\t\t\t<div class=\"elementor-widget-container\">\n\t\t\t\t\t\t\t\t\t\t\t\t\t<img decoding=\"async\" width=\"890\" height=\"360\" src=\"https:\/\/blog.emuca.com\/wp-content\/uploads\/2022\/12\/EMUCA-kitchen-post-red-3.jpg\" class=\"attachment-full size-full wp-image-44851\" alt=\"\" srcset=\"https:\/\/blog.emuca.com\/wp-content\/uploads\/2022\/12\/EMUCA-kitchen-post-red-3.jpg 890w, https:\/\/blog.emuca.com\/wp-content\/uploads\/2022\/12\/EMUCA-kitchen-post-red-3-300x121.jpg 300w, https:\/\/blog.emuca.com\/wp-content\/uploads\/2022\/12\/EMUCA-kitchen-post-red-3-768x311.jpg 768w\" sizes=\"(max-width: 34.9rem) calc(100vw - 2rem), (max-width: 53rem) calc(8 * (100vw \/ 12)), (min-width: 53rem) calc(6 * (100vw \/ 12)), 100vw\" \/>\t\t\t\t\t\t\t\t\t\t\t\t\t<\/div>\n\t\t\t\t<\/div>\n\t\t\t\t<div class=\"elementor-element elementor-element-30ce799 elementor-widget elementor-widget-spacer\" data-id=\"30ce799\" data-element_type=\"widget\" data-widget_type=\"spacer.default\">\n\t\t\t\t<div class=\"elementor-widget-container\">\n\t\t\t\t\t<div class=\"elementor-spacer\">\n\t\t\t<div class=\"elementor-spacer-inner\"><\/div>\n\t\t<\/div>\n\t\t\t\t<\/div>\n\t\t\t\t<\/div>\n\t\t\t\t<div class=\"elementor-element elementor-element-1e43c76 elementor-widget elementor-widget-text-editor\" data-id=\"1e43c76\" data-element_type=\"widget\" data-widget_type=\"text-editor.default\">\n\t\t\t\t<div class=\"elementor-widget-container\">\n\t\t\t\t\t\t\t<h2><strong>Samozamykacz Push Lite z regulacj\u0105<\/strong><\/h2>\t\t\t\t\t\t<\/div>\n\t\t\t\t<\/div>\n\t\t\t\t<div class=\"elementor-element elementor-element-01b252b elementor-widget elementor-widget-text-editor\" data-id=\"01b252b\" data-element_type=\"widget\" data-widget_type=\"text-editor.default\">\n\t\t\t\t<div class=\"elementor-widget-container\">\n\t\t\t\t\t\t\t<p>Zamek <strong>Push Lite <\/strong>to najlepsze rozwi\u0105zanie do <strong>otwierania i zamykania drzwi <\/strong>meblowych <strong>bez konieczno\u015bci stosowania <\/strong>uchwyt\u00f3w. Posiadaj\u0105 <strong>otwieranie <\/strong>na <strong>wcisk <\/strong>i dwa r\u00f3\u017cne modele blokowania, <strong>amortyzowane lub magnetyczne.<\/strong><\/p><p>Jego monta\u017c jest bardzo prosty, <strong>przykr\u0119ca si\u0119 <\/strong>go <strong>lub wpuszcza w meble w <\/strong>obr\u00f3bce o \u015brednicy \u00d810 mm i g\u0142\u0119boko\u015bci 70 mm. Dodatkowo poprzez obr\u00f3t g\u0142owicy mo\u017cna j\u0105 <strong>regulowa\u0107 w zakresie od -1 do +5 mm w <\/strong>celu dopasowania do drzwi.<\/p>\t\t\t\t\t\t<\/div>\n\t\t\t\t<\/div>\n\t\t\t\t<div class=\"elementor-element elementor-element-88be474 elementor-widget elementor-widget-button\" data-id=\"88be474\" data-element_type=\"widget\" data-widget_type=\"button.default\">\n\t\t\t\t<div class=\"elementor-widget-container\">\n\t\t\t\t\t<div class=\"elementor-button-wrapper\">\n\t\t\t<a class=\"elementor-button elementor-button-link elementor-size-sm\" href=\"https:\/\/www.emuca.pl\/kuchnia\/zamki-i-zamkniecia\/zamkniecia-automatyczne\/zamkniecie-odbojnik-regulowany-push-lite-wciskane-70-mm\/samozamykacz-push-lite-do-przykrecenia-w-meblu-z-regulacja-70-mm-odbojnik-biay-plastik-plastik\" target=\"_blank\">\n\t\t\t\t\t\t<span class=\"elementor-button-content-wrapper\">\n\t\t\t\t\t\t\t\t\t<span class=\"elementor-button-text\">Zobacz produkty<\/span>\n\t\t\t\t\t<\/span>\n\t\t\t\t\t<\/a>\n\t\t<\/div>\n\t\t\t\t<\/div>\n\t\t\t\t<\/div>\n\t\t\t\t<div class=\"elementor-element elementor-element-f5c30fe elementor-widget elementor-widget-image\" data-id=\"f5c30fe\" data-element_type=\"widget\" data-widget_type=\"image.default\">\n\t\t\t\t<div class=\"elementor-widget-container\">\n\t\t\t\t\t\t\t\t\t\t\t\t\t<img loading=\"lazy\" decoding=\"async\" width=\"890\" height=\"260\" src=\"https:\/\/blog.emuca.com\/wp-content\/uploads\/2022\/12\/EMUCA-kitchen-post-red-4.jpg\" class=\"attachment-full size-full wp-image-44861\" alt=\"\" srcset=\"https:\/\/blog.emuca.com\/wp-content\/uploads\/2022\/12\/EMUCA-kitchen-post-red-4.jpg 890w, https:\/\/blog.emuca.com\/wp-content\/uploads\/2022\/12\/EMUCA-kitchen-post-red-4-300x88.jpg 300w, https:\/\/blog.emuca.com\/wp-content\/uploads\/2022\/12\/EMUCA-kitchen-post-red-4-768x224.jpg 768w\" sizes=\"(max-width: 34.9rem) calc(100vw - 2rem), (max-width: 53rem) calc(8 * (100vw \/ 12)), (min-width: 53rem) calc(6 * (100vw \/ 12)), 100vw\" \/>\t\t\t\t\t\t\t\t\t\t\t\t\t<\/div>\n\t\t\t\t<\/div>\n\t\t\t\t<div class=\"elementor-element elementor-element-98996a2 elementor-widget elementor-widget-spacer\" data-id=\"98996a2\" data-element_type=\"widget\" data-widget_type=\"spacer.default\">\n\t\t\t\t<div class=\"elementor-widget-container\">\n\t\t\t\t\t<div class=\"elementor-spacer\">\n\t\t\t<div class=\"elementor-spacer-inner\"><\/div>\n\t\t<\/div>\n\t\t\t\t<\/div>\n\t\t\t\t<\/div>\n\t\t\t\t<div class=\"elementor-element elementor-element-5d835cc elementor-widget elementor-widget-text-editor\" data-id=\"5d835cc\" data-element_type=\"widget\" data-widget_type=\"text-editor.default\">\n\t\t\t\t<div class=\"elementor-widget-container\">\n\t\t\t\t\t\t\t<h2><strong>Mi\u0119kkie domykanie dla prowadnic T30 i szuflad Ultrabox<\/strong><\/h2>\t\t\t\t\t\t<\/div>\n\t\t\t\t<\/div>\n\t\t\t\t<div class=\"elementor-element elementor-element-7c28bcf elementor-widget elementor-widget-text-editor\" data-id=\"7c28bcf\" data-element_type=\"widget\" data-widget_type=\"text-editor.default\">\n\t\t\t\t<div class=\"elementor-widget-container\">\n\t\t\t\t\t\t\t<p><strong>Urz\u0105dzenie to zapewnia mi\u0119kkie zamykanie szuflad <\/strong>zamontowanych na prowadnicach rolkowych T30 lub szuflad Ultrabox, o <strong>d\u0142ugo\u015bci szuflady od 250 do 800 mm. <\/strong>Posiada t\u0142ok t\u0142umi\u0105cy, kt\u00f3ry ingeruj\u0105c w si\u0142ownik, zapewnia mi\u0119kkie zamykanie szuflad bez wstrz\u0105s\u00f3w.<br \/><br \/>Montuje si\u0119 go bardzo \u0142atwo i <strong>bez u\u017cycia r\u0105k<\/strong>, po jednym urz\u0105dzeniu z ka\u017cdej strony szafki i po jednym si\u0142owniku z ka\u017cdej strony szuflady. Zaleca si\u0119 monta\u017c urz\u0105dzenia za pomoc\u0105 <strong>\u015brub \u00d83,5 x 20 mm, <\/strong>a si\u0142ownik\u00f3w za pomoc\u0105 \u015brub <strong>\u00d83,5 x 12 mm <\/strong>(brak w zestawie).<\/p>\t\t\t\t\t\t<\/div>\n\t\t\t\t<\/div>\n\t\t\t\t<div class=\"elementor-element elementor-element-3e4dc25 elementor-widget elementor-widget-button\" data-id=\"3e4dc25\" data-element_type=\"widget\" data-widget_type=\"button.default\">\n\t\t\t\t<div class=\"elementor-widget-container\">\n\t\t\t\t\t<div class=\"elementor-button-wrapper\">\n\t\t\t<a class=\"elementor-button elementor-button-link elementor-size-sm\" href=\"https:\/\/www.emuca.pl\/szuflady\/szuflada-ultrabox\/miekkie-zamkniecie-do-prowadnic-t30-i-szuflady-ultrabox-2\/miekkie-zamkniecie-do-prowadnic-t30-i-szuflady-ultrabox-szary-plastik-plastik\" target=\"_blank\">\n\t\t\t\t\t\t<span class=\"elementor-button-content-wrapper\">\n\t\t\t\t\t\t\t\t\t<span class=\"elementor-button-text\">Zobacz produkty<\/span>\n\t\t\t\t\t<\/span>\n\t\t\t\t\t<\/a>\n\t\t<\/div>\n\t\t\t\t<\/div>\n\t\t\t\t<\/div>\n\t\t\t\t<div class=\"elementor-element elementor-element-3ec7d6c elementor-widget elementor-widget-image\" data-id=\"3ec7d6c\" data-element_type=\"widget\" data-widget_type=\"image.default\">\n\t\t\t\t<div class=\"elementor-widget-container\">\n\t\t\t\t\t\t\t\t\t\t\t\t\t<img loading=\"lazy\" decoding=\"async\" width=\"890\" height=\"256\" src=\"https:\/\/blog.emuca.com\/wp-content\/uploads\/2022\/12\/EMUCA-kitchen-post-red-5-1.jpg\" class=\"attachment-full size-full wp-image-44884\" alt=\"\" srcset=\"https:\/\/blog.emuca.com\/wp-content\/uploads\/2022\/12\/EMUCA-kitchen-post-red-5-1.jpg 890w, https:\/\/blog.emuca.com\/wp-content\/uploads\/2022\/12\/EMUCA-kitchen-post-red-5-1-300x86.jpg 300w, https:\/\/blog.emuca.com\/wp-content\/uploads\/2022\/12\/EMUCA-kitchen-post-red-5-1-768x221.jpg 768w\" sizes=\"(max-width: 34.9rem) calc(100vw - 2rem), (max-width: 53rem) calc(8 * (100vw \/ 12)), (min-width: 53rem) calc(6 * (100vw \/ 12)), 100vw\" \/>\t\t\t\t\t\t\t\t\t\t\t\t\t<\/div>\n\t\t\t\t<\/div>\n\t\t\t\t<div class=\"elementor-element elementor-element-1587e79 elementor-widget elementor-widget-spacer\" data-id=\"1587e79\" data-element_type=\"widget\" data-widget_type=\"spacer.default\">\n\t\t\t\t<div class=\"elementor-widget-container\">\n\t\t\t\t\t<div class=\"elementor-spacer\">\n\t\t\t<div class=\"elementor-spacer-inner\"><\/div>\n\t\t<\/div>\n\t\t\t\t<\/div>\n\t\t\t\t<\/div>\n\t\t\t\t\t<\/div>\n\t\t<\/div>\n\t\t\t\t\t<\/div>\n\t\t<\/section>\n\t\t\t\t<\/div>\n\t\t","protected":false},"excerpt":{"rendered":"<p>Kuchnia jest sercem domu, a akcesoria kuchenne pomagaj\u0105 utrzyma\u0107 porz\u0105dek w tym pomieszczeniu, w kt\u00f3rym ka\u017cdy chce przebywa\u0107 i sp\u0119dza\u0107 czas w gronie rodziny. Komfort, funkcjonalno\u015b\u0107, design i organizacja to cele, kt\u00f3re ka\u017cdy chce mie\u0107 w swojej kuchni. Z tego powodu w Emuca pracujemy nad ukierunkowaniem naszych produkt\u00f3w na te poj\u0119cia, aby\u015b m\u00f3g\u0142 cieszy\u0107 si\u0119 &hellip; <\/p>\n<p class=\"link-more\"><a href=\"https:\/\/blog.emuca.com\/pl\/cat\/nowosci\/nowe-akcesoria-kuchenne\/\" class=\"more-link\">Czytaj dalej<span class=\"screen-reader-text\"> \u201eNowe akcesoria kuchenne\u201d<\/span><\/a><\/p>\n","protected":false},"author":2,"featured_media":44805,"comment_status":"closed","ping_status":"closed","sticky":false,"template":"","format":"standard","meta":{"footnotes":""},"categories":[106],"tags":[],"class_list":["post-45231","post","type-post","status-publish","format-standard","has-post-thumbnail","hentry","category-nowosci","entry"],"yoast_head":"<!-- This site is optimized with the Yoast SEO plugin v24.1 - https:\/\/yoast.com\/wordpress\/plugins\/seo\/ -->\n<title>Nowe akcesoria kuchenne - Emuca blog<\/title>\n<meta name=\"description\" content=\"Kuchnia jest sercem domu, a akcesoria kuchenne pomagaj\u0105 utrzyma\u0107 porz\u0105dek w tym pomieszczeniu, w kt\u00f3rym ka\u017cdy chce przebywa\u0107 i sp\u0119dza\u0107 czas w gronie rodziny. Komfort, funkcjonalno\u015b\u0107, design i organizacja to cele, kt\u00f3re ka\u017cdy chce mie\u0107 w swojej kuchni. Z tego powodu w Emuca pracujemy nad ukierunkowaniem naszych produkt\u00f3w na te poj\u0119cia, aby\u015b m\u00f3g\u0142 cieszy\u0107 si\u0119 eleganck\u0105 i zorganizowan\u0105 kuchni\u0105.\" \/>\n<meta name=\"robots\" content=\"index, follow, max-snippet:-1, max-image-preview:large, max-video-preview:-1\" \/>\n<link rel=\"canonical\" href=\"https:\/\/blog.emuca.com\/pl\/cat\/nowosci\/nowe-akcesoria-kuchenne\/\" \/>\n<meta property=\"og:locale\" content=\"pl_PL\" \/>\n<meta property=\"og:type\" content=\"article\" \/>\n<meta property=\"og:title\" content=\"Nowe akcesoria kuchenne - Emuca blog\" \/>\n<meta property=\"og:description\" content=\"Kuchnia jest sercem domu, a akcesoria kuchenne pomagaj\u0105 utrzyma\u0107 porz\u0105dek w tym pomieszczeniu, w kt\u00f3rym ka\u017cdy chce przebywa\u0107 i sp\u0119dza\u0107 czas w gronie rodziny. Komfort, funkcjonalno\u015b\u0107, design i organizacja to cele, kt\u00f3re ka\u017cdy chce mie\u0107 w swojej kuchni. Z tego powodu w Emuca pracujemy nad ukierunkowaniem naszych produkt\u00f3w na te poj\u0119cia, aby\u015b m\u00f3g\u0142 cieszy\u0107 si\u0119 eleganck\u0105 i zorganizowan\u0105 kuchni\u0105.\" \/>\n<meta property=\"og:url\" content=\"https:\/\/blog.emuca.com\/pl\/cat\/nowosci\/nowe-akcesoria-kuchenne\/\" \/>\n<meta property=\"og:site_name\" content=\"Emuca blog\" \/>\n<meta property=\"article:publisher\" content=\"https:\/\/www.facebook.com\/EmucaGroup\" \/>\n<meta property=\"article:published_time\" content=\"2022-12-19T08:59:48+00:00\" \/>\n<meta property=\"article:modified_time\" content=\"2022-12-21T11:52:38+00:00\" \/>\n<meta property=\"og:image\" content=\"https:\/\/blog.emuca.com\/wp-content\/uploads\/2022\/12\/EMUCA-kitchen-post-red.jpg\" \/>\n\t<meta property=\"og:image:width\" content=\"800\" \/>\n\t<meta property=\"og:image:height\" content=\"450\" \/>\n\t<meta property=\"og:image:type\" content=\"image\/jpeg\" \/>\n<meta name=\"author\" content=\"Emuca\" \/>\n<meta name=\"twitter:card\" content=\"summary_large_image\" \/>\n<meta name=\"twitter:label1\" content=\"Napisane przez\" \/>\n\t<meta name=\"twitter:data1\" content=\"Emuca\" \/>\n\t<meta name=\"twitter:label2\" content=\"Szacowany czas czytania\" \/>\n\t<meta name=\"twitter:data2\" content=\"4 minuty\" \/>\n<script type=\"application\/ld+json\" class=\"yoast-schema-graph\">{\"@context\":\"https:\/\/schema.org\",\"@graph\":[{\"@type\":\"Article\",\"@id\":\"https:\/\/blog.emuca.com\/pl\/cat\/nowosci\/nowe-akcesoria-kuchenne\/#article\",\"isPartOf\":{\"@id\":\"https:\/\/blog.emuca.com\/pl\/cat\/nowosci\/nowe-akcesoria-kuchenne\/\"},\"author\":{\"name\":\"Emuca\",\"@id\":\"https:\/\/blog.emuca.com\/#\/schema\/person\/81560ca037d9c1ed19744a85ef9cbe2a\"},\"headline\":\"Nowe akcesoria kuchenne\",\"datePublished\":\"2022-12-19T08:59:48+00:00\",\"dateModified\":\"2022-12-21T11:52:38+00:00\",\"mainEntityOfPage\":{\"@id\":\"https:\/\/blog.emuca.com\/pl\/cat\/nowosci\/nowe-akcesoria-kuchenne\/\"},\"wordCount\":528,\"publisher\":{\"@id\":\"https:\/\/blog.emuca.com\/#organization\"},\"image\":{\"@id\":\"https:\/\/blog.emuca.com\/pl\/cat\/nowosci\/nowe-akcesoria-kuchenne\/#primaryimage\"},\"thumbnailUrl\":\"https:\/\/blog.emuca.com\/wp-content\/uploads\/2022\/12\/EMUCA-kitchen-post-red.jpg\",\"articleSection\":[\"Nowo\u015bci\"],\"inLanguage\":\"pl-PL\"},{\"@type\":\"WebPage\",\"@id\":\"https:\/\/blog.emuca.com\/pl\/cat\/nowosci\/nowe-akcesoria-kuchenne\/\",\"url\":\"https:\/\/blog.emuca.com\/pl\/cat\/nowosci\/nowe-akcesoria-kuchenne\/\",\"name\":\"Nowe akcesoria kuchenne - Emuca blog\",\"isPartOf\":{\"@id\":\"https:\/\/blog.emuca.com\/#website\"},\"primaryImageOfPage\":{\"@id\":\"https:\/\/blog.emuca.com\/pl\/cat\/nowosci\/nowe-akcesoria-kuchenne\/#primaryimage\"},\"image\":{\"@id\":\"https:\/\/blog.emuca.com\/pl\/cat\/nowosci\/nowe-akcesoria-kuchenne\/#primaryimage\"},\"thumbnailUrl\":\"https:\/\/blog.emuca.com\/wp-content\/uploads\/2022\/12\/EMUCA-kitchen-post-red.jpg\",\"datePublished\":\"2022-12-19T08:59:48+00:00\",\"dateModified\":\"2022-12-21T11:52:38+00:00\",\"description\":\"Kuchnia jest sercem domu, a akcesoria kuchenne pomagaj\u0105 utrzyma\u0107 porz\u0105dek w tym pomieszczeniu, w kt\u00f3rym ka\u017cdy chce przebywa\u0107 i sp\u0119dza\u0107 czas w gronie rodziny. Komfort, funkcjonalno\u015b\u0107, design i organizacja to cele, kt\u00f3re ka\u017cdy chce mie\u0107 w swojej kuchni. Z tego powodu w Emuca pracujemy nad ukierunkowaniem naszych produkt\u00f3w na te poj\u0119cia, aby\u015b m\u00f3g\u0142 cieszy\u0107 si\u0119 eleganck\u0105 i zorganizowan\u0105 kuchni\u0105.\",\"inLanguage\":\"pl-PL\",\"potentialAction\":[{\"@type\":\"ReadAction\",\"target\":[\"https:\/\/blog.emuca.com\/pl\/cat\/nowosci\/nowe-akcesoria-kuchenne\/\"]}]},{\"@type\":\"ImageObject\",\"inLanguage\":\"pl-PL\",\"@id\":\"https:\/\/blog.emuca.com\/pl\/cat\/nowosci\/nowe-akcesoria-kuchenne\/#primaryimage\",\"url\":\"https:\/\/blog.emuca.com\/wp-content\/uploads\/2022\/12\/EMUCA-kitchen-post-red.jpg\",\"contentUrl\":\"https:\/\/blog.emuca.com\/wp-content\/uploads\/2022\/12\/EMUCA-kitchen-post-red.jpg\",\"width\":800,\"height\":450},{\"@type\":\"WebSite\",\"@id\":\"https:\/\/blog.emuca.com\/#website\",\"url\":\"https:\/\/blog.emuca.com\/\",\"name\":\"Emuca blog\",\"description\":\"\",\"publisher\":{\"@id\":\"https:\/\/blog.emuca.com\/#organization\"},\"potentialAction\":[{\"@type\":\"SearchAction\",\"target\":{\"@type\":\"EntryPoint\",\"urlTemplate\":\"https:\/\/blog.emuca.com\/?s={search_term_string}\"},\"query-input\":{\"@type\":\"PropertyValueSpecification\",\"valueRequired\":true,\"valueName\":\"search_term_string\"}}],\"inLanguage\":\"pl-PL\"},{\"@type\":\"Organization\",\"@id\":\"https:\/\/blog.emuca.com\/#organization\",\"name\":\"emuca\",\"url\":\"https:\/\/blog.emuca.com\/\",\"logo\":{\"@type\":\"ImageObject\",\"inLanguage\":\"pl-PL\",\"@id\":\"https:\/\/blog.emuca.com\/#\/schema\/logo\/image\/\",\"url\":\"https:\/\/blog.emuca.com\/wp-content\/uploads\/2024\/05\/cropped-logo-emuca-menu.png\",\"contentUrl\":\"https:\/\/blog.emuca.com\/wp-content\/uploads\/2024\/05\/cropped-logo-emuca-menu.png\",\"width\":190,\"height\":190,\"caption\":\"emuca\"},\"image\":{\"@id\":\"https:\/\/blog.emuca.com\/#\/schema\/logo\/image\/\"},\"sameAs\":[\"https:\/\/www.facebook.com\/EmucaGroup\"]},{\"@type\":\"Person\",\"@id\":\"https:\/\/blog.emuca.com\/#\/schema\/person\/81560ca037d9c1ed19744a85ef9cbe2a\",\"name\":\"Emuca\",\"url\":\"https:\/\/blog.emuca.com\/pl\/cat\/author\/emuca\/\"}]}<\/script>\n<!-- \/ Yoast SEO plugin. -->","yoast_head_json":{"title":"Nowe akcesoria kuchenne - Emuca blog","description":"Kuchnia jest sercem domu, a akcesoria kuchenne pomagaj\u0105 utrzyma\u0107 porz\u0105dek w tym pomieszczeniu, w kt\u00f3rym ka\u017cdy chce przebywa\u0107 i sp\u0119dza\u0107 czas w gronie rodziny. Komfort, funkcjonalno\u015b\u0107, design i organizacja to cele, kt\u00f3re ka\u017cdy chce mie\u0107 w swojej kuchni. Z tego powodu w Emuca pracujemy nad ukierunkowaniem naszych produkt\u00f3w na te poj\u0119cia, aby\u015b m\u00f3g\u0142 cieszy\u0107 si\u0119 eleganck\u0105 i zorganizowan\u0105 kuchni\u0105.","robots":{"index":"index","follow":"follow","max-snippet":"max-snippet:-1","max-image-preview":"max-image-preview:large","max-video-preview":"max-video-preview:-1"},"canonical":"https:\/\/blog.emuca.com\/pl\/cat\/nowosci\/nowe-akcesoria-kuchenne\/","og_locale":"pl_PL","og_type":"article","og_title":"Nowe akcesoria kuchenne - Emuca blog","og_description":"Kuchnia jest sercem domu, a akcesoria kuchenne pomagaj\u0105 utrzyma\u0107 porz\u0105dek w tym pomieszczeniu, w kt\u00f3rym ka\u017cdy chce przebywa\u0107 i sp\u0119dza\u0107 czas w gronie rodziny. Komfort, funkcjonalno\u015b\u0107, design i organizacja to cele, kt\u00f3re ka\u017cdy chce mie\u0107 w swojej kuchni. Z tego powodu w Emuca pracujemy nad ukierunkowaniem naszych produkt\u00f3w na te poj\u0119cia, aby\u015b m\u00f3g\u0142 cieszy\u0107 si\u0119 eleganck\u0105 i zorganizowan\u0105 kuchni\u0105.","og_url":"https:\/\/blog.emuca.com\/pl\/cat\/nowosci\/nowe-akcesoria-kuchenne\/","og_site_name":"Emuca blog","article_publisher":"https:\/\/www.facebook.com\/EmucaGroup","article_published_time":"2022-12-19T08:59:48+00:00","article_modified_time":"2022-12-21T11:52:38+00:00","og_image":[{"width":800,"height":450,"url":"https:\/\/blog.emuca.com\/wp-content\/uploads\/2022\/12\/EMUCA-kitchen-post-red.jpg","type":"image\/jpeg"}],"author":"Emuca","twitter_card":"summary_large_image","twitter_misc":{"Napisane przez":"Emuca","Szacowany czas czytania":"4 minuty"},"schema":{"@context":"https:\/\/schema.org","@graph":[{"@type":"Article","@id":"https:\/\/blog.emuca.com\/pl\/cat\/nowosci\/nowe-akcesoria-kuchenne\/#article","isPartOf":{"@id":"https:\/\/blog.emuca.com\/pl\/cat\/nowosci\/nowe-akcesoria-kuchenne\/"},"author":{"name":"Emuca","@id":"https:\/\/blog.emuca.com\/#\/schema\/person\/81560ca037d9c1ed19744a85ef9cbe2a"},"headline":"Nowe akcesoria kuchenne","datePublished":"2022-12-19T08:59:48+00:00","dateModified":"2022-12-21T11:52:38+00:00","mainEntityOfPage":{"@id":"https:\/\/blog.emuca.com\/pl\/cat\/nowosci\/nowe-akcesoria-kuchenne\/"},"wordCount":528,"publisher":{"@id":"https:\/\/blog.emuca.com\/#organization"},"image":{"@id":"https:\/\/blog.emuca.com\/pl\/cat\/nowosci\/nowe-akcesoria-kuchenne\/#primaryimage"},"thumbnailUrl":"https:\/\/blog.emuca.com\/wp-content\/uploads\/2022\/12\/EMUCA-kitchen-post-red.jpg","articleSection":["Nowo\u015bci"],"inLanguage":"pl-PL"},{"@type":"WebPage","@id":"https:\/\/blog.emuca.com\/pl\/cat\/nowosci\/nowe-akcesoria-kuchenne\/","url":"https:\/\/blog.emuca.com\/pl\/cat\/nowosci\/nowe-akcesoria-kuchenne\/","name":"Nowe akcesoria kuchenne - Emuca blog","isPartOf":{"@id":"https:\/\/blog.emuca.com\/#website"},"primaryImageOfPage":{"@id":"https:\/\/blog.emuca.com\/pl\/cat\/nowosci\/nowe-akcesoria-kuchenne\/#primaryimage"},"image":{"@id":"https:\/\/blog.emuca.com\/pl\/cat\/nowosci\/nowe-akcesoria-kuchenne\/#primaryimage"},"thumbnailUrl":"https:\/\/blog.emuca.com\/wp-content\/uploads\/2022\/12\/EMUCA-kitchen-post-red.jpg","datePublished":"2022-12-19T08:59:48+00:00","dateModified":"2022-12-21T11:52:38+00:00","description":"Kuchnia jest sercem domu, a akcesoria kuchenne pomagaj\u0105 utrzyma\u0107 porz\u0105dek w tym pomieszczeniu, w kt\u00f3rym ka\u017cdy chce przebywa\u0107 i sp\u0119dza\u0107 czas w gronie rodziny. Komfort, funkcjonalno\u015b\u0107, design i organizacja to cele, kt\u00f3re ka\u017cdy chce mie\u0107 w swojej kuchni. Z tego powodu w Emuca pracujemy nad ukierunkowaniem naszych produkt\u00f3w na te poj\u0119cia, aby\u015b m\u00f3g\u0142 cieszy\u0107 si\u0119 eleganck\u0105 i zorganizowan\u0105 kuchni\u0105.","inLanguage":"pl-PL","potentialAction":[{"@type":"ReadAction","target":["https:\/\/blog.emuca.com\/pl\/cat\/nowosci\/nowe-akcesoria-kuchenne\/"]}]},{"@type":"ImageObject","inLanguage":"pl-PL","@id":"https:\/\/blog.emuca.com\/pl\/cat\/nowosci\/nowe-akcesoria-kuchenne\/#primaryimage","url":"https:\/\/blog.emuca.com\/wp-content\/uploads\/2022\/12\/EMUCA-kitchen-post-red.jpg","contentUrl":"https:\/\/blog.emuca.com\/wp-content\/uploads\/2022\/12\/EMUCA-kitchen-post-red.jpg","width":800,"height":450},{"@type":"WebSite","@id":"https:\/\/blog.emuca.com\/#website","url":"https:\/\/blog.emuca.com\/","name":"Emuca blog","description":"","publisher":{"@id":"https:\/\/blog.emuca.com\/#organization"},"potentialAction":[{"@type":"SearchAction","target":{"@type":"EntryPoint","urlTemplate":"https:\/\/blog.emuca.com\/?s={search_term_string}"},"query-input":{"@type":"PropertyValueSpecification","valueRequired":true,"valueName":"search_term_string"}}],"inLanguage":"pl-PL"},{"@type":"Organization","@id":"https:\/\/blog.emuca.com\/#organization","name":"emuca","url":"https:\/\/blog.emuca.com\/","logo":{"@type":"ImageObject","inLanguage":"pl-PL","@id":"https:\/\/blog.emuca.com\/#\/schema\/logo\/image\/","url":"https:\/\/blog.emuca.com\/wp-content\/uploads\/2024\/05\/cropped-logo-emuca-menu.png","contentUrl":"https:\/\/blog.emuca.com\/wp-content\/uploads\/2024\/05\/cropped-logo-emuca-menu.png","width":190,"height":190,"caption":"emuca"},"image":{"@id":"https:\/\/blog.emuca.com\/#\/schema\/logo\/image\/"},"sameAs":["https:\/\/www.facebook.com\/EmucaGroup"]},{"@type":"Person","@id":"https:\/\/blog.emuca.com\/#\/schema\/person\/81560ca037d9c1ed19744a85ef9cbe2a","name":"Emuca","url":"https:\/\/blog.emuca.com\/pl\/cat\/author\/emuca\/"}]}},"_links":{"self":[{"href":"https:\/\/blog.emuca.com\/pl\/wp-json\/wp\/v2\/posts\/45231"}],"collection":[{"href":"https:\/\/blog.emuca.com\/pl\/wp-json\/wp\/v2\/posts"}],"about":[{"href":"https:\/\/blog.emuca.com\/pl\/wp-json\/wp\/v2\/types\/post"}],"author":[{"embeddable":true,"href":"https:\/\/blog.emuca.com\/pl\/wp-json\/wp\/v2\/users\/2"}],"replies":[{"embeddable":true,"href":"https:\/\/blog.emuca.com\/pl\/wp-json\/wp\/v2\/comments?post=45231"}],"version-history":[{"count":8,"href":"https:\/\/blog.emuca.com\/pl\/wp-json\/wp\/v2\/posts\/45231\/revisions"}],"predecessor-version":[{"id":45245,"href":"https:\/\/blog.emuca.com\/pl\/wp-json\/wp\/v2\/posts\/45231\/revisions\/45245"}],"wp:featuredmedia":[{"embeddable":true,"href":"https:\/\/blog.emuca.com\/pl\/wp-json\/wp\/v2\/media\/44805"}],"wp:attachment":[{"href":"https:\/\/blog.emuca.com\/pl\/wp-json\/wp\/v2\/media?parent=45231"}],"wp:term":[{"taxonomy":"category","embeddable":true,"href":"https:\/\/blog.emuca.com\/pl\/wp-json\/wp\/v2\/categories?post=45231"},{"taxonomy":"post_tag","embeddable":true,"href":"https:\/\/blog.emuca.com\/pl\/wp-json\/wp\/v2\/tags?post=45231"}],"curies":[{"name":"wp","href":"https:\/\/api.w.org\/{rel}","templated":true}]}}