{"id":30709,"date":"2022-03-18T08:00:52","date_gmt":"2022-03-18T07:00:52","guid":{"rendered":"http:\/\/blogs.emuca.com\/nblog\/?p=30709"},"modified":"2022-03-21T08:48:19","modified_gmt":"2022-03-21T07:48:19","slug":"akcesoria-do-szaf-i-garderob-hack","status":"publish","type":"post","link":"https:\/\/blog.emuca.com\/pl\/cat\/bez-kategorii\/akcesoria-do-szaf-i-garderob-hack\/","title":{"rendered":"Akcesoria do szaf i garder\u00f3b Hack"},"content":{"rendered":"\t\t<div data-elementor-type=\"wp-post\" data-elementor-id=\"30709\" class=\"elementor elementor-30709\">\n\t\t\t\t\t\t<section class=\"elementor-section elementor-top-section elementor-element elementor-element-d16eede elementor-section-boxed elementor-section-height-default elementor-section-height-default\" data-id=\"d16eede\" data-element_type=\"section\" data-e-type=\"section\">\n\t\t\t\t\t\t<div class=\"elementor-container elementor-column-gap-default\">\n\t\t\t\t\t<div class=\"elementor-column elementor-col-100 elementor-top-column elementor-element elementor-element-0b441b2\" data-id=\"0b441b2\" data-element_type=\"column\" data-e-type=\"column\">\n\t\t\t<div class=\"elementor-widget-wrap elementor-element-populated\">\n\t\t\t\t\t\t<div class=\"elementor-element elementor-element-59212e2 elementor-widget elementor-widget-spacer\" data-id=\"59212e2\" data-element_type=\"widget\" data-e-type=\"widget\" data-widget_type=\"spacer.default\">\n\t\t\t\t<div class=\"elementor-widget-container\">\n\t\t\t\t\t\t\t<div class=\"elementor-spacer\">\n\t\t\t<div class=\"elementor-spacer-inner\"><\/div>\n\t\t<\/div>\n\t\t\t\t\t\t<\/div>\n\t\t\t\t<\/div>\n\t\t\t\t<div class=\"elementor-element elementor-element-b428073 elementor-widget elementor-widget-text-editor\" data-id=\"b428073\" data-element_type=\"widget\" data-e-type=\"widget\" data-widget_type=\"text-editor.default\">\n\t\t\t\t<div class=\"elementor-widget-container\">\n\t\t\t\t\t\t\t\t\t<h4 style=\"text-align: center;\">Nowe akcesoria Hack do szaf i garderoby s\u0105 specjalnie stworzone, aby zorganizowa\u0107 Tw\u00f3j dom w najbardziej elegancki spos\u00f3b.<\/h4>\t\t\t\t\t\t\t\t<\/div>\n\t\t\t\t<\/div>\n\t\t\t\t<div class=\"elementor-element elementor-element-5da0f7c elementor-widget elementor-widget-text-editor\" data-id=\"5da0f7c\" data-element_type=\"widget\" data-e-type=\"widget\" data-widget_type=\"text-editor.default\">\n\t\t\t\t<div class=\"elementor-widget-container\">\n\t\t\t\t\t\t\t\t\t<p style=\"text-align: center;\">Starannie zaprojektowany minimalistyczny styl wyr\u00f3\u017cnia si\u0119 <strong>teksturowanym wyko\u0144czeniem w kolorze kamiennej szaro\u015bci lub czerni<\/strong>, najnowszym trendem w projektowaniu szaf w sypialniach i garderobach.<\/p>\t\t\t\t\t\t\t\t<\/div>\n\t\t\t\t<\/div>\n\t\t\t\t<div class=\"elementor-element elementor-element-7093f8e elementor-widget elementor-widget-spacer\" data-id=\"7093f8e\" data-element_type=\"widget\" data-e-type=\"widget\" data-widget_type=\"spacer.default\">\n\t\t\t\t<div class=\"elementor-widget-container\">\n\t\t\t\t\t\t\t<div class=\"elementor-spacer\">\n\t\t\t<div class=\"elementor-spacer-inner\"><\/div>\n\t\t<\/div>\n\t\t\t\t\t\t<\/div>\n\t\t\t\t<\/div>\n\t\t\t\t<div class=\"elementor-element elementor-element-43a53b3 elementor-widget elementor-widget-call-to-action\" data-id=\"43a53b3\" data-element_type=\"widget\" data-e-type=\"widget\" data-widget_type=\"call-to-action.default\">\n\t\t\t\t<div class=\"elementor-widget-container\">\n\t\t\t\t\t \t\t\t\t<\/div>\n\t\t\t\t<\/div>\n\t\t\t\t<div class=\"elementor-element elementor-element-e2d77fa elementor-widget elementor-widget-spacer\" data-id=\"e2d77fa\" data-element_type=\"widget\" data-e-type=\"widget\" data-widget_type=\"spacer.default\">\n\t\t\t\t<div class=\"elementor-widget-container\">\n\t\t\t\t\t\t\t<div class=\"elementor-spacer\">\n\t\t\t<div class=\"elementor-spacer-inner\"><\/div>\n\t\t<\/div>\n\t\t\t\t\t\t<\/div>\n\t\t\t\t<\/div>\n\t\t\t\t<div class=\"elementor-element elementor-element-38e0162 elementor-widget elementor-widget-text-editor\" data-id=\"38e0162\" data-element_type=\"widget\" data-e-type=\"widget\" data-widget_type=\"text-editor.default\">\n\t\t\t\t<div class=\"elementor-widget-container\">\n\t\t\t\t\t\t\t\t\t<p>Uderzaj\u0105ce jest nienaganne wyko\u0144czenie oku\u0107 szafek, uzyskane dzi\u0119ki <strong>monta\u017cowi mechanicznemu<\/strong>. Dodatkowo wyr\u00f3\u017cnia si\u0119<strong> wysok\u0105 jako\u015bci\u0105 materia\u0142\u00f3w<\/strong>, co jest podstaw\u0105 we wszystkich produktach <a href=\"https:\/\/www.emuca.pl\/\">Emuca<\/a>, kt\u00f3re oferujemy naszym klientom.<\/p>\t\t\t\t\t\t\t\t<\/div>\n\t\t\t\t<\/div>\n\t\t\t\t<div class=\"elementor-element elementor-element-bbbf649 elementor-widget elementor-widget-spacer\" data-id=\"bbbf649\" data-element_type=\"widget\" data-e-type=\"widget\" data-widget_type=\"spacer.default\">\n\t\t\t\t<div class=\"elementor-widget-container\">\n\t\t\t\t\t\t\t<div class=\"elementor-spacer\">\n\t\t\t<div class=\"elementor-spacer-inner\"><\/div>\n\t\t<\/div>\n\t\t\t\t\t\t<\/div>\n\t\t\t\t<\/div>\n\t\t\t\t<div class=\"elementor-element elementor-element-9bcdf03 elementor-widget elementor-widget-image\" data-id=\"9bcdf03\" data-element_type=\"widget\" data-e-type=\"widget\" data-widget_type=\"image.default\">\n\t\t\t\t<div class=\"elementor-widget-container\">\n\t\t\t\t\t\t\t\t\t\t\t\t\t\t\t\t<a href=\"https:\/\/resources.emuca.com\/pl\/katalog-hack\" target=\"_blank\">\n\t\t\t\t\t\t\t<img fetchpriority=\"high\" decoding=\"async\" width=\"890\" height=\"304\" src=\"https:\/\/blog.emuca.com\/wp-content\/uploads\/2022\/03\/EMUCA-HACK-post-red-2-PL.jpg\" class=\"attachment-full size-full wp-image-30962\" alt=\"\" srcset=\"https:\/\/blog.emuca.com\/wp-content\/uploads\/2022\/03\/EMUCA-HACK-post-red-2-PL.jpg 890w, https:\/\/blog.emuca.com\/wp-content\/uploads\/2022\/03\/EMUCA-HACK-post-red-2-PL-300x102.jpg 300w, https:\/\/blog.emuca.com\/wp-content\/uploads\/2022\/03\/EMUCA-HACK-post-red-2-PL-768x262.jpg 768w\" sizes=\"(max-width: 890px) 100vw, 890px\" \/>\t\t\t\t\t\t\t\t<\/a>\n\t\t\t\t\t\t\t\t\t\t\t\t\t\t\t<\/div>\n\t\t\t\t<\/div>\n\t\t\t\t<div class=\"elementor-element elementor-element-8414c98 elementor-widget elementor-widget-spacer\" data-id=\"8414c98\" data-element_type=\"widget\" data-e-type=\"widget\" data-widget_type=\"spacer.default\">\n\t\t\t\t<div class=\"elementor-widget-container\">\n\t\t\t\t\t\t\t<div class=\"elementor-spacer\">\n\t\t\t<div class=\"elementor-spacer-inner\"><\/div>\n\t\t<\/div>\n\t\t\t\t\t\t<\/div>\n\t\t\t\t<\/div>\n\t\t\t\t<div class=\"elementor-element elementor-element-f380214 elementor-widget elementor-widget-video\" data-id=\"f380214\" data-element_type=\"widget\" data-e-type=\"widget\" data-settings=\"{&quot;youtube_url&quot;:&quot;https:\\\/\\\/youtu.be\\\/u7nyVJx0o0I&quot;,&quot;video_type&quot;:&quot;youtube&quot;,&quot;controls&quot;:&quot;yes&quot;}\" data-widget_type=\"video.default\">\n\t\t\t\t<div class=\"elementor-widget-container\">\n\t\t\t\t\t\t\t<div class=\"elementor-wrapper elementor-open-inline\">\n\t\t\t<div class=\"elementor-video\"><\/div>\t\t<\/div>\n\t\t\t\t\t\t<\/div>\n\t\t\t\t<\/div>\n\t\t\t\t\t<\/div>\n\t\t<\/div>\n\t\t\t\t\t<\/div>\n\t\t<\/section>\n\t\t\t\t<section class=\"elementor-section elementor-top-section elementor-element elementor-element-4b8e418 elementor-section-boxed elementor-section-height-default elementor-section-height-default\" data-id=\"4b8e418\" data-element_type=\"section\" data-e-type=\"section\">\n\t\t\t\t\t\t<div class=\"elementor-container elementor-column-gap-default\">\n\t\t\t\t\t<div class=\"elementor-column elementor-col-100 elementor-top-column elementor-element elementor-element-2e8a18f\" data-id=\"2e8a18f\" data-element_type=\"column\" data-e-type=\"column\" data-settings=\"{&quot;background_background&quot;:&quot;slideshow&quot;,&quot;background_slideshow_gallery&quot;:[],&quot;background_slideshow_loop&quot;:&quot;yes&quot;,&quot;background_slideshow_slide_duration&quot;:5000,&quot;background_slideshow_slide_transition&quot;:&quot;fade&quot;,&quot;background_slideshow_transition_duration&quot;:500}\">\n\t\t\t<div class=\"elementor-widget-wrap elementor-element-populated\">\n\t\t\t\t\t\t<div class=\"elementor-element elementor-element-395f490 elementor-widget elementor-widget-spacer\" data-id=\"395f490\" data-element_type=\"widget\" data-e-type=\"widget\" data-widget_type=\"spacer.default\">\n\t\t\t\t<div class=\"elementor-widget-container\">\n\t\t\t\t\t\t\t<div class=\"elementor-spacer\">\n\t\t\t<div class=\"elementor-spacer-inner\"><\/div>\n\t\t<\/div>\n\t\t\t\t\t\t<\/div>\n\t\t\t\t<\/div>\n\t\t\t\t\t<\/div>\n\t\t<\/div>\n\t\t\t\t\t<\/div>\n\t\t<\/section>\n\t\t\t\t<\/div>\n\t\t","protected":false},"excerpt":{"rendered":"<p>Nowe akcesoria Hack do szaf i garderoby s\u0105 specjalnie stworzone, aby zorganizowa\u0107 Tw\u00f3j dom w najbardziej elegancki spos\u00f3b. Starannie zaprojektowany minimalistyczny styl wyr\u00f3\u017cnia si\u0119 teksturowanym wyko\u0144czeniem w kolorze kamiennej szaro\u015bci lub czerni, najnowszym trendem w projektowaniu szaf w sypialniach i garderobach. hack odkryj nowe akcesoria do szaf i garderoby Hack stworzone po to kliknij tutaj &hellip; <\/p>\n<p class=\"link-more\"><a href=\"https:\/\/blog.emuca.com\/pl\/cat\/bez-kategorii\/akcesoria-do-szaf-i-garderob-hack\/\" class=\"more-link\">Czytaj dalej<span class=\"screen-reader-text\"> \u201eAkcesoria do szaf i garder\u00f3b Hack\u201d<\/span><\/a><\/p>\n","protected":false},"author":2,"featured_media":30605,"comment_status":"closed","ping_status":"closed","sticky":false,"template":"","format":"standard","meta":{"footnotes":""},"categories":[55],"tags":[],"class_list":["post-30709","post","type-post","status-publish","format-standard","has-post-thumbnail","hentry","category-sem-categoria","entry"],"yoast_head":"<!-- This site is optimized with the Yoast SEO plugin v24.1 - https:\/\/yoast.com\/wordpress\/plugins\/seo\/ -->\n<title>Akcesoria do szaf i garder\u00f3b Hack - Emuca blog<\/title>\n<meta name=\"description\" content=\"Nowe akcesoria Hack do szaf i garderoby s\u0105 specjalnie stworzone, aby zorganizowa\u0107 Tw\u00f3j dom w najbardziej elegancki spos\u00f3b. Starannie zaprojektowany minimalistyczny styl wyr\u00f3\u017cnia si\u0119 teksturowanym wyko\u0144czeniem w kolorze kamiennej szaro\u015bci lub czerni, najnowszym trendem w projektowaniu szaf w sypialniach i garderobach.\" \/>\n<meta name=\"robots\" content=\"index, follow, max-snippet:-1, max-image-preview:large, max-video-preview:-1\" \/>\n<link rel=\"canonical\" href=\"https:\/\/blog.emuca.com\/pl\/cat\/bez-kategorii\/akcesoria-do-szaf-i-garderob-hack\/\" \/>\n<meta property=\"og:locale\" content=\"pl_PL\" \/>\n<meta property=\"og:type\" content=\"article\" \/>\n<meta property=\"og:title\" content=\"Akcesoria do szaf i garder\u00f3b Hack - Emuca blog\" \/>\n<meta property=\"og:description\" content=\"Nowe akcesoria Hack do szaf i garderoby s\u0105 specjalnie stworzone, aby zorganizowa\u0107 Tw\u00f3j dom w najbardziej elegancki spos\u00f3b. Starannie zaprojektowany minimalistyczny styl wyr\u00f3\u017cnia si\u0119 teksturowanym wyko\u0144czeniem w kolorze kamiennej szaro\u015bci lub czerni, najnowszym trendem w projektowaniu szaf w sypialniach i garderobach.\" \/>\n<meta property=\"og:url\" content=\"https:\/\/blog.emuca.com\/pl\/cat\/bez-kategorii\/akcesoria-do-szaf-i-garderob-hack\/\" \/>\n<meta property=\"og:site_name\" content=\"Emuca blog\" \/>\n<meta property=\"article:publisher\" content=\"https:\/\/www.facebook.com\/EmucaGroup\" \/>\n<meta property=\"article:published_time\" content=\"2022-03-18T07:00:52+00:00\" \/>\n<meta property=\"article:modified_time\" content=\"2022-03-21T07:48:19+00:00\" \/>\n<meta property=\"og:image\" content=\"https:\/\/blog.emuca.com\/wp-content\/uploads\/2022\/03\/EMUCA-HACK-post-red.jpg\" \/>\n\t<meta property=\"og:image:width\" content=\"800\" \/>\n\t<meta property=\"og:image:height\" content=\"450\" \/>\n\t<meta property=\"og:image:type\" content=\"image\/jpeg\" \/>\n<meta name=\"author\" content=\"Emuca\" \/>\n<meta name=\"twitter:card\" content=\"summary_large_image\" \/>\n<meta name=\"twitter:label1\" content=\"Napisane przez\" \/>\n\t<meta name=\"twitter:data1\" content=\"Emuca\" \/>\n\t<meta name=\"twitter:label2\" content=\"Szacowany czas czytania\" \/>\n\t<meta name=\"twitter:data2\" content=\"1 minuta\" \/>\n<script type=\"application\/ld+json\" class=\"yoast-schema-graph\">{\"@context\":\"https:\/\/schema.org\",\"@graph\":[{\"@type\":\"Article\",\"@id\":\"https:\/\/blog.emuca.com\/pl\/cat\/bez-kategorii\/akcesoria-do-szaf-i-garderob-hack\/#article\",\"isPartOf\":{\"@id\":\"https:\/\/blog.emuca.com\/pl\/cat\/bez-kategorii\/akcesoria-do-szaf-i-garderob-hack\/\"},\"author\":{\"name\":\"Emuca\",\"@id\":\"https:\/\/blog.emuca.com\/#\/schema\/person\/81560ca037d9c1ed19744a85ef9cbe2a\"},\"headline\":\"Akcesoria do szaf i garder\u00f3b Hack\",\"datePublished\":\"2022-03-18T07:00:52+00:00\",\"dateModified\":\"2022-03-21T07:48:19+00:00\",\"mainEntityOfPage\":{\"@id\":\"https:\/\/blog.emuca.com\/pl\/cat\/bez-kategorii\/akcesoria-do-szaf-i-garderob-hack\/\"},\"wordCount\":109,\"publisher\":{\"@id\":\"https:\/\/blog.emuca.com\/#organization\"},\"image\":{\"@id\":\"https:\/\/blog.emuca.com\/pl\/cat\/bez-kategorii\/akcesoria-do-szaf-i-garderob-hack\/#primaryimage\"},\"thumbnailUrl\":\"https:\/\/blog.emuca.com\/wp-content\/uploads\/2022\/03\/EMUCA-HACK-post-red.jpg\",\"articleSection\":[\"Sem categoria\"],\"inLanguage\":\"pl-PL\"},{\"@type\":\"WebPage\",\"@id\":\"https:\/\/blog.emuca.com\/pl\/cat\/bez-kategorii\/akcesoria-do-szaf-i-garderob-hack\/\",\"url\":\"https:\/\/blog.emuca.com\/pl\/cat\/bez-kategorii\/akcesoria-do-szaf-i-garderob-hack\/\",\"name\":\"Akcesoria do szaf i garder\u00f3b Hack - Emuca blog\",\"isPartOf\":{\"@id\":\"https:\/\/blog.emuca.com\/#website\"},\"primaryImageOfPage\":{\"@id\":\"https:\/\/blog.emuca.com\/pl\/cat\/bez-kategorii\/akcesoria-do-szaf-i-garderob-hack\/#primaryimage\"},\"image\":{\"@id\":\"https:\/\/blog.emuca.com\/pl\/cat\/bez-kategorii\/akcesoria-do-szaf-i-garderob-hack\/#primaryimage\"},\"thumbnailUrl\":\"https:\/\/blog.emuca.com\/wp-content\/uploads\/2022\/03\/EMUCA-HACK-post-red.jpg\",\"datePublished\":\"2022-03-18T07:00:52+00:00\",\"dateModified\":\"2022-03-21T07:48:19+00:00\",\"description\":\"Nowe akcesoria Hack do szaf i garderoby s\u0105 specjalnie stworzone, aby zorganizowa\u0107 Tw\u00f3j dom w najbardziej elegancki spos\u00f3b. Starannie zaprojektowany minimalistyczny styl wyr\u00f3\u017cnia si\u0119 teksturowanym wyko\u0144czeniem w kolorze kamiennej szaro\u015bci lub czerni, najnowszym trendem w projektowaniu szaf w sypialniach i garderobach.\",\"inLanguage\":\"pl-PL\",\"potentialAction\":[{\"@type\":\"ReadAction\",\"target\":[\"https:\/\/blog.emuca.com\/pl\/cat\/bez-kategorii\/akcesoria-do-szaf-i-garderob-hack\/\"]}]},{\"@type\":\"ImageObject\",\"inLanguage\":\"pl-PL\",\"@id\":\"https:\/\/blog.emuca.com\/pl\/cat\/bez-kategorii\/akcesoria-do-szaf-i-garderob-hack\/#primaryimage\",\"url\":\"https:\/\/blog.emuca.com\/wp-content\/uploads\/2022\/03\/EMUCA-HACK-post-red.jpg\",\"contentUrl\":\"https:\/\/blog.emuca.com\/wp-content\/uploads\/2022\/03\/EMUCA-HACK-post-red.jpg\",\"width\":800,\"height\":450,\"caption\":\"Wardrobe accesories Hack\"},{\"@type\":\"WebSite\",\"@id\":\"https:\/\/blog.emuca.com\/#website\",\"url\":\"https:\/\/blog.emuca.com\/\",\"name\":\"Emuca blog\",\"description\":\"\",\"publisher\":{\"@id\":\"https:\/\/blog.emuca.com\/#organization\"},\"potentialAction\":[{\"@type\":\"SearchAction\",\"target\":{\"@type\":\"EntryPoint\",\"urlTemplate\":\"https:\/\/blog.emuca.com\/?s={search_term_string}\"},\"query-input\":{\"@type\":\"PropertyValueSpecification\",\"valueRequired\":true,\"valueName\":\"search_term_string\"}}],\"inLanguage\":\"pl-PL\"},{\"@type\":\"Organization\",\"@id\":\"https:\/\/blog.emuca.com\/#organization\",\"name\":\"emuca\",\"url\":\"https:\/\/blog.emuca.com\/\",\"logo\":{\"@type\":\"ImageObject\",\"inLanguage\":\"pl-PL\",\"@id\":\"https:\/\/blog.emuca.com\/#\/schema\/logo\/image\/\",\"url\":\"https:\/\/blog.emuca.com\/wp-content\/uploads\/2024\/05\/cropped-logo-emuca-menu.png\",\"contentUrl\":\"https:\/\/blog.emuca.com\/wp-content\/uploads\/2024\/05\/cropped-logo-emuca-menu.png\",\"width\":190,\"height\":190,\"caption\":\"emuca\"},\"image\":{\"@id\":\"https:\/\/blog.emuca.com\/#\/schema\/logo\/image\/\"},\"sameAs\":[\"https:\/\/www.facebook.com\/EmucaGroup\"]},{\"@type\":\"Person\",\"@id\":\"https:\/\/blog.emuca.com\/#\/schema\/person\/81560ca037d9c1ed19744a85ef9cbe2a\",\"name\":\"Emuca\",\"url\":\"https:\/\/blog.emuca.com\/pl\/cat\/author\/emuca\/\"}]}<\/script>\n<!-- \/ Yoast SEO plugin. -->","yoast_head_json":{"title":"Akcesoria do szaf i garder\u00f3b Hack - Emuca blog","description":"Nowe akcesoria Hack do szaf i garderoby s\u0105 specjalnie stworzone, aby zorganizowa\u0107 Tw\u00f3j dom w najbardziej elegancki spos\u00f3b. Starannie zaprojektowany minimalistyczny styl wyr\u00f3\u017cnia si\u0119 teksturowanym wyko\u0144czeniem w kolorze kamiennej szaro\u015bci lub czerni, najnowszym trendem w projektowaniu szaf w sypialniach i garderobach.","robots":{"index":"index","follow":"follow","max-snippet":"max-snippet:-1","max-image-preview":"max-image-preview:large","max-video-preview":"max-video-preview:-1"},"canonical":"https:\/\/blog.emuca.com\/pl\/cat\/bez-kategorii\/akcesoria-do-szaf-i-garderob-hack\/","og_locale":"pl_PL","og_type":"article","og_title":"Akcesoria do szaf i garder\u00f3b Hack - Emuca blog","og_description":"Nowe akcesoria Hack do szaf i garderoby s\u0105 specjalnie stworzone, aby zorganizowa\u0107 Tw\u00f3j dom w najbardziej elegancki spos\u00f3b. Starannie zaprojektowany minimalistyczny styl wyr\u00f3\u017cnia si\u0119 teksturowanym wyko\u0144czeniem w kolorze kamiennej szaro\u015bci lub czerni, najnowszym trendem w projektowaniu szaf w sypialniach i garderobach.","og_url":"https:\/\/blog.emuca.com\/pl\/cat\/bez-kategorii\/akcesoria-do-szaf-i-garderob-hack\/","og_site_name":"Emuca blog","article_publisher":"https:\/\/www.facebook.com\/EmucaGroup","article_published_time":"2022-03-18T07:00:52+00:00","article_modified_time":"2022-03-21T07:48:19+00:00","og_image":[{"width":800,"height":450,"url":"https:\/\/blog.emuca.com\/wp-content\/uploads\/2022\/03\/EMUCA-HACK-post-red.jpg","type":"image\/jpeg"}],"author":"Emuca","twitter_card":"summary_large_image","twitter_misc":{"Napisane przez":"Emuca","Szacowany czas czytania":"1 minuta"},"schema":{"@context":"https:\/\/schema.org","@graph":[{"@type":"Article","@id":"https:\/\/blog.emuca.com\/pl\/cat\/bez-kategorii\/akcesoria-do-szaf-i-garderob-hack\/#article","isPartOf":{"@id":"https:\/\/blog.emuca.com\/pl\/cat\/bez-kategorii\/akcesoria-do-szaf-i-garderob-hack\/"},"author":{"name":"Emuca","@id":"https:\/\/blog.emuca.com\/#\/schema\/person\/81560ca037d9c1ed19744a85ef9cbe2a"},"headline":"Akcesoria do szaf i garder\u00f3b Hack","datePublished":"2022-03-18T07:00:52+00:00","dateModified":"2022-03-21T07:48:19+00:00","mainEntityOfPage":{"@id":"https:\/\/blog.emuca.com\/pl\/cat\/bez-kategorii\/akcesoria-do-szaf-i-garderob-hack\/"},"wordCount":109,"publisher":{"@id":"https:\/\/blog.emuca.com\/#organization"},"image":{"@id":"https:\/\/blog.emuca.com\/pl\/cat\/bez-kategorii\/akcesoria-do-szaf-i-garderob-hack\/#primaryimage"},"thumbnailUrl":"https:\/\/blog.emuca.com\/wp-content\/uploads\/2022\/03\/EMUCA-HACK-post-red.jpg","articleSection":["Sem categoria"],"inLanguage":"pl-PL"},{"@type":"WebPage","@id":"https:\/\/blog.emuca.com\/pl\/cat\/bez-kategorii\/akcesoria-do-szaf-i-garderob-hack\/","url":"https:\/\/blog.emuca.com\/pl\/cat\/bez-kategorii\/akcesoria-do-szaf-i-garderob-hack\/","name":"Akcesoria do szaf i garder\u00f3b Hack - Emuca blog","isPartOf":{"@id":"https:\/\/blog.emuca.com\/#website"},"primaryImageOfPage":{"@id":"https:\/\/blog.emuca.com\/pl\/cat\/bez-kategorii\/akcesoria-do-szaf-i-garderob-hack\/#primaryimage"},"image":{"@id":"https:\/\/blog.emuca.com\/pl\/cat\/bez-kategorii\/akcesoria-do-szaf-i-garderob-hack\/#primaryimage"},"thumbnailUrl":"https:\/\/blog.emuca.com\/wp-content\/uploads\/2022\/03\/EMUCA-HACK-post-red.jpg","datePublished":"2022-03-18T07:00:52+00:00","dateModified":"2022-03-21T07:48:19+00:00","description":"Nowe akcesoria Hack do szaf i garderoby s\u0105 specjalnie stworzone, aby zorganizowa\u0107 Tw\u00f3j dom w najbardziej elegancki spos\u00f3b. Starannie zaprojektowany minimalistyczny styl wyr\u00f3\u017cnia si\u0119 teksturowanym wyko\u0144czeniem w kolorze kamiennej szaro\u015bci lub czerni, najnowszym trendem w projektowaniu szaf w sypialniach i garderobach.","inLanguage":"pl-PL","potentialAction":[{"@type":"ReadAction","target":["https:\/\/blog.emuca.com\/pl\/cat\/bez-kategorii\/akcesoria-do-szaf-i-garderob-hack\/"]}]},{"@type":"ImageObject","inLanguage":"pl-PL","@id":"https:\/\/blog.emuca.com\/pl\/cat\/bez-kategorii\/akcesoria-do-szaf-i-garderob-hack\/#primaryimage","url":"https:\/\/blog.emuca.com\/wp-content\/uploads\/2022\/03\/EMUCA-HACK-post-red.jpg","contentUrl":"https:\/\/blog.emuca.com\/wp-content\/uploads\/2022\/03\/EMUCA-HACK-post-red.jpg","width":800,"height":450,"caption":"Wardrobe accesories Hack"},{"@type":"WebSite","@id":"https:\/\/blog.emuca.com\/#website","url":"https:\/\/blog.emuca.com\/","name":"Emuca blog","description":"","publisher":{"@id":"https:\/\/blog.emuca.com\/#organization"},"potentialAction":[{"@type":"SearchAction","target":{"@type":"EntryPoint","urlTemplate":"https:\/\/blog.emuca.com\/?s={search_term_string}"},"query-input":{"@type":"PropertyValueSpecification","valueRequired":true,"valueName":"search_term_string"}}],"inLanguage":"pl-PL"},{"@type":"Organization","@id":"https:\/\/blog.emuca.com\/#organization","name":"emuca","url":"https:\/\/blog.emuca.com\/","logo":{"@type":"ImageObject","inLanguage":"pl-PL","@id":"https:\/\/blog.emuca.com\/#\/schema\/logo\/image\/","url":"https:\/\/blog.emuca.com\/wp-content\/uploads\/2024\/05\/cropped-logo-emuca-menu.png","contentUrl":"https:\/\/blog.emuca.com\/wp-content\/uploads\/2024\/05\/cropped-logo-emuca-menu.png","width":190,"height":190,"caption":"emuca"},"image":{"@id":"https:\/\/blog.emuca.com\/#\/schema\/logo\/image\/"},"sameAs":["https:\/\/www.facebook.com\/EmucaGroup"]},{"@type":"Person","@id":"https:\/\/blog.emuca.com\/#\/schema\/person\/81560ca037d9c1ed19744a85ef9cbe2a","name":"Emuca","url":"https:\/\/blog.emuca.com\/pl\/cat\/author\/emuca\/"}]}},"_links":{"self":[{"href":"https:\/\/blog.emuca.com\/pl\/wp-json\/wp\/v2\/posts\/30709","targetHints":{"allow":["GET"]}}],"collection":[{"href":"https:\/\/blog.emuca.com\/pl\/wp-json\/wp\/v2\/posts"}],"about":[{"href":"https:\/\/blog.emuca.com\/pl\/wp-json\/wp\/v2\/types\/post"}],"author":[{"embeddable":true,"href":"https:\/\/blog.emuca.com\/pl\/wp-json\/wp\/v2\/users\/2"}],"replies":[{"embeddable":true,"href":"https:\/\/blog.emuca.com\/pl\/wp-json\/wp\/v2\/comments?post=30709"}],"version-history":[{"count":20,"href":"https:\/\/blog.emuca.com\/pl\/wp-json\/wp\/v2\/posts\/30709\/revisions"}],"predecessor-version":[{"id":31061,"href":"https:\/\/blog.emuca.com\/pl\/wp-json\/wp\/v2\/posts\/30709\/revisions\/31061"}],"wp:featuredmedia":[{"embeddable":true,"href":"https:\/\/blog.emuca.com\/pl\/wp-json\/wp\/v2\/media\/30605"}],"wp:attachment":[{"href":"https:\/\/blog.emuca.com\/pl\/wp-json\/wp\/v2\/media?parent=30709"}],"wp:term":[{"taxonomy":"category","embeddable":true,"href":"https:\/\/blog.emuca.com\/pl\/wp-json\/wp\/v2\/categories?post=30709"},{"taxonomy":"post_tag","embeddable":true,"href":"https:\/\/blog.emuca.com\/pl\/wp-json\/wp\/v2\/tags?post=30709"}],"curies":[{"name":"wp","href":"https:\/\/api.w.org\/{rel}","templated":true}]}}