{"id":11339,"date":"2020-12-09T15:58:32","date_gmt":"2020-12-09T14:58:32","guid":{"rendered":"http:\/\/blogs.emuca.com\/nblog\/cat\/bez-kategorii\/nowe-trendy-w-oswietleniu-biurowym\/"},"modified":"2020-12-09T15:58:33","modified_gmt":"2020-12-09T14:58:33","slug":"nowe-trendy-w-oswietleniu-biurowym","status":"publish","type":"post","link":"https:\/\/blog.emuca.com\/pl\/cat\/trendy\/nowe-trendy-w-oswietleniu-biurowym\/","title":{"rendered":"Nowe trendy w o\u015bwietleniu biurowym"},"content":{"rendered":"\t\t<div data-elementor-type=\"wp-post\" data-elementor-id=\"11339\" class=\"elementor elementor-11339 elementor-7473\">\n\t\t\t\t\t\t<section class=\"elementor-section elementor-top-section elementor-element elementor-element-38c431a elementor-section-boxed elementor-section-height-default elementor-section-height-default\" data-id=\"38c431a\" data-element_type=\"section\" data-e-type=\"section\">\n\t\t\t\t\t\t<div class=\"elementor-container elementor-column-gap-default\">\n\t\t\t\t\t<div class=\"elementor-column elementor-col-100 elementor-top-column elementor-element elementor-element-d7e692c\" data-id=\"d7e692c\" data-element_type=\"column\" data-e-type=\"column\">\n\t\t\t<div class=\"elementor-widget-wrap elementor-element-populated\">\n\t\t\t\t\t\t<div class=\"elementor-element elementor-element-ead1400 elementor-widget elementor-widget-text-editor\" data-id=\"ead1400\" data-element_type=\"widget\" data-e-type=\"widget\" data-widget_type=\"text-editor.default\">\n\t\t\t\t<div class=\"elementor-widget-container\">\n\t\t\t\t\t\t\t\t\t<p>Przez ca\u0142e \u017cycie sp\u0119dzamy w\u00a0biurze wiele godzin. Dlatego wa\u017cne jest w nich <strong>prawid\u0142owe o\u015bwietlenie<\/strong> poprawiaj\u0105ce widoczno\u015b\u0107, niepowoduj\u0105ce zm\u0119czenia oczu i wzmacniaj\u0105ce ch\u0119\u0107 do pracy.<\/p>\n<p>Jako <a href=\"https:\/\/www.emuca.pl\/\">Emuca<\/a> chcemy Ci opowiedzie\u0107 o nowych trendach w\u00a0<strong>o\u015bwietleniu biurowym<\/strong>. Dzi\u0119ki temu gdy klient poprosi Ci\u0119 o\u00a0nowy projekt, b\u0119dziesz m\u00f3g\u0142 wzi\u0105\u0107 pod uwag\u0119 wszystko, co jest nieodzowne, aby efekt by\u0142 <strong>spektakularny.<\/strong><\/p>\n\t\t\t\t\t\t\t\t<\/div>\n\t\t\t\t<\/div>\n\t\t\t\t\t<\/div>\n\t\t<\/div>\n\t\t\t\t\t<\/div>\n\t\t<\/section>\n\t\t\t\t<section class=\"elementor-section elementor-top-section elementor-element elementor-element-756e4a9 elementor-section-boxed elementor-section-height-default elementor-section-height-default\" data-id=\"756e4a9\" data-element_type=\"section\" data-e-type=\"section\">\n\t\t\t\t\t\t<div class=\"elementor-container elementor-column-gap-default\">\n\t\t\t\t\t<div class=\"elementor-column elementor-col-100 elementor-top-column elementor-element elementor-element-b592885\" data-id=\"b592885\" data-element_type=\"column\" data-e-type=\"column\">\n\t\t\t<div class=\"elementor-widget-wrap elementor-element-populated\">\n\t\t\t\t\t\t<div class=\"elementor-element elementor-element-0a011d9 elementor-widget elementor-widget-text-editor\" data-id=\"0a011d9\" data-element_type=\"widget\" data-e-type=\"widget\" data-widget_type=\"text-editor.default\">\n\t\t\t\t<div class=\"elementor-widget-container\">\n\t\t\t\t\t\t\t\t\t<h2><strong>Znaczenie dobrego o\u015bwietlenia w miejscu pracy<\/strong><\/h2>\n<p>Przed rozpocz\u0119ciem ka\u017cdego projektu musisz wiedzie\u0107, jakie jest prawdziwe znaczenie prawid\u0142owego <a href=\"https:\/\/www.emuca.pl\/oswietlenie\"><strong>o\u015bwietlenia w\u00a0biurach,<\/strong><\/a> a co za tym idzie mo\u017cliwo\u015b\u0107 przeniesienia tego na klienta.<\/p>\n<p>&#8211; Korzystanie z\u00a0<strong>odpowiedniego o\u015bwietlenia<\/strong> w\u00a0miejscu pracy mo\u017ce zdaniem ekspert\u00f3w zwi\u0119kszy\u0107 produktywno\u015b\u0107 , nawet o\u00a020%<\/p>\n<p>&#8211; Znacznie zmniejsza si\u0119 mo\u017cliwo\u015b\u0107 wyst\u0105pienia b\u0142\u0119d\u00f3w i\u00a0<strong>wzrasta jako\u015b\u0107<\/strong> wykonywanej pracy.<\/p>\n<p>&#8211; Ponadto pomaga zmniejszy\u0107 liczb\u0119 zwolnie\u0144 lekarskich, poniewa\u017c zwi\u0119ksza <strong>bezpiecze\u0144stwo pracy, <\/strong>zmniejszaj\u0105c ryzyko wypadk\u00f3w i\u00a0zm\u0119czenia oczu, a\u00a0tak\u017ce redukuj\u0105c poziom stresu.<\/p>\n<h2><strong>Trendy o\u015bwietleniowe: nowoczesno\u015b\u0107 na porz\u0105dku dziennym<\/strong><\/h2>\n<p>O\u015bwietlenie biurowe wymaga <strong>czasu i oddania,<\/strong> aby mo\u017cna by\u0142o osi\u0105gn\u0105\u0107 jak najlepsze rezultaty. W\u00a0tym celu, opr\u00f3cz zdrowia pracownik\u00f3w, nale\u017cy r\u00f3wnie\u017c wzi\u0105\u0107 pod uwag\u0119 <strong>projekt i rozmieszczenie <\/strong>r\u00f3\u017cnych <strong>punkt\u00f3w \u015bwietlnych<\/strong>. I\u00a0w\u00a0tym w\u0142a\u015bnie sensie nowoczesno\u015b\u0107 jest na porz\u0105dku dziennym.U\u0142atwiaj\u0105c tworzenie minimalistycznych, przejrzystych i\u00a0wielofunkcyjnych przestrzeni.<\/p>\n\t\t\t\t\t\t\t\t<\/div>\n\t\t\t\t<\/div>\n\t\t\t\t<div class=\"elementor-element elementor-element-65e0101 elementor-widget elementor-widget-spacer\" data-id=\"65e0101\" data-element_type=\"widget\" data-e-type=\"widget\" data-widget_type=\"spacer.default\">\n\t\t\t\t<div class=\"elementor-widget-container\">\n\t\t\t\t\t\t\t<div class=\"elementor-spacer\">\n\t\t\t<div class=\"elementor-spacer-inner\"><\/div>\n\t\t<\/div>\n\t\t\t\t\t\t<\/div>\n\t\t\t\t<\/div>\n\t\t\t\t\t<\/div>\n\t\t<\/div>\n\t\t\t\t\t<\/div>\n\t\t<\/section>\n\t\t\t\t<section class=\"elementor-section elementor-top-section elementor-element elementor-element-3cf2190 elementor-section-boxed elementor-section-height-default elementor-section-height-default\" data-id=\"3cf2190\" data-element_type=\"section\" data-e-type=\"section\">\n\t\t\t\t\t\t<div class=\"elementor-container elementor-column-gap-default\">\n\t\t\t\t\t<div class=\"elementor-column elementor-col-100 elementor-top-column elementor-element elementor-element-e23f49a\" data-id=\"e23f49a\" data-element_type=\"column\" data-e-type=\"column\">\n\t\t\t<div class=\"elementor-widget-wrap elementor-element-populated\">\n\t\t\t\t\t\t<div class=\"elementor-element elementor-element-3a3fc83 elementor-widget elementor-widget-html\" data-id=\"3a3fc83\" data-element_type=\"widget\" data-e-type=\"widget\" data-widget_type=\"html.default\">\n\t\t\t\t<div class=\"elementor-widget-container\">\n\t\t\t\t\t<!--HubSpot Call-to-Action Code --><span class=\"hs-cta-wrapper\" id=\"hs-cta-wrapper-7e2b5566-d86f-40bf-ae2d-b1d0c8361a37\"><span class=\"hs-cta-node hs-cta-7e2b5566-d86f-40bf-ae2d-b1d0c8361a37\" id=\"hs-cta-7e2b5566-d86f-40bf-ae2d-b1d0c8361a37\"><!--[if lte IE 8]><div id=\"hs-cta-ie-element\"><\/div><![endif]--><a href=\"https:\/\/cta-redirect.hubspot.com\/cta\/redirect\/4071763\/7e2b5566-d86f-40bf-ae2d-b1d0c8361a37\"  target=\"_blank\" ><img fetchpriority=\"high\" decoding=\"async\" class=\"hs-cta-img\" id=\"hs-cta-img-7e2b5566-d86f-40bf-ae2d-b1d0c8361a37\" style=\"border-width:0px;\" height=\"307\" width=\"1137\" src=\"https:\/\/no-cache.hubspot.com\/cta\/default\/4071763\/7e2b5566-d86f-40bf-ae2d-b1d0c8361a37.png\"  alt=\"Nueva llamada a la acci\u00f3n\"\/><\/a><\/span><script charset=\"utf-8\" src=\"https:\/\/js.hscta.net\/cta\/current.js\"><\/script><script type=\"text\/javascript\"> hbspt.cta.load(4071763, '7e2b5566-d86f-40bf-ae2d-b1d0c8361a37', {}); <\/script><\/span><!-- end HubSpot Call-to-Action Code -->\t\t\t\t<\/div>\n\t\t\t\t<\/div>\n\t\t\t\t\t<\/div>\n\t\t<\/div>\n\t\t\t\t\t<\/div>\n\t\t<\/section>\n\t\t\t\t<section class=\"elementor-section elementor-top-section elementor-element elementor-element-ef2462a elementor-section-boxed elementor-section-height-default elementor-section-height-default\" data-id=\"ef2462a\" data-element_type=\"section\" data-e-type=\"section\">\n\t\t\t\t\t\t<div class=\"elementor-container elementor-column-gap-default\">\n\t\t\t\t\t<div class=\"elementor-column elementor-col-100 elementor-top-column elementor-element elementor-element-3d318cb\" data-id=\"3d318cb\" data-element_type=\"column\" data-e-type=\"column\">\n\t\t\t<div class=\"elementor-widget-wrap elementor-element-populated\">\n\t\t\t\t\t\t<div class=\"elementor-element elementor-element-35377b4 elementor-widget elementor-widget-spacer\" data-id=\"35377b4\" data-element_type=\"widget\" data-e-type=\"widget\" data-widget_type=\"spacer.default\">\n\t\t\t\t<div class=\"elementor-widget-container\">\n\t\t\t\t\t\t\t<div class=\"elementor-spacer\">\n\t\t\t<div class=\"elementor-spacer-inner\"><\/div>\n\t\t<\/div>\n\t\t\t\t\t\t<\/div>\n\t\t\t\t<\/div>\n\t\t\t\t<div class=\"elementor-element elementor-element-2c5b5fc elementor-widget elementor-widget-text-editor\" data-id=\"2c5b5fc\" data-element_type=\"widget\" data-e-type=\"widget\" data-widget_type=\"text-editor.default\">\n\t\t\t\t<div class=\"elementor-widget-container\">\n\t\t\t\t\t\t\t\t\t<p>Dlatego w\u0142a\u015bnie musisz oceni\u0107 ka\u017cd\u0105 przestrze\u0144, aby m\u00f3c zaprojektowa\u0107 <strong>doskona\u0142e o\u015bwietlenie<\/strong>. Bior\u0105c pod uwag\u0119, czy jest to nowo wybudowana przestrze\u0144, czy mo\u017ce stara farma, bawi\u0105c si\u0119 \u015bwiat\u0142em i\u00a0wykorzystuj\u0105c o\u015bwietlenie naturalne w po\u0142\u0105czeniu z\u00a0funkcjonalnym, a\u00a0nawet dodaj\u0105c akcenty dekoracyjne.W ten spos\u00f3b b\u0119dziesz w stanie zachowa\u0107 kwintesencj\u0119 danego miejsca i\u00a0podkre\u015bli\u0107 nowoczesno\u015b\u0107 ka\u017cdego z\u00a0nich, \u0142\u0105cz\u0105c r\u00f3\u017cne \u017ar\u00f3d\u0142a \u015bwiat\u0142a.<\/p>\n<h2><strong>Nowe kszta\u0142ty i style w o\u015bwietleniu biurowym<\/strong><\/h2>\n<p>Nowe trendy w\u00a0<a href=\"https:\/\/www.emuca.pl\/oswietlenie\/tasmy-led\"><strong>o\u015bwietleniu biurowym<\/strong><\/a> stawiaj\u0105 na optymalne wykorzystanie r\u00f3\u017cnych stref. Oznacza to, \u017ce nale\u017cy maksymalnie podkre\u015bla\u0107 walory dekoracj\u0119 ka\u017cdej przestrzeni, wykorzystuj\u0105c na przyk\u0142ad wysokie sufity i\u00a0<strong>lampy sufitowe<\/strong>, kt\u00f3re o\u015bwiecaj\u0105 miejsca pracy, ale nie bezpo\u015brednio.<\/p>\n<p>W\u00a0strefach wsp\u00f3lnych, czyli korytarzach czy holach, najcz\u0119\u015bciej stosowane jest \u015bwiat\u0142o rozproszone. Takie \u015bwiat\u0142o daj\u0105<a href=\"https:\/\/www.emuca.pl\/oswietlenie\/kinkiety-led\"> kinkiety LED,<\/a> kt\u00f3re pozwalaj\u0105 o\u015bwietli\u0107 drog\u0119, nie ra\u017c\u0105c zbytnio wzroku.<\/p>\n\t\t\t\t\t\t\t\t<\/div>\n\t\t\t\t<\/div>\n\t\t\t\t\t<\/div>\n\t\t<\/div>\n\t\t\t\t\t<\/div>\n\t\t<\/section>\n\t\t\t\t<section class=\"elementor-section elementor-top-section elementor-element elementor-element-1a1e841 elementor-section-boxed elementor-section-height-default elementor-section-height-default\" data-id=\"1a1e841\" data-element_type=\"section\" data-e-type=\"section\">\n\t\t\t\t\t\t<div class=\"elementor-container elementor-column-gap-default\">\n\t\t\t\t\t<div class=\"elementor-column elementor-col-100 elementor-top-column elementor-element elementor-element-e12d6fa\" data-id=\"e12d6fa\" data-element_type=\"column\" data-e-type=\"column\">\n\t\t\t<div class=\"elementor-widget-wrap elementor-element-populated\">\n\t\t\t\t\t\t<div class=\"elementor-element elementor-element-d527d50 elementor-widget elementor-widget-spacer\" data-id=\"d527d50\" data-element_type=\"widget\" data-e-type=\"widget\" data-widget_type=\"spacer.default\">\n\t\t\t\t<div class=\"elementor-widget-container\">\n\t\t\t\t\t\t\t<div class=\"elementor-spacer\">\n\t\t\t<div class=\"elementor-spacer-inner\"><\/div>\n\t\t<\/div>\n\t\t\t\t\t\t<\/div>\n\t\t\t\t<\/div>\n\t\t\t\t<div class=\"elementor-element elementor-element-3f90498 elementor-widget elementor-widget-image\" data-id=\"3f90498\" data-element_type=\"widget\" data-e-type=\"widget\" data-widget_type=\"image.default\">\n\t\t\t\t<div class=\"elementor-widget-container\">\n\t\t\t\t\t\t\t\t\t\t\t\t\t\t\t<img decoding=\"async\" width=\"640\" height=\"256\" src=\"https:\/\/blog.emuca.com\/wp-content\/uploads\/2020\/09\/POST-IMAGEN-INTERNA-EMUCA.png\" class=\"attachment-large size-large wp-image-7474\" alt=\"Iluminaci\u00f3n en oficinas\" sizes=\"(max-width: 34.9rem) calc(100vw - 2rem), (max-width: 53rem) calc(8 * (100vw \/ 12)), (min-width: 53rem) calc(6 * (100vw \/ 12)), 100vw\" \/>\t\t\t\t\t\t\t\t\t\t\t\t\t\t\t<\/div>\n\t\t\t\t<\/div>\n\t\t\t\t<div class=\"elementor-element elementor-element-8e6aa0d elementor-widget elementor-widget-spacer\" data-id=\"8e6aa0d\" data-element_type=\"widget\" data-e-type=\"widget\" data-widget_type=\"spacer.default\">\n\t\t\t\t<div class=\"elementor-widget-container\">\n\t\t\t\t\t\t\t<div class=\"elementor-spacer\">\n\t\t\t<div class=\"elementor-spacer-inner\"><\/div>\n\t\t<\/div>\n\t\t\t\t\t\t<\/div>\n\t\t\t\t<\/div>\n\t\t\t\t\t<\/div>\n\t\t<\/div>\n\t\t\t\t\t<\/div>\n\t\t<\/section>\n\t\t\t\t<section class=\"elementor-section elementor-top-section elementor-element elementor-element-0b9ce34 elementor-section-boxed elementor-section-height-default elementor-section-height-default\" data-id=\"0b9ce34\" data-element_type=\"section\" data-e-type=\"section\">\n\t\t\t\t\t\t<div class=\"elementor-container elementor-column-gap-default\">\n\t\t\t\t\t<div class=\"elementor-column elementor-col-100 elementor-top-column elementor-element elementor-element-c70cb1e\" data-id=\"c70cb1e\" data-element_type=\"column\" data-e-type=\"column\">\n\t\t\t<div class=\"elementor-widget-wrap elementor-element-populated\">\n\t\t\t\t\t\t<div class=\"elementor-element elementor-element-97bb26b elementor-widget elementor-widget-text-editor\" data-id=\"97bb26b\" data-element_type=\"widget\" data-e-type=\"widget\" data-widget_type=\"text-editor.default\">\n\t\t\t\t<div class=\"elementor-widget-container\">\n\t\t\t\t\t\t\t\t\t<p>Ponadto w ka\u017cdej pracowni najlepiej jest mie\u0107 do dyspozycji <a href=\"https:\/\/www.emuca.pl\/oswietlenie\/punktowe-lampki-led\">punkty \u015bwietlne <\/a>zzapewniaj\u0105ce bardziej skupione o\u015bwietlenie, kt\u00f3re u\u0142atwia koncentracj\u0119.<\/p>\n<p>Jeden z\u00a0najnowszych <strong>trend\u00f3w w\u00a0o\u015bwietleniu biurowym<\/strong> to lampy wielkoformatowe.Reprezentuj\u0105 one nowoczesny styl i\u00a0podnosz\u0105 warto\u015b\u0107 projektu.<\/p>\n<h2><strong>Wskaz\u00f3wki dotycz\u0105ce dobrego projektu o\u015bwietlenia biurowego<\/strong><\/h2>\n<p>\u00a0Oczywistym jest, \u017ce o\u015bwietlenie biura to wa\u017cny element, kt\u00f3ry na co dzie\u0144 dotyczy wszystkich pracownik\u00f3w firmy.Jest to miejsce o\u00a0du\u017cym przep\u0142ywie os\u00f3b, w\u00a0kt\u00f3rym sp\u0119dza si\u0119 wiele godzin dziennie.Z\u00a0tego powodu przy projektowaniu przestrzeni biurowej wa\u017cne jest prawid\u0142owe zaprojektowanie jej o\u015bwietlenia.Aby Twoje projekty i wzornictwo odnios\u0142y prawdziwy sukces, musisz wzi\u0105\u0107 pod uwag\u0119 te wskaz\u00f3wki.<\/p>\n<p>&#8211; U\u017cyj r\u00f3\u017cnych<a href=\"https:\/\/www.emuca.pl\/oswietlenie\/punktowe-lampki-led\"><strong> punkt\u00f3w \u015bwietlnych<\/strong><\/a>, aby podkre\u015bli\u0107 zalety marki Twojego klienta.<\/p>\n<p>&#8211; <strong>Skorzystaj z\u00a0naturalnego \u015bwiat\u0142a<\/strong> i\u00a0rozmie\u015b\u0107 w\u00a0jego pobli\u017cu r\u00f3\u017cne strefy robocze.Tym samym opr\u00f3cz poprawy zdrowia pracownik\u00f3w, dzi\u0119ki Tobie klient zaoszcz\u0119dzi na energii elektrycznej.<\/p>\n<p>&#8211; <strong>Zharmonizuj o\u015bwietlenie<\/strong>, szczeg\u00f3\u0142owo obliczaj\u0105c rozmieszczenie r\u00f3\u017cnych punkt\u00f3w \u015bwietlnych. Unikaj pozostawiania miejsc o\u015bwietlonych gorzej ni\u017c inne.<\/p>\n<p>&#8211; Daj si\u0119 oczarowa\u0107<a href=\"https:\/\/www.emuca.pl\/oswietlenie\"> lampom LED<\/a>. Zwi\u0119kszaj\u0105 oszcz\u0119dno\u015b\u0107 energii, gdy\u017c zu\u017cywaj\u0105 niewiele pr\u0105du i daj\u0105 <strong>\u015bwiat\u0142o dobrej jako\u015bci.<\/strong><\/p>\n<p>&#8211; Daj pierwsze\u0144stwo <strong>bia\u0142emu \u015bwiat\u0142u<\/strong>. Wp\u0142ywa ono korzystnie na koncentracj\u0119 i wzrost produktywno\u015bci w\u00a0miejscu pracy.Ale w\u00a0strefach odpoczynku zaleca si\u0119 \u017c\u00f3\u0142te \u015bwiat\u0142o.W\u00a0ten spos\u00f3b stworzysz cieplejszy nastr\u00f3j.<\/p>\n<p>I, jak\u017ce by inaczej, zamontuj <strong>inteligentne systemy sterowania.<\/strong> W\u00a0ten spos\u00f3b tak\u017ce pomo\u017cesz klientowi obni\u017cy\u0107 rachunek za pr\u0105d.<\/p>\n<p>&nbsp;<\/p>\n<p>W\u00a0<a href=\"https:\/\/www.emuca.pl\/\">Emuca<\/a> oferujemy szeroki wyb\u00f3r<strong> sprz\u0119tu o\u015bwietleniowego,<\/strong> dzi\u0119ki czemu Twoje projekty b\u0119d\u0105 stanowi\u0142y pierwszy wyb\u00f3r dla Twoich klient\u00f3w.Nie wahaj si\u0119 skontaktowa\u0107 z nami, aby uzyska\u0107 wi\u0119cej informacji.<\/p>\n\t\t\t\t\t\t\t\t<\/div>\n\t\t\t\t<\/div>\n\t\t\t\t\t<\/div>\n\t\t<\/div>\n\t\t\t\t\t<\/div>\n\t\t<\/section>\n\t\t\t\t<\/div>\n\t\t","protected":false},"excerpt":{"rendered":"<p>Przez ca\u0142e \u017cycie sp\u0119dzamy w\u00a0biurze wiele godzin. Dlatego wa\u017cne jest w nich prawid\u0142owe o\u015bwietlenie poprawiaj\u0105ce widoczno\u015b\u0107, niepowoduj\u0105ce zm\u0119czenia oczu i wzmacniaj\u0105ce ch\u0119\u0107 do pracy. Jako Emuca chcemy Ci opowiedzie\u0107 o nowych trendach w\u00a0o\u015bwietleniu biurowym. Dzi\u0119ki temu gdy klient poprosi Ci\u0119 o\u00a0nowy projekt, b\u0119dziesz m\u00f3g\u0142 wzi\u0105\u0107 pod uwag\u0119 wszystko, co jest nieodzowne, aby efekt by\u0142 spektakularny. &hellip; <\/p>\n<p class=\"link-more\"><a href=\"https:\/\/blog.emuca.com\/pl\/cat\/trendy\/nowe-trendy-w-oswietleniu-biurowym\/\" class=\"more-link\">Czytaj dalej<span class=\"screen-reader-text\"> \u201eNowe trendy w o\u015bwietleniu biurowym\u201d<\/span><\/a><\/p>\n","protected":false},"author":2,"featured_media":7490,"comment_status":"closed","ping_status":"closed","sticky":false,"template":"","format":"standard","meta":{"footnotes":""},"categories":[123],"tags":[],"class_list":["post-11339","post","type-post","status-publish","format-standard","has-post-thumbnail","hentry","category-trendy","entry"],"yoast_head":"<!-- This site is optimized with the Yoast SEO plugin v24.1 - https:\/\/yoast.com\/wordpress\/plugins\/seo\/ -->\n<title>O\u015bwietlenie biurowe: najnowsze trendy | Emuca<\/title>\n<meta name=\"description\" content=\"Kinkiety LED, reflektory punktowe lub ta\u015bmy LED do projekt\u00f3w biurowych. Odkryj najnowsze trendy w o\u015bwietleniu biurowym z firm\u0105 Emuca.\" \/>\n<meta name=\"robots\" content=\"index, follow, max-snippet:-1, max-image-preview:large, max-video-preview:-1\" \/>\n<link rel=\"canonical\" href=\"https:\/\/blog.emuca.com\/pl\/cat\/trendy\/nowe-trendy-w-oswietleniu-biurowym\/\" \/>\n<meta property=\"og:locale\" content=\"pl_PL\" \/>\n<meta property=\"og:type\" content=\"article\" \/>\n<meta property=\"og:title\" content=\"O\u015bwietlenie biurowe: najnowsze trendy | Emuca\" \/>\n<meta property=\"og:description\" content=\"Kinkiety LED, reflektory punktowe lub ta\u015bmy LED do projekt\u00f3w biurowych. Odkryj najnowsze trendy w o\u015bwietleniu biurowym z firm\u0105 Emuca.\" \/>\n<meta property=\"og:url\" content=\"https:\/\/blog.emuca.com\/pl\/cat\/trendy\/nowe-trendy-w-oswietleniu-biurowym\/\" \/>\n<meta property=\"og:site_name\" content=\"Emuca blog\" \/>\n<meta property=\"article:publisher\" content=\"https:\/\/www.facebook.com\/EmucaGroup\" \/>\n<meta property=\"article:published_time\" content=\"2020-12-09T14:58:32+00:00\" \/>\n<meta property=\"article:modified_time\" content=\"2020-12-09T14:58:33+00:00\" \/>\n<meta property=\"og:image\" content=\"https:\/\/blog.emuca.com\/wp-content\/uploads\/2020\/09\/IMAGEN-CABECERA_EMUCA-4.png\" \/>\n\t<meta property=\"og:image:width\" content=\"740\" \/>\n\t<meta property=\"og:image:height\" content=\"360\" \/>\n\t<meta property=\"og:image:type\" content=\"image\/png\" \/>\n<meta name=\"author\" content=\"Emuca\" \/>\n<meta name=\"twitter:card\" content=\"summary_large_image\" \/>\n<meta name=\"twitter:label1\" content=\"Napisane przez\" \/>\n\t<meta name=\"twitter:data1\" content=\"Emuca\" \/>\n\t<meta name=\"twitter:label2\" content=\"Szacowany czas czytania\" \/>\n\t<meta name=\"twitter:data2\" content=\"4 minuty\" \/>\n<script type=\"application\/ld+json\" class=\"yoast-schema-graph\">{\"@context\":\"https:\/\/schema.org\",\"@graph\":[{\"@type\":\"Article\",\"@id\":\"https:\/\/blog.emuca.com\/pl\/cat\/trendy\/nowe-trendy-w-oswietleniu-biurowym\/#article\",\"isPartOf\":{\"@id\":\"https:\/\/blog.emuca.com\/pl\/cat\/trendy\/nowe-trendy-w-oswietleniu-biurowym\/\"},\"author\":{\"name\":\"Emuca\",\"@id\":\"https:\/\/blog.emuca.com\/#\/schema\/person\/81560ca037d9c1ed19744a85ef9cbe2a\"},\"headline\":\"Nowe trendy w o\u015bwietleniu biurowym\",\"datePublished\":\"2020-12-09T14:58:32+00:00\",\"dateModified\":\"2020-12-09T14:58:33+00:00\",\"mainEntityOfPage\":{\"@id\":\"https:\/\/blog.emuca.com\/pl\/cat\/trendy\/nowe-trendy-w-oswietleniu-biurowym\/\"},\"wordCount\":734,\"publisher\":{\"@id\":\"https:\/\/blog.emuca.com\/#organization\"},\"image\":{\"@id\":\"https:\/\/blog.emuca.com\/pl\/cat\/trendy\/nowe-trendy-w-oswietleniu-biurowym\/#primaryimage\"},\"thumbnailUrl\":\"https:\/\/blog.emuca.com\/wp-content\/uploads\/2020\/09\/IMAGEN-CABECERA_EMUCA-4.png\",\"articleSection\":[\"Trendy\"],\"inLanguage\":\"pl-PL\"},{\"@type\":\"WebPage\",\"@id\":\"https:\/\/blog.emuca.com\/pl\/cat\/trendy\/nowe-trendy-w-oswietleniu-biurowym\/\",\"url\":\"https:\/\/blog.emuca.com\/pl\/cat\/trendy\/nowe-trendy-w-oswietleniu-biurowym\/\",\"name\":\"O\u015bwietlenie biurowe: najnowsze trendy | Emuca\",\"isPartOf\":{\"@id\":\"https:\/\/blog.emuca.com\/#website\"},\"primaryImageOfPage\":{\"@id\":\"https:\/\/blog.emuca.com\/pl\/cat\/trendy\/nowe-trendy-w-oswietleniu-biurowym\/#primaryimage\"},\"image\":{\"@id\":\"https:\/\/blog.emuca.com\/pl\/cat\/trendy\/nowe-trendy-w-oswietleniu-biurowym\/#primaryimage\"},\"thumbnailUrl\":\"https:\/\/blog.emuca.com\/wp-content\/uploads\/2020\/09\/IMAGEN-CABECERA_EMUCA-4.png\",\"datePublished\":\"2020-12-09T14:58:32+00:00\",\"dateModified\":\"2020-12-09T14:58:33+00:00\",\"description\":\"Kinkiety LED, reflektory punktowe lub ta\u015bmy LED do projekt\u00f3w biurowych. Odkryj najnowsze trendy w o\u015bwietleniu biurowym z firm\u0105 Emuca.\",\"inLanguage\":\"pl-PL\",\"potentialAction\":[{\"@type\":\"ReadAction\",\"target\":[\"https:\/\/blog.emuca.com\/pl\/cat\/trendy\/nowe-trendy-w-oswietleniu-biurowym\/\"]}]},{\"@type\":\"ImageObject\",\"inLanguage\":\"pl-PL\",\"@id\":\"https:\/\/blog.emuca.com\/pl\/cat\/trendy\/nowe-trendy-w-oswietleniu-biurowym\/#primaryimage\",\"url\":\"https:\/\/blog.emuca.com\/wp-content\/uploads\/2020\/09\/IMAGEN-CABECERA_EMUCA-4.png\",\"contentUrl\":\"https:\/\/blog.emuca.com\/wp-content\/uploads\/2020\/09\/IMAGEN-CABECERA_EMUCA-4.png\",\"width\":740,\"height\":360,\"caption\":\"iluminaci\u00f3n de oficinas\"},{\"@type\":\"WebSite\",\"@id\":\"https:\/\/blog.emuca.com\/#website\",\"url\":\"https:\/\/blog.emuca.com\/\",\"name\":\"Emuca blog\",\"description\":\"\",\"publisher\":{\"@id\":\"https:\/\/blog.emuca.com\/#organization\"},\"potentialAction\":[{\"@type\":\"SearchAction\",\"target\":{\"@type\":\"EntryPoint\",\"urlTemplate\":\"https:\/\/blog.emuca.com\/?s={search_term_string}\"},\"query-input\":{\"@type\":\"PropertyValueSpecification\",\"valueRequired\":true,\"valueName\":\"search_term_string\"}}],\"inLanguage\":\"pl-PL\"},{\"@type\":\"Organization\",\"@id\":\"https:\/\/blog.emuca.com\/#organization\",\"name\":\"emuca\",\"url\":\"https:\/\/blog.emuca.com\/\",\"logo\":{\"@type\":\"ImageObject\",\"inLanguage\":\"pl-PL\",\"@id\":\"https:\/\/blog.emuca.com\/#\/schema\/logo\/image\/\",\"url\":\"https:\/\/blog.emuca.com\/wp-content\/uploads\/2024\/05\/cropped-logo-emuca-menu.png\",\"contentUrl\":\"https:\/\/blog.emuca.com\/wp-content\/uploads\/2024\/05\/cropped-logo-emuca-menu.png\",\"width\":190,\"height\":190,\"caption\":\"emuca\"},\"image\":{\"@id\":\"https:\/\/blog.emuca.com\/#\/schema\/logo\/image\/\"},\"sameAs\":[\"https:\/\/www.facebook.com\/EmucaGroup\"]},{\"@type\":\"Person\",\"@id\":\"https:\/\/blog.emuca.com\/#\/schema\/person\/81560ca037d9c1ed19744a85ef9cbe2a\",\"name\":\"Emuca\",\"url\":\"https:\/\/blog.emuca.com\/pl\/cat\/author\/emuca\/\"}]}<\/script>\n<!-- \/ Yoast SEO plugin. -->","yoast_head_json":{"title":"O\u015bwietlenie biurowe: najnowsze trendy | Emuca","description":"Kinkiety LED, reflektory punktowe lub ta\u015bmy LED do projekt\u00f3w biurowych. Odkryj najnowsze trendy w o\u015bwietleniu biurowym z firm\u0105 Emuca.","robots":{"index":"index","follow":"follow","max-snippet":"max-snippet:-1","max-image-preview":"max-image-preview:large","max-video-preview":"max-video-preview:-1"},"canonical":"https:\/\/blog.emuca.com\/pl\/cat\/trendy\/nowe-trendy-w-oswietleniu-biurowym\/","og_locale":"pl_PL","og_type":"article","og_title":"O\u015bwietlenie biurowe: najnowsze trendy | Emuca","og_description":"Kinkiety LED, reflektory punktowe lub ta\u015bmy LED do projekt\u00f3w biurowych. Odkryj najnowsze trendy w o\u015bwietleniu biurowym z firm\u0105 Emuca.","og_url":"https:\/\/blog.emuca.com\/pl\/cat\/trendy\/nowe-trendy-w-oswietleniu-biurowym\/","og_site_name":"Emuca blog","article_publisher":"https:\/\/www.facebook.com\/EmucaGroup","article_published_time":"2020-12-09T14:58:32+00:00","article_modified_time":"2020-12-09T14:58:33+00:00","og_image":[{"width":740,"height":360,"url":"https:\/\/blog.emuca.com\/wp-content\/uploads\/2020\/09\/IMAGEN-CABECERA_EMUCA-4.png","type":"image\/png"}],"author":"Emuca","twitter_card":"summary_large_image","twitter_misc":{"Napisane przez":"Emuca","Szacowany czas czytania":"4 minuty"},"schema":{"@context":"https:\/\/schema.org","@graph":[{"@type":"Article","@id":"https:\/\/blog.emuca.com\/pl\/cat\/trendy\/nowe-trendy-w-oswietleniu-biurowym\/#article","isPartOf":{"@id":"https:\/\/blog.emuca.com\/pl\/cat\/trendy\/nowe-trendy-w-oswietleniu-biurowym\/"},"author":{"name":"Emuca","@id":"https:\/\/blog.emuca.com\/#\/schema\/person\/81560ca037d9c1ed19744a85ef9cbe2a"},"headline":"Nowe trendy w o\u015bwietleniu biurowym","datePublished":"2020-12-09T14:58:32+00:00","dateModified":"2020-12-09T14:58:33+00:00","mainEntityOfPage":{"@id":"https:\/\/blog.emuca.com\/pl\/cat\/trendy\/nowe-trendy-w-oswietleniu-biurowym\/"},"wordCount":734,"publisher":{"@id":"https:\/\/blog.emuca.com\/#organization"},"image":{"@id":"https:\/\/blog.emuca.com\/pl\/cat\/trendy\/nowe-trendy-w-oswietleniu-biurowym\/#primaryimage"},"thumbnailUrl":"https:\/\/blog.emuca.com\/wp-content\/uploads\/2020\/09\/IMAGEN-CABECERA_EMUCA-4.png","articleSection":["Trendy"],"inLanguage":"pl-PL"},{"@type":"WebPage","@id":"https:\/\/blog.emuca.com\/pl\/cat\/trendy\/nowe-trendy-w-oswietleniu-biurowym\/","url":"https:\/\/blog.emuca.com\/pl\/cat\/trendy\/nowe-trendy-w-oswietleniu-biurowym\/","name":"O\u015bwietlenie biurowe: najnowsze trendy | Emuca","isPartOf":{"@id":"https:\/\/blog.emuca.com\/#website"},"primaryImageOfPage":{"@id":"https:\/\/blog.emuca.com\/pl\/cat\/trendy\/nowe-trendy-w-oswietleniu-biurowym\/#primaryimage"},"image":{"@id":"https:\/\/blog.emuca.com\/pl\/cat\/trendy\/nowe-trendy-w-oswietleniu-biurowym\/#primaryimage"},"thumbnailUrl":"https:\/\/blog.emuca.com\/wp-content\/uploads\/2020\/09\/IMAGEN-CABECERA_EMUCA-4.png","datePublished":"2020-12-09T14:58:32+00:00","dateModified":"2020-12-09T14:58:33+00:00","description":"Kinkiety LED, reflektory punktowe lub ta\u015bmy LED do projekt\u00f3w biurowych. Odkryj najnowsze trendy w o\u015bwietleniu biurowym z firm\u0105 Emuca.","inLanguage":"pl-PL","potentialAction":[{"@type":"ReadAction","target":["https:\/\/blog.emuca.com\/pl\/cat\/trendy\/nowe-trendy-w-oswietleniu-biurowym\/"]}]},{"@type":"ImageObject","inLanguage":"pl-PL","@id":"https:\/\/blog.emuca.com\/pl\/cat\/trendy\/nowe-trendy-w-oswietleniu-biurowym\/#primaryimage","url":"https:\/\/blog.emuca.com\/wp-content\/uploads\/2020\/09\/IMAGEN-CABECERA_EMUCA-4.png","contentUrl":"https:\/\/blog.emuca.com\/wp-content\/uploads\/2020\/09\/IMAGEN-CABECERA_EMUCA-4.png","width":740,"height":360,"caption":"iluminaci\u00f3n de oficinas"},{"@type":"WebSite","@id":"https:\/\/blog.emuca.com\/#website","url":"https:\/\/blog.emuca.com\/","name":"Emuca blog","description":"","publisher":{"@id":"https:\/\/blog.emuca.com\/#organization"},"potentialAction":[{"@type":"SearchAction","target":{"@type":"EntryPoint","urlTemplate":"https:\/\/blog.emuca.com\/?s={search_term_string}"},"query-input":{"@type":"PropertyValueSpecification","valueRequired":true,"valueName":"search_term_string"}}],"inLanguage":"pl-PL"},{"@type":"Organization","@id":"https:\/\/blog.emuca.com\/#organization","name":"emuca","url":"https:\/\/blog.emuca.com\/","logo":{"@type":"ImageObject","inLanguage":"pl-PL","@id":"https:\/\/blog.emuca.com\/#\/schema\/logo\/image\/","url":"https:\/\/blog.emuca.com\/wp-content\/uploads\/2024\/05\/cropped-logo-emuca-menu.png","contentUrl":"https:\/\/blog.emuca.com\/wp-content\/uploads\/2024\/05\/cropped-logo-emuca-menu.png","width":190,"height":190,"caption":"emuca"},"image":{"@id":"https:\/\/blog.emuca.com\/#\/schema\/logo\/image\/"},"sameAs":["https:\/\/www.facebook.com\/EmucaGroup"]},{"@type":"Person","@id":"https:\/\/blog.emuca.com\/#\/schema\/person\/81560ca037d9c1ed19744a85ef9cbe2a","name":"Emuca","url":"https:\/\/blog.emuca.com\/pl\/cat\/author\/emuca\/"}]}},"_links":{"self":[{"href":"https:\/\/blog.emuca.com\/pl\/wp-json\/wp\/v2\/posts\/11339","targetHints":{"allow":["GET"]}}],"collection":[{"href":"https:\/\/blog.emuca.com\/pl\/wp-json\/wp\/v2\/posts"}],"about":[{"href":"https:\/\/blog.emuca.com\/pl\/wp-json\/wp\/v2\/types\/post"}],"author":[{"embeddable":true,"href":"https:\/\/blog.emuca.com\/pl\/wp-json\/wp\/v2\/users\/2"}],"replies":[{"embeddable":true,"href":"https:\/\/blog.emuca.com\/pl\/wp-json\/wp\/v2\/comments?post=11339"}],"version-history":[{"count":1,"href":"https:\/\/blog.emuca.com\/pl\/wp-json\/wp\/v2\/posts\/11339\/revisions"}],"predecessor-version":[{"id":11340,"href":"https:\/\/blog.emuca.com\/pl\/wp-json\/wp\/v2\/posts\/11339\/revisions\/11340"}],"wp:featuredmedia":[{"embeddable":true,"href":"https:\/\/blog.emuca.com\/pl\/wp-json\/wp\/v2\/media\/7490"}],"wp:attachment":[{"href":"https:\/\/blog.emuca.com\/pl\/wp-json\/wp\/v2\/media?parent=11339"}],"wp:term":[{"taxonomy":"category","embeddable":true,"href":"https:\/\/blog.emuca.com\/pl\/wp-json\/wp\/v2\/categories?post=11339"},{"taxonomy":"post_tag","embeddable":true,"href":"https:\/\/blog.emuca.com\/pl\/wp-json\/wp\/v2\/tags?post=11339"}],"curies":[{"name":"wp","href":"https:\/\/api.w.org\/{rel}","templated":true}]}}