{"id":11294,"date":"2020-12-07T15:50:15","date_gmt":"2020-12-07T14:50:15","guid":{"rendered":"http:\/\/blogs.emuca.com\/nblog\/cat\/bez-kategorii\/jak-wybrac-akcesoria-do-szafy-najlepiej-pasujace-do-danego-projektu\/"},"modified":"2022-05-04T11:36:52","modified_gmt":"2022-05-04T09:36:52","slug":"jak-wybrac-akcesoria-do-szafy-najlepiej-pasujace-do-danego-projektu","status":"publish","type":"post","link":"https:\/\/blog.emuca.com\/pl\/cat\/trendy\/jak-wybrac-akcesoria-do-szafy-najlepiej-pasujace-do-danego-projektu\/","title":{"rendered":"Jak wybra\u0107 akcesoria do szafy najlepiej pasuj\u0105ce do danego projektu"},"content":{"rendered":"\t\t<div data-elementor-type=\"wp-post\" data-elementor-id=\"11294\" class=\"elementor elementor-11294 elementor-7412\" data-elementor-post-type=\"post\">\n\t\t\t\t\t\t<section class=\"elementor-section elementor-top-section elementor-element elementor-element-ae7191e elementor-section-boxed elementor-section-height-default elementor-section-height-default\" data-id=\"ae7191e\" data-element_type=\"section\">\n\t\t\t\t\t\t<div class=\"elementor-container elementor-column-gap-default\">\n\t\t\t\t\t<div class=\"elementor-column elementor-col-100 elementor-top-column elementor-element elementor-element-c1b9a9a\" data-id=\"c1b9a9a\" data-element_type=\"column\">\n\t\t\t<div class=\"elementor-widget-wrap elementor-element-populated\">\n\t\t\t\t\t\t<div class=\"elementor-element elementor-element-767cda3 elementor-widget elementor-widget-text-editor\" data-id=\"767cda3\" data-element_type=\"widget\" data-widget_type=\"text-editor.default\">\n\t\t\t\t<div class=\"elementor-widget-container\">\n\t\t\t\t\t\t\t<p>Szafy stanowi\u0105 istotn\u0105 cz\u0119\u015b\u0107 ka\u017cdego domu.Bez nich porz\u0105dek i\u00a0dobra organizacja nie s\u0105 mo\u017cliwe, we wszystkich pomieszczeniach zapanowa\u0142by chaos, pozbawiaj\u0105c mieszkanie przyjemnego klimatu &#8222;ogniska domowego&#8221; i\u00a0zmieniaj\u0105c go w\u00a0co\u015b znacznie mniej przyjemnego.<\/p>\n<p>Dlatego klienci szukaj\u0105 opinii i<strong>\u00a0do\u015bwiadczenia fachowc\u00f3w,<\/strong> gdy zale\u017cy im na wykona\u0107 perfekcyjnym projekcie szafy. Ca\u0142y zesp\u00f3\u0142 <a href=\"https:\/\/www.emuca.pl\/\">Emuca<\/a> pragnie pom\u00f3c Ci zrozumie\u0107, na co powiniene\u015b zwr\u00f3ci\u0107 uwag\u0119 przed zaprojektowaniem ka\u017cdej szafy, a przede wszystkim kt\u00f3re <a href=\"https:\/\/www.emuca.pl\/drzwi-i-akcesoria-do-szaf-i-garderob\"><strong>akcesoria do szaf<\/strong><\/a> b\u0119d\u0105 Ci potrzebne.<\/p>\n<h2><strong>Co musz\u0119 wzi\u0105\u0107 pod uwag\u0119 przed wyborem akcesori\u00f3w do szaf?<\/strong><\/h2>\n<p>Pierwsze, co musimy zrobi\u0107, gdy klient prosi nas o\u00a0opracowanie <strong>projektu swojej szafy<\/strong>, to dowiedzie\u0107 si\u0119, jakim celom ma s\u0142u\u017cy\u0107 t szafa.<\/p>\n<p>Nie wszystkie szafy s\u0105 takie same, a zatem projekt ich wn\u0119trza b\u0119dzie zale\u017ce\u0107 od tego, co b\u0119dzie w nich przechowywane: akcesoria, walizki, odzie\u017c m\u0119ska, damska, dzieci\u0119ca\u2026 Z\u00a0tego w\u0142a\u015bnie wzgl\u0119du najwa\u017cniejsze jest dowiedzie\u0107 si\u0119, jakie b\u0119dzie ich zastosowanie.<\/p>\n\t\t\t\t\t\t<\/div>\n\t\t\t\t<\/div>\n\t\t\t\t\t<\/div>\n\t\t<\/div>\n\t\t\t\t\t<\/div>\n\t\t<\/section>\n\t\t\t\t<section class=\"elementor-section elementor-top-section elementor-element elementor-element-75bbcd8 elementor-section-boxed elementor-section-height-default elementor-section-height-default\" data-id=\"75bbcd8\" data-element_type=\"section\">\n\t\t\t\t\t\t<div class=\"elementor-container elementor-column-gap-default\">\n\t\t\t\t\t<div class=\"elementor-column elementor-col-100 elementor-top-column elementor-element elementor-element-f34b4de\" data-id=\"f34b4de\" data-element_type=\"column\">\n\t\t\t<div class=\"elementor-widget-wrap elementor-element-populated\">\n\t\t\t\t\t\t<div class=\"elementor-element elementor-element-d4115ad elementor-widget elementor-widget-image\" data-id=\"d4115ad\" data-element_type=\"widget\" data-widget_type=\"image.default\">\n\t\t\t\t<div class=\"elementor-widget-container\">\n\t\t\t\t\t\t\t\t\t\t\t\t\t<img fetchpriority=\"high\" decoding=\"async\" width=\"640\" height=\"386\" src=\"https:\/\/blog.emuca.com\/wp-content\/uploads\/2020\/09\/69390ia-2-1.jpg\" class=\"attachment-large size-large wp-image-7421\" alt=\"accesorios de muebles\" sizes=\"(max-width: 34.9rem) calc(100vw - 2rem), (max-width: 53rem) calc(8 * (100vw \/ 12)), (min-width: 53rem) calc(6 * (100vw \/ 12)), 100vw\" \/>\t\t\t\t\t\t\t\t\t\t\t\t\t<\/div>\n\t\t\t\t<\/div>\n\t\t\t\t\t<\/div>\n\t\t<\/div>\n\t\t\t\t\t<\/div>\n\t\t<\/section>\n\t\t\t\t<section class=\"elementor-section elementor-top-section elementor-element elementor-element-c113ff8 elementor-section-boxed elementor-section-height-default elementor-section-height-default\" data-id=\"c113ff8\" data-element_type=\"section\">\n\t\t\t\t\t\t<div class=\"elementor-container elementor-column-gap-default\">\n\t\t\t\t\t<div class=\"elementor-column elementor-col-100 elementor-top-column elementor-element elementor-element-49ff72c\" data-id=\"49ff72c\" data-element_type=\"column\">\n\t\t\t<div class=\"elementor-widget-wrap elementor-element-populated\">\n\t\t\t\t\t\t<div class=\"elementor-element elementor-element-cb92aa8 elementor-widget elementor-widget-text-editor\" data-id=\"cb92aa8\" data-element_type=\"widget\" data-widget_type=\"text-editor.default\">\n\t\t\t\t<div class=\"elementor-widget-container\">\n\t\t\t\t\t\t\t<p>Oczywi\u015bcie nale\u017cy te\u017c mie\u0107 na uwadze, jak\u0105 ilo\u015bci\u0105 <strong>miejsca dysponujemy<\/strong> oraz jakie s\u0105 planowane wymiary, a tak\u017ce jakie b\u0119dzie dok\u0142adne umiejscowienie szafy w\u00a0pomieszczeniu i\u00a0jakie inne meble b\u0119d\u0105 uzupe\u0142nia\u0107 zestaw, aby dok\u0142adnie przewidzie\u0107, czy kt\u00f3ry\u015b element nie b\u0119dzie blokowa\u0107 drzwi.<\/p>\n<p>Po ustaleniu wszystkich tych informacji mo\u017cemy przyst\u0105pi\u0107 do wyboru <a href=\"https:\/\/www.emuca.pl\/drzwi-i-akcesoria-do-szaf-i-garderob\"><strong>akcesori\u00f3w do szafy<\/strong><\/a> dopasowanych do danego projektu.<\/p>\n<p>&nbsp;<\/p>\n<h2><strong>Wybieraj odpowiednio zale\u017cnie do rodzaju szafy w ka\u017cdym projekcie<\/strong><\/h2>\n<p>Wszystkie<strong>okucia do szafy,<\/strong> kt\u00f3re wybierzemy, zale\u017ce\u0107 b\u0119d\u0105 od rodzaju mebla, jaki zamierzamy stworzy\u0107.<\/p>\n<p>Przyk\u0142adowo<strong> wygl\u0105d zewn\u0119trzny <\/strong>powinien pasowa\u0107 do pozosta\u0142ych mebli w\u00a0pomieszczeniu, aby zachowa\u0107 harmoni\u0119 i\u00a0stworzy\u0107 <strong>idealny nastr\u00f3j<\/strong>, zgodnie z\u00a0\u017cyczeniem danego klienta. Styl i\u00a0kolor<a href=\"https:\/\/www.emuca.pl\/drzwi-i-akcesoria-do-szaf-i-garderob\/drzwi-do-systemow-przesuwnych-montowanych-na-zewnatrz-szafy\"> drzwi do szafy<\/a>, <a href=\"https:\/\/www.emuca.es\/puertas-y-complementos-para-armarios-y-vestidores\/perfiles-y-accesorios-para-puertas-de-madera\">\u00a0<\/a><a href=\"https:\/\/www.emuca.pl\/drzwi-i-akcesoria-do-szaf-i-garderob\/profile-i-akcesoria-do-drzwi-drewnianych\">uchwyt\u00f3w<\/a> lub konstrukcji samej szafy.<\/p>\n<p>Dotyczy to r\u00f3wnie\u017c zastosowania <a href=\"https:\/\/www.emuca.pl\/oswietlenie\/kinkiety-led\">punkt\u00f3w \u015bwietlnych,<\/a> kt\u00f3re<strong>zwi\u0119kszaj\u0105 widoczno\u015b\u0107<\/strong> w\u00a0miejscu, w kt\u00f3rym znajduje si\u0119 szafa.Kolejn\u0105 istotn\u0105 kwesti\u0105 jest okre\u015blenie wysoko\u015bci szafy.Czy umie\u015bci\u0107 modu\u0142y w\u00a0g\u00f3rnej cz\u0119\u015bci, czy lepiej pozostawi\u0107 miejsce na ozdobne akcesoria.<\/p>\n\t\t\t\t\t\t<\/div>\n\t\t\t\t<\/div>\n\t\t\t\t\t<\/div>\n\t\t<\/div>\n\t\t\t\t\t<\/div>\n\t\t<\/section>\n\t\t\t\t<section class=\"elementor-section elementor-top-section elementor-element elementor-element-c2bbd88 elementor-section-boxed elementor-section-height-default elementor-section-height-default\" data-id=\"c2bbd88\" data-element_type=\"section\">\n\t\t\t\t\t\t<div class=\"elementor-container elementor-column-gap-default\">\n\t\t\t\t\t<div class=\"elementor-column elementor-col-100 elementor-top-column elementor-element elementor-element-8fb6070\" data-id=\"8fb6070\" data-element_type=\"column\">\n\t\t\t<div class=\"elementor-widget-wrap elementor-element-populated\">\n\t\t\t\t\t\t<div class=\"elementor-element elementor-element-add943c elementor-widget elementor-widget-html\" data-id=\"add943c\" data-element_type=\"widget\" data-widget_type=\"html.default\">\n\t\t\t\t<div class=\"elementor-widget-container\">\n\t\t\t<!--HubSpot Call-to-Action Code --><span class=\"hs-cta-wrapper\" id=\"hs-cta-wrapper-7e2b5566-d86f-40bf-ae2d-b1d0c8361a37\"><span class=\"hs-cta-node hs-cta-7e2b5566-d86f-40bf-ae2d-b1d0c8361a37\" id=\"hs-cta-7e2b5566-d86f-40bf-ae2d-b1d0c8361a37\"><!--[if lte IE 8]><div id=\"hs-cta-ie-element\"><\/div><![endif]--><a href=\"https:\/\/cta-redirect.hubspot.com\/cta\/redirect\/4071763\/7e2b5566-d86f-40bf-ae2d-b1d0c8361a37\"  target=\"_blank\" ><img decoding=\"async\" class=\"hs-cta-img\" id=\"hs-cta-img-7e2b5566-d86f-40bf-ae2d-b1d0c8361a37\" style=\"border-width:0px;\" height=\"307\" width=\"1137\" src=\"https:\/\/no-cache.hubspot.com\/cta\/default\/4071763\/7e2b5566-d86f-40bf-ae2d-b1d0c8361a37.png\"  alt=\"Nueva llamada a la acci\u00f3n\"\/><\/a><\/span><script charset=\"utf-8\" src=\"https:\/\/js.hscta.net\/cta\/current.js\"><\/script><script type=\"text\/javascript\"> hbspt.cta.load(4071763, '7e2b5566-d86f-40bf-ae2d-b1d0c8361a37', {}); <\/script><\/span><!-- end HubSpot Call-to-Action Code -->\t\t<\/div>\n\t\t\t\t<\/div>\n\t\t\t\t\t<\/div>\n\t\t<\/div>\n\t\t\t\t\t<\/div>\n\t\t<\/section>\n\t\t\t\t<section class=\"elementor-section elementor-top-section elementor-element elementor-element-d2ac464 elementor-section-boxed elementor-section-height-default elementor-section-height-default\" data-id=\"d2ac464\" data-element_type=\"section\">\n\t\t\t\t\t\t<div class=\"elementor-container elementor-column-gap-default\">\n\t\t\t\t\t<div class=\"elementor-column elementor-col-100 elementor-top-column elementor-element elementor-element-9312963\" data-id=\"9312963\" data-element_type=\"column\">\n\t\t\t<div class=\"elementor-widget-wrap elementor-element-populated\">\n\t\t\t\t\t\t<div class=\"elementor-element elementor-element-7b7307a elementor-widget elementor-widget-spacer\" data-id=\"7b7307a\" data-element_type=\"widget\" data-widget_type=\"spacer.default\">\n\t\t\t\t<div class=\"elementor-widget-container\">\n\t\t\t\t\t<div class=\"elementor-spacer\">\n\t\t\t<div class=\"elementor-spacer-inner\"><\/div>\n\t\t<\/div>\n\t\t\t\t<\/div>\n\t\t\t\t<\/div>\n\t\t\t\t<div class=\"elementor-element elementor-element-9596e9a elementor-widget elementor-widget-text-editor\" data-id=\"9596e9a\" data-element_type=\"widget\" data-widget_type=\"text-editor.default\">\n\t\t\t\t<div class=\"elementor-widget-container\">\n\t\t\t\t\t\t\t<h2><strong>Okucia do szaf. Kt\u00f3re s\u0105 najlepsze dla danego projektu?<\/strong><\/h2>\n<p>Jak ju\u017c wspominali\u015bmy, okucia do szaf zale\u017ce\u0107 b\u0119d\u0105 od danego projektu i\u00a0od <strong>wymaga\u0144 <\/strong>danego klienta.<\/p>\n<p>W\u00a0przypadku np. mniejszej przestrzeni mo\u017cemy zdecydowa\u0107 si\u0119 na zastosowanie<strong> drzwi przesuwnych,<\/strong> kt\u00f3re r\u00f3wnie\u017c wnios\u0105 nutk\u0119 elegancji inowoczesno\u015bci do pomieszczenia. W\u00a0zale\u017cno\u015bci od wybranego przez nas materia\u0142u i\u00a0rodzaju drzwi, mamy te\u017c do wyboru r\u00f3\u017cne <strong>akcesoria do szafy<\/strong>. Poczynaj\u0105c od <a href=\"https:\/\/www.emuca.pl\/systemy-do-drzwi-przesuwnych\">g\u00f3rnych regulowanych szyn <\/a>, przez r\u00f3\u017cne <a href=\"https:\/\/www.emuca.pl\/systemy-do-drzwi-przesuwnych\">rodzaje hamulc\u00f3w<\/a> czy <a href=\"https:\/\/www.emuca.pl\/zawiasy-ograniczniki-i-zamkniecia\">zawias\u00f3w<\/a> i\u00a0zamk\u00f3w, kt\u00f3re b\u0119d\u0105 najlepiej pasowa\u0107 do wybranego modelu.<\/p>\n<p>Projekt wn\u0119trza b\u0119dzie r\u00f3wnie\u017c zale\u017ca\u0142 od przeznaczenia szafy. Masz mo\u017cliwo\u015b\u0107 skorzystania z\u00a0r\u00f3\u017cnych rodzaj\u00f3w <a href=\"https:\/\/www.emuca.pl\/szuflady-i-prowadnice\">szuflad<\/a>, prowadnic, <a href=\"https:\/\/www.emuca.pl\/drzwi-i-akcesoria-do-szaf-i-garderob\/konstrukcje-do-garderoby\">element\u00f3w zabudowy<\/a> <a href=\"https:\/\/www.emuca.pl\/drzwi-i-akcesoria-do-szaf-i-garderob\/konstrukcje-do-garderoby\">czy wieszak\u00f3w<\/a> a\u00a0tym samym z\u00a0niesko\u0144czonych mo\u017cliwo\u015bci, kt\u00f3re sprawi\u0105, \u017ce ka\u017cdy projekt b\u0119dzie wyj\u0105tkowy, praktyczny, <strong>wygodny i\u00a0funkcjonalny. <\/strong><\/p>\n<p>Nie zapomnij uzupe\u0142ni\u0107 ka\u017cdego projektu\u00a0wyposa\u017cenie specjalne, wprowadzaj\u0105c innowacyjne elementy, jak np. <a href=\"https:\/\/www.emuca.pl\/wyposazenie-do-kuchni-i-lazienki\">organizery<\/a>, <a href=\"https:\/\/www.emuca.pl\/drzwi-i-akcesoria-do-szaf-i-garderob\/akcesoria-do-wnetrza-szafy\/akcesoria-self\/emuca-wysuwany-boczny-wieszak-na-spodnie-self\/emuca-wysuwany-boczny-wieszak-na-spodnie-do-szafy-460-mm-stal-i-plastik-szary-metaliczny\">wysuwane wieszaki na spodnie<\/a>, szuflady z przegr\u00f3dkami lub systemami <a href=\"https:\/\/www.emuca.pl\/oswietlenie\/kinkiety-led\/kinkiety-do-laczenia\/lyra-movement-sensor\/lyra-movement-sensor-7084862-10-12v-cd-12v-cd-30-w-matt-anodized\">LED z\u00a0czujnikiem ruchu<\/a>.Wszystko, czego potrzebujesz, aby ka\u017cda szafa sta\u0142a si\u0119 dzie\u0142em sztuki!<\/p>\n<p>W\u00a0 <a href=\"https:\/\/www.emuca.pl\/\">Emuca<\/a>, jako eksperci od <strong>akcesori\u00f3w do szaf<\/strong>, oddajemy do Twojej dyspozycji szeroki asortyment oku\u0107, aby\u015b do ka\u017cdego projektu m\u00f3g\u0142 wybra\u0107 te najodpowiedniejsze t.Wszystkie s\u0105 oczywi\u015bcie wysokiej jako\u015bci, o\u00a0estetyce godnej ka\u017cdego domostwa s\u0105 te\u017c \u0142atwe w\u00a0monta\u017cu\u2013wszystko po to, aby pom\u00f3c Ci osi\u0105gn\u0105\u0107 jak najlepszy efekt.<\/p>\n<p>Wszystko, czego potrzebujesz, znajdziesz w\u00a0naszym katalogu, wi\u0119c je\u015bli potrzebujesz pomocy, nie wahaj si\u0119 zapyta\u0107 nas o\u00a0potrzebne informacje.<\/p>\n\t\t\t\t\t\t<\/div>\n\t\t\t\t<\/div>\n\t\t\t\t\t<\/div>\n\t\t<\/div>\n\t\t\t\t\t<\/div>\n\t\t<\/section>\n\t\t\t\t<\/div>\n\t\t","protected":false},"excerpt":{"rendered":"<p>Szafy stanowi\u0105 istotn\u0105 cz\u0119\u015b\u0107 ka\u017cdego domu.Bez nich porz\u0105dek i\u00a0dobra organizacja nie s\u0105 mo\u017cliwe, we wszystkich pomieszczeniach zapanowa\u0142by chaos, pozbawiaj\u0105c mieszkanie przyjemnego klimatu &#8222;ogniska domowego&#8221; i\u00a0zmieniaj\u0105c go w\u00a0co\u015b znacznie mniej przyjemnego. Dlatego klienci szukaj\u0105 opinii i\u00a0do\u015bwiadczenia fachowc\u00f3w, gdy zale\u017cy im na wykona\u0107 perfekcyjnym projekcie szafy. Ca\u0142y zesp\u00f3\u0142 Emuca pragnie pom\u00f3c Ci zrozumie\u0107, na co powiniene\u015b zwr\u00f3ci\u0107 &hellip; <\/p>\n<p class=\"link-more\"><a href=\"https:\/\/blog.emuca.com\/pl\/cat\/trendy\/jak-wybrac-akcesoria-do-szafy-najlepiej-pasujace-do-danego-projektu\/\" class=\"more-link\">Czytaj dalej<span class=\"screen-reader-text\"> \u201eJak wybra\u0107 akcesoria do szafy najlepiej pasuj\u0105ce do danego projektu\u201d<\/span><\/a><\/p>\n","protected":false},"author":2,"featured_media":7437,"comment_status":"closed","ping_status":"closed","sticky":false,"template":"","format":"standard","meta":{"footnotes":""},"categories":[124,123],"tags":[],"class_list":["post-11294","post","type-post","status-publish","format-standard","has-post-thumbnail","hentry","category-styl-zycia","category-trendy","entry"],"yoast_head":"<!-- This site is optimized with the Yoast SEO plugin v24.1 - https:\/\/yoast.com\/wordpress\/plugins\/seo\/ -->\n<title>Akcesoria do garderoby Jak wybra\u0107 te w\u0142a\u015bciwe? | Emuca<\/title>\n<meta name=\"description\" content=\"Sk\u0105d mam wiedzie\u0107, kt\u00f3re akcesoria szafki najlepiej pasuj\u0105 do ka\u017cdego projektu i projektu? Powiemy Ci, jak to zrobi\u0107! Odkryj wszystko, czego potrzebujesz z firm\u0105 Emuca.\" \/>\n<meta name=\"robots\" content=\"index, follow, max-snippet:-1, max-image-preview:large, max-video-preview:-1\" \/>\n<link rel=\"canonical\" href=\"https:\/\/blog.emuca.com\/pl\/cat\/trendy\/jak-wybrac-akcesoria-do-szafy-najlepiej-pasujace-do-danego-projektu\/\" \/>\n<meta property=\"og:locale\" content=\"pl_PL\" \/>\n<meta property=\"og:type\" content=\"article\" \/>\n<meta property=\"og:title\" content=\"Akcesoria do garderoby Jak wybra\u0107 te w\u0142a\u015bciwe? | Emuca\" \/>\n<meta property=\"og:description\" content=\"Sk\u0105d mam wiedzie\u0107, kt\u00f3re akcesoria szafki najlepiej pasuj\u0105 do ka\u017cdego projektu i projektu? Powiemy Ci, jak to zrobi\u0107! Odkryj wszystko, czego potrzebujesz z firm\u0105 Emuca.\" \/>\n<meta property=\"og:url\" content=\"https:\/\/blog.emuca.com\/pl\/cat\/trendy\/jak-wybrac-akcesoria-do-szafy-najlepiej-pasujace-do-danego-projektu\/\" \/>\n<meta property=\"og:site_name\" content=\"Emuca blog\" \/>\n<meta property=\"article:publisher\" content=\"https:\/\/www.facebook.com\/EmucaGroup\" \/>\n<meta property=\"article:published_time\" content=\"2020-12-07T14:50:15+00:00\" \/>\n<meta property=\"article:modified_time\" content=\"2022-05-04T09:36:52+00:00\" \/>\n<meta property=\"og:image\" content=\"https:\/\/blog.emuca.com\/wp-content\/uploads\/2020\/09\/Dise\u00f1o-sin-t\u00edtulo-17.png\" \/>\n\t<meta property=\"og:image:width\" content=\"700\" \/>\n\t<meta property=\"og:image:height\" content=\"370\" \/>\n\t<meta property=\"og:image:type\" content=\"image\/png\" \/>\n<meta name=\"author\" content=\"Emuca\" \/>\n<meta name=\"twitter:card\" content=\"summary_large_image\" \/>\n<meta name=\"twitter:label1\" content=\"Napisane przez\" \/>\n\t<meta name=\"twitter:data1\" content=\"Emuca\" \/>\n\t<meta name=\"twitter:label2\" content=\"Szacowany czas czytania\" \/>\n\t<meta name=\"twitter:data2\" content=\"3 minuty\" \/>\n<script type=\"application\/ld+json\" class=\"yoast-schema-graph\">{\"@context\":\"https:\/\/schema.org\",\"@graph\":[{\"@type\":\"Article\",\"@id\":\"https:\/\/blog.emuca.com\/pl\/cat\/trendy\/jak-wybrac-akcesoria-do-szafy-najlepiej-pasujace-do-danego-projektu\/#article\",\"isPartOf\":{\"@id\":\"https:\/\/blog.emuca.com\/pl\/cat\/trendy\/jak-wybrac-akcesoria-do-szafy-najlepiej-pasujace-do-danego-projektu\/\"},\"author\":{\"name\":\"Emuca\",\"@id\":\"https:\/\/blog.emuca.com\/#\/schema\/person\/81560ca037d9c1ed19744a85ef9cbe2a\"},\"headline\":\"Jak wybra\u0107 akcesoria do szafy najlepiej pasuj\u0105ce do danego projektu\",\"datePublished\":\"2020-12-07T14:50:15+00:00\",\"dateModified\":\"2022-05-04T09:36:52+00:00\",\"mainEntityOfPage\":{\"@id\":\"https:\/\/blog.emuca.com\/pl\/cat\/trendy\/jak-wybrac-akcesoria-do-szafy-najlepiej-pasujace-do-danego-projektu\/\"},\"wordCount\":648,\"publisher\":{\"@id\":\"https:\/\/blog.emuca.com\/#organization\"},\"image\":{\"@id\":\"https:\/\/blog.emuca.com\/pl\/cat\/trendy\/jak-wybrac-akcesoria-do-szafy-najlepiej-pasujace-do-danego-projektu\/#primaryimage\"},\"thumbnailUrl\":\"https:\/\/blog.emuca.com\/wp-content\/uploads\/2020\/09\/Dise\u00f1o-sin-t\u00edtulo-17.png\",\"articleSection\":[\"Styl \u017cycia\",\"Trendy\"],\"inLanguage\":\"pl-PL\"},{\"@type\":\"WebPage\",\"@id\":\"https:\/\/blog.emuca.com\/pl\/cat\/trendy\/jak-wybrac-akcesoria-do-szafy-najlepiej-pasujace-do-danego-projektu\/\",\"url\":\"https:\/\/blog.emuca.com\/pl\/cat\/trendy\/jak-wybrac-akcesoria-do-szafy-najlepiej-pasujace-do-danego-projektu\/\",\"name\":\"Akcesoria do garderoby Jak wybra\u0107 te w\u0142a\u015bciwe? | Emuca\",\"isPartOf\":{\"@id\":\"https:\/\/blog.emuca.com\/#website\"},\"primaryImageOfPage\":{\"@id\":\"https:\/\/blog.emuca.com\/pl\/cat\/trendy\/jak-wybrac-akcesoria-do-szafy-najlepiej-pasujace-do-danego-projektu\/#primaryimage\"},\"image\":{\"@id\":\"https:\/\/blog.emuca.com\/pl\/cat\/trendy\/jak-wybrac-akcesoria-do-szafy-najlepiej-pasujace-do-danego-projektu\/#primaryimage\"},\"thumbnailUrl\":\"https:\/\/blog.emuca.com\/wp-content\/uploads\/2020\/09\/Dise\u00f1o-sin-t\u00edtulo-17.png\",\"datePublished\":\"2020-12-07T14:50:15+00:00\",\"dateModified\":\"2022-05-04T09:36:52+00:00\",\"description\":\"Sk\u0105d mam wiedzie\u0107, kt\u00f3re akcesoria szafki najlepiej pasuj\u0105 do ka\u017cdego projektu i projektu? Powiemy Ci, jak to zrobi\u0107! Odkryj wszystko, czego potrzebujesz z firm\u0105 Emuca.\",\"inLanguage\":\"pl-PL\",\"potentialAction\":[{\"@type\":\"ReadAction\",\"target\":[\"https:\/\/blog.emuca.com\/pl\/cat\/trendy\/jak-wybrac-akcesoria-do-szafy-najlepiej-pasujace-do-danego-projektu\/\"]}]},{\"@type\":\"ImageObject\",\"inLanguage\":\"pl-PL\",\"@id\":\"https:\/\/blog.emuca.com\/pl\/cat\/trendy\/jak-wybrac-akcesoria-do-szafy-najlepiej-pasujace-do-danego-projektu\/#primaryimage\",\"url\":\"https:\/\/blog.emuca.com\/wp-content\/uploads\/2020\/09\/Dise\u00f1o-sin-t\u00edtulo-17.png\",\"contentUrl\":\"https:\/\/blog.emuca.com\/wp-content\/uploads\/2020\/09\/Dise\u00f1o-sin-t\u00edtulo-17.png\",\"width\":700,\"height\":370,\"caption\":\"herrajes para armarios\"},{\"@type\":\"WebSite\",\"@id\":\"https:\/\/blog.emuca.com\/#website\",\"url\":\"https:\/\/blog.emuca.com\/\",\"name\":\"Emuca blog\",\"description\":\"\",\"publisher\":{\"@id\":\"https:\/\/blog.emuca.com\/#organization\"},\"potentialAction\":[{\"@type\":\"SearchAction\",\"target\":{\"@type\":\"EntryPoint\",\"urlTemplate\":\"https:\/\/blog.emuca.com\/?s={search_term_string}\"},\"query-input\":{\"@type\":\"PropertyValueSpecification\",\"valueRequired\":true,\"valueName\":\"search_term_string\"}}],\"inLanguage\":\"pl-PL\"},{\"@type\":\"Organization\",\"@id\":\"https:\/\/blog.emuca.com\/#organization\",\"name\":\"emuca\",\"url\":\"https:\/\/blog.emuca.com\/\",\"logo\":{\"@type\":\"ImageObject\",\"inLanguage\":\"pl-PL\",\"@id\":\"https:\/\/blog.emuca.com\/#\/schema\/logo\/image\/\",\"url\":\"https:\/\/blog.emuca.com\/wp-content\/uploads\/2024\/05\/cropped-logo-emuca-menu.png\",\"contentUrl\":\"https:\/\/blog.emuca.com\/wp-content\/uploads\/2024\/05\/cropped-logo-emuca-menu.png\",\"width\":190,\"height\":190,\"caption\":\"emuca\"},\"image\":{\"@id\":\"https:\/\/blog.emuca.com\/#\/schema\/logo\/image\/\"},\"sameAs\":[\"https:\/\/www.facebook.com\/EmucaGroup\"]},{\"@type\":\"Person\",\"@id\":\"https:\/\/blog.emuca.com\/#\/schema\/person\/81560ca037d9c1ed19744a85ef9cbe2a\",\"name\":\"Emuca\",\"url\":\"https:\/\/blog.emuca.com\/pl\/cat\/author\/emuca\/\"}]}<\/script>\n<!-- \/ Yoast SEO plugin. -->","yoast_head_json":{"title":"Akcesoria do garderoby Jak wybra\u0107 te w\u0142a\u015bciwe? | Emuca","description":"Sk\u0105d mam wiedzie\u0107, kt\u00f3re akcesoria szafki najlepiej pasuj\u0105 do ka\u017cdego projektu i projektu? Powiemy Ci, jak to zrobi\u0107! Odkryj wszystko, czego potrzebujesz z firm\u0105 Emuca.","robots":{"index":"index","follow":"follow","max-snippet":"max-snippet:-1","max-image-preview":"max-image-preview:large","max-video-preview":"max-video-preview:-1"},"canonical":"https:\/\/blog.emuca.com\/pl\/cat\/trendy\/jak-wybrac-akcesoria-do-szafy-najlepiej-pasujace-do-danego-projektu\/","og_locale":"pl_PL","og_type":"article","og_title":"Akcesoria do garderoby Jak wybra\u0107 te w\u0142a\u015bciwe? | Emuca","og_description":"Sk\u0105d mam wiedzie\u0107, kt\u00f3re akcesoria szafki najlepiej pasuj\u0105 do ka\u017cdego projektu i projektu? Powiemy Ci, jak to zrobi\u0107! Odkryj wszystko, czego potrzebujesz z firm\u0105 Emuca.","og_url":"https:\/\/blog.emuca.com\/pl\/cat\/trendy\/jak-wybrac-akcesoria-do-szafy-najlepiej-pasujace-do-danego-projektu\/","og_site_name":"Emuca blog","article_publisher":"https:\/\/www.facebook.com\/EmucaGroup","article_published_time":"2020-12-07T14:50:15+00:00","article_modified_time":"2022-05-04T09:36:52+00:00","og_image":[{"width":700,"height":370,"url":"https:\/\/blog.emuca.com\/wp-content\/uploads\/2020\/09\/Dise\u00f1o-sin-t\u00edtulo-17.png","type":"image\/png"}],"author":"Emuca","twitter_card":"summary_large_image","twitter_misc":{"Napisane przez":"Emuca","Szacowany czas czytania":"3 minuty"},"schema":{"@context":"https:\/\/schema.org","@graph":[{"@type":"Article","@id":"https:\/\/blog.emuca.com\/pl\/cat\/trendy\/jak-wybrac-akcesoria-do-szafy-najlepiej-pasujace-do-danego-projektu\/#article","isPartOf":{"@id":"https:\/\/blog.emuca.com\/pl\/cat\/trendy\/jak-wybrac-akcesoria-do-szafy-najlepiej-pasujace-do-danego-projektu\/"},"author":{"name":"Emuca","@id":"https:\/\/blog.emuca.com\/#\/schema\/person\/81560ca037d9c1ed19744a85ef9cbe2a"},"headline":"Jak wybra\u0107 akcesoria do szafy najlepiej pasuj\u0105ce do danego projektu","datePublished":"2020-12-07T14:50:15+00:00","dateModified":"2022-05-04T09:36:52+00:00","mainEntityOfPage":{"@id":"https:\/\/blog.emuca.com\/pl\/cat\/trendy\/jak-wybrac-akcesoria-do-szafy-najlepiej-pasujace-do-danego-projektu\/"},"wordCount":648,"publisher":{"@id":"https:\/\/blog.emuca.com\/#organization"},"image":{"@id":"https:\/\/blog.emuca.com\/pl\/cat\/trendy\/jak-wybrac-akcesoria-do-szafy-najlepiej-pasujace-do-danego-projektu\/#primaryimage"},"thumbnailUrl":"https:\/\/blog.emuca.com\/wp-content\/uploads\/2020\/09\/Dise\u00f1o-sin-t\u00edtulo-17.png","articleSection":["Styl \u017cycia","Trendy"],"inLanguage":"pl-PL"},{"@type":"WebPage","@id":"https:\/\/blog.emuca.com\/pl\/cat\/trendy\/jak-wybrac-akcesoria-do-szafy-najlepiej-pasujace-do-danego-projektu\/","url":"https:\/\/blog.emuca.com\/pl\/cat\/trendy\/jak-wybrac-akcesoria-do-szafy-najlepiej-pasujace-do-danego-projektu\/","name":"Akcesoria do garderoby Jak wybra\u0107 te w\u0142a\u015bciwe? | Emuca","isPartOf":{"@id":"https:\/\/blog.emuca.com\/#website"},"primaryImageOfPage":{"@id":"https:\/\/blog.emuca.com\/pl\/cat\/trendy\/jak-wybrac-akcesoria-do-szafy-najlepiej-pasujace-do-danego-projektu\/#primaryimage"},"image":{"@id":"https:\/\/blog.emuca.com\/pl\/cat\/trendy\/jak-wybrac-akcesoria-do-szafy-najlepiej-pasujace-do-danego-projektu\/#primaryimage"},"thumbnailUrl":"https:\/\/blog.emuca.com\/wp-content\/uploads\/2020\/09\/Dise\u00f1o-sin-t\u00edtulo-17.png","datePublished":"2020-12-07T14:50:15+00:00","dateModified":"2022-05-04T09:36:52+00:00","description":"Sk\u0105d mam wiedzie\u0107, kt\u00f3re akcesoria szafki najlepiej pasuj\u0105 do ka\u017cdego projektu i projektu? Powiemy Ci, jak to zrobi\u0107! Odkryj wszystko, czego potrzebujesz z firm\u0105 Emuca.","inLanguage":"pl-PL","potentialAction":[{"@type":"ReadAction","target":["https:\/\/blog.emuca.com\/pl\/cat\/trendy\/jak-wybrac-akcesoria-do-szafy-najlepiej-pasujace-do-danego-projektu\/"]}]},{"@type":"ImageObject","inLanguage":"pl-PL","@id":"https:\/\/blog.emuca.com\/pl\/cat\/trendy\/jak-wybrac-akcesoria-do-szafy-najlepiej-pasujace-do-danego-projektu\/#primaryimage","url":"https:\/\/blog.emuca.com\/wp-content\/uploads\/2020\/09\/Dise\u00f1o-sin-t\u00edtulo-17.png","contentUrl":"https:\/\/blog.emuca.com\/wp-content\/uploads\/2020\/09\/Dise\u00f1o-sin-t\u00edtulo-17.png","width":700,"height":370,"caption":"herrajes para armarios"},{"@type":"WebSite","@id":"https:\/\/blog.emuca.com\/#website","url":"https:\/\/blog.emuca.com\/","name":"Emuca blog","description":"","publisher":{"@id":"https:\/\/blog.emuca.com\/#organization"},"potentialAction":[{"@type":"SearchAction","target":{"@type":"EntryPoint","urlTemplate":"https:\/\/blog.emuca.com\/?s={search_term_string}"},"query-input":{"@type":"PropertyValueSpecification","valueRequired":true,"valueName":"search_term_string"}}],"inLanguage":"pl-PL"},{"@type":"Organization","@id":"https:\/\/blog.emuca.com\/#organization","name":"emuca","url":"https:\/\/blog.emuca.com\/","logo":{"@type":"ImageObject","inLanguage":"pl-PL","@id":"https:\/\/blog.emuca.com\/#\/schema\/logo\/image\/","url":"https:\/\/blog.emuca.com\/wp-content\/uploads\/2024\/05\/cropped-logo-emuca-menu.png","contentUrl":"https:\/\/blog.emuca.com\/wp-content\/uploads\/2024\/05\/cropped-logo-emuca-menu.png","width":190,"height":190,"caption":"emuca"},"image":{"@id":"https:\/\/blog.emuca.com\/#\/schema\/logo\/image\/"},"sameAs":["https:\/\/www.facebook.com\/EmucaGroup"]},{"@type":"Person","@id":"https:\/\/blog.emuca.com\/#\/schema\/person\/81560ca037d9c1ed19744a85ef9cbe2a","name":"Emuca","url":"https:\/\/blog.emuca.com\/pl\/cat\/author\/emuca\/"}]}},"_links":{"self":[{"href":"https:\/\/blog.emuca.com\/pl\/wp-json\/wp\/v2\/posts\/11294"}],"collection":[{"href":"https:\/\/blog.emuca.com\/pl\/wp-json\/wp\/v2\/posts"}],"about":[{"href":"https:\/\/blog.emuca.com\/pl\/wp-json\/wp\/v2\/types\/post"}],"author":[{"embeddable":true,"href":"https:\/\/blog.emuca.com\/pl\/wp-json\/wp\/v2\/users\/2"}],"replies":[{"embeddable":true,"href":"https:\/\/blog.emuca.com\/pl\/wp-json\/wp\/v2\/comments?post=11294"}],"version-history":[{"count":1,"href":"https:\/\/blog.emuca.com\/pl\/wp-json\/wp\/v2\/posts\/11294\/revisions"}],"predecessor-version":[{"id":11295,"href":"https:\/\/blog.emuca.com\/pl\/wp-json\/wp\/v2\/posts\/11294\/revisions\/11295"}],"wp:featuredmedia":[{"embeddable":true,"href":"https:\/\/blog.emuca.com\/pl\/wp-json\/wp\/v2\/media\/7437"}],"wp:attachment":[{"href":"https:\/\/blog.emuca.com\/pl\/wp-json\/wp\/v2\/media?parent=11294"}],"wp:term":[{"taxonomy":"category","embeddable":true,"href":"https:\/\/blog.emuca.com\/pl\/wp-json\/wp\/v2\/categories?post=11294"},{"taxonomy":"post_tag","embeddable":true,"href":"https:\/\/blog.emuca.com\/pl\/wp-json\/wp\/v2\/tags?post=11294"}],"curies":[{"name":"wp","href":"https:\/\/api.w.org\/{rel}","templated":true}]}}