{"id":2972,"date":"2020-04-30T06:07:25","date_gmt":"2020-04-30T06:07:25","guid":{"rendered":"http:\/\/blogs.emuca.com\/nblog\/cat\/non-categorizzato\/con-grande-desiderio-entusiasmo-e-sempre-piu-forti-dal-4-maggio-riprendiamo-lattivita\/"},"modified":"2020-04-30T06:08:43","modified_gmt":"2020-04-30T06:08:43","slug":"con-grande-desiderio-entusiasmo-e-sempre-piu-forti-dal-4-maggio-riprendiamo-lattivita","status":"publish","type":"post","link":"https:\/\/blog.emuca.com\/it\/cat\/notizie-correnti\/con-grande-desiderio-entusiasmo-e-sempre-piu-forti-dal-4-maggio-riprendiamo-lattivita\/","title":{"rendered":"Con grande desiderio, entusiasmo e sempre pi\u00f9 forti, dal 4 maggio riprendiamo l&#8217;attivit\u00e0"},"content":{"rendered":"\t\t<div data-elementor-type=\"wp-post\" data-elementor-id=\"2972\" class=\"elementor elementor-2972 elementor-2162\" data-elementor-post-type=\"post\">\n\t\t\t\t\t\t<section class=\"elementor-section elementor-top-section elementor-element elementor-element-fac30c6 elementor-section-boxed elementor-section-height-default elementor-section-height-default\" data-id=\"fac30c6\" data-element_type=\"section\">\n\t\t\t\t\t\t<div class=\"elementor-container elementor-column-gap-default\">\n\t\t\t\t\t<div class=\"elementor-column elementor-col-100 elementor-top-column elementor-element elementor-element-3749463\" data-id=\"3749463\" data-element_type=\"column\">\n\t\t\t<div class=\"elementor-widget-wrap elementor-element-populated\">\n\t\t\t\t\t\t<div class=\"elementor-element elementor-element-588d0f2 elementor-widget elementor-widget-text-editor\" data-id=\"588d0f2\" data-element_type=\"widget\" data-widget_type=\"text-editor.default\">\n\t\t\t\t<div class=\"elementor-widget-container\">\n\t\t\t\t\t\t\t<p style=\"text-align: center;\"><strong>Pi\u00f9 che mai, Emuca al tuo fianco.<\/strong><br \/>\n<strong>con grande desiderio, entusiasmo e sempre pi\u00f9 forti,<\/strong><br \/>\n<strong>dal 4 maggio riprendiamo l&#8217;attivit\u00e0<\/strong><\/p>\n<p style=\"text-align: center;\">Siamo finalmente tornati!<br \/>\nNel rispetto della normativa di governo, continuiamo con le misure preventive per garantire la salute e la sicurezza dei nostri dipendenti, clienti e fornitori. Inoltre, Emuca continua a collaborare con entit\u00e0 sanitarie, donando forniture mediche di prima necessit\u00e0.<\/p>\n\t\t\t\t\t\t<\/div>\n\t\t\t\t<\/div>\n\t\t\t\t\t<\/div>\n\t\t<\/div>\n\t\t\t\t\t<\/div>\n\t\t<\/section>\n\t\t\t\t<section class=\"elementor-section elementor-top-section elementor-element elementor-element-e864288 elementor-section-boxed elementor-section-height-default elementor-section-height-default\" data-id=\"e864288\" data-element_type=\"section\">\n\t\t\t\t\t\t<div class=\"elementor-container elementor-column-gap-default\">\n\t\t\t\t\t<div class=\"elementor-column elementor-col-50 elementor-top-column elementor-element elementor-element-f2a750f\" data-id=\"f2a750f\" data-element_type=\"column\">\n\t\t\t<div class=\"elementor-widget-wrap elementor-element-populated\">\n\t\t\t\t\t\t<div class=\"elementor-element elementor-element-6174b65 elementor-position-top elementor-widget elementor-widget-image-box\" data-id=\"6174b65\" data-element_type=\"widget\" data-widget_type=\"image-box.default\">\n\t\t\t\t<div class=\"elementor-widget-container\">\n\t\t\t<div class=\"elementor-image-box-wrapper\"><figure class=\"elementor-image-box-img\"><img decoding=\"async\" src=\"https:\/\/blog.emuca.com\/wp-content\/uploads\/2020\/03\/Pedidos-emuca-.jpg\" title=\"Pedidos-emuca-\" alt=\"Pedidos-emuca-\" loading=\"lazy\" \/><\/figure><div class=\"elementor-image-box-content\"><h3 class=\"elementor-image-box-title\">Consegnamo i tuoi ordini normalmente<\/h3><p class=\"elementor-image-box-description\">Il nostro magazzino \u00e8 in piena efficienza con tutte le misure di salute e igiene per garantire il miglior servizio.<\/p><\/div><\/div>\t\t<\/div>\n\t\t\t\t<\/div>\n\t\t\t\t\t<\/div>\n\t\t<\/div>\n\t\t\t\t<div class=\"elementor-column elementor-col-50 elementor-top-column elementor-element elementor-element-ba744d4\" data-id=\"ba744d4\" data-element_type=\"column\">\n\t\t\t<div class=\"elementor-widget-wrap elementor-element-populated\">\n\t\t\t\t\t\t<div class=\"elementor-element elementor-element-824ee28 elementor-position-top elementor-widget elementor-widget-image-box\" data-id=\"824ee28\" data-element_type=\"widget\" data-widget_type=\"image-box.default\">\n\t\t\t\t<div class=\"elementor-widget-container\">\n\t\t\t<div class=\"elementor-image-box-wrapper\"><figure class=\"elementor-image-box-img\"><img fetchpriority=\"high\" decoding=\"async\" width=\"300\" height=\"186\" src=\"https:\/\/blog.emuca.com\/wp-content\/uploads\/2020\/03\/SAC-emuca-.jpg\" class=\"attachment-full size-full wp-image-2185\" alt=\"\" \/><\/figure><div class=\"elementor-image-box-content\"><h3 class=\"elementor-image-box-title\">Servizio di attenzione al cliente<\/h3><p class=\"elementor-image-box-description\">Tutti i nostri dipartimenti stanno funzionando e li hai disponibili al 049 8702800 o tramite info@emuca.com<\/p><\/div><\/div>\t\t<\/div>\n\t\t\t\t<\/div>\n\t\t\t\t\t<\/div>\n\t\t<\/div>\n\t\t\t\t\t<\/div>\n\t\t<\/section>\n\t\t\t\t<section class=\"elementor-section elementor-top-section elementor-element elementor-element-1f02024 elementor-section-boxed elementor-section-height-default elementor-section-height-default\" data-id=\"1f02024\" data-element_type=\"section\">\n\t\t\t\t\t\t<div class=\"elementor-container elementor-column-gap-default\">\n\t\t\t\t\t<div class=\"elementor-column elementor-col-50 elementor-top-column elementor-element elementor-element-b6c4679\" data-id=\"b6c4679\" data-element_type=\"column\">\n\t\t\t<div class=\"elementor-widget-wrap elementor-element-populated\">\n\t\t\t\t\t\t<div class=\"elementor-element elementor-element-022f50b elementor-position-top elementor-widget elementor-widget-image-box\" data-id=\"022f50b\" data-element_type=\"widget\" data-widget_type=\"image-box.default\">\n\t\t\t\t<div class=\"elementor-widget-container\">\n\t\t\t<div class=\"elementor-image-box-wrapper\"><figure class=\"elementor-image-box-img\"><a href=\"https:\/\/www.emuca.it\/richiesta-di-accesso\" tabindex=\"-1\"><img decoding=\"async\" width=\"300\" height=\"186\" src=\"https:\/\/blog.emuca.com\/wp-content\/uploads\/2020\/03\/pedios-B2b-emuca.jpg\" class=\"attachment-full size-full wp-image-2178\" alt=\"\" \/><\/a><\/figure><div class=\"elementor-image-box-content\"><h3 class=\"elementor-image-box-title\"><a href=\"https:\/\/www.emuca.it\/richiesta-di-accesso\">Ordini 100 % Online<\/a><\/h3><p class=\"elementor-image-box-description\">Cogli l'occasione per ordinare online attraverso il nostro B2B. Senza spostamenti o orari, godrai anche di sconti speciali.  Se non hai accesso, richiedilo qui.<\/p><\/div><\/div>\t\t<\/div>\n\t\t\t\t<\/div>\n\t\t\t\t\t<\/div>\n\t\t<\/div>\n\t\t\t\t<div class=\"elementor-column elementor-col-50 elementor-top-column elementor-element elementor-element-e873d28\" data-id=\"e873d28\" data-element_type=\"column\">\n\t\t\t<div class=\"elementor-widget-wrap elementor-element-populated\">\n\t\t\t\t\t\t<div class=\"elementor-element elementor-element-f6dcd94 elementor-position-top elementor-widget elementor-widget-image-box\" data-id=\"f6dcd94\" data-element_type=\"widget\" data-widget_type=\"image-box.default\">\n\t\t\t\t<div class=\"elementor-widget-container\">\n\t\t\t<div class=\"elementor-image-box-wrapper\"><figure class=\"elementor-image-box-img\"><img decoding=\"async\" width=\"300\" height=\"186\" src=\"https:\/\/blog.emuca.com\/wp-content\/uploads\/2020\/03\/comercia-emuca.jpg\" class=\"attachment-full size-full wp-image-2164\" alt=\"\" \/><\/figure><div class=\"elementor-image-box-content\"><h3 class=\"elementor-image-box-title\">Commerciali al tuo servizio<\/h3><p class=\"elementor-image-box-description\">Il nostro team commerciale lavora da casa per risolvere qualsiasi tua domanda. Contattali per telefono o e-mail.<\/p><\/div><\/div>\t\t<\/div>\n\t\t\t\t<\/div>\n\t\t\t\t\t<\/div>\n\t\t<\/div>\n\t\t\t\t\t<\/div>\n\t\t<\/section>\n\t\t\t\t<\/div>\n\t\t","protected":false},"excerpt":{"rendered":"<p>Pi\u00f9 che mai, Emuca al tuo fianco. con grande desiderio, entusiasmo e sempre pi\u00f9 forti, dal 4 maggio riprendiamo l&#8217;attivit\u00e0 Siamo finalmente tornati! Nel rispetto della normativa di governo, continuiamo con le misure preventive per garantire la salute e la sicurezza dei nostri dipendenti, clienti e fornitori. Inoltre, Emuca continua a collaborare con entit\u00e0 sanitarie, &hellip; <\/p>\n<p class=\"link-more\"><a href=\"https:\/\/blog.emuca.com\/it\/cat\/notizie-correnti\/con-grande-desiderio-entusiasmo-e-sempre-piu-forti-dal-4-maggio-riprendiamo-lattivita\/\" class=\"more-link\">Leggi tutto<span class=\"screen-reader-text\"> &#8220;Con grande desiderio, entusiasmo e sempre pi\u00f9 forti, dal 4 maggio riprendiamo l&#8217;attivit\u00e0&#8221;<\/span><\/a><\/p>\n","protected":false},"author":2,"featured_media":2974,"comment_status":"closed","ping_status":"closed","sticky":false,"template":"","format":"standard","meta":{"footnotes":""},"categories":[51],"tags":[],"class_list":["post-2972","post","type-post","status-publish","format-standard","has-post-thumbnail","hentry","category-notizie-correnti","entry"],"yoast_head":"<!-- This site is optimized with the Yoast SEO plugin v24.1 - https:\/\/yoast.com\/wordpress\/plugins\/seo\/ -->\n<title>Con grande desiderio, entusiasmo e sempre pi\u00f9 forti, dal 4 maggio riprendiamo l&#039;attivit\u00e0 - Emuca blog<\/title>\n<meta name=\"robots\" content=\"index, follow, max-snippet:-1, max-image-preview:large, max-video-preview:-1\" \/>\n<link rel=\"canonical\" href=\"https:\/\/blog.emuca.com\/it\/cat\/notizie-correnti\/con-grande-desiderio-entusiasmo-e-sempre-piu-forti-dal-4-maggio-riprendiamo-lattivita\/\" \/>\n<meta property=\"og:locale\" content=\"it_IT\" \/>\n<meta property=\"og:type\" content=\"article\" \/>\n<meta property=\"og:title\" content=\"Con grande desiderio, entusiasmo e sempre pi\u00f9 forti, dal 4 maggio riprendiamo l&#039;attivit\u00e0 - Emuca blog\" \/>\n<meta property=\"og:description\" content=\"Pi\u00f9 che mai, Emuca al tuo fianco. con grande desiderio, entusiasmo e sempre pi\u00f9 forti, dal 4 maggio riprendiamo l&#8217;attivit\u00e0 Siamo finalmente tornati! Nel rispetto della normativa di governo, continuiamo con le misure preventive per garantire la salute e la sicurezza dei nostri dipendenti, clienti e fornitori. Inoltre, Emuca continua a collaborare con entit\u00e0 sanitarie, &hellip; Leggi tutto &quot;Con grande desiderio, entusiasmo e sempre pi\u00f9 forti, dal 4 maggio riprendiamo l&#8217;attivit\u00e0&quot;\" \/>\n<meta property=\"og:url\" content=\"https:\/\/blog.emuca.com\/it\/cat\/notizie-correnti\/con-grande-desiderio-entusiasmo-e-sempre-piu-forti-dal-4-maggio-riprendiamo-lattivita\/\" \/>\n<meta property=\"og:site_name\" content=\"Emuca blog\" \/>\n<meta property=\"article:publisher\" content=\"https:\/\/www.facebook.com\/EmucaGroup\" \/>\n<meta property=\"article:published_time\" content=\"2020-04-30T06:07:25+00:00\" \/>\n<meta property=\"article:modified_time\" content=\"2020-04-30T06:08:43+00:00\" \/>\n<meta property=\"og:image\" content=\"https:\/\/blog.emuca.com\/wp-content\/uploads\/2020\/04\/Retomamos-actividad-it-emuca_p.jpg\" \/>\n\t<meta property=\"og:image:width\" content=\"1121\" \/>\n\t<meta property=\"og:image:height\" content=\"546\" \/>\n\t<meta property=\"og:image:type\" content=\"image\/jpeg\" \/>\n<meta name=\"author\" content=\"Emuca\" \/>\n<meta name=\"twitter:card\" content=\"summary_large_image\" \/>\n<meta name=\"twitter:label1\" content=\"Scritto da\" \/>\n\t<meta name=\"twitter:data1\" content=\"Emuca\" \/>\n\t<meta name=\"twitter:label2\" content=\"Tempo di lettura stimato\" \/>\n\t<meta name=\"twitter:data2\" content=\"1 minuto\" \/>\n<script type=\"application\/ld+json\" class=\"yoast-schema-graph\">{\"@context\":\"https:\/\/schema.org\",\"@graph\":[{\"@type\":\"Article\",\"@id\":\"https:\/\/blog.emuca.com\/it\/cat\/notizie-correnti\/con-grande-desiderio-entusiasmo-e-sempre-piu-forti-dal-4-maggio-riprendiamo-lattivita\/#article\",\"isPartOf\":{\"@id\":\"https:\/\/blog.emuca.com\/it\/cat\/notizie-correnti\/con-grande-desiderio-entusiasmo-e-sempre-piu-forti-dal-4-maggio-riprendiamo-lattivita\/\"},\"author\":{\"name\":\"Emuca\",\"@id\":\"https:\/\/blog.emuca.com\/#\/schema\/person\/81560ca037d9c1ed19744a85ef9cbe2a\"},\"headline\":\"Con grande desiderio, entusiasmo e sempre pi\u00f9 forti, dal 4 maggio riprendiamo l&#8217;attivit\u00e0\",\"datePublished\":\"2020-04-30T06:07:25+00:00\",\"dateModified\":\"2020-04-30T06:08:43+00:00\",\"mainEntityOfPage\":{\"@id\":\"https:\/\/blog.emuca.com\/it\/cat\/notizie-correnti\/con-grande-desiderio-entusiasmo-e-sempre-piu-forti-dal-4-maggio-riprendiamo-lattivita\/\"},\"wordCount\":168,\"publisher\":{\"@id\":\"https:\/\/blog.emuca.com\/#organization\"},\"image\":{\"@id\":\"https:\/\/blog.emuca.com\/it\/cat\/notizie-correnti\/con-grande-desiderio-entusiasmo-e-sempre-piu-forti-dal-4-maggio-riprendiamo-lattivita\/#primaryimage\"},\"thumbnailUrl\":\"https:\/\/blog.emuca.com\/wp-content\/uploads\/2020\/04\/Retomamos-actividad-it-emuca_p.jpg\",\"articleSection\":[\"Notizie correnti\"],\"inLanguage\":\"it-IT\"},{\"@type\":\"WebPage\",\"@id\":\"https:\/\/blog.emuca.com\/it\/cat\/notizie-correnti\/con-grande-desiderio-entusiasmo-e-sempre-piu-forti-dal-4-maggio-riprendiamo-lattivita\/\",\"url\":\"https:\/\/blog.emuca.com\/it\/cat\/notizie-correnti\/con-grande-desiderio-entusiasmo-e-sempre-piu-forti-dal-4-maggio-riprendiamo-lattivita\/\",\"name\":\"Con grande desiderio, entusiasmo e sempre pi\u00f9 forti, dal 4 maggio riprendiamo l'attivit\u00e0 - Emuca blog\",\"isPartOf\":{\"@id\":\"https:\/\/blog.emuca.com\/#website\"},\"primaryImageOfPage\":{\"@id\":\"https:\/\/blog.emuca.com\/it\/cat\/notizie-correnti\/con-grande-desiderio-entusiasmo-e-sempre-piu-forti-dal-4-maggio-riprendiamo-lattivita\/#primaryimage\"},\"image\":{\"@id\":\"https:\/\/blog.emuca.com\/it\/cat\/notizie-correnti\/con-grande-desiderio-entusiasmo-e-sempre-piu-forti-dal-4-maggio-riprendiamo-lattivita\/#primaryimage\"},\"thumbnailUrl\":\"https:\/\/blog.emuca.com\/wp-content\/uploads\/2020\/04\/Retomamos-actividad-it-emuca_p.jpg\",\"datePublished\":\"2020-04-30T06:07:25+00:00\",\"dateModified\":\"2020-04-30T06:08:43+00:00\",\"inLanguage\":\"it-IT\",\"potentialAction\":[{\"@type\":\"ReadAction\",\"target\":[\"https:\/\/blog.emuca.com\/it\/cat\/notizie-correnti\/con-grande-desiderio-entusiasmo-e-sempre-piu-forti-dal-4-maggio-riprendiamo-lattivita\/\"]}]},{\"@type\":\"ImageObject\",\"inLanguage\":\"it-IT\",\"@id\":\"https:\/\/blog.emuca.com\/it\/cat\/notizie-correnti\/con-grande-desiderio-entusiasmo-e-sempre-piu-forti-dal-4-maggio-riprendiamo-lattivita\/#primaryimage\",\"url\":\"https:\/\/blog.emuca.com\/wp-content\/uploads\/2020\/04\/Retomamos-actividad-it-emuca_p.jpg\",\"contentUrl\":\"https:\/\/blog.emuca.com\/wp-content\/uploads\/2020\/04\/Retomamos-actividad-it-emuca_p.jpg\",\"width\":1121,\"height\":546},{\"@type\":\"WebSite\",\"@id\":\"https:\/\/blog.emuca.com\/#website\",\"url\":\"https:\/\/blog.emuca.com\/\",\"name\":\"Emuca blog\",\"description\":\"\",\"publisher\":{\"@id\":\"https:\/\/blog.emuca.com\/#organization\"},\"potentialAction\":[{\"@type\":\"SearchAction\",\"target\":{\"@type\":\"EntryPoint\",\"urlTemplate\":\"https:\/\/blog.emuca.com\/?s={search_term_string}\"},\"query-input\":{\"@type\":\"PropertyValueSpecification\",\"valueRequired\":true,\"valueName\":\"search_term_string\"}}],\"inLanguage\":\"it-IT\"},{\"@type\":\"Organization\",\"@id\":\"https:\/\/blog.emuca.com\/#organization\",\"name\":\"emuca\",\"url\":\"https:\/\/blog.emuca.com\/\",\"logo\":{\"@type\":\"ImageObject\",\"inLanguage\":\"it-IT\",\"@id\":\"https:\/\/blog.emuca.com\/#\/schema\/logo\/image\/\",\"url\":\"https:\/\/blog.emuca.com\/wp-content\/uploads\/2024\/05\/cropped-logo-emuca-menu.png\",\"contentUrl\":\"https:\/\/blog.emuca.com\/wp-content\/uploads\/2024\/05\/cropped-logo-emuca-menu.png\",\"width\":190,\"height\":190,\"caption\":\"emuca\"},\"image\":{\"@id\":\"https:\/\/blog.emuca.com\/#\/schema\/logo\/image\/\"},\"sameAs\":[\"https:\/\/www.facebook.com\/EmucaGroup\"]},{\"@type\":\"Person\",\"@id\":\"https:\/\/blog.emuca.com\/#\/schema\/person\/81560ca037d9c1ed19744a85ef9cbe2a\",\"name\":\"Emuca\",\"url\":\"https:\/\/blog.emuca.com\/it\/cat\/author\/emuca\/\"}]}<\/script>\n<!-- \/ Yoast SEO plugin. -->","yoast_head_json":{"title":"Con grande desiderio, entusiasmo e sempre pi\u00f9 forti, dal 4 maggio riprendiamo l'attivit\u00e0 - Emuca blog","robots":{"index":"index","follow":"follow","max-snippet":"max-snippet:-1","max-image-preview":"max-image-preview:large","max-video-preview":"max-video-preview:-1"},"canonical":"https:\/\/blog.emuca.com\/it\/cat\/notizie-correnti\/con-grande-desiderio-entusiasmo-e-sempre-piu-forti-dal-4-maggio-riprendiamo-lattivita\/","og_locale":"it_IT","og_type":"article","og_title":"Con grande desiderio, entusiasmo e sempre pi\u00f9 forti, dal 4 maggio riprendiamo l'attivit\u00e0 - Emuca blog","og_description":"Pi\u00f9 che mai, Emuca al tuo fianco. con grande desiderio, entusiasmo e sempre pi\u00f9 forti, dal 4 maggio riprendiamo l&#8217;attivit\u00e0 Siamo finalmente tornati! Nel rispetto della normativa di governo, continuiamo con le misure preventive per garantire la salute e la sicurezza dei nostri dipendenti, clienti e fornitori. Inoltre, Emuca continua a collaborare con entit\u00e0 sanitarie, &hellip; Leggi tutto \"Con grande desiderio, entusiasmo e sempre pi\u00f9 forti, dal 4 maggio riprendiamo l&#8217;attivit\u00e0\"","og_url":"https:\/\/blog.emuca.com\/it\/cat\/notizie-correnti\/con-grande-desiderio-entusiasmo-e-sempre-piu-forti-dal-4-maggio-riprendiamo-lattivita\/","og_site_name":"Emuca blog","article_publisher":"https:\/\/www.facebook.com\/EmucaGroup","article_published_time":"2020-04-30T06:07:25+00:00","article_modified_time":"2020-04-30T06:08:43+00:00","og_image":[{"width":1121,"height":546,"url":"https:\/\/blog.emuca.com\/wp-content\/uploads\/2020\/04\/Retomamos-actividad-it-emuca_p.jpg","type":"image\/jpeg"}],"author":"Emuca","twitter_card":"summary_large_image","twitter_misc":{"Scritto da":"Emuca","Tempo di lettura stimato":"1 minuto"},"schema":{"@context":"https:\/\/schema.org","@graph":[{"@type":"Article","@id":"https:\/\/blog.emuca.com\/it\/cat\/notizie-correnti\/con-grande-desiderio-entusiasmo-e-sempre-piu-forti-dal-4-maggio-riprendiamo-lattivita\/#article","isPartOf":{"@id":"https:\/\/blog.emuca.com\/it\/cat\/notizie-correnti\/con-grande-desiderio-entusiasmo-e-sempre-piu-forti-dal-4-maggio-riprendiamo-lattivita\/"},"author":{"name":"Emuca","@id":"https:\/\/blog.emuca.com\/#\/schema\/person\/81560ca037d9c1ed19744a85ef9cbe2a"},"headline":"Con grande desiderio, entusiasmo e sempre pi\u00f9 forti, dal 4 maggio riprendiamo l&#8217;attivit\u00e0","datePublished":"2020-04-30T06:07:25+00:00","dateModified":"2020-04-30T06:08:43+00:00","mainEntityOfPage":{"@id":"https:\/\/blog.emuca.com\/it\/cat\/notizie-correnti\/con-grande-desiderio-entusiasmo-e-sempre-piu-forti-dal-4-maggio-riprendiamo-lattivita\/"},"wordCount":168,"publisher":{"@id":"https:\/\/blog.emuca.com\/#organization"},"image":{"@id":"https:\/\/blog.emuca.com\/it\/cat\/notizie-correnti\/con-grande-desiderio-entusiasmo-e-sempre-piu-forti-dal-4-maggio-riprendiamo-lattivita\/#primaryimage"},"thumbnailUrl":"https:\/\/blog.emuca.com\/wp-content\/uploads\/2020\/04\/Retomamos-actividad-it-emuca_p.jpg","articleSection":["Notizie correnti"],"inLanguage":"it-IT"},{"@type":"WebPage","@id":"https:\/\/blog.emuca.com\/it\/cat\/notizie-correnti\/con-grande-desiderio-entusiasmo-e-sempre-piu-forti-dal-4-maggio-riprendiamo-lattivita\/","url":"https:\/\/blog.emuca.com\/it\/cat\/notizie-correnti\/con-grande-desiderio-entusiasmo-e-sempre-piu-forti-dal-4-maggio-riprendiamo-lattivita\/","name":"Con grande desiderio, entusiasmo e sempre pi\u00f9 forti, dal 4 maggio riprendiamo l'attivit\u00e0 - Emuca blog","isPartOf":{"@id":"https:\/\/blog.emuca.com\/#website"},"primaryImageOfPage":{"@id":"https:\/\/blog.emuca.com\/it\/cat\/notizie-correnti\/con-grande-desiderio-entusiasmo-e-sempre-piu-forti-dal-4-maggio-riprendiamo-lattivita\/#primaryimage"},"image":{"@id":"https:\/\/blog.emuca.com\/it\/cat\/notizie-correnti\/con-grande-desiderio-entusiasmo-e-sempre-piu-forti-dal-4-maggio-riprendiamo-lattivita\/#primaryimage"},"thumbnailUrl":"https:\/\/blog.emuca.com\/wp-content\/uploads\/2020\/04\/Retomamos-actividad-it-emuca_p.jpg","datePublished":"2020-04-30T06:07:25+00:00","dateModified":"2020-04-30T06:08:43+00:00","inLanguage":"it-IT","potentialAction":[{"@type":"ReadAction","target":["https:\/\/blog.emuca.com\/it\/cat\/notizie-correnti\/con-grande-desiderio-entusiasmo-e-sempre-piu-forti-dal-4-maggio-riprendiamo-lattivita\/"]}]},{"@type":"ImageObject","inLanguage":"it-IT","@id":"https:\/\/blog.emuca.com\/it\/cat\/notizie-correnti\/con-grande-desiderio-entusiasmo-e-sempre-piu-forti-dal-4-maggio-riprendiamo-lattivita\/#primaryimage","url":"https:\/\/blog.emuca.com\/wp-content\/uploads\/2020\/04\/Retomamos-actividad-it-emuca_p.jpg","contentUrl":"https:\/\/blog.emuca.com\/wp-content\/uploads\/2020\/04\/Retomamos-actividad-it-emuca_p.jpg","width":1121,"height":546},{"@type":"WebSite","@id":"https:\/\/blog.emuca.com\/#website","url":"https:\/\/blog.emuca.com\/","name":"Emuca blog","description":"","publisher":{"@id":"https:\/\/blog.emuca.com\/#organization"},"potentialAction":[{"@type":"SearchAction","target":{"@type":"EntryPoint","urlTemplate":"https:\/\/blog.emuca.com\/?s={search_term_string}"},"query-input":{"@type":"PropertyValueSpecification","valueRequired":true,"valueName":"search_term_string"}}],"inLanguage":"it-IT"},{"@type":"Organization","@id":"https:\/\/blog.emuca.com\/#organization","name":"emuca","url":"https:\/\/blog.emuca.com\/","logo":{"@type":"ImageObject","inLanguage":"it-IT","@id":"https:\/\/blog.emuca.com\/#\/schema\/logo\/image\/","url":"https:\/\/blog.emuca.com\/wp-content\/uploads\/2024\/05\/cropped-logo-emuca-menu.png","contentUrl":"https:\/\/blog.emuca.com\/wp-content\/uploads\/2024\/05\/cropped-logo-emuca-menu.png","width":190,"height":190,"caption":"emuca"},"image":{"@id":"https:\/\/blog.emuca.com\/#\/schema\/logo\/image\/"},"sameAs":["https:\/\/www.facebook.com\/EmucaGroup"]},{"@type":"Person","@id":"https:\/\/blog.emuca.com\/#\/schema\/person\/81560ca037d9c1ed19744a85ef9cbe2a","name":"Emuca","url":"https:\/\/blog.emuca.com\/it\/cat\/author\/emuca\/"}]}},"_links":{"self":[{"href":"https:\/\/blog.emuca.com\/it\/wp-json\/wp\/v2\/posts\/2972"}],"collection":[{"href":"https:\/\/blog.emuca.com\/it\/wp-json\/wp\/v2\/posts"}],"about":[{"href":"https:\/\/blog.emuca.com\/it\/wp-json\/wp\/v2\/types\/post"}],"author":[{"embeddable":true,"href":"https:\/\/blog.emuca.com\/it\/wp-json\/wp\/v2\/users\/2"}],"replies":[{"embeddable":true,"href":"https:\/\/blog.emuca.com\/it\/wp-json\/wp\/v2\/comments?post=2972"}],"version-history":[{"count":2,"href":"https:\/\/blog.emuca.com\/it\/wp-json\/wp\/v2\/posts\/2972\/revisions"}],"predecessor-version":[{"id":2981,"href":"https:\/\/blog.emuca.com\/it\/wp-json\/wp\/v2\/posts\/2972\/revisions\/2981"}],"wp:featuredmedia":[{"embeddable":true,"href":"https:\/\/blog.emuca.com\/it\/wp-json\/wp\/v2\/media\/2974"}],"wp:attachment":[{"href":"https:\/\/blog.emuca.com\/it\/wp-json\/wp\/v2\/media?parent=2972"}],"wp:term":[{"taxonomy":"category","embeddable":true,"href":"https:\/\/blog.emuca.com\/it\/wp-json\/wp\/v2\/categories?post=2972"},{"taxonomy":"post_tag","embeddable":true,"href":"https:\/\/blog.emuca.com\/it\/wp-json\/wp\/v2\/tags?post=2972"}],"curies":[{"name":"wp","href":"https:\/\/api.w.org\/{rel}","templated":true}]}}