{"id":176,"date":"2019-12-10T14:36:45","date_gmt":"2019-12-10T14:36:45","guid":{"rendered":"http:\/\/blogs.emuca.com\/nblog\/?p=176"},"modified":"2020-01-10T13:52:23","modified_gmt":"2020-01-10T13:52:23","slug":"ideas-para-aprovechar-el-espacio-en-tu-armario","status":"publish","type":"post","link":"https:\/\/blog.emuca.com\/it\/cat\/non-categorizzato\/ideas-para-aprovechar-el-espacio-en-tu-armario\/","title":{"rendered":"Idee per ottimizzare lo spazio nel tuo armadio con accessori per cabina armadio"},"content":{"rendered":"\n<p style=\"text-align: justify;\">Guarda il tuo armadio. Un\u2019asta per appendere le camicie, una cassettiera, forse uno spazio nella parte inferiore per le scarpe\u2026 Quanto spazio vuoto rimane inutilizzato ma che potresti sfruttare? Si tratta di spazio che, con gli accessori adatti, puoi sfruttare per disporre al meglio i tuoi abiti e i tuoi accessori.\n\nTi proponiamo quattro idee per trasformare il tuo armadio in uno spazio versatile e ben sfruttato. Dai uno sguardo alle opzioni!<\/p>\n\n\n\n<h2 class=\"has-text-align-left wp-block-heading\">Organizza i tuoi accessori con le vaschette estraibili<\/h2>\n\n\n\n<p style=\"text-align: justify;\">Occhiali da sole, cinture, orologi\u2026o qualunque altra cosa. Inserendo dei cassetti organizzatori all\u2019interno del tuo armadio ti sar\u00e0 utile per tenere tutti i tuoi accessori nello stesso posto e trovarli facilmente quando ti servono.\n\nIn questo modo, oltre a sfruttare al meglio l\u2019interno del tuo armadio, libererai spazio in altre parti della stanza. Una soluzione davvero pratica per le camere piccole!<\/p>\n\n\n\n<div class=\"wp-block-image\"><figure class=\"aligncenter size-large\"><a href=\"https:\/\/www.emuca.es\/catalogo\/herrajes\/puertas-y-complementos-para-armarios-y-vestidores\/accesorios-para-interior-de-armario\/guias-y-accesorios-moka\/Gu%C3%ADas\"><img fetchpriority=\"high\" decoding=\"async\" width=\"1000\" height=\"1000\" src=\"http:\/\/blog.emuca.com\/wp-content\/uploads\/2019\/12\/8432393011035.jpg\" alt=\"\" class=\"wp-image-77\"\/><\/a><\/figure><\/div>\n\n\n\n<p>Il <strong><a href=\"https:\/\/www.emucaonline.com\/it\/armadi\/organizzatori-interni-per-armadio-e-cabine-armadio\/elementi-per-composizioni-interne\/emuca-kit-cofre-organizzatore-interni-di-armadio-moka\/emuca-kit-contenitore-a-scomparti-per-armadio-vaschette-ausiliari-e-guide-regolabile-564-614-mm-color-moka\">kit organizer da inserire all\u2019interno dell\u2019armadio<\/a> Moka<\/strong> \u00e8 dotato  di diversi moduli per potere avere varie opzioni per classificare i tuoi  accessori. \u00c8 formato da un paio di kit di vaschette aperte per gli  accessori pi\u00f9 grandi da un lato e di un cassetto di legno con coperchio,  diviso a sua volta mediante separatori, dall\u2019altro. Quest\u2019ultimo sar\u00e0  particolarmente utile per conservare gli oggetti pi\u00f9 piccoli che si  perdono facilmente e tenerli sempre ben protetti. <\/p>\n\n\n\n<p style=\"text-align: justify;\">Per installarlo, \u00e8 sufficiente disporre di un paio di laterali liberi nell\u2019armadio. A questi, dovrai fissare il telaio, regolabile, per poterlo adattare allo spazio vuoto di cui disponi.\n\nInoltre, \u00e8 estraibile, un\u2019opzione molto importante per poter prendere comodamente l\u2019accessorio di cui hai bisogno.<\/p>\n\n\n\n<h2 class=\"has-text-align-left wp-block-heading\">Lascia posto ai cassetti per gioielli<\/h2>\n\n\n\n<figure class=\"wp-block-image size-large\"><a href=\"https:\/\/www.emuca.es\/catalogo\/herrajes\/puertas-y-complementos-para-armarios-y-vestidores\/accesorios-para-interior-de-armario\/guias-y-accesorios-moka\/cajon-organizador\"><img decoding=\"async\" width=\"1000\" height=\"1000\" src=\"http:\/\/blog.emuca.com\/wp-content\/uploads\/2019\/12\/8432393011004.jpg\" alt=\"\" class=\"wp-image-85\"\/><\/a><\/figure>\n\n\n\n<p style=\"text-align: justify;\">Come conservarei gioielli in casa? Installando un portagioie estraibile, puoi creare un posto specifico all\u2019interno dell\u2019armadio per organizzarli. Il <strong><a href=\"https:\/\/www.emucaonline.com\/it\/armadi\/organizzatori-interni-per-armadio-e-cabine-armadio\/elementi-per-composizioni-interne\/emuca-kit-cassetto-portagioielli-per-interni-di-armadio-moka\/emuca-kit-portagioielli-con-guide-regolabile-modulo-di-600-mm-acciaio-e-alluminio-color-moka\">cassetto portagioie Moka<\/a><\/strong> \u00e8 una buona alternativa per tenerli protetti e a portata di mano. Quante volte hai perso un orecchino? O hai trovato le tue collane intrecciate tra loro?\n\nGrazie ai suoi moduli di diverse dimensioni e ad una parte dedicata agli anelli e agli orecchini, questo organizer \u00e8 ideale per conservare qualsiasi tipo di gioiello.\n\nNon sar\u00e0 difficile ricavare un posto all\u2019interno dell\u2019armadio: \u00e8 alto solamente 65 mm.<\/p>\n\n\n\n<p style=\"text-align: justify;\">Cos\u00ec come il kit organizer da inserire all\u2019interno dell\u2019armadio Moka, questo portagioie va installato su un telaio che si adatta alla larghezza dello spazio di cui si dispone.\n\nInfatti, puoi abbinare entrambi i modelli per ottenere uno spazio versatile e pratico per riporre i tuoi accessori, sfruttando la profondit\u00e0 del tuo armadio.<\/p>\n\n\n\n<h2 class=\"has-text-align-left wp-block-heading\">Ottieni pi\u00f9 spazio per riporre i tuoi oggetti con i cassetti estraibili<\/h2>\n\n\n\n<p style=\"text-align: justify;\">Pi\u00f9 idee per sfruttare al massimo l\u2019interno del tuo armadio. Se non hai cassetti a sufficienza,cosa molto comune nella maggior parte degli armadi, puoi installare dei cassetti estraibili che ti aiutano ad ottenere lo spazio extra di cui hai bisogno.\n\nA seconda della finitura che pi\u00f9 ti piace, in base a ci\u00f2 che devi conservare o dello spazio che hai a disposizione, puoi installare un modello oppure un altro.<\/p>\n\n\n\n<figure class=\"wp-block-image size-large\"><a href=\"https:\/\/www.emuca.es\/catalogo\/herrajes\/puertas-y-complementos-para-armarios-y-vestidores\/accesorios-para-interior-de-armario\/guias-y-accesorios-moka\/cajon-de-alambre\"><img decoding=\"async\" width=\"1000\" height=\"1000\" src=\"http:\/\/blog.emuca.com\/wp-content\/uploads\/2019\/12\/8432393010946.jpg\" alt=\"\" class=\"wp-image-93\"\/><\/a><\/figure>\n\n\n\n<p style=\"text-align: justify;\">Se il colore Moka si abbina con la tua decorazione, puoi installare il <strong><a href=\"https:\/\/www.emucaonline.com\/it\/armadi\/organizzatori-interni-per-armadio-e-cabine-armadio\/elementi-per-composizioni-interne\/emuca-kit-cassetto-metallico-moka\/emuca-kit-cesto-in-filo-metallico-con-guide-regolabile-modulo-di-600-mm-acciaio-e-alluminio-color-moka\">kit di guida e cassetto metallico Moka<\/a><\/strong>, che ti consentir\u00e0 di mettere nel tuo armadio un cassetto compatto \u2013 ha un\u2019altezza di 124 mm- in cui riporre accessori come cinte, sciarpe o qualsiasi altro capo d\u2019abbigliamento che non occupi molto volume. Cos\u00ec come gli altri modelli di Emuca, \u00e8 estraibile ed \u00e8 dotato di un telaio regolabile che potrai adattare e regolare in base al tuo spazio. Nel caso in cui hai bisogno di un po\u2019 pi\u00f9 di spazio, puoi optare per il <strong><a href=\"https:\/\/www.emucaonline.com\/it\/armadi\/organizzatori-interni-per-armadio-e-cabine-armadio\/elementi-per-composizioni-interne\/emuca-kit-cassetto-in-filo-metallico-moka\/emuca-kit-cesto-in-filo-metallico-con-guide-regolabile-modulo-di-600-mm-acciaio-e-alluminio-color-moka\">kit di guida e cassetto di rame Moka<\/a><\/strong>, che possiede caratteristiche simili ma \u00e8 leggermente pi\u00f9 alto, fino a 201 mm. Entrambi dispongono di guide con chiusura soft.<\/p>\n\n\n\n<figure class=\"wp-block-image size-large\"><a href=\"https:\/\/www.emuca.es\/catalogo\/herrajes\/outlet-es\/productos-outlet-es\/equipamiento-para-muebles\/kit-keeper\" target=\"_blank\" rel=\"noreferrer noopener\"><img loading=\"lazy\" decoding=\"async\" width=\"1000\" height=\"1000\" src=\"http:\/\/blog.emuca.com\/wp-content\/uploads\/2019\/12\/8432393010823.jpg\" alt=\"\" class=\"wp-image-101\"\/><\/a><\/figure>\n\n\n\n<p style=\"text-align: justify;\">Se preferisci un modello con finitura metallica, la tua opzione \u00e8 il <strong><a href=\"https:\/\/www.emucaonline.com\/it\/armadi\/organizzatori-interni-per-armadio-e-cabine-armadio\/elementi-per-composizioni-interne\/emuca-kit-cassetto-metallico-keeper\/emuca-kit-cassetto-metallico-con-guide-regolabile-modulo-di-600-mm-acciaio-e-alluminio-grigio-metallizzato\">kit cassetto metallico Keeper di Emuca<\/a><\/strong>. Come i precedenti, anch\u2019esso \u00e8 estraibile ed include un telaio regolabile, ma in questo caso combina lo spazio per riporre gli oggetti del cassetto- 124 mm di altezza, con una coppia di vaschette organizer per gli accessori pi\u00f9 piccoli. In questo modello, il telaio \u00e8 in alluminio e i pezzi di plastica sono laccati in grigio metallizzato. Che te ne pare?<\/p>\n\n\n\n<h2 class=\"has-text-align-left wp-block-heading\">Un posto nell&#8217;armadio anche per il cesto portabiancheria<\/h2>\n\n\n\n<p style=\"text-align: justify;\">Per riporre gli indumenti che non devi piegare o per disporre di uno spazio da destinare agli indumenti sporchi nell\u2019armadio, puoi installare un cesto portabiancheria&#8217;estraibile sfruttando un paio di laterali liberi. Con i suoi 463 mm di altezza, pu\u00f2 essere utile anche per riporre coperte o cuscini che non usi abitualmente o per conservare il piumone durante il cambio di stagione.<\/p>\n\n\n\n<figure class=\"wp-block-image size-large\"><a href=\"https:\/\/www.emuca.es\/catalogo\/herrajes\/puertas-y-complementos-para-armarios-y-vestidores\/accesorios-para-interior-de-armario\/guias-y-accesorios-moka\/cesto-de-ropa\" target=\"_blank\" rel=\"noreferrer noopener\"><img loading=\"lazy\" decoding=\"async\" width=\"1000\" height=\"1000\" src=\"http:\/\/blog.emuca.com\/wp-content\/uploads\/2019\/12\/8432393011042.jpg\" alt=\"\" class=\"wp-image-109\"\/><\/a><\/figure>\n\n\n\n<p style=\"text-align: justify;\">Il <strong><a href=\"https:\/\/www.emucaonline.com\/it\/armadi\/organizzatori-interni-per-armadio-e-cabine-armadio\/elementi-per-composizioni-interne\/emuca-kit-di-guide-cesto-per-biancheria-e-vaschette-ausiliari-moka-per-modulo-600-mm\/emuca-kit-cesta-per-bucato-con-guide-e-vaschette-ausiliari-per-armadio-regolabile-564-614-mm-color-moka\">kit di guida e cesto per indumenti di Emuca<\/a><\/strong> combina un cesto di tela di colore grezzo, un tono neutro che puoi abbinare con qualunque decorazione e un kit di vaschette complementari per gli oggetti pi\u00f9 piccoli. Quest\u2019ultimo pu\u00f2 essere il posto ideale, ad esempio, per avere sempre a portata di mano un rullo levapelucchi dentro l\u2019armadio. Come il resto degli accessori, questo kit include un telaio regolabile ed \u00e8 estraibile.<\/p>\n\n\n\n<p style=\"text-align: justify;\">In sostanza, hai a disposizione molte opzioni per personalizzare lo spazio disponibile nel tuo armadio o nella tua cabina armadio senza troppe complicazioni. Perch\u00e9 accontentarsi di una soluzione che non si adatta alle tue esigenze? Installare tutti questi accessori non ti porter\u00e0 via molto tempo e ti consentir\u00e0 di disporre di un armadio che si adatti ai tuoi indumenti, ai tuoi accessori e alle tue necessit\u00e0. Mettiti all\u2019opera!<\/p>\n\n\n\n<p><strong>Altri accessori per sfruttare al meglio lo spazio del tuo armadio<\/strong><\/p>\n\n\n\n<ul class=\"wp-block-list\"><li><strong><a rel=\"noreferrer noopener\" aria-label=\" (se abre en una nueva pesta\u00f1a)\" href=\"https:\/\/www.emucaonline.com\/it\/armadi\/organizzatori-interni-per-armadio-e-cabine-armadio\/porta-scarpe\/emuca-kit-cassetto-porta-scarpe-estraibile-moka\/emuca-porta-scarpe-estraibile-per-interno-armadio-modulo-di-600-mm-chiusura-soft-acciaio-color-moka\" target=\"_blank\">Organizer per scarpe:<\/a><\/strong>  ti aiuter\u00e0 a mantenere le tue scarpe in buone condizioni, in una zona separata rispetto agli indumenti facilmente accessibile.<\/li><li><strong><a rel=\"noreferrer noopener\" aria-label=\" (se abre en una nueva pesta\u00f1a)\" href=\"https:\/\/www.emucaonline.com\/it\/armadi\/organizzatori-interni-per-armadio-e-cabine-armadio\/porta-pantaloni\/emuca-porta-pantaloni-estraibile-emuca\/emuca-porta-pantaloni-estraibile-per-armadio-montaggio-a-destra-acciaio-e-plastica-color-moka\" target=\"_blank\">Appendi pantaloni:<\/a> <\/strong>particolarmente adatto per i pantaloni dai tessuti pi\u00f9 delicati.  Risparmierai ore di fatica passate a stirare, mantenendo i tuoi  pantaloni senza pieghe.<\/li><li><strong><a rel=\"noreferrer noopener\" aria-label=\" (se abre en una nueva pesta\u00f1a)\" href=\"https:\/\/www.emucaonline.com\/it\/armadi\/organizzatori-interni-per-armadio-e-cabine-armadio\/barre-d-armadio-e-appendiabiti\/emuca-appendiabiti-estraibile-per-armadio-moka\/emuca-appendiabiti-estraibile-per-armadio-445-mm-chiusura-soft-alluminio-color-moka\" target=\"_blank\">Appendiabiti estraibili<\/a><\/strong>: installati perpendicolarmente alla parete, sono l\u2019opzione perfetta  se hai un armadio molto profondo. Ti consentiranno di sfruttare al  meglio lo spazio e prendere l\u2019indumento che desideri in tutta facilit\u00e0.<\/li><\/ul>\n\n\n\n<h3 class=\"has-text-align-left wp-block-heading\">Elige el accesorio que mejor se adapte a tu armario<\/h3>\n\n\n\n<figure class=\"wp-block-table aligncenter is-style-stripes\"><table class=\"\"><tbody><tr><td class=\"has-text-align-left\" data-align=\"left\"><br><br><strong>Accesorios<\/strong> <br><br>                        <\/td><td class=\"has-text-align-center\" data-align=\"center\"><a href=\"https:\/\/www.emuca.es\/catalogo\/herrajes\/puertas-y-complementos-para-armarios-y-vestidores\/accesorios-para-interior-de-armario\/guias-y-accesorios-moka\/cajon-de-madera\" target=\"_blank\" rel=\"noreferrer noopener\" aria-label=\"\ufffc (se abre en una nueva pesta\u00f1a)\"><img loading=\"lazy\" decoding=\"async\" width=\"300\" height=\"300\" class=\"wp-image-184\" style=\"width: 300px;\" src=\"http:\/\/blog.emuca.com\/wp-content\/uploads\/2019\/12\/8432393011035-1.jpg\" alt=\"\"><\/a><\/td><td class=\"has-text-align-center\" data-align=\"center\"><a href=\"https:\/\/www.emuca.es\/catalogo\/herrajes\/puertas-y-complementos-para-armarios-y-vestidores\/accesorios-para-interior-de-armario\/guias-y-accesorios-moka\/cajon-metalico\" target=\"_blank\" rel=\"noreferrer noopener\" aria-label=\"\ufffc (se abre en una nueva pesta\u00f1a)\"><img loading=\"lazy\" decoding=\"async\" width=\"300\" height=\"300\" class=\"wp-image-190\" style=\"width: 300px;\" src=\"http:\/\/blog.emuca.com\/wp-content\/uploads\/2019\/12\/8432393010946-1.jpg\" alt=\"\"><\/a><\/td><td class=\"has-text-align-center\" data-align=\"center\"><a href=\"https:\/\/www.emuca.es\/catalogo\/herrajes\/puertas-y-complementos-para-armarios-y-vestidores\/accesorios-para-interior-de-armario\/guias-y-accesorios-moka\/cajon-organizador\" target=\"_blank\" rel=\"noreferrer noopener\" aria-label=\"\ufffc (se abre en una nueva pesta\u00f1a)\"><img loading=\"lazy\" decoding=\"async\" width=\"300\" height=\"300\" class=\"wp-image-196\" style=\"width: 300px;\" src=\"http:\/\/blog.emuca.com\/wp-content\/uploads\/2019\/12\/8432393011004-1.jpg\" alt=\"\"><\/a><\/td><td class=\"has-text-align-center\" data-align=\"center\"><a href=\"https:\/\/www.emuca.es\/catalogo\/herrajes\/puertas-y-complementos-para-armarios-y-vestidores\/accesorios-para-interior-de-armario\/guias-y-accesorios-moka\/cesto-de-ropa\" target=\"_blank\" rel=\"noreferrer noopener\" aria-label=\"\ufffc (se abre en una nueva pesta\u00f1a)\"><img loading=\"lazy\" decoding=\"async\" width=\"300\" height=\"300\" class=\"wp-image-202\" style=\"width: 300px;\" src=\"http:\/\/blog.emuca.com\/wp-content\/uploads\/2019\/12\/8432393011042-1.jpg\" alt=\"\"><\/a><\/td><td class=\"has-text-align-center\" data-align=\"center\"><a href=\"https:\/\/www.emuca.es\/catalogo\/herrajes\/puertas-y-complementos-para-armarios-y-vestidores\/accesorios-para-interior-de-armario\/guias-y-accesorios-moka\/cajon-de-alambre\" target=\"_blank\" rel=\"noreferrer noopener\" aria-label=\"\ufffc (se abre en una nueva pesta\u00f1a)\"><img loading=\"lazy\" decoding=\"async\" width=\"300\" height=\"300\" class=\"wp-image-208\" style=\"width: 300px;\" src=\"http:\/\/blog.emuca.com\/wp-content\/uploads\/2019\/12\/8432393010939.jpg\" alt=\"\"><\/a><\/td><td class=\"has-text-align-center\" data-align=\"center\"><a href=\"https:\/\/www.emuca.es\/catalogo\/herrajes\/outlet-es\/productos-outlet-es\/equipamiento-para-muebles\/kit-keeper\" target=\"_blank\" rel=\"noreferrer noopener\" aria-label=\"\ufffc (se abre en una nueva pesta\u00f1a)\"><img loading=\"lazy\" decoding=\"async\" width=\"300\" height=\"300\" class=\"wp-image-214\" style=\"width: 300px;\" src=\"http:\/\/blog.emuca.com\/wp-content\/uploads\/2019\/12\/8432393010830.jpg\" alt=\"\"><\/a><\/td><\/tr><tr><td class=\"has-text-align-left\" data-align=\"left\"> Para m\u00f3dulos de:                                                                  <\/td><td class=\"has-text-align-center\" data-align=\"center\">600 mm<\/td><td class=\"has-text-align-center\" data-align=\"center\">600 mm, 800 mm, 900 mm<\/td><td class=\"has-text-align-center\" data-align=\"center\"> 600 mm, 800 mm, 900 mm <\/td><td class=\"has-text-align-center\" data-align=\"center\"> 600 mm <\/td><td class=\"has-text-align-center\" data-align=\"center\"> 600 mm, 800 mm, 900 mm <\/td><td class=\"has-text-align-center\" data-align=\"center\"> 600 mm, 800 mm, 900 mm <\/td><\/tr><tr><td class=\"has-text-align-left\" data-align=\"left\">Ancho regulable<\/td><td class=\"has-text-align-center\" data-align=\"center\">S\u00ed<\/td><td class=\"has-text-align-center\" data-align=\"center\"> S\u00ed <\/td><td class=\"has-text-align-center\" data-align=\"center\"> S\u00ed <\/td><td class=\"has-text-align-center\" data-align=\"center\"> S\u00ed <\/td><td class=\"has-text-align-center\" data-align=\"center\"> S\u00ed <\/td><td class=\"has-text-align-center\" data-align=\"center\"> S\u00ed <\/td><\/tr><tr><td class=\"has-text-align-left\" data-align=\"left\">Gu\u00edas con cierre suave<\/td><td class=\"has-text-align-center\" data-align=\"center\"> S\u00ed <\/td><td class=\"has-text-align-center\" data-align=\"center\"> S\u00ed <\/td><td class=\"has-text-align-center\" data-align=\"center\"> S\u00ed <\/td><td class=\"has-text-align-center\" data-align=\"center\"> S\u00ed <\/td><td class=\"has-text-align-center\" data-align=\"center\"> S\u00ed <\/td><td class=\"has-text-align-center\" data-align=\"center\"> No<\/td><\/tr><tr><td class=\"has-text-align-left\" data-align=\"left\">Color<\/td><td class=\"has-text-align-center\" data-align=\"center\">Moka<\/td><td class=\"has-text-align-center\" data-align=\"center\">Moka<\/td><td class=\"has-text-align-center\" data-align=\"center\">Moka<\/td><td class=\"has-text-align-center\" data-align=\"center\">Moka<\/td><td class=\"has-text-align-center\" data-align=\"center\">Moka<\/td><td class=\"has-text-align-center\" data-align=\"center\">Anodizado Mate<\/td><\/tr><tr><td class=\"has-text-align-left\" data-align=\"left\">Alto<\/td><td class=\"has-text-align-center\" data-align=\"center\">86 mm<\/td><td class=\"has-text-align-center\" data-align=\"center\">124 mm<\/td><td class=\"has-text-align-center\" data-align=\"center\">65 mm<\/td><td class=\"has-text-align-center\" data-align=\"center\">463 mm<\/td><td class=\"has-text-align-center\" data-align=\"center\">201 mm<\/td><td class=\"has-text-align-center\" data-align=\"center\">124 mm<\/td><\/tr><\/tbody><\/table><\/figure>\n\n\n\n<p style=\"text-align: justify;\">En Emuca tenemos una gran selecci\u00f3n de equipamiento para <a href=\"https:\/\/www.emuca.es\/ambientes\/armario\" target=\"_blank\" rel=\"noreferrer noopener\" aria-label=\"armarios y vestidores (se abre en una nueva pesta\u00f1a)\">armarios y vestidores<\/a> con la que podr\u00e1s inspirarte.<\/p>\n","protected":false},"excerpt":{"rendered":"<p>Guarda il tuo armadio. Un\u2019asta per appendere le camicie, una cassettiera, forse uno spazio nella parte inferiore per le scarpe\u2026 Quanto spazio vuoto rimane inutilizzato ma che potresti sfruttare? Si tratta di spazio che, con gli accessori adatti, puoi sfruttare per disporre al meglio i tuoi abiti e i tuoi accessori. Ti proponiamo quattro idee &hellip; <\/p>\n<p class=\"link-more\"><a href=\"https:\/\/blog.emuca.com\/it\/cat\/non-categorizzato\/ideas-para-aprovechar-el-espacio-en-tu-armario\/\" class=\"more-link\">Leggi tutto<span class=\"screen-reader-text\"> &#8220;Idee per ottimizzare lo spazio nel tuo armadio con accessori per cabina armadio&#8221;<\/span><\/a><\/p>\n","protected":false},"author":2,"featured_media":389,"comment_status":"closed","ping_status":"open","sticky":false,"template":"","format":"standard","meta":{"footnotes":""},"categories":[20],"tags":[],"class_list":["post-176","post","type-post","status-publish","format-standard","has-post-thumbnail","hentry","category-non-categorizzato","entry"],"yoast_head":"<!-- This site is optimized with the Yoast SEO plugin v24.1 - https:\/\/yoast.com\/wordpress\/plugins\/seo\/ -->\n<title>Idee per ottimizzare lo spazio nel tuo armadio con accessori per cabina armadio - Emuca blog<\/title>\n<meta name=\"robots\" content=\"index, follow, max-snippet:-1, max-image-preview:large, max-video-preview:-1\" \/>\n<link rel=\"canonical\" href=\"https:\/\/blog.emuca.com\/it\/cat\/non-categorizzato\/ideas-para-aprovechar-el-espacio-en-tu-armario\/\" \/>\n<meta property=\"og:locale\" content=\"it_IT\" \/>\n<meta property=\"og:type\" content=\"article\" \/>\n<meta property=\"og:title\" content=\"Idee per ottimizzare lo spazio nel tuo armadio con accessori per cabina armadio - Emuca blog\" \/>\n<meta property=\"og:description\" content=\"Guarda il tuo armadio. Un\u2019asta per appendere le camicie, una cassettiera, forse uno spazio nella parte inferiore per le scarpe\u2026 Quanto spazio vuoto rimane inutilizzato ma che potresti sfruttare? Si tratta di spazio che, con gli accessori adatti, puoi sfruttare per disporre al meglio i tuoi abiti e i tuoi accessori. Ti proponiamo quattro idee &hellip; Leggi tutto &quot;Idee per ottimizzare lo spazio nel tuo armadio con accessori per cabina armadio&quot;\" \/>\n<meta property=\"og:url\" content=\"https:\/\/blog.emuca.com\/it\/cat\/non-categorizzato\/ideas-para-aprovechar-el-espacio-en-tu-armario\/\" \/>\n<meta property=\"og:site_name\" content=\"Emuca blog\" \/>\n<meta property=\"article:publisher\" content=\"https:\/\/www.facebook.com\/EmucaGroup\" \/>\n<meta property=\"article:published_time\" content=\"2019-12-10T14:36:45+00:00\" \/>\n<meta property=\"article:modified_time\" content=\"2020-01-10T13:52:23+00:00\" \/>\n<meta property=\"og:image\" content=\"https:\/\/blog.emuca.com\/wp-content\/uploads\/2019\/12\/Accesorios-armario-1.png\" \/>\n\t<meta property=\"og:image:width\" content=\"900\" \/>\n\t<meta property=\"og:image:height\" content=\"453\" \/>\n\t<meta property=\"og:image:type\" content=\"image\/png\" \/>\n<meta name=\"author\" content=\"Emuca\" \/>\n<meta name=\"twitter:card\" content=\"summary_large_image\" \/>\n<meta name=\"twitter:label1\" content=\"Scritto da\" \/>\n\t<meta name=\"twitter:data1\" content=\"Emuca\" \/>\n\t<meta name=\"twitter:label2\" content=\"Tempo di lettura stimato\" \/>\n\t<meta name=\"twitter:data2\" content=\"5 minuti\" \/>\n<script type=\"application\/ld+json\" class=\"yoast-schema-graph\">{\"@context\":\"https:\/\/schema.org\",\"@graph\":[{\"@type\":\"Article\",\"@id\":\"https:\/\/blog.emuca.com\/it\/cat\/non-categorizzato\/ideas-para-aprovechar-el-espacio-en-tu-armario\/#article\",\"isPartOf\":{\"@id\":\"https:\/\/blog.emuca.com\/it\/cat\/non-categorizzato\/ideas-para-aprovechar-el-espacio-en-tu-armario\/\"},\"author\":{\"name\":\"Emuca\",\"@id\":\"https:\/\/blog.emuca.com\/#\/schema\/person\/81560ca037d9c1ed19744a85ef9cbe2a\"},\"headline\":\"Idee per ottimizzare lo spazio nel tuo armadio con accessori per cabina armadio\",\"datePublished\":\"2019-12-10T14:36:45+00:00\",\"dateModified\":\"2020-01-10T13:52:23+00:00\",\"mainEntityOfPage\":{\"@id\":\"https:\/\/blog.emuca.com\/it\/cat\/non-categorizzato\/ideas-para-aprovechar-el-espacio-en-tu-armario\/\"},\"wordCount\":1092,\"publisher\":{\"@id\":\"https:\/\/blog.emuca.com\/#organization\"},\"image\":{\"@id\":\"https:\/\/blog.emuca.com\/it\/cat\/non-categorizzato\/ideas-para-aprovechar-el-espacio-en-tu-armario\/#primaryimage\"},\"thumbnailUrl\":\"https:\/\/blog.emuca.com\/wp-content\/uploads\/2019\/12\/Accesorios-armario-1.png\",\"articleSection\":[\"Non categorizzato\"],\"inLanguage\":\"it-IT\"},{\"@type\":\"WebPage\",\"@id\":\"https:\/\/blog.emuca.com\/it\/cat\/non-categorizzato\/ideas-para-aprovechar-el-espacio-en-tu-armario\/\",\"url\":\"https:\/\/blog.emuca.com\/it\/cat\/non-categorizzato\/ideas-para-aprovechar-el-espacio-en-tu-armario\/\",\"name\":\"Idee per ottimizzare lo spazio nel tuo armadio con accessori per cabina armadio - Emuca blog\",\"isPartOf\":{\"@id\":\"https:\/\/blog.emuca.com\/#website\"},\"primaryImageOfPage\":{\"@id\":\"https:\/\/blog.emuca.com\/it\/cat\/non-categorizzato\/ideas-para-aprovechar-el-espacio-en-tu-armario\/#primaryimage\"},\"image\":{\"@id\":\"https:\/\/blog.emuca.com\/it\/cat\/non-categorizzato\/ideas-para-aprovechar-el-espacio-en-tu-armario\/#primaryimage\"},\"thumbnailUrl\":\"https:\/\/blog.emuca.com\/wp-content\/uploads\/2019\/12\/Accesorios-armario-1.png\",\"datePublished\":\"2019-12-10T14:36:45+00:00\",\"dateModified\":\"2020-01-10T13:52:23+00:00\",\"inLanguage\":\"it-IT\",\"potentialAction\":[{\"@type\":\"ReadAction\",\"target\":[\"https:\/\/blog.emuca.com\/it\/cat\/non-categorizzato\/ideas-para-aprovechar-el-espacio-en-tu-armario\/\"]}]},{\"@type\":\"ImageObject\",\"inLanguage\":\"it-IT\",\"@id\":\"https:\/\/blog.emuca.com\/it\/cat\/non-categorizzato\/ideas-para-aprovechar-el-espacio-en-tu-armario\/#primaryimage\",\"url\":\"https:\/\/blog.emuca.com\/wp-content\/uploads\/2019\/12\/Accesorios-armario-1.png\",\"contentUrl\":\"https:\/\/blog.emuca.com\/wp-content\/uploads\/2019\/12\/Accesorios-armario-1.png\",\"width\":900,\"height\":453},{\"@type\":\"WebSite\",\"@id\":\"https:\/\/blog.emuca.com\/#website\",\"url\":\"https:\/\/blog.emuca.com\/\",\"name\":\"Emuca blog\",\"description\":\"\",\"publisher\":{\"@id\":\"https:\/\/blog.emuca.com\/#organization\"},\"potentialAction\":[{\"@type\":\"SearchAction\",\"target\":{\"@type\":\"EntryPoint\",\"urlTemplate\":\"https:\/\/blog.emuca.com\/?s={search_term_string}\"},\"query-input\":{\"@type\":\"PropertyValueSpecification\",\"valueRequired\":true,\"valueName\":\"search_term_string\"}}],\"inLanguage\":\"it-IT\"},{\"@type\":\"Organization\",\"@id\":\"https:\/\/blog.emuca.com\/#organization\",\"name\":\"emuca\",\"url\":\"https:\/\/blog.emuca.com\/\",\"logo\":{\"@type\":\"ImageObject\",\"inLanguage\":\"it-IT\",\"@id\":\"https:\/\/blog.emuca.com\/#\/schema\/logo\/image\/\",\"url\":\"https:\/\/blog.emuca.com\/wp-content\/uploads\/2024\/05\/cropped-logo-emuca-menu.png\",\"contentUrl\":\"https:\/\/blog.emuca.com\/wp-content\/uploads\/2024\/05\/cropped-logo-emuca-menu.png\",\"width\":190,\"height\":190,\"caption\":\"emuca\"},\"image\":{\"@id\":\"https:\/\/blog.emuca.com\/#\/schema\/logo\/image\/\"},\"sameAs\":[\"https:\/\/www.facebook.com\/EmucaGroup\"]},{\"@type\":\"Person\",\"@id\":\"https:\/\/blog.emuca.com\/#\/schema\/person\/81560ca037d9c1ed19744a85ef9cbe2a\",\"name\":\"Emuca\",\"url\":\"https:\/\/blog.emuca.com\/it\/cat\/author\/emuca\/\"}]}<\/script>\n<!-- \/ Yoast SEO plugin. -->","yoast_head_json":{"title":"Idee per ottimizzare lo spazio nel tuo armadio con accessori per cabina armadio - Emuca blog","robots":{"index":"index","follow":"follow","max-snippet":"max-snippet:-1","max-image-preview":"max-image-preview:large","max-video-preview":"max-video-preview:-1"},"canonical":"https:\/\/blog.emuca.com\/it\/cat\/non-categorizzato\/ideas-para-aprovechar-el-espacio-en-tu-armario\/","og_locale":"it_IT","og_type":"article","og_title":"Idee per ottimizzare lo spazio nel tuo armadio con accessori per cabina armadio - Emuca blog","og_description":"Guarda il tuo armadio. Un\u2019asta per appendere le camicie, una cassettiera, forse uno spazio nella parte inferiore per le scarpe\u2026 Quanto spazio vuoto rimane inutilizzato ma che potresti sfruttare? Si tratta di spazio che, con gli accessori adatti, puoi sfruttare per disporre al meglio i tuoi abiti e i tuoi accessori. Ti proponiamo quattro idee &hellip; Leggi tutto \"Idee per ottimizzare lo spazio nel tuo armadio con accessori per cabina armadio\"","og_url":"https:\/\/blog.emuca.com\/it\/cat\/non-categorizzato\/ideas-para-aprovechar-el-espacio-en-tu-armario\/","og_site_name":"Emuca blog","article_publisher":"https:\/\/www.facebook.com\/EmucaGroup","article_published_time":"2019-12-10T14:36:45+00:00","article_modified_time":"2020-01-10T13:52:23+00:00","og_image":[{"width":900,"height":453,"url":"https:\/\/blog.emuca.com\/wp-content\/uploads\/2019\/12\/Accesorios-armario-1.png","type":"image\/png"}],"author":"Emuca","twitter_card":"summary_large_image","twitter_misc":{"Scritto da":"Emuca","Tempo di lettura stimato":"5 minuti"},"schema":{"@context":"https:\/\/schema.org","@graph":[{"@type":"Article","@id":"https:\/\/blog.emuca.com\/it\/cat\/non-categorizzato\/ideas-para-aprovechar-el-espacio-en-tu-armario\/#article","isPartOf":{"@id":"https:\/\/blog.emuca.com\/it\/cat\/non-categorizzato\/ideas-para-aprovechar-el-espacio-en-tu-armario\/"},"author":{"name":"Emuca","@id":"https:\/\/blog.emuca.com\/#\/schema\/person\/81560ca037d9c1ed19744a85ef9cbe2a"},"headline":"Idee per ottimizzare lo spazio nel tuo armadio con accessori per cabina armadio","datePublished":"2019-12-10T14:36:45+00:00","dateModified":"2020-01-10T13:52:23+00:00","mainEntityOfPage":{"@id":"https:\/\/blog.emuca.com\/it\/cat\/non-categorizzato\/ideas-para-aprovechar-el-espacio-en-tu-armario\/"},"wordCount":1092,"publisher":{"@id":"https:\/\/blog.emuca.com\/#organization"},"image":{"@id":"https:\/\/blog.emuca.com\/it\/cat\/non-categorizzato\/ideas-para-aprovechar-el-espacio-en-tu-armario\/#primaryimage"},"thumbnailUrl":"https:\/\/blog.emuca.com\/wp-content\/uploads\/2019\/12\/Accesorios-armario-1.png","articleSection":["Non categorizzato"],"inLanguage":"it-IT"},{"@type":"WebPage","@id":"https:\/\/blog.emuca.com\/it\/cat\/non-categorizzato\/ideas-para-aprovechar-el-espacio-en-tu-armario\/","url":"https:\/\/blog.emuca.com\/it\/cat\/non-categorizzato\/ideas-para-aprovechar-el-espacio-en-tu-armario\/","name":"Idee per ottimizzare lo spazio nel tuo armadio con accessori per cabina armadio - Emuca blog","isPartOf":{"@id":"https:\/\/blog.emuca.com\/#website"},"primaryImageOfPage":{"@id":"https:\/\/blog.emuca.com\/it\/cat\/non-categorizzato\/ideas-para-aprovechar-el-espacio-en-tu-armario\/#primaryimage"},"image":{"@id":"https:\/\/blog.emuca.com\/it\/cat\/non-categorizzato\/ideas-para-aprovechar-el-espacio-en-tu-armario\/#primaryimage"},"thumbnailUrl":"https:\/\/blog.emuca.com\/wp-content\/uploads\/2019\/12\/Accesorios-armario-1.png","datePublished":"2019-12-10T14:36:45+00:00","dateModified":"2020-01-10T13:52:23+00:00","inLanguage":"it-IT","potentialAction":[{"@type":"ReadAction","target":["https:\/\/blog.emuca.com\/it\/cat\/non-categorizzato\/ideas-para-aprovechar-el-espacio-en-tu-armario\/"]}]},{"@type":"ImageObject","inLanguage":"it-IT","@id":"https:\/\/blog.emuca.com\/it\/cat\/non-categorizzato\/ideas-para-aprovechar-el-espacio-en-tu-armario\/#primaryimage","url":"https:\/\/blog.emuca.com\/wp-content\/uploads\/2019\/12\/Accesorios-armario-1.png","contentUrl":"https:\/\/blog.emuca.com\/wp-content\/uploads\/2019\/12\/Accesorios-armario-1.png","width":900,"height":453},{"@type":"WebSite","@id":"https:\/\/blog.emuca.com\/#website","url":"https:\/\/blog.emuca.com\/","name":"Emuca blog","description":"","publisher":{"@id":"https:\/\/blog.emuca.com\/#organization"},"potentialAction":[{"@type":"SearchAction","target":{"@type":"EntryPoint","urlTemplate":"https:\/\/blog.emuca.com\/?s={search_term_string}"},"query-input":{"@type":"PropertyValueSpecification","valueRequired":true,"valueName":"search_term_string"}}],"inLanguage":"it-IT"},{"@type":"Organization","@id":"https:\/\/blog.emuca.com\/#organization","name":"emuca","url":"https:\/\/blog.emuca.com\/","logo":{"@type":"ImageObject","inLanguage":"it-IT","@id":"https:\/\/blog.emuca.com\/#\/schema\/logo\/image\/","url":"https:\/\/blog.emuca.com\/wp-content\/uploads\/2024\/05\/cropped-logo-emuca-menu.png","contentUrl":"https:\/\/blog.emuca.com\/wp-content\/uploads\/2024\/05\/cropped-logo-emuca-menu.png","width":190,"height":190,"caption":"emuca"},"image":{"@id":"https:\/\/blog.emuca.com\/#\/schema\/logo\/image\/"},"sameAs":["https:\/\/www.facebook.com\/EmucaGroup"]},{"@type":"Person","@id":"https:\/\/blog.emuca.com\/#\/schema\/person\/81560ca037d9c1ed19744a85ef9cbe2a","name":"Emuca","url":"https:\/\/blog.emuca.com\/it\/cat\/author\/emuca\/"}]}},"_links":{"self":[{"href":"https:\/\/blog.emuca.com\/it\/wp-json\/wp\/v2\/posts\/176","targetHints":{"allow":["GET"]}}],"collection":[{"href":"https:\/\/blog.emuca.com\/it\/wp-json\/wp\/v2\/posts"}],"about":[{"href":"https:\/\/blog.emuca.com\/it\/wp-json\/wp\/v2\/types\/post"}],"author":[{"embeddable":true,"href":"https:\/\/blog.emuca.com\/it\/wp-json\/wp\/v2\/users\/2"}],"replies":[{"embeddable":true,"href":"https:\/\/blog.emuca.com\/it\/wp-json\/wp\/v2\/comments?post=176"}],"version-history":[{"count":66,"href":"https:\/\/blog.emuca.com\/it\/wp-json\/wp\/v2\/posts\/176\/revisions"}],"predecessor-version":[{"id":375,"href":"https:\/\/blog.emuca.com\/it\/wp-json\/wp\/v2\/posts\/176\/revisions\/375"}],"wp:featuredmedia":[{"embeddable":true,"href":"https:\/\/blog.emuca.com\/it\/wp-json\/wp\/v2\/media\/389"}],"wp:attachment":[{"href":"https:\/\/blog.emuca.com\/it\/wp-json\/wp\/v2\/media?parent=176"}],"wp:term":[{"taxonomy":"category","embeddable":true,"href":"https:\/\/blog.emuca.com\/it\/wp-json\/wp\/v2\/categories?post=176"},{"taxonomy":"post_tag","embeddable":true,"href":"https:\/\/blog.emuca.com\/it\/wp-json\/wp\/v2\/tags?post=176"}],"curies":[{"name":"wp","href":"https:\/\/api.w.org\/{rel}","templated":true}]}}