{"id":15357,"date":"2021-03-29T08:23:55","date_gmt":"2021-03-29T06:23:55","guid":{"rendered":"http:\/\/blogs.emuca.com\/nblog\/cat\/non-categorizzato\/perche-le-gambe-dei-mobili-regolabili-sono-una-tendenza-negli-uffici\/"},"modified":"2021-03-29T08:23:55","modified_gmt":"2021-03-29T06:23:55","slug":"perche-le-gambe-dei-mobili-regolabili-sono-una-tendenza-negli-uffici","status":"publish","type":"post","link":"https:\/\/blog.emuca.com\/it\/cat\/tendenze\/perche-le-gambe-dei-mobili-regolabili-sono-una-tendenza-negli-uffici\/","title":{"rendered":"Perch\u00e9 le gambe dei mobili regolabili sono una tendenza negli uffici"},"content":{"rendered":"\t\t<div data-elementor-type=\"wp-post\" data-elementor-id=\"15357\" class=\"elementor elementor-15357 elementor-13909\">\n\t\t\t\t\t\t<section class=\"elementor-section elementor-top-section elementor-element elementor-element-78d09657 elementor-section-boxed elementor-section-height-default elementor-section-height-default\" data-id=\"78d09657\" data-element_type=\"section\" data-e-type=\"section\">\n\t\t\t\t\t\t<div class=\"elementor-container elementor-column-gap-default\">\n\t\t\t\t\t<div class=\"elementor-column elementor-col-100 elementor-top-column elementor-element elementor-element-7f36cfc4\" data-id=\"7f36cfc4\" data-element_type=\"column\" data-e-type=\"column\">\n\t\t\t<div class=\"elementor-widget-wrap elementor-element-populated\">\n\t\t\t\t\t\t<div class=\"elementor-element elementor-element-114104c3 elementor-widget elementor-widget-text-editor\" data-id=\"114104c3\" data-element_type=\"widget\" data-e-type=\"widget\" data-widget_type=\"text-editor.default\">\n\t\t\t\t<div class=\"elementor-widget-container\">\n\t\t\t\t\t\t\t\t\t<p>Il luogo in cui trascorriamo la maggior parte del tempo, come regola generale, \u00e8<strong> al lavoro<\/strong>. Ci alziamo, andiamo al nostro posto, addirittura mangiamo l\u00ec, e dopo aver terminato i nostri compiti torniamo a casa o finiamo di completare il resto della nostra routine quotidiana . L&#8217;orario di lavoro \u00e8 solitamente di 8 ore, ma a seconda dei casi, pu\u00f2 essere un lasso di tempo pi\u00f9 lungo.<\/p>\n<p>Per questo \u00e8 fondamentale che <strong>lo spazio in cui si lavora sia comodo, ergonomico e pratico<\/strong>. E, senza dubbio, i tuoi progetti devono concentrarsi per soddisfare le richieste dei tuoi clienti.<\/p>\n<p>Le <a href=\"https:\/\/www.emuca.it\/basi\/gambe-per-tavoli\"><strong>gambe regolabili\u00a0 <\/strong><\/a>\u00a0\u00a0sono diventate un requisito essenziale per gli uffici, in quanto consentono, come suggerisce il nome, <strong>di regolare l&#8217;altezza del mobile<\/strong> per adattarlo alle esigenze di ogni professionista.<\/p>\n<p>Noi di \u00a0<a href=\"https:\/\/www.emuca.it\/\"><strong>Emuca<\/strong><\/a>, in qualit\u00e0 di esperti nella commercializzazione di complementi di arredo, dedicheremo questo articolo per spiegare tutto quello che c&#8217;\u00e8 da sapere. In modo tale che i tuoi progetti forniscano i massimi vantaggi possibili.<\/p>\n\t\t\t\t\t\t\t\t<\/div>\n\t\t\t\t<\/div>\n\t\t\t\t<div class=\"elementor-element elementor-element-19f0f22 elementor-widget elementor-widget-spacer\" data-id=\"19f0f22\" data-element_type=\"widget\" data-e-type=\"widget\" data-widget_type=\"spacer.default\">\n\t\t\t\t<div class=\"elementor-widget-container\">\n\t\t\t\t\t\t\t<div class=\"elementor-spacer\">\n\t\t\t<div class=\"elementor-spacer-inner\"><\/div>\n\t\t<\/div>\n\t\t\t\t\t\t<\/div>\n\t\t\t\t<\/div>\n\t\t\t\t\t<\/div>\n\t\t<\/div>\n\t\t\t\t\t<\/div>\n\t\t<\/section>\n\t\t\t\t<section class=\"elementor-section elementor-top-section elementor-element elementor-element-78a5044 elementor-section-boxed elementor-section-height-default elementor-section-height-default\" data-id=\"78a5044\" data-element_type=\"section\" data-e-type=\"section\">\n\t\t\t\t\t\t<div class=\"elementor-container elementor-column-gap-default\">\n\t\t\t\t\t<div class=\"elementor-column elementor-col-100 elementor-top-column elementor-element elementor-element-ae5d284\" data-id=\"ae5d284\" data-element_type=\"column\" data-e-type=\"column\">\n\t\t\t<div class=\"elementor-widget-wrap elementor-element-populated\">\n\t\t\t\t\t\t<div class=\"elementor-element elementor-element-a13fdae elementor-widget elementor-widget-text-editor\" data-id=\"a13fdae\" data-element_type=\"widget\" data-e-type=\"widget\" data-widget_type=\"text-editor.default\">\n\t\t\t\t<div class=\"elementor-widget-container\">\n\t\t\t\t\t\t\t\t\t<h2><strong>La nuova generazione di spazi da lavoro, come sono oggi?<\/strong><\/h2>\n<p>Con la pandemia Covid-19, il <strong>telelavoro <\/strong>\u00e8 diventato molto comune e frequente. C&#8217;\u00e8 anche chi afferma che molti di coloro che hanno iniziato questa nuova tipologia di lavoro non torneranno pi\u00f9 in presenza sul posto di lavoro.<\/p>\n<p>Pertanto, \u00e8 inevitabile presumere che <strong>gli spazi di lavoro siano cambiati <\/strong>e che, come professionisti, dobbiamo adattarci alle nuove esigenze e richieste dei clienti.<\/p>\n<p>Attualmente,<strong> le postazioni di lavoro sono diventate spazi ampi, ordinati, ergonomici, pratici, confortevoli ed estetici<\/strong>. Combinare tutti questi requisiti in un unico progetto, richiede una buona pianificazione e conoscenza di tutte le opzioni che abbiamo a disposizione.<\/p>\n<p>&nbsp;<\/p>\n<p><em>\u00a0Potresti essere interessato a <\/em>\u00a0<a href=\"https:\/\/www.emuca.it\/blog\/cat\/tendenze\/nuove-tendenze-nellilluminazione-degli-uffici\/\"><strong><em>Nuove tendenze nell&#8217;illuminazione per uffici<\/em><\/strong><\/a><\/p>\n<p>&nbsp;<\/p>\n<p>Pertanto, noi di \u00a0<a href=\"https:\/\/www.emuca.it\/\"><strong>Emuca <\/strong><\/a>\u00a0vogliamo tenerti sempre informato su tutte le novit\u00e0 e sugli accessori <strong>che stanno creando tendenza<\/strong> affinch\u00e9 possiate applicarli nei vostri progetti.<\/p>\n\t\t\t\t\t\t\t\t<\/div>\n\t\t\t\t<\/div>\n\t\t\t\t<div class=\"elementor-element elementor-element-1ab044e elementor-widget elementor-widget-spacer\" data-id=\"1ab044e\" data-element_type=\"widget\" data-e-type=\"widget\" data-widget_type=\"spacer.default\">\n\t\t\t\t<div class=\"elementor-widget-container\">\n\t\t\t\t\t\t\t<div class=\"elementor-spacer\">\n\t\t\t<div class=\"elementor-spacer-inner\"><\/div>\n\t\t<\/div>\n\t\t\t\t\t\t<\/div>\n\t\t\t\t<\/div>\n\t\t\t\t<div class=\"elementor-element elementor-element-aa7f951 elementor-widget elementor-widget-html\" data-id=\"aa7f951\" data-element_type=\"widget\" data-e-type=\"widget\" data-widget_type=\"html.default\">\n\t\t\t\t<div class=\"elementor-widget-container\">\n\t\t\t\t\t<!--HubSpot Call-to-Action Code --><span class=\"hs-cta-wrapper\" id=\"hs-cta-wrapper-e0dc540a-294e-4999-a93c-e299aaa3ad1a\"><span class=\"hs-cta-node hs-cta-e0dc540a-294e-4999-a93c-e299aaa3ad1a\" id=\"hs-cta-e0dc540a-294e-4999-a93c-e299aaa3ad1a\"><!--[if lte IE 8]><div id=\"hs-cta-ie-element\"><\/div><![endif]--><a href=\"https:\/\/cta-redirect.hubspot.com\/cta\/redirect\/4071763\/e0dc540a-294e-4999-a93c-e299aaa3ad1a\"  target=\"_blank\" ><img fetchpriority=\"high\" decoding=\"async\" class=\"hs-cta-img\" id=\"hs-cta-img-e0dc540a-294e-4999-a93c-e299aaa3ad1a\" style=\"border-width:0px;\" height=\"307\" width=\"1137\" src=\"https:\/\/no-cache.hubspot.com\/cta\/default\/4071763\/e0dc540a-294e-4999-a93c-e299aaa3ad1a.png\"  alt=\"Nueva llamada a la acci\u00f3n\"\/><\/a><\/span><script charset=\"utf-8\" src=\"https:\/\/js.hscta.net\/cta\/current.js\"><\/script><script type=\"text\/javascript\"> hbspt.cta.load(4071763, 'e0dc540a-294e-4999-a93c-e299aaa3ad1a', {\"region\":\"na1\"}); <\/script><\/span><!-- end HubSpot Call-to-Action Code -->\t\t\t\t<\/div>\n\t\t\t\t<\/div>\n\t\t\t\t<div class=\"elementor-element elementor-element-12a70cf elementor-widget elementor-widget-spacer\" data-id=\"12a70cf\" data-element_type=\"widget\" data-e-type=\"widget\" data-widget_type=\"spacer.default\">\n\t\t\t\t<div class=\"elementor-widget-container\">\n\t\t\t\t\t\t\t<div class=\"elementor-spacer\">\n\t\t\t<div class=\"elementor-spacer-inner\"><\/div>\n\t\t<\/div>\n\t\t\t\t\t\t<\/div>\n\t\t\t\t<\/div>\n\t\t\t\t\t<\/div>\n\t\t<\/div>\n\t\t\t\t\t<\/div>\n\t\t<\/section>\n\t\t\t\t<section class=\"elementor-section elementor-top-section elementor-element elementor-element-f2e1589 elementor-section-boxed elementor-section-height-default elementor-section-height-default\" data-id=\"f2e1589\" data-element_type=\"section\" data-e-type=\"section\">\n\t\t\t\t\t\t<div class=\"elementor-container elementor-column-gap-default\">\n\t\t\t\t\t<div class=\"elementor-column elementor-col-100 elementor-top-column elementor-element elementor-element-d08f1c7\" data-id=\"d08f1c7\" data-element_type=\"column\" data-e-type=\"column\">\n\t\t\t<div class=\"elementor-widget-wrap elementor-element-populated\">\n\t\t\t\t\t\t<div class=\"elementor-element elementor-element-bea5613 elementor-widget elementor-widget-text-editor\" data-id=\"bea5613\" data-element_type=\"widget\" data-e-type=\"widget\" data-widget_type=\"text-editor.default\">\n\t\t\t\t<div class=\"elementor-widget-container\">\n\t\t\t\t\t\t\t\t\t<h2><strong>Perch\u00e9 \u00e8 necessario scegliere le gambe regolabili per i mobili da ufficio?<\/strong><\/h2>\n<p>Ogni professione ha le sue esigenze quando si tratta di poter lavorare e, a seconda dello spazio di lavoro in cui lo si svolge, sono necessari alcuni elementi piuttosto che altri.<\/p>\n<p>Le \u00a0<a href=\"https:\/\/www.emuca.it\/basi\/gambe-per-tavoli\"><strong>gambe regolabili <\/strong><\/a>\u00a0\u00a0non sono pi\u00f9 solo questione di estetica, ma devono\u00a0 <strong>migliorare il confort<\/strong> diventando una necessit\u00e0 fondamentale. Nelle sale polivalenti, ad esempio, gli spazi di lavoro sono condivisi. Ma, servono anche per riposare. Quindi includere mobili con questo <strong>tipo di accessori<\/strong> pu\u00f2 essere davvero pratico, come ad esempio il nostro modello <a href=\"https:\/\/www.emuca.it\/basi\/gambe-per-tavoli\/gambe-fitwid\/emuca-gambe-regolabili-per-tavolo-fitwid\/emuca-gamba-per-tavolo-quadrata-regolabile-710-730-mm-alluminio-anodizzato-opaco\"><strong>di gambe mobili regolabili\u00a0 Fitwid.<\/strong><\/a><\/p>\n<p>Tuttavia, ci sono anche alcune professioni che necessitano di <strong>gambe telescopiche<\/strong> per poter <strong>migliorare il proprio ritmo di lavoro,<\/strong> come architetti, designer &#8230;<\/p>\n<p>Nella ricerca di un posto di lavoro <strong>comodo e funzionale che si adatti alle esigenze<\/strong>, non pu\u00f2 mancare una buona combinazione di \u00a0<a href=\"https:\/\/www.emuca.it\/blog\/cat\/ufficio\/accessori-per-mobili-da-ufficio-crea-un-ambiente-di-lavoro-comodo-e-funzionale\/\"><strong>accessori per mobili da ufficio <\/strong><\/a>\u00a0che lo render\u00e0 <strong>il luogo ideale per sviluppare la vostra attivit\u00e0 professionale .<\/strong><\/p>\n<p><strong>\u00a0<\/strong><\/p>\n<p><em>Potresti anche essere interessato <\/em>\u00a0<a href=\"https:\/\/www.emuca.it\/blog\/cat\/notizie-correnti\/di-cosa-ho-bisogno-per-progettare-un-ufficio-in-casa\/\"><strong><em>Come progettare un ufficio in casa?<\/em><\/strong><\/a><\/p>\n\t\t\t\t\t\t\t\t<\/div>\n\t\t\t\t<\/div>\n\t\t\t\t\t<\/div>\n\t\t<\/div>\n\t\t\t\t\t<\/div>\n\t\t<\/section>\n\t\t\t\t<section class=\"elementor-section elementor-top-section elementor-element elementor-element-0c76994 elementor-section-boxed elementor-section-height-default elementor-section-height-default\" data-id=\"0c76994\" data-element_type=\"section\" data-e-type=\"section\">\n\t\t\t\t\t\t<div class=\"elementor-container elementor-column-gap-default\">\n\t\t\t\t\t<div class=\"elementor-column elementor-col-100 elementor-top-column elementor-element elementor-element-a3d8197\" data-id=\"a3d8197\" data-element_type=\"column\" data-e-type=\"column\">\n\t\t\t<div class=\"elementor-widget-wrap elementor-element-populated\">\n\t\t\t\t\t\t<div class=\"elementor-element elementor-element-c4ea770 elementor-widget elementor-widget-spacer\" data-id=\"c4ea770\" data-element_type=\"widget\" data-e-type=\"widget\" data-widget_type=\"spacer.default\">\n\t\t\t\t<div class=\"elementor-widget-container\">\n\t\t\t\t\t\t\t<div class=\"elementor-spacer\">\n\t\t\t<div class=\"elementor-spacer-inner\"><\/div>\n\t\t<\/div>\n\t\t\t\t\t\t<\/div>\n\t\t\t\t<\/div>\n\t\t\t\t<div class=\"elementor-element elementor-element-e0b8049 elementor-widget elementor-widget-text-editor\" data-id=\"e0b8049\" data-element_type=\"widget\" data-e-type=\"widget\" data-widget_type=\"text-editor.default\">\n\t\t\t\t<div class=\"elementor-widget-container\">\n\t\t\t\t\t\t\t\t\t<h2><strong>Tipi di gambe regolabili per mobili da ufficio<\/strong><\/h2>\n<p>Esiste un&#8217;ampia variet\u00e0 di modelli di <strong>gambe per mobili regolabili<\/strong> che \u00e8 possibile scegliere in base all&#8217;altezza desiderata, al tipo di mobile, al colore, fisso o mobile, e all&#8217;estetica che si vuole conferirgli.<\/p>\n<p>Noi di <a href=\"https:\/\/www.emuca.it\/\"><strong>Emuca<\/strong><\/a>, ti offriamo un vasto assortimento in modo che tu possa scegliere quello che meglio si adatta a ciascuno dei tuoi progetti. Ad esempio, \u00a0<a href=\"https:\/\/www.emuca.it\/basi\/gambe-per-tavoli\/gamba-60\/emuca-gambe-regolabili-con-rotella-e-freno-d-60-mm\/emuca-gamba-per-tavolo-d-60-mm-rotella-con-freno-regolabili-735-755-mm-acciaio-grigio-metallizzato\"><strong>la gamba regolabile per un tavolo da 60 mm,<\/strong><\/a> <strong>\u00a0con ruota e freno integrato, nel colore grigio metallizzato. \u00a0<\/strong><\/p>\n<p>Oppure il modello \u00a0<a href=\"https:\/\/www.emuca.it\/basi\/gambe-per-tavoli\/gamba-60\"><strong>fisso da 60 mm<\/strong><\/a> \u00a0disponibile in diverse finiture.<\/p>\n<p>Ottenere i migliori risultati in ciascuno dei tuoi progetti \u00e8 a portata di mano. Includendo <a href=\"https:\/\/www.emuca.it\/basi\/gambe-per-tavoli\"><strong>gambe regolabili<\/strong><\/a> \u00a0ai mobili o inserendo tutti i <strong>tipi di complementi di arredo <\/strong>che <strong>riescono a migliorare e aumentare l&#8217;ergonomia e l&#8217;estetica di ogni spazio che stai creando.<\/strong><\/p>\n<p><strong>\u00a0<\/strong><\/p>\n<p>Alla fine, il tuo lavoro \u00e8 focalizzato sul <strong>migliorare la vita dei tuoi clienti<\/strong>, <strong>offrendo loro le migliori soluzioni e rendendoli cos\u00ec soddisfatti<\/strong> che ogni volta che hanno bisogno di qualcosa, si rivolgeranno a te.<\/p>\n<p>Allora \u00a0<a href=\"https:\/\/www.emuca.it\/\"><strong>visita il nostro sito<\/strong><\/a> e scopri tutto quello che ti offriamo per poter <strong>creare nuovi spazi in perfetta sintonia in materia di comfort ed estetica.<\/strong> <strong>\u00a0<\/strong><\/p>\n<p>E, naturalmente, se non riesci a trovare quello che stai cercando, contattaci! Ti aiuteremo a risolvere tutti i dubbi.<\/p>\n\t\t\t\t\t\t\t\t<\/div>\n\t\t\t\t<\/div>\n\t\t\t\t\t<\/div>\n\t\t<\/div>\n\t\t\t\t\t<\/div>\n\t\t<\/section>\n\t\t\t\t<\/div>\n\t\t","protected":false},"excerpt":{"rendered":"<p>Il luogo in cui trascorriamo la maggior parte del tempo, come regola generale, \u00e8 al lavoro. Ci alziamo, andiamo al nostro posto, addirittura mangiamo l\u00ec, e dopo aver terminato i nostri compiti torniamo a casa o finiamo di completare il resto della nostra routine quotidiana . L&#8217;orario di lavoro \u00e8 solitamente di 8 ore, ma &hellip; <\/p>\n<p class=\"link-more\"><a href=\"https:\/\/blog.emuca.com\/it\/cat\/tendenze\/perche-le-gambe-dei-mobili-regolabili-sono-una-tendenza-negli-uffici\/\" class=\"more-link\">Leggi tutto<span class=\"screen-reader-text\"> &#8220;Perch\u00e9 le gambe dei mobili regolabili sono una tendenza negli uffici&#8221;<\/span><\/a><\/p>\n","protected":false},"author":2,"featured_media":13942,"comment_status":"closed","ping_status":"closed","sticky":false,"template":"","format":"standard","meta":{"footnotes":""},"categories":[119],"tags":[],"class_list":["post-15357","post","type-post","status-publish","format-standard","has-post-thumbnail","hentry","category-tendenze","entry"],"yoast_head":"<!-- This site is optimized with the Yoast SEO plugin v24.1 - https:\/\/yoast.com\/wordpress\/plugins\/seo\/ -->\n<title>Gambe regolabili, l&#039;ultima tendenza negli uffici | Emuca<\/title>\n<meta name=\"description\" content=\"Scopri le migliori tendenze quando incorpori le gambe regolabili nei tuoi mobili da ufficio e rendilo uno spazio diverso\" \/>\n<meta name=\"robots\" content=\"index, follow, max-snippet:-1, max-image-preview:large, max-video-preview:-1\" \/>\n<link rel=\"canonical\" href=\"https:\/\/blog.emuca.com\/it\/cat\/tendenze\/perche-le-gambe-dei-mobili-regolabili-sono-una-tendenza-negli-uffici\/\" \/>\n<meta property=\"og:locale\" content=\"it_IT\" \/>\n<meta property=\"og:type\" content=\"article\" \/>\n<meta property=\"og:title\" content=\"Gambe regolabili, l&#039;ultima tendenza negli uffici | Emuca\" \/>\n<meta property=\"og:description\" content=\"Scopri le migliori tendenze quando incorpori le gambe regolabili nei tuoi mobili da ufficio e rendilo uno spazio diverso\" \/>\n<meta property=\"og:url\" content=\"https:\/\/blog.emuca.com\/it\/cat\/tendenze\/perche-le-gambe-dei-mobili-regolabili-sono-una-tendenza-negli-uffici\/\" \/>\n<meta property=\"og:site_name\" content=\"Emuca blog\" \/>\n<meta property=\"article:publisher\" content=\"https:\/\/www.facebook.com\/EmucaGroup\" \/>\n<meta property=\"article:published_time\" content=\"2021-03-29T06:23:55+00:00\" \/>\n<meta property=\"og:image\" content=\"https:\/\/blog.emuca.com\/wp-content\/uploads\/2021\/02\/EMUCA_HEADE-BLOG-1-copia-2.png\" \/>\n\t<meta property=\"og:image:width\" content=\"900\" \/>\n\t<meta property=\"og:image:height\" content=\"500\" \/>\n\t<meta property=\"og:image:type\" content=\"image\/png\" \/>\n<meta name=\"author\" content=\"Emuca\" \/>\n<meta name=\"twitter:card\" content=\"summary_large_image\" \/>\n<meta name=\"twitter:label1\" content=\"Scritto da\" \/>\n\t<meta name=\"twitter:data1\" content=\"Emuca\" \/>\n\t<meta name=\"twitter:label2\" content=\"Tempo di lettura stimato\" \/>\n\t<meta name=\"twitter:data2\" content=\"3 minuti\" \/>\n<script type=\"application\/ld+json\" class=\"yoast-schema-graph\">{\"@context\":\"https:\/\/schema.org\",\"@graph\":[{\"@type\":\"Article\",\"@id\":\"https:\/\/blog.emuca.com\/it\/cat\/tendenze\/perche-le-gambe-dei-mobili-regolabili-sono-una-tendenza-negli-uffici\/#article\",\"isPartOf\":{\"@id\":\"https:\/\/blog.emuca.com\/it\/cat\/tendenze\/perche-le-gambe-dei-mobili-regolabili-sono-una-tendenza-negli-uffici\/\"},\"author\":{\"name\":\"Emuca\",\"@id\":\"https:\/\/blog.emuca.com\/#\/schema\/person\/81560ca037d9c1ed19744a85ef9cbe2a\"},\"headline\":\"Perch\u00e9 le gambe dei mobili regolabili sono una tendenza negli uffici\",\"datePublished\":\"2021-03-29T06:23:55+00:00\",\"dateModified\":\"2021-03-29T06:23:55+00:00\",\"mainEntityOfPage\":{\"@id\":\"https:\/\/blog.emuca.com\/it\/cat\/tendenze\/perche-le-gambe-dei-mobili-regolabili-sono-una-tendenza-negli-uffici\/\"},\"wordCount\":705,\"publisher\":{\"@id\":\"https:\/\/blog.emuca.com\/#organization\"},\"image\":{\"@id\":\"https:\/\/blog.emuca.com\/it\/cat\/tendenze\/perche-le-gambe-dei-mobili-regolabili-sono-una-tendenza-negli-uffici\/#primaryimage\"},\"thumbnailUrl\":\"https:\/\/blog.emuca.com\/wp-content\/uploads\/2021\/02\/EMUCA_HEADE-BLOG-1-copia-2.png\",\"articleSection\":[\"Tendenze\"],\"inLanguage\":\"it-IT\"},{\"@type\":\"WebPage\",\"@id\":\"https:\/\/blog.emuca.com\/it\/cat\/tendenze\/perche-le-gambe-dei-mobili-regolabili-sono-una-tendenza-negli-uffici\/\",\"url\":\"https:\/\/blog.emuca.com\/it\/cat\/tendenze\/perche-le-gambe-dei-mobili-regolabili-sono-una-tendenza-negli-uffici\/\",\"name\":\"Gambe regolabili, l'ultima tendenza negli uffici | Emuca\",\"isPartOf\":{\"@id\":\"https:\/\/blog.emuca.com\/#website\"},\"primaryImageOfPage\":{\"@id\":\"https:\/\/blog.emuca.com\/it\/cat\/tendenze\/perche-le-gambe-dei-mobili-regolabili-sono-una-tendenza-negli-uffici\/#primaryimage\"},\"image\":{\"@id\":\"https:\/\/blog.emuca.com\/it\/cat\/tendenze\/perche-le-gambe-dei-mobili-regolabili-sono-una-tendenza-negli-uffici\/#primaryimage\"},\"thumbnailUrl\":\"https:\/\/blog.emuca.com\/wp-content\/uploads\/2021\/02\/EMUCA_HEADE-BLOG-1-copia-2.png\",\"datePublished\":\"2021-03-29T06:23:55+00:00\",\"dateModified\":\"2021-03-29T06:23:55+00:00\",\"description\":\"Scopri le migliori tendenze quando incorpori le gambe regolabili nei tuoi mobili da ufficio e rendilo uno spazio diverso\",\"inLanguage\":\"it-IT\",\"potentialAction\":[{\"@type\":\"ReadAction\",\"target\":[\"https:\/\/blog.emuca.com\/it\/cat\/tendenze\/perche-le-gambe-dei-mobili-regolabili-sono-una-tendenza-negli-uffici\/\"]}]},{\"@type\":\"ImageObject\",\"inLanguage\":\"it-IT\",\"@id\":\"https:\/\/blog.emuca.com\/it\/cat\/tendenze\/perche-le-gambe-dei-mobili-regolabili-sono-una-tendenza-negli-uffici\/#primaryimage\",\"url\":\"https:\/\/blog.emuca.com\/wp-content\/uploads\/2021\/02\/EMUCA_HEADE-BLOG-1-copia-2.png\",\"contentUrl\":\"https:\/\/blog.emuca.com\/wp-content\/uploads\/2021\/02\/EMUCA_HEADE-BLOG-1-copia-2.png\",\"width\":900,\"height\":500,\"caption\":\"Por qu\u00e9 las patas regulables para muebles son tendencia en oficinas\"},{\"@type\":\"WebSite\",\"@id\":\"https:\/\/blog.emuca.com\/#website\",\"url\":\"https:\/\/blog.emuca.com\/\",\"name\":\"Emuca blog\",\"description\":\"\",\"publisher\":{\"@id\":\"https:\/\/blog.emuca.com\/#organization\"},\"potentialAction\":[{\"@type\":\"SearchAction\",\"target\":{\"@type\":\"EntryPoint\",\"urlTemplate\":\"https:\/\/blog.emuca.com\/?s={search_term_string}\"},\"query-input\":{\"@type\":\"PropertyValueSpecification\",\"valueRequired\":true,\"valueName\":\"search_term_string\"}}],\"inLanguage\":\"it-IT\"},{\"@type\":\"Organization\",\"@id\":\"https:\/\/blog.emuca.com\/#organization\",\"name\":\"emuca\",\"url\":\"https:\/\/blog.emuca.com\/\",\"logo\":{\"@type\":\"ImageObject\",\"inLanguage\":\"it-IT\",\"@id\":\"https:\/\/blog.emuca.com\/#\/schema\/logo\/image\/\",\"url\":\"https:\/\/blog.emuca.com\/wp-content\/uploads\/2024\/05\/cropped-logo-emuca-menu.png\",\"contentUrl\":\"https:\/\/blog.emuca.com\/wp-content\/uploads\/2024\/05\/cropped-logo-emuca-menu.png\",\"width\":190,\"height\":190,\"caption\":\"emuca\"},\"image\":{\"@id\":\"https:\/\/blog.emuca.com\/#\/schema\/logo\/image\/\"},\"sameAs\":[\"https:\/\/www.facebook.com\/EmucaGroup\"]},{\"@type\":\"Person\",\"@id\":\"https:\/\/blog.emuca.com\/#\/schema\/person\/81560ca037d9c1ed19744a85ef9cbe2a\",\"name\":\"Emuca\",\"url\":\"https:\/\/blog.emuca.com\/it\/cat\/author\/emuca\/\"}]}<\/script>\n<!-- \/ Yoast SEO plugin. -->","yoast_head_json":{"title":"Gambe regolabili, l'ultima tendenza negli uffici | Emuca","description":"Scopri le migliori tendenze quando incorpori le gambe regolabili nei tuoi mobili da ufficio e rendilo uno spazio diverso","robots":{"index":"index","follow":"follow","max-snippet":"max-snippet:-1","max-image-preview":"max-image-preview:large","max-video-preview":"max-video-preview:-1"},"canonical":"https:\/\/blog.emuca.com\/it\/cat\/tendenze\/perche-le-gambe-dei-mobili-regolabili-sono-una-tendenza-negli-uffici\/","og_locale":"it_IT","og_type":"article","og_title":"Gambe regolabili, l'ultima tendenza negli uffici | Emuca","og_description":"Scopri le migliori tendenze quando incorpori le gambe regolabili nei tuoi mobili da ufficio e rendilo uno spazio diverso","og_url":"https:\/\/blog.emuca.com\/it\/cat\/tendenze\/perche-le-gambe-dei-mobili-regolabili-sono-una-tendenza-negli-uffici\/","og_site_name":"Emuca blog","article_publisher":"https:\/\/www.facebook.com\/EmucaGroup","article_published_time":"2021-03-29T06:23:55+00:00","og_image":[{"width":900,"height":500,"url":"https:\/\/blog.emuca.com\/wp-content\/uploads\/2021\/02\/EMUCA_HEADE-BLOG-1-copia-2.png","type":"image\/png"}],"author":"Emuca","twitter_card":"summary_large_image","twitter_misc":{"Scritto da":"Emuca","Tempo di lettura stimato":"3 minuti"},"schema":{"@context":"https:\/\/schema.org","@graph":[{"@type":"Article","@id":"https:\/\/blog.emuca.com\/it\/cat\/tendenze\/perche-le-gambe-dei-mobili-regolabili-sono-una-tendenza-negli-uffici\/#article","isPartOf":{"@id":"https:\/\/blog.emuca.com\/it\/cat\/tendenze\/perche-le-gambe-dei-mobili-regolabili-sono-una-tendenza-negli-uffici\/"},"author":{"name":"Emuca","@id":"https:\/\/blog.emuca.com\/#\/schema\/person\/81560ca037d9c1ed19744a85ef9cbe2a"},"headline":"Perch\u00e9 le gambe dei mobili regolabili sono una tendenza negli uffici","datePublished":"2021-03-29T06:23:55+00:00","dateModified":"2021-03-29T06:23:55+00:00","mainEntityOfPage":{"@id":"https:\/\/blog.emuca.com\/it\/cat\/tendenze\/perche-le-gambe-dei-mobili-regolabili-sono-una-tendenza-negli-uffici\/"},"wordCount":705,"publisher":{"@id":"https:\/\/blog.emuca.com\/#organization"},"image":{"@id":"https:\/\/blog.emuca.com\/it\/cat\/tendenze\/perche-le-gambe-dei-mobili-regolabili-sono-una-tendenza-negli-uffici\/#primaryimage"},"thumbnailUrl":"https:\/\/blog.emuca.com\/wp-content\/uploads\/2021\/02\/EMUCA_HEADE-BLOG-1-copia-2.png","articleSection":["Tendenze"],"inLanguage":"it-IT"},{"@type":"WebPage","@id":"https:\/\/blog.emuca.com\/it\/cat\/tendenze\/perche-le-gambe-dei-mobili-regolabili-sono-una-tendenza-negli-uffici\/","url":"https:\/\/blog.emuca.com\/it\/cat\/tendenze\/perche-le-gambe-dei-mobili-regolabili-sono-una-tendenza-negli-uffici\/","name":"Gambe regolabili, l'ultima tendenza negli uffici | Emuca","isPartOf":{"@id":"https:\/\/blog.emuca.com\/#website"},"primaryImageOfPage":{"@id":"https:\/\/blog.emuca.com\/it\/cat\/tendenze\/perche-le-gambe-dei-mobili-regolabili-sono-una-tendenza-negli-uffici\/#primaryimage"},"image":{"@id":"https:\/\/blog.emuca.com\/it\/cat\/tendenze\/perche-le-gambe-dei-mobili-regolabili-sono-una-tendenza-negli-uffici\/#primaryimage"},"thumbnailUrl":"https:\/\/blog.emuca.com\/wp-content\/uploads\/2021\/02\/EMUCA_HEADE-BLOG-1-copia-2.png","datePublished":"2021-03-29T06:23:55+00:00","dateModified":"2021-03-29T06:23:55+00:00","description":"Scopri le migliori tendenze quando incorpori le gambe regolabili nei tuoi mobili da ufficio e rendilo uno spazio diverso","inLanguage":"it-IT","potentialAction":[{"@type":"ReadAction","target":["https:\/\/blog.emuca.com\/it\/cat\/tendenze\/perche-le-gambe-dei-mobili-regolabili-sono-una-tendenza-negli-uffici\/"]}]},{"@type":"ImageObject","inLanguage":"it-IT","@id":"https:\/\/blog.emuca.com\/it\/cat\/tendenze\/perche-le-gambe-dei-mobili-regolabili-sono-una-tendenza-negli-uffici\/#primaryimage","url":"https:\/\/blog.emuca.com\/wp-content\/uploads\/2021\/02\/EMUCA_HEADE-BLOG-1-copia-2.png","contentUrl":"https:\/\/blog.emuca.com\/wp-content\/uploads\/2021\/02\/EMUCA_HEADE-BLOG-1-copia-2.png","width":900,"height":500,"caption":"Por qu\u00e9 las patas regulables para muebles son tendencia en oficinas"},{"@type":"WebSite","@id":"https:\/\/blog.emuca.com\/#website","url":"https:\/\/blog.emuca.com\/","name":"Emuca blog","description":"","publisher":{"@id":"https:\/\/blog.emuca.com\/#organization"},"potentialAction":[{"@type":"SearchAction","target":{"@type":"EntryPoint","urlTemplate":"https:\/\/blog.emuca.com\/?s={search_term_string}"},"query-input":{"@type":"PropertyValueSpecification","valueRequired":true,"valueName":"search_term_string"}}],"inLanguage":"it-IT"},{"@type":"Organization","@id":"https:\/\/blog.emuca.com\/#organization","name":"emuca","url":"https:\/\/blog.emuca.com\/","logo":{"@type":"ImageObject","inLanguage":"it-IT","@id":"https:\/\/blog.emuca.com\/#\/schema\/logo\/image\/","url":"https:\/\/blog.emuca.com\/wp-content\/uploads\/2024\/05\/cropped-logo-emuca-menu.png","contentUrl":"https:\/\/blog.emuca.com\/wp-content\/uploads\/2024\/05\/cropped-logo-emuca-menu.png","width":190,"height":190,"caption":"emuca"},"image":{"@id":"https:\/\/blog.emuca.com\/#\/schema\/logo\/image\/"},"sameAs":["https:\/\/www.facebook.com\/EmucaGroup"]},{"@type":"Person","@id":"https:\/\/blog.emuca.com\/#\/schema\/person\/81560ca037d9c1ed19744a85ef9cbe2a","name":"Emuca","url":"https:\/\/blog.emuca.com\/it\/cat\/author\/emuca\/"}]}},"_links":{"self":[{"href":"https:\/\/blog.emuca.com\/it\/wp-json\/wp\/v2\/posts\/15357","targetHints":{"allow":["GET"]}}],"collection":[{"href":"https:\/\/blog.emuca.com\/it\/wp-json\/wp\/v2\/posts"}],"about":[{"href":"https:\/\/blog.emuca.com\/it\/wp-json\/wp\/v2\/types\/post"}],"author":[{"embeddable":true,"href":"https:\/\/blog.emuca.com\/it\/wp-json\/wp\/v2\/users\/2"}],"replies":[{"embeddable":true,"href":"https:\/\/blog.emuca.com\/it\/wp-json\/wp\/v2\/comments?post=15357"}],"version-history":[{"count":1,"href":"https:\/\/blog.emuca.com\/it\/wp-json\/wp\/v2\/posts\/15357\/revisions"}],"predecessor-version":[{"id":15358,"href":"https:\/\/blog.emuca.com\/it\/wp-json\/wp\/v2\/posts\/15357\/revisions\/15358"}],"wp:featuredmedia":[{"embeddable":true,"href":"https:\/\/blog.emuca.com\/it\/wp-json\/wp\/v2\/media\/13942"}],"wp:attachment":[{"href":"https:\/\/blog.emuca.com\/it\/wp-json\/wp\/v2\/media?parent=15357"}],"wp:term":[{"taxonomy":"category","embeddable":true,"href":"https:\/\/blog.emuca.com\/it\/wp-json\/wp\/v2\/categories?post=15357"},{"taxonomy":"post_tag","embeddable":true,"href":"https:\/\/blog.emuca.com\/it\/wp-json\/wp\/v2\/tags?post=15357"}],"curies":[{"name":"wp","href":"https:\/\/api.w.org\/{rel}","templated":true}]}}