{"id":57840,"date":"2024-10-10T13:15:28","date_gmt":"2024-10-10T11:15:28","guid":{"rendered":"https:\/\/blog.emuca.com\/?p=57840"},"modified":"2024-10-21T13:15:38","modified_gmt":"2024-10-21T11:15:38","slug":"le-scope-3-dans-lempreinte-carbone-limportance-de-la-distribution-et-du-transport-dans-le-changement-climatique","status":"publish","type":"post","link":"https:\/\/blog.emuca.com\/fr\/cat\/style-de-vie\/le-scope-3-dans-lempreinte-carbone-limportance-de-la-distribution-et-du-transport-dans-le-changement-climatique\/","title":{"rendered":"Le Scope 3 dans l&rsquo;Empreinte Carbone : L&rsquo;Importance de la Distribution et du Transport dans le Changement Climatique"},"content":{"rendered":"\t\t<div data-elementor-type=\"wp-post\" data-elementor-id=\"57840\" class=\"elementor elementor-57840 elementor-57832\" data-elementor-post-type=\"post\">\n\t\t\t\t\t\t<section class=\"elementor-section elementor-top-section elementor-element elementor-element-53330c6 elementor-section-boxed elementor-section-height-default elementor-section-height-default\" data-id=\"53330c6\" data-element_type=\"section\">\n\t\t\t\t\t\t<div class=\"elementor-container elementor-column-gap-default\">\n\t\t\t\t\t<div class=\"elementor-column elementor-col-100 elementor-top-column elementor-element elementor-element-d6eb145\" data-id=\"d6eb145\" data-element_type=\"column\">\n\t\t\t<div class=\"elementor-widget-wrap elementor-element-populated\">\n\t\t\t\t\t\t<div class=\"elementor-element elementor-element-81c7d3c elementor-widget elementor-widget-text-editor\" data-id=\"81c7d3c\" data-element_type=\"widget\" data-widget_type=\"text-editor.default\">\n\t\t\t\t<div class=\"elementor-widget-container\">\n\t\t\t\t\t\t\t<p>Le changement climatique est l&rsquo;un des plus grands d\u00e9fis auxquels notre plan\u00e8te est confront\u00e9e aujourd&rsquo;hui. Comme nous l&rsquo;avons vu dans des publications pr\u00e9c\u00e9dentes, la pr\u00e9occupation concernant l&#8217;empreinte carbone, qui mesure la quantit\u00e9 totale de gaz \u00e0 effet de serre \u00e9mis directement et indirectement par une organisation comme EMUCA, a conduit \u00e0 une approche plus d\u00e9taill\u00e9e et exhaustive. Dans ce contexte, le Scope 3 \u00e9merge comme un composant essentiel pour comprendre et aborder efficacement la crise climatique.<\/p>\n<p>Le Scope 3 se r\u00e9f\u00e8re aux \u00e9missions indirectes associ\u00e9es \u00e0 une organisation, y compris celles provenant de la cha\u00eene d&rsquo;approvisionnement et celles g\u00e9n\u00e9r\u00e9es lors de l&rsquo;utilisation des produits ou services. Dans cette publication, nous nous concentrerons sp\u00e9cifiquement sur l&rsquo;influence cruciale de la distribution et du transport dans le Scope 3 et leur impact direct sur le changement climatique.<\/p>\n<h2><strong>Distribution et Transport : Piliers du Scope 3<\/strong><\/h2>\n<p>La distribution et le transport repr\u00e9sentent une part significative des \u00e9missions de gaz \u00e0 effet de serre dans la cha\u00eene d&rsquo;approvisionnement d&rsquo;EMUCA. De la fabrication au consommateur final, chaque \u00e9tape implique le d\u00e9placement de marchandises, que ce soit au niveau local ou international. Le transport de marchandises par route, rail, mer ou air lib\u00e8re des quantit\u00e9s consid\u00e9rables de dioxyde de carbone (CO2) et d&rsquo;autres polluants.<\/p>\n<h2><strong>Impact Environnemental de la Cha\u00eene d&rsquo;Approvisionnement<\/strong><\/h2>\n<p>L&rsquo;expansion des cha\u00eenes d&rsquo;approvisionnement mondiales a entra\u00een\u00e9 une augmentation exponentielle de la distance que les produits parcourent avant d&rsquo;atteindre les consommateurs. Ce ph\u00e9nom\u00e8ne contribue directement \u00e0 l&rsquo;augmentation des \u00e9missions de gaz \u00e0 effet de serre, car il implique des distances de transport plus longues et donc une consommation accrue de combustibles fossiles. De plus, le choix de modes de transport plus polluants, comme le transport a\u00e9rien, peut encore aggraver l&rsquo;impact environnemental. \u00c0 mesure que la demande de livraisons rapides et efficaces augmente, il est crucial d&rsquo;\u00e9valuer et d&rsquo;adopter des strat\u00e9gies durables pour r\u00e9duire ces \u00e9missions.<\/p>\n\t\t\t\t\t\t<\/div>\n\t\t\t\t<\/div>\n\t\t\t\t<div class=\"elementor-element elementor-element-b29a78b elementor-widget elementor-widget-image\" data-id=\"b29a78b\" data-element_type=\"widget\" data-widget_type=\"image.default\">\n\t\t\t\t<div class=\"elementor-widget-container\">\n\t\t\t\t\t\t\t\t\t\t\t\t\t<img fetchpriority=\"high\" decoding=\"async\" width=\"640\" height=\"427\" src=\"https:\/\/blog.emuca.com\/wp-content\/uploads\/2024\/10\/2148959699.jpg\" class=\"attachment-large size-large wp-image-57817\" alt=\"\" srcset=\"https:\/\/blog.emuca.com\/wp-content\/uploads\/2024\/10\/2148959699.jpg 1000w, https:\/\/blog.emuca.com\/wp-content\/uploads\/2024\/10\/2148959699-300x200.jpg 300w, https:\/\/blog.emuca.com\/wp-content\/uploads\/2024\/10\/2148959699-768x512.jpg 768w\" sizes=\"(max-width: 34.9rem) calc(100vw - 2rem), (max-width: 53rem) calc(8 * (100vw \/ 12)), (min-width: 53rem) calc(6 * (100vw \/ 12)), 100vw\" \/>\t\t\t\t\t\t\t\t\t\t\t\t\t<\/div>\n\t\t\t\t<\/div>\n\t\t\t\t\t<\/div>\n\t\t<\/div>\n\t\t\t\t\t<\/div>\n\t\t<\/section>\n\t\t\t\t<section class=\"elementor-section elementor-top-section elementor-element elementor-element-a42c231 elementor-section-boxed elementor-section-height-default elementor-section-height-default\" data-id=\"a42c231\" data-element_type=\"section\">\n\t\t\t\t\t\t<div class=\"elementor-container elementor-column-gap-default\">\n\t\t\t\t\t<div class=\"elementor-column elementor-col-100 elementor-top-column elementor-element elementor-element-5fdd43a\" data-id=\"5fdd43a\" data-element_type=\"column\">\n\t\t\t<div class=\"elementor-widget-wrap elementor-element-populated\">\n\t\t\t\t\t\t<div class=\"elementor-element elementor-element-2c491bf elementor-widget elementor-widget-text-editor\" data-id=\"2c491bf\" data-element_type=\"widget\" data-widget_type=\"text-editor.default\">\n\t\t\t\t<div class=\"elementor-widget-container\">\n\t\t\t\t\t\t\t<h2><strong>Strat\u00e9gies pour R\u00e9duire les \u00c9missions dans la Distribution et le Transport<\/strong><\/h2>\n<ol>\n<li>Optimisation des Itin\u00e9raires et des Modes de Transport : Utiliser des technologies avanc\u00e9es pour planifier des itin\u00e9raires plus efficaces et choisir des modes de transport plus durables peut r\u00e9duire consid\u00e9rablement les \u00e9missions.<\/li>\n<li>Utilisation des \u00c9nergies Renouvelables : Passer \u00e0 des sources d&rsquo;\u00e9nergie renouvelable pour la flotte de transport est une mesure cl\u00e9. L&rsquo;adoption de v\u00e9hicules \u00e9lectriques et l&rsquo;utilisation de biocarburants sont des exemples de pratiques plus durables.<\/li>\n<li>Collaboration dans la Cha\u00eene d&rsquo;Approvisionnement : \u00c9tablir des collaborations avec des fournisseurs et des partenaires logistiques partageant un engagement envers la durabilit\u00e9 peut g\u00e9n\u00e9rer des am\u00e9liorations significatives en mati\u00e8re d&rsquo;efficacit\u00e9 et de r\u00e9duction des \u00e9missions.<\/li>\n<li>Conception d&rsquo;Emballages Durables : R\u00e9duire le poids et le volume des emballages contribue \u00e0 diminuer les co\u00fbts de transport et donc les \u00e9missions associ\u00e9es.<\/li>\n<\/ol>\n<h2><strong>Conclusions et Perspectives Futures<\/strong><\/h2>\n<p>Aborder les \u00e9missions du Scope 3, en particulier dans la distribution et le transport, est essentiel pour lutter efficacement contre le changement climatique. EMUCA comprend qu&rsquo;elle doit assumer la responsabilit\u00e9 d&rsquo;\u00e9valuer et de r\u00e9duire son impact environnemental tout au long de la cha\u00eene d&rsquo;approvisionnement, en adoptant des pratiques plus durables et en collaborant avec des partenaires engag\u00e9s. La transition vers un syst\u00e8me logistique plus vert contribuera non seulement \u00e0 att\u00e9nuer le changement climatique, mais g\u00e9n\u00e9rera \u00e9galement des avantages \u00e9conomiques \u00e0 long terme en am\u00e9liorant l&rsquo;efficacit\u00e9 op\u00e9rationnelle et en r\u00e9pondant aux attentes croissantes des consommateurs soucieux de l&rsquo;environnement. En fin de compte, l&rsquo;adoption de mesures durables dans la distribution et le transport repr\u00e9sente une \u00e9tape cruciale vers un avenir plus r\u00e9silient et \u00e9quitable pour notre plan\u00e8te.<\/p>\n\t\t\t\t\t\t<\/div>\n\t\t\t\t<\/div>\n\t\t\t\t\t<\/div>\n\t\t<\/div>\n\t\t\t\t\t<\/div>\n\t\t<\/section>\n\t\t\t\t<section class=\"elementor-section elementor-top-section elementor-element elementor-element-3a40fad elementor-section-boxed elementor-section-height-default elementor-section-height-default\" data-id=\"3a40fad\" data-element_type=\"section\">\n\t\t\t\t\t\t<div class=\"elementor-container elementor-column-gap-default\">\n\t\t\t\t\t<div class=\"elementor-column elementor-col-100 elementor-top-column elementor-element elementor-element-895666c\" data-id=\"895666c\" data-element_type=\"column\">\n\t\t\t<div class=\"elementor-widget-wrap elementor-element-populated\">\n\t\t\t\t\t\t<div class=\"elementor-element elementor-element-44e2610 elementor-widget elementor-widget-html\" data-id=\"44e2610\" data-element_type=\"widget\" data-widget_type=\"html.default\">\n\t\t\t\t<div class=\"elementor-widget-container\">\n\t\t\t<!--HubSpot Call-to-Action Code --><span class=\"hs-cta-wrapper\" id=\"hs-cta-wrapper-ea7c6c7f-91e2-44ae-b91a-be0c479bf6f9\"><span class=\"hs-cta-node hs-cta-ea7c6c7f-91e2-44ae-b91a-be0c479bf6f9\" id=\"hs-cta-ea7c6c7f-91e2-44ae-b91a-be0c479bf6f9\"><!--[if lte IE 8]><div id=\"hs-cta-ie-element\"><\/div><![endif]--><a href=\"https:\/\/cta-redirect.hubspot.com\/cta\/redirect\/4071763\/ea7c6c7f-91e2-44ae-b91a-be0c479bf6f9\" target=\"_blank\" rel=\"noopener\"><img decoding=\"async\" class=\"hs-cta-img\" id=\"hs-cta-img-ea7c6c7f-91e2-44ae-b91a-be0c479bf6f9\" style=\"border-width:0px;\" src=\"https:\/\/no-cache.hubspot.com\/cta\/default\/4071763\/ea7c6c7f-91e2-44ae-b91a-be0c479bf6f9.png\"  alt=\"Nueva llamada a la acci\u00f3n\"\/><\/a><\/span><script charset=\"utf-8\" src=\"https:\/\/js.hscta.net\/cta\/current.js\"><\/script><script type=\"text\/javascript\"> hbspt.cta.load(4071763, 'ea7c6c7f-91e2-44ae-b91a-be0c479bf6f9', {\"useNewLoader\":\"true\",\"region\":\"na1\"}); <\/script><\/span><!-- end HubSpot Call-to-Action Code -->\t\t<\/div>\n\t\t\t\t<\/div>\n\t\t\t\t\t<\/div>\n\t\t<\/div>\n\t\t\t\t\t<\/div>\n\t\t<\/section>\n\t\t\t\t<\/div>\n\t\t","protected":false},"excerpt":{"rendered":"<p>Le changement climatique est l&rsquo;un des plus grands d\u00e9fis auxquels notre plan\u00e8te est confront\u00e9e aujourd&rsquo;hui. Comme nous l&rsquo;avons vu dans des publications pr\u00e9c\u00e9dentes, la pr\u00e9occupation concernant l&#8217;empreinte carbone, qui mesure la quantit\u00e9 totale de gaz \u00e0 effet de serre \u00e9mis directement et indirectement par une organisation comme EMUCA, a conduit \u00e0 une approche plus d\u00e9taill\u00e9e &hellip; <\/p>\n<p class=\"link-more\"><a href=\"https:\/\/blog.emuca.com\/fr\/cat\/style-de-vie\/le-scope-3-dans-lempreinte-carbone-limportance-de-la-distribution-et-du-transport-dans-le-changement-climatique\/\" class=\"more-link\">Continuer la lecture <span class=\"screen-reader-text\"> \u00ab\u00a0Le Scope 3 dans l&rsquo;Empreinte Carbone : L&rsquo;Importance de la Distribution et du Transport dans le Changement Climatique\u00a0\u00bb<\/span><\/a><\/p>\n","protected":false},"author":2,"featured_media":58334,"comment_status":"closed","ping_status":"closed","sticky":false,"template":"","format":"standard","meta":{"footnotes":""},"categories":[118],"tags":[],"class_list":["post-57840","post","type-post","status-publish","format-standard","has-post-thumbnail","hentry","category-style-de-vie","entry"],"yoast_head":"<!-- This site is optimized with the Yoast SEO plugin v24.1 - https:\/\/yoast.com\/wordpress\/plugins\/seo\/ -->\n<title>Le Scope 3 dans l&#039;Empreinte Carbone : L&#039;Importance de la Distribution et du Transport dans le Changement Climatique - Emuca blog<\/title>\n<meta name=\"description\" content=\"Le Scope 3 dans l&#039;Empreinte Carbone : L&#039;Importance de la Distribution et du Transport dans le Changement Climatique\" \/>\n<meta name=\"robots\" content=\"index, follow, max-snippet:-1, max-image-preview:large, max-video-preview:-1\" \/>\n<link rel=\"canonical\" href=\"https:\/\/blog.emuca.com\/fr\/cat\/style-de-vie\/le-scope-3-dans-lempreinte-carbone-limportance-de-la-distribution-et-du-transport-dans-le-changement-climatique\/\" \/>\n<meta property=\"og:locale\" content=\"fr_FR\" \/>\n<meta property=\"og:type\" content=\"article\" \/>\n<meta property=\"og:title\" content=\"Le Scope 3 dans l&#039;Empreinte Carbone : L&#039;Importance de la Distribution et du Transport dans le Changement Climatique - Emuca blog\" \/>\n<meta property=\"og:description\" content=\"Le Scope 3 dans l&#039;Empreinte Carbone : L&#039;Importance de la Distribution et du Transport dans le Changement Climatique\" \/>\n<meta property=\"og:url\" content=\"https:\/\/blog.emuca.com\/fr\/cat\/style-de-vie\/le-scope-3-dans-lempreinte-carbone-limportance-de-la-distribution-et-du-transport-dans-le-changement-climatique\/\" \/>\n<meta property=\"og:site_name\" content=\"Emuca blog\" \/>\n<meta property=\"article:publisher\" content=\"https:\/\/www.facebook.com\/EmucaGroup\" \/>\n<meta property=\"article:published_time\" content=\"2024-10-10T11:15:28+00:00\" \/>\n<meta property=\"article:modified_time\" content=\"2024-10-21T11:15:38+00:00\" \/>\n<meta property=\"og:image\" content=\"https:\/\/blog.emuca.com\/wp-content\/uploads\/2024\/10\/huella-carbono.jpg\" \/>\n\t<meta property=\"og:image:width\" content=\"768\" \/>\n\t<meta property=\"og:image:height\" content=\"427\" \/>\n\t<meta property=\"og:image:type\" content=\"image\/jpeg\" \/>\n<meta name=\"author\" content=\"Emuca\" \/>\n<meta name=\"twitter:card\" content=\"summary_large_image\" \/>\n<meta name=\"twitter:label1\" content=\"\u00c9crit par\" \/>\n\t<meta name=\"twitter:data1\" content=\"Emuca\" \/>\n\t<meta name=\"twitter:label2\" content=\"Dur\u00e9e de lecture estim\u00e9e\" \/>\n\t<meta name=\"twitter:data2\" content=\"4 minutes\" \/>\n<script type=\"application\/ld+json\" class=\"yoast-schema-graph\">{\"@context\":\"https:\/\/schema.org\",\"@graph\":[{\"@type\":\"Article\",\"@id\":\"https:\/\/blog.emuca.com\/fr\/cat\/style-de-vie\/le-scope-3-dans-lempreinte-carbone-limportance-de-la-distribution-et-du-transport-dans-le-changement-climatique\/#article\",\"isPartOf\":{\"@id\":\"https:\/\/blog.emuca.com\/fr\/cat\/style-de-vie\/le-scope-3-dans-lempreinte-carbone-limportance-de-la-distribution-et-du-transport-dans-le-changement-climatique\/\"},\"author\":{\"name\":\"Emuca\",\"@id\":\"https:\/\/blog.emuca.com\/#\/schema\/person\/81560ca037d9c1ed19744a85ef9cbe2a\"},\"headline\":\"Le Scope 3 dans l&rsquo;Empreinte Carbone : L&rsquo;Importance de la Distribution et du Transport dans le Changement Climatique\",\"datePublished\":\"2024-10-10T11:15:28+00:00\",\"dateModified\":\"2024-10-21T11:15:38+00:00\",\"mainEntityOfPage\":{\"@id\":\"https:\/\/blog.emuca.com\/fr\/cat\/style-de-vie\/le-scope-3-dans-lempreinte-carbone-limportance-de-la-distribution-et-du-transport-dans-le-changement-climatique\/\"},\"wordCount\":661,\"publisher\":{\"@id\":\"https:\/\/blog.emuca.com\/#organization\"},\"image\":{\"@id\":\"https:\/\/blog.emuca.com\/fr\/cat\/style-de-vie\/le-scope-3-dans-lempreinte-carbone-limportance-de-la-distribution-et-du-transport-dans-le-changement-climatique\/#primaryimage\"},\"thumbnailUrl\":\"https:\/\/blog.emuca.com\/wp-content\/uploads\/2024\/10\/huella-carbono.jpg\",\"articleSection\":[\"Style de vie\"],\"inLanguage\":\"fr-FR\"},{\"@type\":\"WebPage\",\"@id\":\"https:\/\/blog.emuca.com\/fr\/cat\/style-de-vie\/le-scope-3-dans-lempreinte-carbone-limportance-de-la-distribution-et-du-transport-dans-le-changement-climatique\/\",\"url\":\"https:\/\/blog.emuca.com\/fr\/cat\/style-de-vie\/le-scope-3-dans-lempreinte-carbone-limportance-de-la-distribution-et-du-transport-dans-le-changement-climatique\/\",\"name\":\"Le Scope 3 dans l'Empreinte Carbone : L'Importance de la Distribution et du Transport dans le Changement Climatique - Emuca blog\",\"isPartOf\":{\"@id\":\"https:\/\/blog.emuca.com\/#website\"},\"primaryImageOfPage\":{\"@id\":\"https:\/\/blog.emuca.com\/fr\/cat\/style-de-vie\/le-scope-3-dans-lempreinte-carbone-limportance-de-la-distribution-et-du-transport-dans-le-changement-climatique\/#primaryimage\"},\"image\":{\"@id\":\"https:\/\/blog.emuca.com\/fr\/cat\/style-de-vie\/le-scope-3-dans-lempreinte-carbone-limportance-de-la-distribution-et-du-transport-dans-le-changement-climatique\/#primaryimage\"},\"thumbnailUrl\":\"https:\/\/blog.emuca.com\/wp-content\/uploads\/2024\/10\/huella-carbono.jpg\",\"datePublished\":\"2024-10-10T11:15:28+00:00\",\"dateModified\":\"2024-10-21T11:15:38+00:00\",\"description\":\"Le Scope 3 dans l'Empreinte Carbone : L'Importance de la Distribution et du Transport dans le Changement Climatique\",\"inLanguage\":\"fr-FR\",\"potentialAction\":[{\"@type\":\"ReadAction\",\"target\":[\"https:\/\/blog.emuca.com\/fr\/cat\/style-de-vie\/le-scope-3-dans-lempreinte-carbone-limportance-de-la-distribution-et-du-transport-dans-le-changement-climatique\/\"]}]},{\"@type\":\"ImageObject\",\"inLanguage\":\"fr-FR\",\"@id\":\"https:\/\/blog.emuca.com\/fr\/cat\/style-de-vie\/le-scope-3-dans-lempreinte-carbone-limportance-de-la-distribution-et-du-transport-dans-le-changement-climatique\/#primaryimage\",\"url\":\"https:\/\/blog.emuca.com\/wp-content\/uploads\/2024\/10\/huella-carbono.jpg\",\"contentUrl\":\"https:\/\/blog.emuca.com\/wp-content\/uploads\/2024\/10\/huella-carbono.jpg\",\"width\":768,\"height\":427},{\"@type\":\"WebSite\",\"@id\":\"https:\/\/blog.emuca.com\/#website\",\"url\":\"https:\/\/blog.emuca.com\/\",\"name\":\"Emuca blog\",\"description\":\"\",\"publisher\":{\"@id\":\"https:\/\/blog.emuca.com\/#organization\"},\"potentialAction\":[{\"@type\":\"SearchAction\",\"target\":{\"@type\":\"EntryPoint\",\"urlTemplate\":\"https:\/\/blog.emuca.com\/?s={search_term_string}\"},\"query-input\":{\"@type\":\"PropertyValueSpecification\",\"valueRequired\":true,\"valueName\":\"search_term_string\"}}],\"inLanguage\":\"fr-FR\"},{\"@type\":\"Organization\",\"@id\":\"https:\/\/blog.emuca.com\/#organization\",\"name\":\"emuca\",\"url\":\"https:\/\/blog.emuca.com\/\",\"logo\":{\"@type\":\"ImageObject\",\"inLanguage\":\"fr-FR\",\"@id\":\"https:\/\/blog.emuca.com\/#\/schema\/logo\/image\/\",\"url\":\"https:\/\/blog.emuca.com\/wp-content\/uploads\/2024\/05\/cropped-logo-emuca-menu.png\",\"contentUrl\":\"https:\/\/blog.emuca.com\/wp-content\/uploads\/2024\/05\/cropped-logo-emuca-menu.png\",\"width\":190,\"height\":190,\"caption\":\"emuca\"},\"image\":{\"@id\":\"https:\/\/blog.emuca.com\/#\/schema\/logo\/image\/\"},\"sameAs\":[\"https:\/\/www.facebook.com\/EmucaGroup\"]},{\"@type\":\"Person\",\"@id\":\"https:\/\/blog.emuca.com\/#\/schema\/person\/81560ca037d9c1ed19744a85ef9cbe2a\",\"name\":\"Emuca\",\"url\":\"https:\/\/blog.emuca.com\/fr\/cat\/author\/emuca\/\"}]}<\/script>\n<!-- \/ Yoast SEO plugin. -->","yoast_head_json":{"title":"Le Scope 3 dans l'Empreinte Carbone : L'Importance de la Distribution et du Transport dans le Changement Climatique - Emuca blog","description":"Le Scope 3 dans l'Empreinte Carbone : L'Importance de la Distribution et du Transport dans le Changement Climatique","robots":{"index":"index","follow":"follow","max-snippet":"max-snippet:-1","max-image-preview":"max-image-preview:large","max-video-preview":"max-video-preview:-1"},"canonical":"https:\/\/blog.emuca.com\/fr\/cat\/style-de-vie\/le-scope-3-dans-lempreinte-carbone-limportance-de-la-distribution-et-du-transport-dans-le-changement-climatique\/","og_locale":"fr_FR","og_type":"article","og_title":"Le Scope 3 dans l'Empreinte Carbone : L'Importance de la Distribution et du Transport dans le Changement Climatique - Emuca blog","og_description":"Le Scope 3 dans l'Empreinte Carbone : L'Importance de la Distribution et du Transport dans le Changement Climatique","og_url":"https:\/\/blog.emuca.com\/fr\/cat\/style-de-vie\/le-scope-3-dans-lempreinte-carbone-limportance-de-la-distribution-et-du-transport-dans-le-changement-climatique\/","og_site_name":"Emuca blog","article_publisher":"https:\/\/www.facebook.com\/EmucaGroup","article_published_time":"2024-10-10T11:15:28+00:00","article_modified_time":"2024-10-21T11:15:38+00:00","og_image":[{"width":768,"height":427,"url":"https:\/\/blog.emuca.com\/wp-content\/uploads\/2024\/10\/huella-carbono.jpg","type":"image\/jpeg"}],"author":"Emuca","twitter_card":"summary_large_image","twitter_misc":{"\u00c9crit par":"Emuca","Dur\u00e9e de lecture estim\u00e9e":"4 minutes"},"schema":{"@context":"https:\/\/schema.org","@graph":[{"@type":"Article","@id":"https:\/\/blog.emuca.com\/fr\/cat\/style-de-vie\/le-scope-3-dans-lempreinte-carbone-limportance-de-la-distribution-et-du-transport-dans-le-changement-climatique\/#article","isPartOf":{"@id":"https:\/\/blog.emuca.com\/fr\/cat\/style-de-vie\/le-scope-3-dans-lempreinte-carbone-limportance-de-la-distribution-et-du-transport-dans-le-changement-climatique\/"},"author":{"name":"Emuca","@id":"https:\/\/blog.emuca.com\/#\/schema\/person\/81560ca037d9c1ed19744a85ef9cbe2a"},"headline":"Le Scope 3 dans l&rsquo;Empreinte Carbone : L&rsquo;Importance de la Distribution et du Transport dans le Changement Climatique","datePublished":"2024-10-10T11:15:28+00:00","dateModified":"2024-10-21T11:15:38+00:00","mainEntityOfPage":{"@id":"https:\/\/blog.emuca.com\/fr\/cat\/style-de-vie\/le-scope-3-dans-lempreinte-carbone-limportance-de-la-distribution-et-du-transport-dans-le-changement-climatique\/"},"wordCount":661,"publisher":{"@id":"https:\/\/blog.emuca.com\/#organization"},"image":{"@id":"https:\/\/blog.emuca.com\/fr\/cat\/style-de-vie\/le-scope-3-dans-lempreinte-carbone-limportance-de-la-distribution-et-du-transport-dans-le-changement-climatique\/#primaryimage"},"thumbnailUrl":"https:\/\/blog.emuca.com\/wp-content\/uploads\/2024\/10\/huella-carbono.jpg","articleSection":["Style de vie"],"inLanguage":"fr-FR"},{"@type":"WebPage","@id":"https:\/\/blog.emuca.com\/fr\/cat\/style-de-vie\/le-scope-3-dans-lempreinte-carbone-limportance-de-la-distribution-et-du-transport-dans-le-changement-climatique\/","url":"https:\/\/blog.emuca.com\/fr\/cat\/style-de-vie\/le-scope-3-dans-lempreinte-carbone-limportance-de-la-distribution-et-du-transport-dans-le-changement-climatique\/","name":"Le Scope 3 dans l'Empreinte Carbone : L'Importance de la Distribution et du Transport dans le Changement Climatique - Emuca blog","isPartOf":{"@id":"https:\/\/blog.emuca.com\/#website"},"primaryImageOfPage":{"@id":"https:\/\/blog.emuca.com\/fr\/cat\/style-de-vie\/le-scope-3-dans-lempreinte-carbone-limportance-de-la-distribution-et-du-transport-dans-le-changement-climatique\/#primaryimage"},"image":{"@id":"https:\/\/blog.emuca.com\/fr\/cat\/style-de-vie\/le-scope-3-dans-lempreinte-carbone-limportance-de-la-distribution-et-du-transport-dans-le-changement-climatique\/#primaryimage"},"thumbnailUrl":"https:\/\/blog.emuca.com\/wp-content\/uploads\/2024\/10\/huella-carbono.jpg","datePublished":"2024-10-10T11:15:28+00:00","dateModified":"2024-10-21T11:15:38+00:00","description":"Le Scope 3 dans l'Empreinte Carbone : L'Importance de la Distribution et du Transport dans le Changement Climatique","inLanguage":"fr-FR","potentialAction":[{"@type":"ReadAction","target":["https:\/\/blog.emuca.com\/fr\/cat\/style-de-vie\/le-scope-3-dans-lempreinte-carbone-limportance-de-la-distribution-et-du-transport-dans-le-changement-climatique\/"]}]},{"@type":"ImageObject","inLanguage":"fr-FR","@id":"https:\/\/blog.emuca.com\/fr\/cat\/style-de-vie\/le-scope-3-dans-lempreinte-carbone-limportance-de-la-distribution-et-du-transport-dans-le-changement-climatique\/#primaryimage","url":"https:\/\/blog.emuca.com\/wp-content\/uploads\/2024\/10\/huella-carbono.jpg","contentUrl":"https:\/\/blog.emuca.com\/wp-content\/uploads\/2024\/10\/huella-carbono.jpg","width":768,"height":427},{"@type":"WebSite","@id":"https:\/\/blog.emuca.com\/#website","url":"https:\/\/blog.emuca.com\/","name":"Emuca blog","description":"","publisher":{"@id":"https:\/\/blog.emuca.com\/#organization"},"potentialAction":[{"@type":"SearchAction","target":{"@type":"EntryPoint","urlTemplate":"https:\/\/blog.emuca.com\/?s={search_term_string}"},"query-input":{"@type":"PropertyValueSpecification","valueRequired":true,"valueName":"search_term_string"}}],"inLanguage":"fr-FR"},{"@type":"Organization","@id":"https:\/\/blog.emuca.com\/#organization","name":"emuca","url":"https:\/\/blog.emuca.com\/","logo":{"@type":"ImageObject","inLanguage":"fr-FR","@id":"https:\/\/blog.emuca.com\/#\/schema\/logo\/image\/","url":"https:\/\/blog.emuca.com\/wp-content\/uploads\/2024\/05\/cropped-logo-emuca-menu.png","contentUrl":"https:\/\/blog.emuca.com\/wp-content\/uploads\/2024\/05\/cropped-logo-emuca-menu.png","width":190,"height":190,"caption":"emuca"},"image":{"@id":"https:\/\/blog.emuca.com\/#\/schema\/logo\/image\/"},"sameAs":["https:\/\/www.facebook.com\/EmucaGroup"]},{"@type":"Person","@id":"https:\/\/blog.emuca.com\/#\/schema\/person\/81560ca037d9c1ed19744a85ef9cbe2a","name":"Emuca","url":"https:\/\/blog.emuca.com\/fr\/cat\/author\/emuca\/"}]}},"_links":{"self":[{"href":"https:\/\/blog.emuca.com\/fr\/wp-json\/wp\/v2\/posts\/57840"}],"collection":[{"href":"https:\/\/blog.emuca.com\/fr\/wp-json\/wp\/v2\/posts"}],"about":[{"href":"https:\/\/blog.emuca.com\/fr\/wp-json\/wp\/v2\/types\/post"}],"author":[{"embeddable":true,"href":"https:\/\/blog.emuca.com\/fr\/wp-json\/wp\/v2\/users\/2"}],"replies":[{"embeddable":true,"href":"https:\/\/blog.emuca.com\/fr\/wp-json\/wp\/v2\/comments?post=57840"}],"version-history":[{"count":2,"href":"https:\/\/blog.emuca.com\/fr\/wp-json\/wp\/v2\/posts\/57840\/revisions"}],"predecessor-version":[{"id":58730,"href":"https:\/\/blog.emuca.com\/fr\/wp-json\/wp\/v2\/posts\/57840\/revisions\/58730"}],"wp:featuredmedia":[{"embeddable":true,"href":"https:\/\/blog.emuca.com\/fr\/wp-json\/wp\/v2\/media\/58334"}],"wp:attachment":[{"href":"https:\/\/blog.emuca.com\/fr\/wp-json\/wp\/v2\/media?parent=57840"}],"wp:term":[{"taxonomy":"category","embeddable":true,"href":"https:\/\/blog.emuca.com\/fr\/wp-json\/wp\/v2\/categories?post=57840"},{"taxonomy":"post_tag","embeddable":true,"href":"https:\/\/blog.emuca.com\/fr\/wp-json\/wp\/v2\/tags?post=57840"}],"curies":[{"name":"wp","href":"https:\/\/api.w.org\/{rel}","templated":true}]}}