{"id":455,"date":"2020-01-23T10:17:01","date_gmt":"2020-01-23T10:17:01","guid":{"rendered":"http:\/\/blogs.emuca.com\/nblog\/?p=455"},"modified":"2020-01-23T10:18:15","modified_gmt":"2020-01-23T10:18:15","slug":"nous-vous-attendons-a-lyon-sur-le-salon-eurobois","status":"publish","type":"post","link":"https:\/\/blog.emuca.com\/fr\/cat\/salon\/nous-vous-attendons-a-lyon-sur-le-salon-eurobois\/","title":{"rendered":"Nous vous attendons \u00e0 Lyon, sur le salon Eurobois"},"content":{"rendered":"<p>Nous serons pr\u00e9sents au salon Eurobois (<a href=\"https:\/\/www.eurobois.net\/fr\">eurobois.net<\/a>) \u00a0\u00e0 Lyon du 4 au 7 f\u00e9vrier,\u00a0 avec Berner et nous pr\u00e9senterons le nouveau <a href=\"https:\/\/new.emuca.com\/tiroir-vertex\/\">tiroir Vertex<\/a> avec sa conception \u00e9l\u00e9gante et son design aux lignes droites, parfait pour \u00e9quiper vos meubles aux derni\u00e8res tendances en mati\u00e8re de design et de fonctionnalit\u00e9. Il se distingue par ses coulisses en 3 parties t\u00e9lescopiques, de hauteur r\u00e9duite, qui offrent une grande stabilit\u00e9 et un glissement en douceur du tiroir et avec une fermeture douce et un amortisseur en extraction.<\/p>\n<p>\u00a1Nous vous attendons \u00e0 Lyon!<\/p>\n<p>&nbsp;<\/p>\n","protected":false},"excerpt":{"rendered":"<p>Nous serons pr\u00e9sents au salon Eurobois (eurobois.net) \u00a0\u00e0 Lyon du 4 au 7 f\u00e9vrier,\u00a0 avec Berner et nous pr\u00e9senterons le nouveau tiroir Vertex avec sa conception \u00e9l\u00e9gante et son design aux lignes droites, parfait pour \u00e9quiper vos meubles aux derni\u00e8res tendances en mati\u00e8re de design et de fonctionnalit\u00e9. Il se distingue par ses coulisses en &hellip; <\/p>\n<p class=\"link-more\"><a href=\"https:\/\/blog.emuca.com\/fr\/cat\/salon\/nous-vous-attendons-a-lyon-sur-le-salon-eurobois\/\" class=\"more-link\">Continuer la lecture <span class=\"screen-reader-text\"> \u00ab\u00a0Nous vous attendons \u00e0 Lyon, sur le salon Eurobois\u00a0\u00bb<\/span><\/a><\/p>\n","protected":false},"author":2,"featured_media":456,"comment_status":"closed","ping_status":"closed","sticky":false,"template":"","format":"standard","meta":{"footnotes":""},"categories":[91],"tags":[],"class_list":["post-455","post","type-post","status-publish","format-standard","has-post-thumbnail","hentry","category-salon","entry"],"yoast_head":"<!-- This site is optimized with the Yoast SEO plugin v24.1 - https:\/\/yoast.com\/wordpress\/plugins\/seo\/ -->\n<title>Nous vous attendons \u00e0 Lyon, sur le salon Eurobois - Emuca blog<\/title>\n<meta name=\"robots\" content=\"index, follow, max-snippet:-1, max-image-preview:large, max-video-preview:-1\" \/>\n<link rel=\"canonical\" href=\"https:\/\/blog.emuca.com\/fr\/cat\/salon\/nous-vous-attendons-a-lyon-sur-le-salon-eurobois\/\" \/>\n<meta property=\"og:locale\" content=\"fr_FR\" \/>\n<meta property=\"og:type\" content=\"article\" \/>\n<meta property=\"og:title\" content=\"Nous vous attendons \u00e0 Lyon, sur le salon Eurobois - Emuca blog\" \/>\n<meta property=\"og:description\" content=\"Nous serons pr\u00e9sents au salon Eurobois (eurobois.net) \u00a0\u00e0 Lyon du 4 au 7 f\u00e9vrier,\u00a0 avec Berner et nous pr\u00e9senterons le nouveau tiroir Vertex avec sa conception \u00e9l\u00e9gante et son design aux lignes droites, parfait pour \u00e9quiper vos meubles aux derni\u00e8res tendances en mati\u00e8re de design et de fonctionnalit\u00e9. Il se distingue par ses coulisses en &hellip; Continuer la lecture \u00ab\u00a0Nous vous attendons \u00e0 Lyon, sur le salon Eurobois\u00a0\u00bb\" \/>\n<meta property=\"og:url\" content=\"https:\/\/blog.emuca.com\/fr\/cat\/salon\/nous-vous-attendons-a-lyon-sur-le-salon-eurobois\/\" \/>\n<meta property=\"og:site_name\" content=\"Emuca blog\" \/>\n<meta property=\"article:publisher\" content=\"https:\/\/www.facebook.com\/EmucaGroup\" \/>\n<meta property=\"article:published_time\" content=\"2020-01-23T10:17:01+00:00\" \/>\n<meta property=\"article:modified_time\" content=\"2020-01-23T10:18:15+00:00\" \/>\n<meta property=\"og:image\" content=\"https:\/\/blog.emuca.com\/wp-content\/uploads\/2020\/01\/Eurobois-emuca-2020.jpg\" \/>\n\t<meta property=\"og:image:width\" content=\"916\" \/>\n\t<meta property=\"og:image:height\" content=\"446\" \/>\n\t<meta property=\"og:image:type\" content=\"image\/jpeg\" \/>\n<meta name=\"author\" content=\"Emuca\" \/>\n<meta name=\"twitter:card\" content=\"summary_large_image\" \/>\n<meta name=\"twitter:label1\" content=\"\u00c9crit par\" \/>\n\t<meta name=\"twitter:data1\" content=\"Emuca\" \/>\n<script type=\"application\/ld+json\" class=\"yoast-schema-graph\">{\"@context\":\"https:\/\/schema.org\",\"@graph\":[{\"@type\":\"Article\",\"@id\":\"https:\/\/blog.emuca.com\/fr\/cat\/salon\/nous-vous-attendons-a-lyon-sur-le-salon-eurobois\/#article\",\"isPartOf\":{\"@id\":\"https:\/\/blog.emuca.com\/fr\/cat\/salon\/nous-vous-attendons-a-lyon-sur-le-salon-eurobois\/\"},\"author\":{\"name\":\"Emuca\",\"@id\":\"https:\/\/blog.emuca.com\/#\/schema\/person\/81560ca037d9c1ed19744a85ef9cbe2a\"},\"headline\":\"Nous vous attendons \u00e0 Lyon, sur le salon Eurobois\",\"datePublished\":\"2020-01-23T10:17:01+00:00\",\"dateModified\":\"2020-01-23T10:18:15+00:00\",\"mainEntityOfPage\":{\"@id\":\"https:\/\/blog.emuca.com\/fr\/cat\/salon\/nous-vous-attendons-a-lyon-sur-le-salon-eurobois\/\"},\"wordCount\":101,\"publisher\":{\"@id\":\"https:\/\/blog.emuca.com\/#organization\"},\"image\":{\"@id\":\"https:\/\/blog.emuca.com\/fr\/cat\/salon\/nous-vous-attendons-a-lyon-sur-le-salon-eurobois\/#primaryimage\"},\"thumbnailUrl\":\"https:\/\/blog.emuca.com\/wp-content\/uploads\/2020\/01\/Eurobois-emuca-2020.jpg\",\"articleSection\":[\"Salon\"],\"inLanguage\":\"fr-FR\"},{\"@type\":\"WebPage\",\"@id\":\"https:\/\/blog.emuca.com\/fr\/cat\/salon\/nous-vous-attendons-a-lyon-sur-le-salon-eurobois\/\",\"url\":\"https:\/\/blog.emuca.com\/fr\/cat\/salon\/nous-vous-attendons-a-lyon-sur-le-salon-eurobois\/\",\"name\":\"Nous vous attendons \u00e0 Lyon, sur le salon Eurobois - Emuca blog\",\"isPartOf\":{\"@id\":\"https:\/\/blog.emuca.com\/#website\"},\"primaryImageOfPage\":{\"@id\":\"https:\/\/blog.emuca.com\/fr\/cat\/salon\/nous-vous-attendons-a-lyon-sur-le-salon-eurobois\/#primaryimage\"},\"image\":{\"@id\":\"https:\/\/blog.emuca.com\/fr\/cat\/salon\/nous-vous-attendons-a-lyon-sur-le-salon-eurobois\/#primaryimage\"},\"thumbnailUrl\":\"https:\/\/blog.emuca.com\/wp-content\/uploads\/2020\/01\/Eurobois-emuca-2020.jpg\",\"datePublished\":\"2020-01-23T10:17:01+00:00\",\"dateModified\":\"2020-01-23T10:18:15+00:00\",\"inLanguage\":\"fr-FR\",\"potentialAction\":[{\"@type\":\"ReadAction\",\"target\":[\"https:\/\/blog.emuca.com\/fr\/cat\/salon\/nous-vous-attendons-a-lyon-sur-le-salon-eurobois\/\"]}]},{\"@type\":\"ImageObject\",\"inLanguage\":\"fr-FR\",\"@id\":\"https:\/\/blog.emuca.com\/fr\/cat\/salon\/nous-vous-attendons-a-lyon-sur-le-salon-eurobois\/#primaryimage\",\"url\":\"https:\/\/blog.emuca.com\/wp-content\/uploads\/2020\/01\/Eurobois-emuca-2020.jpg\",\"contentUrl\":\"https:\/\/blog.emuca.com\/wp-content\/uploads\/2020\/01\/Eurobois-emuca-2020.jpg\",\"width\":916,\"height\":446},{\"@type\":\"WebSite\",\"@id\":\"https:\/\/blog.emuca.com\/#website\",\"url\":\"https:\/\/blog.emuca.com\/\",\"name\":\"Emuca blog\",\"description\":\"\",\"publisher\":{\"@id\":\"https:\/\/blog.emuca.com\/#organization\"},\"potentialAction\":[{\"@type\":\"SearchAction\",\"target\":{\"@type\":\"EntryPoint\",\"urlTemplate\":\"https:\/\/blog.emuca.com\/?s={search_term_string}\"},\"query-input\":{\"@type\":\"PropertyValueSpecification\",\"valueRequired\":true,\"valueName\":\"search_term_string\"}}],\"inLanguage\":\"fr-FR\"},{\"@type\":\"Organization\",\"@id\":\"https:\/\/blog.emuca.com\/#organization\",\"name\":\"emuca\",\"url\":\"https:\/\/blog.emuca.com\/\",\"logo\":{\"@type\":\"ImageObject\",\"inLanguage\":\"fr-FR\",\"@id\":\"https:\/\/blog.emuca.com\/#\/schema\/logo\/image\/\",\"url\":\"https:\/\/blog.emuca.com\/wp-content\/uploads\/2024\/05\/cropped-logo-emuca-menu.png\",\"contentUrl\":\"https:\/\/blog.emuca.com\/wp-content\/uploads\/2024\/05\/cropped-logo-emuca-menu.png\",\"width\":190,\"height\":190,\"caption\":\"emuca\"},\"image\":{\"@id\":\"https:\/\/blog.emuca.com\/#\/schema\/logo\/image\/\"},\"sameAs\":[\"https:\/\/www.facebook.com\/EmucaGroup\"]},{\"@type\":\"Person\",\"@id\":\"https:\/\/blog.emuca.com\/#\/schema\/person\/81560ca037d9c1ed19744a85ef9cbe2a\",\"name\":\"Emuca\",\"url\":\"https:\/\/blog.emuca.com\/fr\/cat\/author\/emuca\/\"}]}<\/script>\n<!-- \/ Yoast SEO plugin. -->","yoast_head_json":{"title":"Nous vous attendons \u00e0 Lyon, sur le salon Eurobois - Emuca blog","robots":{"index":"index","follow":"follow","max-snippet":"max-snippet:-1","max-image-preview":"max-image-preview:large","max-video-preview":"max-video-preview:-1"},"canonical":"https:\/\/blog.emuca.com\/fr\/cat\/salon\/nous-vous-attendons-a-lyon-sur-le-salon-eurobois\/","og_locale":"fr_FR","og_type":"article","og_title":"Nous vous attendons \u00e0 Lyon, sur le salon Eurobois - Emuca blog","og_description":"Nous serons pr\u00e9sents au salon Eurobois (eurobois.net) \u00a0\u00e0 Lyon du 4 au 7 f\u00e9vrier,\u00a0 avec Berner et nous pr\u00e9senterons le nouveau tiroir Vertex avec sa conception \u00e9l\u00e9gante et son design aux lignes droites, parfait pour \u00e9quiper vos meubles aux derni\u00e8res tendances en mati\u00e8re de design et de fonctionnalit\u00e9. Il se distingue par ses coulisses en &hellip; Continuer la lecture \u00ab\u00a0Nous vous attendons \u00e0 Lyon, sur le salon Eurobois\u00a0\u00bb","og_url":"https:\/\/blog.emuca.com\/fr\/cat\/salon\/nous-vous-attendons-a-lyon-sur-le-salon-eurobois\/","og_site_name":"Emuca blog","article_publisher":"https:\/\/www.facebook.com\/EmucaGroup","article_published_time":"2020-01-23T10:17:01+00:00","article_modified_time":"2020-01-23T10:18:15+00:00","og_image":[{"width":916,"height":446,"url":"https:\/\/blog.emuca.com\/wp-content\/uploads\/2020\/01\/Eurobois-emuca-2020.jpg","type":"image\/jpeg"}],"author":"Emuca","twitter_card":"summary_large_image","twitter_misc":{"\u00c9crit par":"Emuca"},"schema":{"@context":"https:\/\/schema.org","@graph":[{"@type":"Article","@id":"https:\/\/blog.emuca.com\/fr\/cat\/salon\/nous-vous-attendons-a-lyon-sur-le-salon-eurobois\/#article","isPartOf":{"@id":"https:\/\/blog.emuca.com\/fr\/cat\/salon\/nous-vous-attendons-a-lyon-sur-le-salon-eurobois\/"},"author":{"name":"Emuca","@id":"https:\/\/blog.emuca.com\/#\/schema\/person\/81560ca037d9c1ed19744a85ef9cbe2a"},"headline":"Nous vous attendons \u00e0 Lyon, sur le salon Eurobois","datePublished":"2020-01-23T10:17:01+00:00","dateModified":"2020-01-23T10:18:15+00:00","mainEntityOfPage":{"@id":"https:\/\/blog.emuca.com\/fr\/cat\/salon\/nous-vous-attendons-a-lyon-sur-le-salon-eurobois\/"},"wordCount":101,"publisher":{"@id":"https:\/\/blog.emuca.com\/#organization"},"image":{"@id":"https:\/\/blog.emuca.com\/fr\/cat\/salon\/nous-vous-attendons-a-lyon-sur-le-salon-eurobois\/#primaryimage"},"thumbnailUrl":"https:\/\/blog.emuca.com\/wp-content\/uploads\/2020\/01\/Eurobois-emuca-2020.jpg","articleSection":["Salon"],"inLanguage":"fr-FR"},{"@type":"WebPage","@id":"https:\/\/blog.emuca.com\/fr\/cat\/salon\/nous-vous-attendons-a-lyon-sur-le-salon-eurobois\/","url":"https:\/\/blog.emuca.com\/fr\/cat\/salon\/nous-vous-attendons-a-lyon-sur-le-salon-eurobois\/","name":"Nous vous attendons \u00e0 Lyon, sur le salon Eurobois - Emuca blog","isPartOf":{"@id":"https:\/\/blog.emuca.com\/#website"},"primaryImageOfPage":{"@id":"https:\/\/blog.emuca.com\/fr\/cat\/salon\/nous-vous-attendons-a-lyon-sur-le-salon-eurobois\/#primaryimage"},"image":{"@id":"https:\/\/blog.emuca.com\/fr\/cat\/salon\/nous-vous-attendons-a-lyon-sur-le-salon-eurobois\/#primaryimage"},"thumbnailUrl":"https:\/\/blog.emuca.com\/wp-content\/uploads\/2020\/01\/Eurobois-emuca-2020.jpg","datePublished":"2020-01-23T10:17:01+00:00","dateModified":"2020-01-23T10:18:15+00:00","inLanguage":"fr-FR","potentialAction":[{"@type":"ReadAction","target":["https:\/\/blog.emuca.com\/fr\/cat\/salon\/nous-vous-attendons-a-lyon-sur-le-salon-eurobois\/"]}]},{"@type":"ImageObject","inLanguage":"fr-FR","@id":"https:\/\/blog.emuca.com\/fr\/cat\/salon\/nous-vous-attendons-a-lyon-sur-le-salon-eurobois\/#primaryimage","url":"https:\/\/blog.emuca.com\/wp-content\/uploads\/2020\/01\/Eurobois-emuca-2020.jpg","contentUrl":"https:\/\/blog.emuca.com\/wp-content\/uploads\/2020\/01\/Eurobois-emuca-2020.jpg","width":916,"height":446},{"@type":"WebSite","@id":"https:\/\/blog.emuca.com\/#website","url":"https:\/\/blog.emuca.com\/","name":"Emuca blog","description":"","publisher":{"@id":"https:\/\/blog.emuca.com\/#organization"},"potentialAction":[{"@type":"SearchAction","target":{"@type":"EntryPoint","urlTemplate":"https:\/\/blog.emuca.com\/?s={search_term_string}"},"query-input":{"@type":"PropertyValueSpecification","valueRequired":true,"valueName":"search_term_string"}}],"inLanguage":"fr-FR"},{"@type":"Organization","@id":"https:\/\/blog.emuca.com\/#organization","name":"emuca","url":"https:\/\/blog.emuca.com\/","logo":{"@type":"ImageObject","inLanguage":"fr-FR","@id":"https:\/\/blog.emuca.com\/#\/schema\/logo\/image\/","url":"https:\/\/blog.emuca.com\/wp-content\/uploads\/2024\/05\/cropped-logo-emuca-menu.png","contentUrl":"https:\/\/blog.emuca.com\/wp-content\/uploads\/2024\/05\/cropped-logo-emuca-menu.png","width":190,"height":190,"caption":"emuca"},"image":{"@id":"https:\/\/blog.emuca.com\/#\/schema\/logo\/image\/"},"sameAs":["https:\/\/www.facebook.com\/EmucaGroup"]},{"@type":"Person","@id":"https:\/\/blog.emuca.com\/#\/schema\/person\/81560ca037d9c1ed19744a85ef9cbe2a","name":"Emuca","url":"https:\/\/blog.emuca.com\/fr\/cat\/author\/emuca\/"}]}},"_links":{"self":[{"href":"https:\/\/blog.emuca.com\/fr\/wp-json\/wp\/v2\/posts\/455","targetHints":{"allow":["GET"]}}],"collection":[{"href":"https:\/\/blog.emuca.com\/fr\/wp-json\/wp\/v2\/posts"}],"about":[{"href":"https:\/\/blog.emuca.com\/fr\/wp-json\/wp\/v2\/types\/post"}],"author":[{"embeddable":true,"href":"https:\/\/blog.emuca.com\/fr\/wp-json\/wp\/v2\/users\/2"}],"replies":[{"embeddable":true,"href":"https:\/\/blog.emuca.com\/fr\/wp-json\/wp\/v2\/comments?post=455"}],"version-history":[{"count":1,"href":"https:\/\/blog.emuca.com\/fr\/wp-json\/wp\/v2\/posts\/455\/revisions"}],"predecessor-version":[{"id":462,"href":"https:\/\/blog.emuca.com\/fr\/wp-json\/wp\/v2\/posts\/455\/revisions\/462"}],"wp:featuredmedia":[{"embeddable":true,"href":"https:\/\/blog.emuca.com\/fr\/wp-json\/wp\/v2\/media\/456"}],"wp:attachment":[{"href":"https:\/\/blog.emuca.com\/fr\/wp-json\/wp\/v2\/media?parent=455"}],"wp:term":[{"taxonomy":"category","embeddable":true,"href":"https:\/\/blog.emuca.com\/fr\/wp-json\/wp\/v2\/categories?post=455"},{"taxonomy":"post_tag","embeddable":true,"href":"https:\/\/blog.emuca.com\/fr\/wp-json\/wp\/v2\/tags?post=455"}],"curies":[{"name":"wp","href":"https:\/\/api.w.org\/{rel}","templated":true}]}}