{"id":22382,"date":"2021-11-03T13:26:36","date_gmt":"2021-11-03T12:26:36","guid":{"rendered":"http:\/\/blogs.emuca.com\/nblog\/cat\/non-classifiee\/equipement-de-cuisine-les-cles-pour-faire-le-bon-choix\/"},"modified":"2022-05-04T11:17:28","modified_gmt":"2022-05-04T09:17:28","slug":"equipement-de-cuisine-les-cles-pour-faire-le-bon-choix","status":"publish","type":"post","link":"https:\/\/blog.emuca.com\/fr\/cat\/tendances\/equipement-de-cuisine-les-cles-pour-faire-le-bon-choix\/","title":{"rendered":"\u00c9quipement de cuisine : les cl\u00e9s pour faire le bon choix"},"content":{"rendered":"\t\t<div data-elementor-type=\"wp-post\" data-elementor-id=\"22382\" class=\"elementor elementor-22382 elementor-20293\" data-elementor-post-type=\"post\">\n\t\t\t\t\t\t<section class=\"elementor-section elementor-top-section elementor-element elementor-element-7fc5097a elementor-section-boxed elementor-section-height-default elementor-section-height-default\" data-id=\"7fc5097a\" data-element_type=\"section\">\n\t\t\t\t\t\t<div class=\"elementor-container elementor-column-gap-default\">\n\t\t\t\t\t<div class=\"elementor-column elementor-col-100 elementor-top-column elementor-element elementor-element-7a03a892\" data-id=\"7a03a892\" data-element_type=\"column\">\n\t\t\t<div class=\"elementor-widget-wrap elementor-element-populated\">\n\t\t\t\t\t\t<div class=\"elementor-element elementor-element-56e48b23 elementor-widget elementor-widget-text-editor\" data-id=\"56e48b23\" data-element_type=\"widget\" data-widget_type=\"text-editor.default\">\n\t\t\t\t<div class=\"elementor-widget-container\">\n\t\t\t\t\t\t\t<p><span style=\"font-weight: 400;\">Lorsque vous commencez \u00e0 chercher des <\/span><b>\u00e9quipements de cuisine<\/b><span style=\"font-weight: 400;\">, vous vous posez sans doute des questions sur la mani\u00e8re de vous y prendre.<\/span><\/p>\n<p><span style=\"font-weight: 400;\">De quoi ai-je r\u00e9ellement besoin et comment choisir ce qui est le plus appropri\u00e9 ? Vous devez trouver l&rsquo;\u00e9quilibre entre confort, praticit\u00e9 et durabilit\u00e9. Si c&rsquo;est votre cas, ne vous inqui\u00e9tez pas : <\/span><b>chez <\/b><a href=\"https:\/\/www.emuca.es\"><b>Emuca <\/b><\/a><span style=\"font-weight: 400;\">\u00a0<\/span><b>nous vous aiderons \u00e0 faire de votre cuisine l&rsquo;endroit dont vous et votre famille r\u00eavez.<\/b><\/p>\n<h2><b>Conseils pour choisir le meilleur \u00e9quipement de cuisine<\/b><\/h2>\n<p><span style=\"font-weight: 400;\">Avant de penser \u00e0 choisir le <\/span><b>meilleur \u00e9quipement de cuisine<\/b><span style=\"font-weight: 400;\">, il y a plusieurs aspects que vous devez prendre en compte.<\/span><\/p>\n<p><span style=\"font-weight: 400;\">Il s&rsquo;agit des \u00e9l\u00e9ments de base, qui vous donneront une <\/span><b>bonne feuille de route pour aller de l&rsquo;avant<\/b><span style=\"font-weight: 400;\">. Une fois que vous avez compris cela, vous pouvez commencer \u00e0 r\u00e9fl\u00e9chir au type <\/span><b>d&rsquo;esth\u00e9tique<\/b><span style=\"font-weight: 400;\"> que vous recherchez dans cet espace. Nous vous laissons avec les 3 aspects les plus importants de l&rsquo;\u00e9quipement de cuisine.<\/span><\/p>\n<h3><b>Mat\u00e9riel<\/b><\/h3>\n<p><span style=\"font-weight: 400;\">Le mat\u00e9riau que vous utilisez dans votre cuisine doit \u00eatre choisi en tenant compte du fait <\/span><b>qu&rsquo;il sera en contact permanent avec l&rsquo;humidit\u00e9<\/b><span style=\"font-weight: 400;\">.<\/span><\/p>\n<p><span style=\"font-weight: 400;\">\u00c9vitez les mat\u00e9riaux perm\u00e9ables et choisissez plut\u00f4t des mati\u00e8res <\/span><b>synth\u00e9tiques<\/b><span style=\"font-weight: 400;\">. N&rsquo;oubliez pas qu&rsquo;il existe aujourd&rsquo;hui des milliers d&rsquo;options de ce type, qui dureront beaucoup plus longtemps et resteront comme neufs pendant des ann\u00e9es.<\/span><\/p>\n<h3><b>Espace<\/b><\/h3>\n<p><span style=\"font-weight: 400;\">L&rsquo;espace est essentiel avant de d\u00e9cider quel <\/span><b>\u00e9quipement de cuisine <\/b><span style=\"font-weight: 400;\">choisir.<\/span><\/p>\n<p><span style=\"font-weight: 400;\">M\u00eame si vous avez suffisamment d&rsquo;espace dans votre cuisine, il est recommand\u00e9 d&rsquo;opter pour des <\/span><b>tables pliantes, des \u00e9tag\u00e8res internes<\/b><span style=\"font-weight: 400;\"> et d&rsquo;autres meubles similaires, qui vous garantiront plus d&rsquo;espace pour vous d\u00e9placer confortablement.<\/span><\/p>\n<h3><b>Versatilit\u00e9<\/b><\/h3>\n<p><span style=\"font-weight: 400;\">Choisir des \u00e9l\u00e9ments qui peuvent <\/span><b>remplir diff\u00e9rentes<\/b><span style=\"font-weight: 400;\"> fonctions ou qui peuvent \u00eatre facilement repositionn\u00e9s est une sage d\u00e9cision en mati\u00e8re d&rsquo;\u00e9quipement de cuisine.<\/span><\/p>\n<p><span style=\"font-weight: 400;\">Gr\u00e2ce \u00e0 cela, vous serez en mesure de <\/span><b>tirer le meilleur parti de l&rsquo;espace<\/b><span style=\"font-weight: 400;\"> et d&rsquo;\u00e9viter de vous encombrer de meubles.<\/span><\/p>\n<h2><b>Les meilleurs produits d&rsquo;Emuca pour l&rsquo;\u00e9quipement de la cuisine<\/b><\/h2>\n<p><span style=\"font-weight: 400;\">Nous vous pr\u00e9sentons les produits les plus appr\u00e9ci\u00e9s par les utilisateurs, pour leur utilit\u00e9 et leur valeur, en mati\u00e8re <\/span><b>d&rsquo;\u00e9quipement de cuisine<\/b><span style=\"font-weight: 400;\">.<\/span><\/p>\n<p><a href=\"https:\/\/www.emuca.es\"><span style=\"font-weight: 400;\">Emuca <\/span><\/a><span style=\"font-weight: 400;\">ne vous offre pas seulement un site web confortable pour l&rsquo;achat de ses produits : elle vous donne aussi toutes les garanties dans les livraisons, rapides, efficaces et avec toute la D\u00e9couvrez ici qualit\u00e9. Voici quelques-unes des plus remarquables<\/span><b> solutions pour les cuisines<\/b><span style=\"font-weight: 400;\"> :<\/span><\/p>\n<h3><a href=\"https:\/\/www.emuca.es\/cocina\/mesas-extensibles-de-cocina\/mesas-extensibles\/mesa-extensible-y-elevable-opla-top\/emuca-mesa-extensible-y-elevable-opla-top-para-cocina-aluminio-anonizado-inox\"><b>\u00a0<\/b><b>Table \u00e0 rallonge et relevable Opla Top<\/b><\/a><\/h3>\n<p><span style=\"font-weight: 400;\">Cette table de travail est tr\u00e8s <\/span><b>pratique pour tout cuisinier<\/b><span style=\"font-weight: 400;\">.<\/span><\/p>\n<p><span style=\"font-weight: 400;\">Imaginez que vous ouvrez un tiroir et que vous disposez d&rsquo;un plan de travail complet, suffisamment soutenu pour vous permettre de <\/span><b>cuisiner confortablement<\/b><span style=\"font-weight: 400;\">. Elle est fabriqu\u00e9e en aluminium anodis\u00e9, elle est donc tr\u00e8s r\u00e9sistante et vous fera gagner beaucoup d&rsquo;espace dans la cuisine, sans compter son <\/span><b>design \u00e9l\u00e9gant<\/b><span style=\"font-weight: 400;\"> qui se combine parfaitement avec toutes sortes de styles.<\/span><\/p>\n\t\t\t\t\t\t<\/div>\n\t\t\t\t<\/div>\n\t\t\t\t<div class=\"elementor-element elementor-element-2b71deb elementor-widget elementor-widget-html\" data-id=\"2b71deb\" data-element_type=\"widget\" data-widget_type=\"html.default\">\n\t\t\t\t<div class=\"elementor-widget-container\">\n\t\t\t<!--HubSpot Call-to-Action Code --><span class=\"hs-cta-wrapper\" id=\"hs-cta-wrapper-472e1327-9ef3-48fe-abf6-ffa53befad46\"><span class=\"hs-cta-node hs-cta-472e1327-9ef3-48fe-abf6-ffa53befad46\" id=\"hs-cta-472e1327-9ef3-48fe-abf6-ffa53befad46\"><!--[if lte IE 8]><div id=\"hs-cta-ie-element\"><\/div><![endif]--><a href=\"https:\/\/cta-redirect.hubspot.com\/cta\/redirect\/4071763\/472e1327-9ef3-48fe-abf6-ffa53befad46\" target=\"_blank\" rel=\"noopener\"><img fetchpriority=\"high\" decoding=\"async\" class=\"hs-cta-img\" id=\"hs-cta-img-472e1327-9ef3-48fe-abf6-ffa53befad46\" style=\"border-width:0px;\" height=\"458\" width=\"1175\" src=\"https:\/\/no-cache.hubspot.com\/cta\/default\/4071763\/472e1327-9ef3-48fe-abf6-ffa53befad46.png\"  alt=\"Nueva llamada a la acci\u00f3n\"\/><\/a><\/span><script charset=\"utf-8\" src=\"https:\/\/js.hscta.net\/cta\/current.js\"><\/script><script type=\"text\/javascript\"> hbspt.cta.load(4071763, '472e1327-9ef3-48fe-abf6-ffa53befad46', {\"useNewLoader\":\"true\",\"region\":\"na1\"}); <\/script><\/span><!-- end HubSpot Call-to-Action Code -->\t\t<\/div>\n\t\t\t\t<\/div>\n\t\t\t\t<div class=\"elementor-element elementor-element-07cdf67 elementor-widget elementor-widget-text-editor\" data-id=\"07cdf67\" data-element_type=\"widget\" data-widget_type=\"text-editor.default\">\n\t\t\t\t<div class=\"elementor-widget-container\">\n\t\t\t\t\t\t\t<h3><a href=\"https:\/\/www.emuca.es\/cocina\/almacenaje-cocina\/accesorios-titane-para-montar-en-la-pared\/ganchos-para-colgar-titane\/ganchos-para-colgar-titane-8965235-10-gris-antracita\"><b>Crochets muraux Titane pour suspendre des accessoires\u00a0<\/b><\/a><\/h3>\n<p><span style=\"font-weight: 400;\">Ils sont petits, extr\u00eamement r\u00e9sistants. Mais, surtout, ils <\/span><b>permettent de garder tous les ustensiles de base \u00e0 port\u00e9e de main<\/b><span style=\"font-weight: 400;\">.<\/span><\/p>\n<p><span style=\"font-weight: 400;\">Ces crochets en acier <\/span><b>supportent tr\u00e8s bien le poids<\/b><span style=\"font-weight: 400;\">, ce qui vous permet d&rsquo;avoir tout ce dont vous avez besoin \u00e0 port\u00e9e de main. De plus, lorsqu&rsquo;il s&rsquo;agit d&rsquo;ustensiles de cuisine, il est toujours plus pratique de les placer dans des endroits ventil\u00e9s, o\u00f9 ils ne sont pas expos\u00e9s \u00e0 l&rsquo;humidit\u00e9.<\/span><\/p>\n\t\t\t\t\t\t<\/div>\n\t\t\t\t<\/div>\n\t\t\t\t<div class=\"elementor-element elementor-element-77c7aed elementor-widget elementor-widget-image\" data-id=\"77c7aed\" data-element_type=\"widget\" data-widget_type=\"image.default\">\n\t\t\t\t<div class=\"elementor-widget-container\">\n\t\t\t\t\t\t\t\t\t\t\t\t\t<img decoding=\"async\" width=\"640\" height=\"640\" src=\"https:\/\/blog.emuca.com\/wp-content\/uploads\/2021\/08\/titane-1024x1024.jpg\" class=\"attachment-large size-large wp-image-20713\" alt=\"\" srcset=\"https:\/\/blog.emuca.com\/wp-content\/uploads\/2021\/08\/titane-1024x1024.jpg 1024w, https:\/\/blog.emuca.com\/wp-content\/uploads\/2021\/08\/titane-300x300.jpg 300w, https:\/\/blog.emuca.com\/wp-content\/uploads\/2021\/08\/titane-150x150.jpg 150w, https:\/\/blog.emuca.com\/wp-content\/uploads\/2021\/08\/titane-768x768.jpg 768w, https:\/\/blog.emuca.com\/wp-content\/uploads\/2021\/08\/titane.jpg 1080w\" sizes=\"(max-width: 34.9rem) calc(100vw - 2rem), (max-width: 53rem) calc(8 * (100vw \/ 12)), (min-width: 53rem) calc(6 * (100vw \/ 12)), 100vw\" \/>\t\t\t\t\t\t\t\t\t\t\t\t\t<\/div>\n\t\t\t\t<\/div>\n\t\t\t\t<div class=\"elementor-element elementor-element-e46dbd0 elementor-widget elementor-widget-text-editor\" data-id=\"e46dbd0\" data-element_type=\"widget\" data-widget_type=\"text-editor.default\">\n\t\t\t\t<div class=\"elementor-widget-container\">\n\t\t\t\t\t\t\t<h3><a href=\"https:\/\/www.emuca.es\/cocina\/almacenaje-cocina\/sistema-titane\/sistema-extraible-de-rincon-titane\/sistema-extraible-de-rincon-titane-8944335-1-gris-antracita\"><b>Syst\u00e8me coulissant d&rsquo;angle Titane Gris Anthracite\u00a0<\/b><\/a><\/h3>\n<p><span style=\"font-weight: 400;\">Nous savons combien il est difficile de maintenir l&rsquo;ordre \u00e0 l&rsquo;int\u00e9rieur de modules ferm\u00e9s, c&rsquo;est pourquoi ce syst\u00e8me est essentiel lorsqu&rsquo;il s&rsquo;agit <\/span><b>d&rsquo;\u00e9quipements de cuisine.<\/b><\/p>\n<p><span style=\"font-weight: 400;\">D&rsquo;une part, il vous offre une structure <\/span><b>tr\u00e8s confortable pour organiser toutes vos affaires<\/b><span style=\"font-weight: 400;\">, mais il est \u00e9galement facile \u00e0 retirer pour le nettoyage et sa structure en acier garantit qualit\u00e9 et durabilit\u00e9.<\/span><\/p>\n<h3><a href=\"https:\/\/www.emuca.es\/cocina\/almacenaje-cocina\/sistema-supra\/columna-extraible-para-puerta-con-bisagras\/columna-extraible-para-puerta-con-bisagras-8936111-1-cromado\"><b>Pilier coulissant pour porte battante chrom\u00e9e\u00a0<\/b><\/a><\/h3>\n<p><span style=\"font-weight: 400;\">Vous avez probablement d\u00e9j\u00e0 remarqu\u00e9 l&rsquo;importance que nous accordons aux <\/span><b>structures<\/b><span style=\"font-weight: 400;\"> con\u00e7ues pour les meubles ferm\u00e9s.<\/span><\/p>\n<p><span style=\"font-weight: 400;\">Oui, elles sont essentielles et il est facile de comprendre pourquoi : n&rsquo;avez-vous jamais compl\u00e8tement oubli\u00e9 quelque chose qui avait \u00e9t\u00e9 oubli\u00e9 au fond de vos \u00e9tag\u00e8res ferm\u00e9es \u00e0 cl\u00e9 ? Nous savons que c&rsquo;est le cas, et c&rsquo;est pourquoi <\/span><b>nous avons con\u00e7u des structures coulissantes<\/b><span style=\"font-weight: 400;\"> qui ne vous permettront plus jamais de l&rsquo;oublier.<\/span><\/p>\n<h3><a href=\"https:\/\/www.emuca.es\/cocina\/almacenaje-cocina\/sistema-shelvo\/juego-de-bandejas-circulares-shelvo\/juego-de-bandejas-circulares-shelvo-8929015-1-800-710-plastico-blanco\"><b>Shelvo Ensemble de plateaux circulaires en plastique blanc\u00a0<\/b><\/a><\/h3>\n<p><span style=\"font-weight: 400;\">Nous sommes toujours \u00e0 la recherche de moyens pour organiser nos affaires \u00e0 l&rsquo;int\u00e9rieur des meubles d&rsquo;angle, c&rsquo;est pourquoi ces plateaux sont tr\u00e8s pratiques pour accueillir vos produits.<\/span><\/p>\n<p><span style=\"font-weight: 400;\">Ils vous permettent de <\/span><b>profiter au maximum de l&rsquo;espace du meuble<\/b><span style=\"font-weight: 400;\"> et d&rsquo;avoir tous vos ustensiles \u00e0 port\u00e9e de main. Ils sont tr\u00e8s pratiques.<\/span><\/p>\n\t\t\t\t\t\t<\/div>\n\t\t\t\t<\/div>\n\t\t\t\t<div class=\"elementor-element elementor-element-691e794 elementor-widget elementor-widget-image\" data-id=\"691e794\" data-element_type=\"widget\" data-widget_type=\"image.default\">\n\t\t\t\t<div class=\"elementor-widget-container\">\n\t\t\t\t\t\t\t\t\t\t\t\t\t<img decoding=\"async\" width=\"640\" height=\"616\" src=\"https:\/\/blog.emuca.com\/wp-content\/uploads\/2021\/08\/shelvo.jpg\" class=\"attachment-large size-large wp-image-20721\" alt=\"\" srcset=\"https:\/\/blog.emuca.com\/wp-content\/uploads\/2021\/08\/shelvo.jpg 783w, https:\/\/blog.emuca.com\/wp-content\/uploads\/2021\/08\/shelvo-300x289.jpg 300w, https:\/\/blog.emuca.com\/wp-content\/uploads\/2021\/08\/shelvo-768x740.jpg 768w\" sizes=\"(max-width: 34.9rem) calc(100vw - 2rem), (max-width: 53rem) calc(8 * (100vw \/ 12)), (min-width: 53rem) calc(6 * (100vw \/ 12)), 100vw\" \/>\t\t\t\t\t\t\t\t\t\t\t\t\t<\/div>\n\t\t\t\t<\/div>\n\t\t\t\t<div class=\"elementor-element elementor-element-4267238 elementor-widget elementor-widget-text-editor\" data-id=\"4267238\" data-element_type=\"widget\" data-widget_type=\"text-editor.default\">\n\t\t\t\t<div class=\"elementor-widget-container\">\n\t\t\t\t\t\t\t<h3><a href=\"https:\/\/www.emuca.es\/cocina\/almacenaje-cocina\/accesorios-titane-para-montar-en-la-pared\/emuca-estante-para-tarros-de-especies-titane\/emuca-estante-para-tarros-de-especias-para-colgar-acero-gris-antracita\"><b>Encore un d\u00e9tail d&rsquo;\u00e9quipement de cuisine : l&rsquo;\u00e9tag\u00e8re suspendue pour les pots d&rsquo;\u00e9pices.\u00a0<\/b><\/a><\/h3>\n<p><span style=\"font-weight: 400;\">Cette \u00e9tag\u00e8re est super utile pour avoir <\/span><b>vos \u00e9pices dans un endroit visible et \u00e0 votre port\u00e9e<\/b><span style=\"font-weight: 400;\">. \u00c9tant en acier, elle est extr\u00eamement r\u00e9sistante et a une couleur tr\u00e8s \u00e9l\u00e9gante. La meilleure partie de cette \u00e9tag\u00e8re est que vous n&rsquo;avez qu&rsquo;\u00e0 l&rsquo;accrocher \u00e0 l&rsquo;endroit de votre choix, ce qui vous permet de la d\u00e9placer facilement ou de la nettoyer si n\u00e9cessaire.<\/span><\/p>\n<p><span style=\"font-weight: 400;\">Cette liste n&rsquo;est qu&rsquo;une petite partie de ce qu&rsquo;<\/span><b>Emuca<\/b><span style=\"font-weight: 400;\"> vous propose en mati\u00e8re d&rsquo;\u00e9quipement de cuisine, tous ces produits sont fabriqu\u00e9s avec les meilleurs mat\u00e9riaux, sont con\u00e7us pour vous accompagner pendant des ann\u00e9es et r\u00e9pondre \u00e0 vos attentes les plus exigeantes. Ne vous contentez pas de moins ! <\/span><b>Votre famille m\u00e9rite le meilleur et Emuca est synonyme de qualit\u00e9<\/b><span style=\"font-weight: 400;\">, alors qu&rsquo;attendez-vous ? Venez cr\u00e9er un espace de rencontre dans votre cuisine !<\/span><\/p>\n\t\t\t\t\t\t<\/div>\n\t\t\t\t<\/div>\n\t\t\t\t\t<\/div>\n\t\t<\/div>\n\t\t\t\t\t<\/div>\n\t\t<\/section>\n\t\t\t\t<\/div>\n\t\t","protected":false},"excerpt":{"rendered":"<p>Lorsque vous commencez \u00e0 chercher des \u00e9quipements de cuisine, vous vous posez sans doute des questions sur la mani\u00e8re de vous y prendre. De quoi ai-je r\u00e9ellement besoin et comment choisir ce qui est le plus appropri\u00e9 ? Vous devez trouver l&rsquo;\u00e9quilibre entre confort, praticit\u00e9 et durabilit\u00e9. Si c&rsquo;est votre cas, ne vous inqui\u00e9tez pas &hellip; <\/p>\n<p class=\"link-more\"><a href=\"https:\/\/blog.emuca.com\/fr\/cat\/tendances\/equipement-de-cuisine-les-cles-pour-faire-le-bon-choix\/\" class=\"more-link\">Continuer la lecture <span class=\"screen-reader-text\"> \u00ab\u00a0\u00c9quipement de cuisine : les cl\u00e9s pour faire le bon choix\u00a0\u00bb<\/span><\/a><\/p>\n","protected":false},"author":3,"featured_media":21236,"comment_status":"closed","ping_status":"closed","sticky":false,"template":"","format":"standard","meta":{"footnotes":""},"categories":[118,117],"tags":[456,455],"class_list":["post-22382","post","type-post","status-publish","format-standard","has-post-thumbnail","hentry","category-style-de-vie","category-tendances","tag-cuisines-emuca","tag-materiel-de-cuisine","entry"],"yoast_head":"<!-- This site is optimized with the Yoast SEO plugin v24.1 - https:\/\/yoast.com\/wordpress\/plugins\/seo\/ -->\n<title>\u00c9quipement de cuisine : les cl\u00e9s pour faire le bon choix<\/title>\n<meta name=\"description\" content=\"La cuisine est le c\u0153ur d&#039;une maison, c&#039;est pourquoi chez Emuca nous vous pr\u00e9sentons tout ce dont vous avez besoin en mati\u00e8re d&#039;\u00e9quipement de cuisine de pointe.\" \/>\n<meta name=\"robots\" content=\"index, follow, max-snippet:-1, max-image-preview:large, max-video-preview:-1\" \/>\n<link rel=\"canonical\" href=\"https:\/\/blog.emuca.com\/fr\/cat\/tendances\/equipement-de-cuisine-les-cles-pour-faire-le-bon-choix\/\" \/>\n<meta property=\"og:locale\" content=\"fr_FR\" \/>\n<meta property=\"og:type\" content=\"article\" \/>\n<meta property=\"og:title\" content=\"\u00c9quipement de cuisine : les cl\u00e9s pour faire le bon choix\" \/>\n<meta property=\"og:description\" content=\"La cuisine est le c\u0153ur d&#039;une maison, c&#039;est pourquoi chez Emuca nous vous pr\u00e9sentons tout ce dont vous avez besoin en mati\u00e8re d&#039;\u00e9quipement de cuisine de pointe.\" \/>\n<meta property=\"og:url\" content=\"https:\/\/blog.emuca.com\/fr\/cat\/tendances\/equipement-de-cuisine-les-cles-pour-faire-le-bon-choix\/\" \/>\n<meta property=\"og:site_name\" content=\"Emuca blog\" \/>\n<meta property=\"article:publisher\" content=\"https:\/\/www.facebook.com\/EmucaGroup\" \/>\n<meta property=\"article:published_time\" content=\"2021-11-03T12:26:36+00:00\" \/>\n<meta property=\"article:modified_time\" content=\"2022-05-04T09:17:28+00:00\" \/>\n<meta property=\"og:image\" content=\"https:\/\/blog.emuca.com\/wp-content\/uploads\/2021\/08\/Sin-treter1.jpg\" \/>\n\t<meta property=\"og:image:width\" content=\"900\" \/>\n\t<meta property=\"og:image:height\" content=\"500\" \/>\n\t<meta property=\"og:image:type\" content=\"image\/jpeg\" \/>\n<meta name=\"author\" content=\"Jes\u00fas\" \/>\n<meta name=\"twitter:card\" content=\"summary_large_image\" \/>\n<meta name=\"twitter:label1\" content=\"\u00c9crit par\" \/>\n\t<meta name=\"twitter:data1\" content=\"Jes\u00fas\" \/>\n\t<meta name=\"twitter:label2\" content=\"Dur\u00e9e de lecture estim\u00e9e\" \/>\n\t<meta name=\"twitter:data2\" content=\"5 minutes\" \/>\n<script type=\"application\/ld+json\" class=\"yoast-schema-graph\">{\"@context\":\"https:\/\/schema.org\",\"@graph\":[{\"@type\":\"Article\",\"@id\":\"https:\/\/blog.emuca.com\/fr\/cat\/tendances\/equipement-de-cuisine-les-cles-pour-faire-le-bon-choix\/#article\",\"isPartOf\":{\"@id\":\"https:\/\/blog.emuca.com\/fr\/cat\/tendances\/equipement-de-cuisine-les-cles-pour-faire-le-bon-choix\/\"},\"author\":{\"name\":\"Jes\u00fas\",\"@id\":\"https:\/\/blog.emuca.com\/#\/schema\/person\/e2000aac3322e591b53c90f4a386f893\"},\"headline\":\"\u00c9quipement de cuisine : les cl\u00e9s pour faire le bon choix\",\"datePublished\":\"2021-11-03T12:26:36+00:00\",\"dateModified\":\"2022-05-04T09:17:28+00:00\",\"mainEntityOfPage\":{\"@id\":\"https:\/\/blog.emuca.com\/fr\/cat\/tendances\/equipement-de-cuisine-les-cles-pour-faire-le-bon-choix\/\"},\"wordCount\":998,\"publisher\":{\"@id\":\"https:\/\/blog.emuca.com\/#organization\"},\"image\":{\"@id\":\"https:\/\/blog.emuca.com\/fr\/cat\/tendances\/equipement-de-cuisine-les-cles-pour-faire-le-bon-choix\/#primaryimage\"},\"thumbnailUrl\":\"https:\/\/blog.emuca.com\/wp-content\/uploads\/2021\/08\/Sin-treter1.jpg\",\"keywords\":[\"cuisines emuca\",\"mat\u00e9riel de cuisine\"],\"articleSection\":[\"Style de vie\",\"Tendances\"],\"inLanguage\":\"fr-FR\"},{\"@type\":\"WebPage\",\"@id\":\"https:\/\/blog.emuca.com\/fr\/cat\/tendances\/equipement-de-cuisine-les-cles-pour-faire-le-bon-choix\/\",\"url\":\"https:\/\/blog.emuca.com\/fr\/cat\/tendances\/equipement-de-cuisine-les-cles-pour-faire-le-bon-choix\/\",\"name\":\"\u00c9quipement de cuisine : les cl\u00e9s pour faire le bon choix\",\"isPartOf\":{\"@id\":\"https:\/\/blog.emuca.com\/#website\"},\"primaryImageOfPage\":{\"@id\":\"https:\/\/blog.emuca.com\/fr\/cat\/tendances\/equipement-de-cuisine-les-cles-pour-faire-le-bon-choix\/#primaryimage\"},\"image\":{\"@id\":\"https:\/\/blog.emuca.com\/fr\/cat\/tendances\/equipement-de-cuisine-les-cles-pour-faire-le-bon-choix\/#primaryimage\"},\"thumbnailUrl\":\"https:\/\/blog.emuca.com\/wp-content\/uploads\/2021\/08\/Sin-treter1.jpg\",\"datePublished\":\"2021-11-03T12:26:36+00:00\",\"dateModified\":\"2022-05-04T09:17:28+00:00\",\"description\":\"La cuisine est le c\u0153ur d'une maison, c'est pourquoi chez Emuca nous vous pr\u00e9sentons tout ce dont vous avez besoin en mati\u00e8re d'\u00e9quipement de cuisine de pointe.\",\"inLanguage\":\"fr-FR\",\"potentialAction\":[{\"@type\":\"ReadAction\",\"target\":[\"https:\/\/blog.emuca.com\/fr\/cat\/tendances\/equipement-de-cuisine-les-cles-pour-faire-le-bon-choix\/\"]}]},{\"@type\":\"ImageObject\",\"inLanguage\":\"fr-FR\",\"@id\":\"https:\/\/blog.emuca.com\/fr\/cat\/tendances\/equipement-de-cuisine-les-cles-pour-faire-le-bon-choix\/#primaryimage\",\"url\":\"https:\/\/blog.emuca.com\/wp-content\/uploads\/2021\/08\/Sin-treter1.jpg\",\"contentUrl\":\"https:\/\/blog.emuca.com\/wp-content\/uploads\/2021\/08\/Sin-treter1.jpg\",\"width\":900,\"height\":500},{\"@type\":\"WebSite\",\"@id\":\"https:\/\/blog.emuca.com\/#website\",\"url\":\"https:\/\/blog.emuca.com\/\",\"name\":\"Emuca blog\",\"description\":\"\",\"publisher\":{\"@id\":\"https:\/\/blog.emuca.com\/#organization\"},\"potentialAction\":[{\"@type\":\"SearchAction\",\"target\":{\"@type\":\"EntryPoint\",\"urlTemplate\":\"https:\/\/blog.emuca.com\/?s={search_term_string}\"},\"query-input\":{\"@type\":\"PropertyValueSpecification\",\"valueRequired\":true,\"valueName\":\"search_term_string\"}}],\"inLanguage\":\"fr-FR\"},{\"@type\":\"Organization\",\"@id\":\"https:\/\/blog.emuca.com\/#organization\",\"name\":\"emuca\",\"url\":\"https:\/\/blog.emuca.com\/\",\"logo\":{\"@type\":\"ImageObject\",\"inLanguage\":\"fr-FR\",\"@id\":\"https:\/\/blog.emuca.com\/#\/schema\/logo\/image\/\",\"url\":\"https:\/\/blog.emuca.com\/wp-content\/uploads\/2024\/05\/cropped-logo-emuca-menu.png\",\"contentUrl\":\"https:\/\/blog.emuca.com\/wp-content\/uploads\/2024\/05\/cropped-logo-emuca-menu.png\",\"width\":190,\"height\":190,\"caption\":\"emuca\"},\"image\":{\"@id\":\"https:\/\/blog.emuca.com\/#\/schema\/logo\/image\/\"},\"sameAs\":[\"https:\/\/www.facebook.com\/EmucaGroup\"]},{\"@type\":\"Person\",\"@id\":\"https:\/\/blog.emuca.com\/#\/schema\/person\/e2000aac3322e591b53c90f4a386f893\",\"name\":\"Jes\u00fas\",\"url\":\"https:\/\/blog.emuca.com\/fr\/cat\/author\/jesus_redactor\/\"}]}<\/script>\n<!-- \/ Yoast SEO plugin. -->","yoast_head_json":{"title":"\u00c9quipement de cuisine : les cl\u00e9s pour faire le bon choix","description":"La cuisine est le c\u0153ur d'une maison, c'est pourquoi chez Emuca nous vous pr\u00e9sentons tout ce dont vous avez besoin en mati\u00e8re d'\u00e9quipement de cuisine de pointe.","robots":{"index":"index","follow":"follow","max-snippet":"max-snippet:-1","max-image-preview":"max-image-preview:large","max-video-preview":"max-video-preview:-1"},"canonical":"https:\/\/blog.emuca.com\/fr\/cat\/tendances\/equipement-de-cuisine-les-cles-pour-faire-le-bon-choix\/","og_locale":"fr_FR","og_type":"article","og_title":"\u00c9quipement de cuisine : les cl\u00e9s pour faire le bon choix","og_description":"La cuisine est le c\u0153ur d'une maison, c'est pourquoi chez Emuca nous vous pr\u00e9sentons tout ce dont vous avez besoin en mati\u00e8re d'\u00e9quipement de cuisine de pointe.","og_url":"https:\/\/blog.emuca.com\/fr\/cat\/tendances\/equipement-de-cuisine-les-cles-pour-faire-le-bon-choix\/","og_site_name":"Emuca blog","article_publisher":"https:\/\/www.facebook.com\/EmucaGroup","article_published_time":"2021-11-03T12:26:36+00:00","article_modified_time":"2022-05-04T09:17:28+00:00","og_image":[{"width":900,"height":500,"url":"https:\/\/blog.emuca.com\/wp-content\/uploads\/2021\/08\/Sin-treter1.jpg","type":"image\/jpeg"}],"author":"Jes\u00fas","twitter_card":"summary_large_image","twitter_misc":{"\u00c9crit par":"Jes\u00fas","Dur\u00e9e de lecture estim\u00e9e":"5 minutes"},"schema":{"@context":"https:\/\/schema.org","@graph":[{"@type":"Article","@id":"https:\/\/blog.emuca.com\/fr\/cat\/tendances\/equipement-de-cuisine-les-cles-pour-faire-le-bon-choix\/#article","isPartOf":{"@id":"https:\/\/blog.emuca.com\/fr\/cat\/tendances\/equipement-de-cuisine-les-cles-pour-faire-le-bon-choix\/"},"author":{"name":"Jes\u00fas","@id":"https:\/\/blog.emuca.com\/#\/schema\/person\/e2000aac3322e591b53c90f4a386f893"},"headline":"\u00c9quipement de cuisine : les cl\u00e9s pour faire le bon choix","datePublished":"2021-11-03T12:26:36+00:00","dateModified":"2022-05-04T09:17:28+00:00","mainEntityOfPage":{"@id":"https:\/\/blog.emuca.com\/fr\/cat\/tendances\/equipement-de-cuisine-les-cles-pour-faire-le-bon-choix\/"},"wordCount":998,"publisher":{"@id":"https:\/\/blog.emuca.com\/#organization"},"image":{"@id":"https:\/\/blog.emuca.com\/fr\/cat\/tendances\/equipement-de-cuisine-les-cles-pour-faire-le-bon-choix\/#primaryimage"},"thumbnailUrl":"https:\/\/blog.emuca.com\/wp-content\/uploads\/2021\/08\/Sin-treter1.jpg","keywords":["cuisines emuca","mat\u00e9riel de cuisine"],"articleSection":["Style de vie","Tendances"],"inLanguage":"fr-FR"},{"@type":"WebPage","@id":"https:\/\/blog.emuca.com\/fr\/cat\/tendances\/equipement-de-cuisine-les-cles-pour-faire-le-bon-choix\/","url":"https:\/\/blog.emuca.com\/fr\/cat\/tendances\/equipement-de-cuisine-les-cles-pour-faire-le-bon-choix\/","name":"\u00c9quipement de cuisine : les cl\u00e9s pour faire le bon choix","isPartOf":{"@id":"https:\/\/blog.emuca.com\/#website"},"primaryImageOfPage":{"@id":"https:\/\/blog.emuca.com\/fr\/cat\/tendances\/equipement-de-cuisine-les-cles-pour-faire-le-bon-choix\/#primaryimage"},"image":{"@id":"https:\/\/blog.emuca.com\/fr\/cat\/tendances\/equipement-de-cuisine-les-cles-pour-faire-le-bon-choix\/#primaryimage"},"thumbnailUrl":"https:\/\/blog.emuca.com\/wp-content\/uploads\/2021\/08\/Sin-treter1.jpg","datePublished":"2021-11-03T12:26:36+00:00","dateModified":"2022-05-04T09:17:28+00:00","description":"La cuisine est le c\u0153ur d'une maison, c'est pourquoi chez Emuca nous vous pr\u00e9sentons tout ce dont vous avez besoin en mati\u00e8re d'\u00e9quipement de cuisine de pointe.","inLanguage":"fr-FR","potentialAction":[{"@type":"ReadAction","target":["https:\/\/blog.emuca.com\/fr\/cat\/tendances\/equipement-de-cuisine-les-cles-pour-faire-le-bon-choix\/"]}]},{"@type":"ImageObject","inLanguage":"fr-FR","@id":"https:\/\/blog.emuca.com\/fr\/cat\/tendances\/equipement-de-cuisine-les-cles-pour-faire-le-bon-choix\/#primaryimage","url":"https:\/\/blog.emuca.com\/wp-content\/uploads\/2021\/08\/Sin-treter1.jpg","contentUrl":"https:\/\/blog.emuca.com\/wp-content\/uploads\/2021\/08\/Sin-treter1.jpg","width":900,"height":500},{"@type":"WebSite","@id":"https:\/\/blog.emuca.com\/#website","url":"https:\/\/blog.emuca.com\/","name":"Emuca blog","description":"","publisher":{"@id":"https:\/\/blog.emuca.com\/#organization"},"potentialAction":[{"@type":"SearchAction","target":{"@type":"EntryPoint","urlTemplate":"https:\/\/blog.emuca.com\/?s={search_term_string}"},"query-input":{"@type":"PropertyValueSpecification","valueRequired":true,"valueName":"search_term_string"}}],"inLanguage":"fr-FR"},{"@type":"Organization","@id":"https:\/\/blog.emuca.com\/#organization","name":"emuca","url":"https:\/\/blog.emuca.com\/","logo":{"@type":"ImageObject","inLanguage":"fr-FR","@id":"https:\/\/blog.emuca.com\/#\/schema\/logo\/image\/","url":"https:\/\/blog.emuca.com\/wp-content\/uploads\/2024\/05\/cropped-logo-emuca-menu.png","contentUrl":"https:\/\/blog.emuca.com\/wp-content\/uploads\/2024\/05\/cropped-logo-emuca-menu.png","width":190,"height":190,"caption":"emuca"},"image":{"@id":"https:\/\/blog.emuca.com\/#\/schema\/logo\/image\/"},"sameAs":["https:\/\/www.facebook.com\/EmucaGroup"]},{"@type":"Person","@id":"https:\/\/blog.emuca.com\/#\/schema\/person\/e2000aac3322e591b53c90f4a386f893","name":"Jes\u00fas","url":"https:\/\/blog.emuca.com\/fr\/cat\/author\/jesus_redactor\/"}]}},"_links":{"self":[{"href":"https:\/\/blog.emuca.com\/fr\/wp-json\/wp\/v2\/posts\/22382"}],"collection":[{"href":"https:\/\/blog.emuca.com\/fr\/wp-json\/wp\/v2\/posts"}],"about":[{"href":"https:\/\/blog.emuca.com\/fr\/wp-json\/wp\/v2\/types\/post"}],"author":[{"embeddable":true,"href":"https:\/\/blog.emuca.com\/fr\/wp-json\/wp\/v2\/users\/3"}],"replies":[{"embeddable":true,"href":"https:\/\/blog.emuca.com\/fr\/wp-json\/wp\/v2\/comments?post=22382"}],"version-history":[{"count":3,"href":"https:\/\/blog.emuca.com\/fr\/wp-json\/wp\/v2\/posts\/22382\/revisions"}],"predecessor-version":[{"id":24893,"href":"https:\/\/blog.emuca.com\/fr\/wp-json\/wp\/v2\/posts\/22382\/revisions\/24893"}],"wp:featuredmedia":[{"embeddable":true,"href":"https:\/\/blog.emuca.com\/fr\/wp-json\/wp\/v2\/media\/21236"}],"wp:attachment":[{"href":"https:\/\/blog.emuca.com\/fr\/wp-json\/wp\/v2\/media?parent=22382"}],"wp:term":[{"taxonomy":"category","embeddable":true,"href":"https:\/\/blog.emuca.com\/fr\/wp-json\/wp\/v2\/categories?post=22382"},{"taxonomy":"post_tag","embeddable":true,"href":"https:\/\/blog.emuca.com\/fr\/wp-json\/wp\/v2\/tags?post=22382"}],"curies":[{"name":"wp","href":"https:\/\/api.w.org\/{rel}","templated":true}]}}