{"id":15353,"date":"2021-03-29T08:05:03","date_gmt":"2021-03-29T06:05:03","guid":{"rendered":"http:\/\/blogs.emuca.com\/nblog\/cat\/non-classifiee\/pourquoi-les-pieds-de-meubles-reglables-sont-a-la-mode-dans-les-bureaux\/"},"modified":"2021-03-29T08:05:03","modified_gmt":"2021-03-29T06:05:03","slug":"pourquoi-les-pieds-de-meubles-reglables-sont-a-la-mode-dans-les-bureaux","status":"publish","type":"post","link":"https:\/\/blog.emuca.com\/fr\/cat\/tendances\/pourquoi-les-pieds-de-meubles-reglables-sont-a-la-mode-dans-les-bureaux\/","title":{"rendered":"Pourquoi les pieds de meubles r\u00e9glables sont \u00e0 la mode dans les bureaux"},"content":{"rendered":"\t\t<div data-elementor-type=\"wp-post\" data-elementor-id=\"15353\" class=\"elementor elementor-15353 elementor-13909\" data-elementor-post-type=\"post\">\n\t\t\t\t\t\t<section class=\"elementor-section elementor-top-section elementor-element elementor-element-78d09657 elementor-section-boxed elementor-section-height-default elementor-section-height-default\" data-id=\"78d09657\" data-element_type=\"section\">\n\t\t\t\t\t\t<div class=\"elementor-container elementor-column-gap-default\">\n\t\t\t\t\t<div class=\"elementor-column elementor-col-100 elementor-top-column elementor-element elementor-element-7f36cfc4\" data-id=\"7f36cfc4\" data-element_type=\"column\">\n\t\t\t<div class=\"elementor-widget-wrap elementor-element-populated\">\n\t\t\t\t\t\t<div class=\"elementor-element elementor-element-114104c3 elementor-widget elementor-widget-text-editor\" data-id=\"114104c3\" data-element_type=\"widget\" data-widget_type=\"text-editor.default\">\n\t\t\t\t<div class=\"elementor-widget-container\">\n\t\t\t\t\t\t\t<p>En r\u00e8gle g\u00e9n\u00e9rale, nous passons la plupart de notre temps <strong>au travail<\/strong>. Nous nous levons, nous allons \u00e0 notre poste de travail, nous y mangeons m\u00eame, et apr\u00e8s avoir termin\u00e9 nos t\u00e2ches, nous rentrons chez nous ou pour terminer le reste de nos activit\u00e9s quotidiennes. Les heures de travail sont g\u00e9n\u00e9ralement de 8 heures, mais dans certains cas, elles peuvent \u00eatre beaucoup plus longues.<\/p>\n<p>Il est donc essentiel que <strong>l\u2019espace dans lequel vous travaillez soit confortable, ergonomique et pratique<\/strong>. Et, sans aucun doute, vos projets devraient viser \u00e0 fournir toutes ces exigences \u00e0 vos clients.<\/p>\n<p>Les <a href=\"https:\/\/www.emuca.fr\/pieds\/pieds-de-table\"><strong>pieds r\u00e9glables<\/strong><\/a> sont devenus une exigence essentielle pour les bureaux, car ils permettent, comme leur nom l\u2019indique, de <strong>r\u00e9gler la hauteur du mobilier<\/strong> pour l\u2019adapter aux besoins de chaque professionnel.<\/p>\n<p>Chez <a href=\"https:\/\/www.emuca.fr\/\"><strong>Emuca<\/strong><\/a>, en tant qu\u2019experts de la commercialisation des <strong>ferrures<\/strong>, nous allons consacrer cet article \u00e0 vous expliquer tout ce que vous devez savoir \u00e0 leur sujet. Pour que vos projets fournissent le maximum d\u2019avantages possibles<\/p>\n\t\t\t\t\t\t<\/div>\n\t\t\t\t<\/div>\n\t\t\t\t<div class=\"elementor-element elementor-element-19f0f22 elementor-widget elementor-widget-spacer\" data-id=\"19f0f22\" data-element_type=\"widget\" data-widget_type=\"spacer.default\">\n\t\t\t\t<div class=\"elementor-widget-container\">\n\t\t\t\t\t<div class=\"elementor-spacer\">\n\t\t\t<div class=\"elementor-spacer-inner\"><\/div>\n\t\t<\/div>\n\t\t\t\t<\/div>\n\t\t\t\t<\/div>\n\t\t\t\t\t<\/div>\n\t\t<\/div>\n\t\t\t\t\t<\/div>\n\t\t<\/section>\n\t\t\t\t<section class=\"elementor-section elementor-top-section elementor-element elementor-element-78a5044 elementor-section-boxed elementor-section-height-default elementor-section-height-default\" data-id=\"78a5044\" data-element_type=\"section\">\n\t\t\t\t\t\t<div class=\"elementor-container elementor-column-gap-default\">\n\t\t\t\t\t<div class=\"elementor-column elementor-col-100 elementor-top-column elementor-element elementor-element-ae5d284\" data-id=\"ae5d284\" data-element_type=\"column\">\n\t\t\t<div class=\"elementor-widget-wrap elementor-element-populated\">\n\t\t\t\t\t\t<div class=\"elementor-element elementor-element-a13fdae elementor-widget elementor-widget-text-editor\" data-id=\"a13fdae\" data-element_type=\"widget\" data-widget_type=\"text-editor.default\">\n\t\t\t\t<div class=\"elementor-widget-container\">\n\t\t\t\t\t\t\t<h2><strong>La nouvelle g\u00e9n\u00e9ration d\u2019espaces de travail &#8211; \u00e0 quoi ressemblent-ils aujourd\u2019hui ?<\/strong><\/h2>\n<p>Avec la pand\u00e9mie de Covid-19, le<strong> t\u00e9l\u00e9travail <\/strong>est devenu tr\u00e8s courant et fr\u00e9quent. Il y a m\u00eame ceux qui disent que beaucoup de ceux qui ont commenc\u00e9 cette pratique, ne retourneront plus au travail en pr\u00e9sentiel.<\/p>\n<p>Par cons\u00e9quent, il est in\u00e9vitable de supposer que <strong>les espaces de travail ont chang\u00e9<\/strong> et que, en tant que professionnels, nous devons nous adapter aux nouveaux besoins et demandes des clients.<\/p>\n<p>Aujourd\u2019hui, <strong>les lieux de travail sont devenus spacieux, d\u00e9gag\u00e9s, ergonomiques, pratiques, confortables et esth\u00e9tiques<\/strong>. Et pour combiner toutes ces exigences dans un seul projet, il faut une bonne planification et une bonne connaissance de toutes les options qui s\u2019offrent \u00e0 nous.<\/p>\n<p>&nbsp;<\/p>\n<p><em>\u00a0Vous pourriez \u00eatre int\u00e9ress\u00e9 par <\/em><a href=\"https:\/\/www.emuca.fr\/blog\/cat\/tendances\/nouvelles-tendances-de-leclairage-de-bureau\/\"><strong><em>Les nouvelles tendances en mati\u00e8re d\u2019\u00e9clairage de bureau<\/em><\/strong><\/a>.<\/p>\n<p>&nbsp;<\/p>\n<p>C\u2019est pourquoi, chez <a href=\"https:\/\/www.emuca.fr\/\"><strong>Emuca<\/strong><\/a>, nous voulons toujours vous tenir au courant de toutes les nouveaut\u00e9s et des <strong>ferrures qui cr\u00e9ent la tendance<\/strong> afin que vous puissiez les appliquer dans vos projets.<\/p>\n\t\t\t\t\t\t<\/div>\n\t\t\t\t<\/div>\n\t\t\t\t<div class=\"elementor-element elementor-element-1ab044e elementor-widget elementor-widget-spacer\" data-id=\"1ab044e\" data-element_type=\"widget\" data-widget_type=\"spacer.default\">\n\t\t\t\t<div class=\"elementor-widget-container\">\n\t\t\t\t\t<div class=\"elementor-spacer\">\n\t\t\t<div class=\"elementor-spacer-inner\"><\/div>\n\t\t<\/div>\n\t\t\t\t<\/div>\n\t\t\t\t<\/div>\n\t\t\t\t<div class=\"elementor-element elementor-element-aa7f951 elementor-widget elementor-widget-html\" data-id=\"aa7f951\" data-element_type=\"widget\" data-widget_type=\"html.default\">\n\t\t\t\t<div class=\"elementor-widget-container\">\n\t\t\t<!--HubSpot Call-to-Action Code --><span class=\"hs-cta-wrapper\" id=\"hs-cta-wrapper-4492fb6e-a7ac-4402-b2f2-9c3e3940b24d\"><span class=\"hs-cta-node hs-cta-4492fb6e-a7ac-4402-b2f2-9c3e3940b24d\" id=\"hs-cta-4492fb6e-a7ac-4402-b2f2-9c3e3940b24d\"><!--[if lte IE 8]><div id=\"hs-cta-ie-element\"><\/div><![endif]--><a href=\"https:\/\/cta-redirect.hubspot.com\/cta\/redirect\/4071763\/4492fb6e-a7ac-4402-b2f2-9c3e3940b24d\"  target=\"_blank\" ><img fetchpriority=\"high\" decoding=\"async\" class=\"hs-cta-img\" id=\"hs-cta-img-4492fb6e-a7ac-4402-b2f2-9c3e3940b24d\" style=\"border-width:0px;\" height=\"307\" width=\"1137\" src=\"https:\/\/no-cache.hubspot.com\/cta\/default\/4071763\/4492fb6e-a7ac-4402-b2f2-9c3e3940b24d.png\"  alt=\"Nueva llamada a la acci\u00f3n\"\/><\/a><\/span><script charset=\"utf-8\" src=\"https:\/\/js.hscta.net\/cta\/current.js\"><\/script><script type=\"text\/javascript\"> hbspt.cta.load(4071763, '4492fb6e-a7ac-4402-b2f2-9c3e3940b24d', {\"region\":\"na1\"}); <\/script><\/span><!-- end HubSpot Call-to-Action Code -->\t\t<\/div>\n\t\t\t\t<\/div>\n\t\t\t\t<div class=\"elementor-element elementor-element-12a70cf elementor-widget elementor-widget-spacer\" data-id=\"12a70cf\" data-element_type=\"widget\" data-widget_type=\"spacer.default\">\n\t\t\t\t<div class=\"elementor-widget-container\">\n\t\t\t\t\t<div class=\"elementor-spacer\">\n\t\t\t<div class=\"elementor-spacer-inner\"><\/div>\n\t\t<\/div>\n\t\t\t\t<\/div>\n\t\t\t\t<\/div>\n\t\t\t\t\t<\/div>\n\t\t<\/div>\n\t\t\t\t\t<\/div>\n\t\t<\/section>\n\t\t\t\t<section class=\"elementor-section elementor-top-section elementor-element elementor-element-f2e1589 elementor-section-boxed elementor-section-height-default elementor-section-height-default\" data-id=\"f2e1589\" data-element_type=\"section\">\n\t\t\t\t\t\t<div class=\"elementor-container elementor-column-gap-default\">\n\t\t\t\t\t<div class=\"elementor-column elementor-col-100 elementor-top-column elementor-element elementor-element-d08f1c7\" data-id=\"d08f1c7\" data-element_type=\"column\">\n\t\t\t<div class=\"elementor-widget-wrap elementor-element-populated\">\n\t\t\t\t\t\t<div class=\"elementor-element elementor-element-bea5613 elementor-widget elementor-widget-text-editor\" data-id=\"bea5613\" data-element_type=\"widget\" data-widget_type=\"text-editor.default\">\n\t\t\t\t<div class=\"elementor-widget-container\">\n\t\t\t\t\t\t\t<h2><strong>Pourquoi est-il n\u00e9cessaire de choisir des pieds r\u00e9glables pour le mobilier de bureau\u00a0?<\/strong><\/h2>\n<p>Chaque profession a ses propres exigences pour pouvoir l\u2019exercer et, selon l\u2019espace de travail dans lequel elle se fait, elle peut n\u00e9cessiter certains \u00e9l\u00e9ments ou d\u2019autres.<\/p>\n<p>Les <a href=\"https:\/\/www.emuca.fr\/pieds\/pieds-de-table\"><strong>pieds r\u00e9glables<\/strong><\/a> ne sont plus seulement une question d\u2019esth\u00e9tique, mais sont devenus une n\u00e9cessit\u00e9 de base pour <strong>am\u00e9liorer votre confort<\/strong>. Dans les salles polyvalentes, par exemple, les espaces sont partag\u00e9s pour travailler. Mais aussi pour se reposer. Il peut donc \u00eatre tr\u00e8s pratique d\u2019inclure des meubles avec ce <strong>type de ferrures<\/strong>, comme notre mod\u00e8le de <a href=\"https:\/\/www.emuca.fr\/pieds\/pieds-de-table\/pieds-fitwid\/emuca-pied-reglable-pour-table-fitwid\/emuca-pied-pour-table-carre-reglable-710-730-mm-aluminium-anodise-mat\"><strong>pieds de meubles r\u00e9glables Fitwid.<\/strong><\/a><\/p>\n<p>Mais il y a aussi certaines professions qui ont besoin de <strong>pieds t\u00e9lescopiques<\/strong> pour <strong>am\u00e9liorer leur rythme de travail<\/strong>, par exemple les architectes, les designers&#8230;<\/p>\n<p>Dans la recherche d\u2019un lieu de travail <strong>confortable et fonctionnel qui r\u00e9ponde \u00e0 vos besoins<\/strong>, vous ne pouvez pas manquer une bonne combinaison dans <a href=\"https:\/\/www.emuca.fr\/blog\/cat\/bureau\/ferrures-pour-meubles-de-bureau-pour-un-espace-de-travail-confortable-et-fonctionnel\/\"><strong>les ferrures pour mobilier de bureau<\/strong><\/a> qui en fera le <strong>lieu id\u00e9al pour d\u00e9velopper votre activit\u00e9 professionnelle<\/strong>.<\/p>\n<p><strong>\u00a0<\/strong><\/p>\n<p><em>Vous pourriez aussi \u00eatre int\u00e9ress\u00e9 par <\/em><a href=\"https:\/\/www.emuca.fr\/blog\/cat\/dernieres-nouvelles\/de-quoi-ai-je-besoin-pour-le-design-dun-bureau-a-domicile\/\"><strong><em>Comment concevoir un bureau chez soi\u00a0?<\/em><\/strong><\/a><\/p>\n\t\t\t\t\t\t<\/div>\n\t\t\t\t<\/div>\n\t\t\t\t\t<\/div>\n\t\t<\/div>\n\t\t\t\t\t<\/div>\n\t\t<\/section>\n\t\t\t\t<section class=\"elementor-section elementor-top-section elementor-element elementor-element-0c76994 elementor-section-boxed elementor-section-height-default elementor-section-height-default\" data-id=\"0c76994\" data-element_type=\"section\">\n\t\t\t\t\t\t<div class=\"elementor-container elementor-column-gap-default\">\n\t\t\t\t\t<div class=\"elementor-column elementor-col-100 elementor-top-column elementor-element elementor-element-a3d8197\" data-id=\"a3d8197\" data-element_type=\"column\">\n\t\t\t<div class=\"elementor-widget-wrap elementor-element-populated\">\n\t\t\t\t\t\t<div class=\"elementor-element elementor-element-c4ea770 elementor-widget elementor-widget-spacer\" data-id=\"c4ea770\" data-element_type=\"widget\" data-widget_type=\"spacer.default\">\n\t\t\t\t<div class=\"elementor-widget-container\">\n\t\t\t\t\t<div class=\"elementor-spacer\">\n\t\t\t<div class=\"elementor-spacer-inner\"><\/div>\n\t\t<\/div>\n\t\t\t\t<\/div>\n\t\t\t\t<\/div>\n\t\t\t\t<div class=\"elementor-element elementor-element-e0b8049 elementor-widget elementor-widget-text-editor\" data-id=\"e0b8049\" data-element_type=\"widget\" data-widget_type=\"text-editor.default\">\n\t\t\t\t<div class=\"elementor-widget-container\">\n\t\t\t\t\t\t\t<h2><strong>Types de pieds r\u00e9glables pour le mobilier de bureau<\/strong><\/h2>\n<p>Il existe une grande vari\u00e9t\u00e9 de mod\u00e8les de <strong>pieds de meubles r\u00e9glables<\/strong> parmi lesquels vous pouvez choisir en fonction de la hauteur souhait\u00e9e, du type de meuble, de la couleur, du fait qu\u2019il soit fixe ou mobile, et de l\u2019esth\u00e9tique que vous souhaitez donner au meuble.<\/p>\n<p>Chez <a href=\"https:\/\/www.emuca.fr\/\"><strong>Emuca<\/strong><\/a>, nous vous proposons un large \u00e9ventail de produits afin que vous puissiez choisir celui qui convient le mieux \u00e0 chacun de vos designs. Par exemple, <a href=\"https:\/\/www.emuca.fr\/pieds\/pieds-de-table\/pied-60\/emcua-pied-reglable-avec-roulette-et-frein-d-60-mm\/emuca-pied-pour-table-d-60-mm-roulette-et-frein-reglable-735-755-mm-acier-gris-metallise\"><strong>le pied de table r\u00e9glable de 60\u00a0mm<\/strong><\/a><strong>, avec roulette et frein int\u00e9gr\u00e9s, en gris m\u00e9tallis\u00e9. <\/strong><\/p>\n<p>Ou le <a href=\"https:\/\/www.emuca.fr\/pieds\/pieds-de-table\/pied-60\"><strong>mod\u00e8le fixe de 60 mm<\/strong><\/a> disponible en plusieurs finitions.<\/p>\n<p>Obtenir les meilleurs r\u00e9sultats dans chacun de vos projets est \u00e0 votre port\u00e9e. Qu\u2019il s\u2019agisse d\u2019incorporer des <a href=\"https:\/\/www.emuca.fr\/pieds\/pieds-de-table\"><strong>pieds r\u00e9glables<\/strong><\/a> au mobilier ou d\u2019inclure toutes <strong>sortes de ferrures<\/strong> pour <strong>am\u00e9liorer et augmenter l\u2019ergonomie et l\u2019esth\u00e9tique de chaque espace que vous cr\u00e9ez.<\/strong><\/p>\n<p><strong>\u00a0<\/strong><\/p>\n<p>En fin de compte, votre travail consiste \u00e0 <strong>am\u00e9liorer la vie de vos clients<\/strong>, \u00e0 <strong>leur offrir les meilleures solutions et \u00e0 les rendre si satisfaits<\/strong> que chaque fois qu\u2019ils ont besoin de quelque chose, ils viennent vous voir.<\/p>\n<p>Ainsi donc, <a href=\"https:\/\/www.emuca.fr\/\"><strong>visitez notre site internet<\/strong><\/a> et d\u00e9couvrez tout ce que nous vous proposons pour <strong>cr\u00e9er des espaces innovants en parfaite harmonie avec le confort et l\u2019esth\u00e9tique.<\/strong><\/p>\n<p>Et, bien s\u00fbr, si vous ne trouvez pas ce que vous cherchez, contactez-nous\u00a0! Nous vous aiderons \u00e0 r\u00e9soudre tous les doutes que vous pourriez avoir.<\/p>\n\t\t\t\t\t\t<\/div>\n\t\t\t\t<\/div>\n\t\t\t\t\t<\/div>\n\t\t<\/div>\n\t\t\t\t\t<\/div>\n\t\t<\/section>\n\t\t\t\t<\/div>\n\t\t","protected":false},"excerpt":{"rendered":"<p>En r\u00e8gle g\u00e9n\u00e9rale, nous passons la plupart de notre temps au travail. Nous nous levons, nous allons \u00e0 notre poste de travail, nous y mangeons m\u00eame, et apr\u00e8s avoir termin\u00e9 nos t\u00e2ches, nous rentrons chez nous ou pour terminer le reste de nos activit\u00e9s quotidiennes. Les heures de travail sont g\u00e9n\u00e9ralement de 8 heures, mais &hellip; <\/p>\n<p class=\"link-more\"><a href=\"https:\/\/blog.emuca.com\/fr\/cat\/tendances\/pourquoi-les-pieds-de-meubles-reglables-sont-a-la-mode-dans-les-bureaux\/\" class=\"more-link\">Continuer la lecture <span class=\"screen-reader-text\"> \u00ab\u00a0Pourquoi les pieds de meubles r\u00e9glables sont \u00e0 la mode dans les bureaux\u00a0\u00bb<\/span><\/a><\/p>\n","protected":false},"author":2,"featured_media":13939,"comment_status":"closed","ping_status":"closed","sticky":false,"template":"","format":"standard","meta":{"footnotes":""},"categories":[117],"tags":[],"class_list":["post-15353","post","type-post","status-publish","format-standard","has-post-thumbnail","hentry","category-tendances","entry"],"yoast_head":"<!-- This site is optimized with the Yoast SEO plugin v24.1 - https:\/\/yoast.com\/wordpress\/plugins\/seo\/ -->\n<title>Pieds r\u00e9glables, la derni\u00e8re tendance dans les bureaux | Emuca<\/title>\n<meta name=\"description\" content=\"D\u00e9couvrez les meilleures tendances en int\u00e9grant des pieds r\u00e9glables \u00e0 votre mobilier de bureau et faites-en un espace diff\u00e9rent\" \/>\n<meta name=\"robots\" content=\"index, follow, max-snippet:-1, max-image-preview:large, max-video-preview:-1\" \/>\n<link rel=\"canonical\" href=\"https:\/\/blog.emuca.com\/fr\/cat\/tendances\/pourquoi-les-pieds-de-meubles-reglables-sont-a-la-mode-dans-les-bureaux\/\" \/>\n<meta property=\"og:locale\" content=\"fr_FR\" \/>\n<meta property=\"og:type\" content=\"article\" \/>\n<meta property=\"og:title\" content=\"Pieds r\u00e9glables, la derni\u00e8re tendance dans les bureaux | Emuca\" \/>\n<meta property=\"og:description\" content=\"D\u00e9couvrez les meilleures tendances en int\u00e9grant des pieds r\u00e9glables \u00e0 votre mobilier de bureau et faites-en un espace diff\u00e9rent\" \/>\n<meta property=\"og:url\" content=\"https:\/\/blog.emuca.com\/fr\/cat\/tendances\/pourquoi-les-pieds-de-meubles-reglables-sont-a-la-mode-dans-les-bureaux\/\" \/>\n<meta property=\"og:site_name\" content=\"Emuca blog\" \/>\n<meta property=\"article:publisher\" content=\"https:\/\/www.facebook.com\/EmucaGroup\" \/>\n<meta property=\"article:published_time\" content=\"2021-03-29T06:05:03+00:00\" \/>\n<meta property=\"og:image\" content=\"https:\/\/blog.emuca.com\/wp-content\/uploads\/2021\/02\/EMUCA_HEADE-BLOG-1-copia-2.png\" \/>\n\t<meta property=\"og:image:width\" content=\"900\" \/>\n\t<meta property=\"og:image:height\" content=\"500\" \/>\n\t<meta property=\"og:image:type\" content=\"image\/png\" \/>\n<meta name=\"author\" content=\"Emuca\" \/>\n<meta name=\"twitter:card\" content=\"summary_large_image\" \/>\n<meta name=\"twitter:label1\" content=\"\u00c9crit par\" \/>\n\t<meta name=\"twitter:data1\" content=\"Emuca\" \/>\n\t<meta name=\"twitter:label2\" content=\"Dur\u00e9e de lecture estim\u00e9e\" \/>\n\t<meta name=\"twitter:data2\" content=\"4 minutes\" \/>\n<script type=\"application\/ld+json\" class=\"yoast-schema-graph\">{\"@context\":\"https:\/\/schema.org\",\"@graph\":[{\"@type\":\"Article\",\"@id\":\"https:\/\/blog.emuca.com\/fr\/cat\/tendances\/pourquoi-les-pieds-de-meubles-reglables-sont-a-la-mode-dans-les-bureaux\/#article\",\"isPartOf\":{\"@id\":\"https:\/\/blog.emuca.com\/fr\/cat\/tendances\/pourquoi-les-pieds-de-meubles-reglables-sont-a-la-mode-dans-les-bureaux\/\"},\"author\":{\"name\":\"Emuca\",\"@id\":\"https:\/\/blog.emuca.com\/#\/schema\/person\/81560ca037d9c1ed19744a85ef9cbe2a\"},\"headline\":\"Pourquoi les pieds de meubles r\u00e9glables sont \u00e0 la mode dans les bureaux\",\"datePublished\":\"2021-03-29T06:05:03+00:00\",\"dateModified\":\"2021-03-29T06:05:03+00:00\",\"mainEntityOfPage\":{\"@id\":\"https:\/\/blog.emuca.com\/fr\/cat\/tendances\/pourquoi-les-pieds-de-meubles-reglables-sont-a-la-mode-dans-les-bureaux\/\"},\"wordCount\":838,\"publisher\":{\"@id\":\"https:\/\/blog.emuca.com\/#organization\"},\"image\":{\"@id\":\"https:\/\/blog.emuca.com\/fr\/cat\/tendances\/pourquoi-les-pieds-de-meubles-reglables-sont-a-la-mode-dans-les-bureaux\/#primaryimage\"},\"thumbnailUrl\":\"https:\/\/blog.emuca.com\/wp-content\/uploads\/2021\/02\/EMUCA_HEADE-BLOG-1-copia-2.png\",\"articleSection\":[\"Tendances\"],\"inLanguage\":\"fr-FR\"},{\"@type\":\"WebPage\",\"@id\":\"https:\/\/blog.emuca.com\/fr\/cat\/tendances\/pourquoi-les-pieds-de-meubles-reglables-sont-a-la-mode-dans-les-bureaux\/\",\"url\":\"https:\/\/blog.emuca.com\/fr\/cat\/tendances\/pourquoi-les-pieds-de-meubles-reglables-sont-a-la-mode-dans-les-bureaux\/\",\"name\":\"Pieds r\u00e9glables, la derni\u00e8re tendance dans les bureaux | Emuca\",\"isPartOf\":{\"@id\":\"https:\/\/blog.emuca.com\/#website\"},\"primaryImageOfPage\":{\"@id\":\"https:\/\/blog.emuca.com\/fr\/cat\/tendances\/pourquoi-les-pieds-de-meubles-reglables-sont-a-la-mode-dans-les-bureaux\/#primaryimage\"},\"image\":{\"@id\":\"https:\/\/blog.emuca.com\/fr\/cat\/tendances\/pourquoi-les-pieds-de-meubles-reglables-sont-a-la-mode-dans-les-bureaux\/#primaryimage\"},\"thumbnailUrl\":\"https:\/\/blog.emuca.com\/wp-content\/uploads\/2021\/02\/EMUCA_HEADE-BLOG-1-copia-2.png\",\"datePublished\":\"2021-03-29T06:05:03+00:00\",\"dateModified\":\"2021-03-29T06:05:03+00:00\",\"description\":\"D\u00e9couvrez les meilleures tendances en int\u00e9grant des pieds r\u00e9glables \u00e0 votre mobilier de bureau et faites-en un espace diff\u00e9rent\",\"inLanguage\":\"fr-FR\",\"potentialAction\":[{\"@type\":\"ReadAction\",\"target\":[\"https:\/\/blog.emuca.com\/fr\/cat\/tendances\/pourquoi-les-pieds-de-meubles-reglables-sont-a-la-mode-dans-les-bureaux\/\"]}]},{\"@type\":\"ImageObject\",\"inLanguage\":\"fr-FR\",\"@id\":\"https:\/\/blog.emuca.com\/fr\/cat\/tendances\/pourquoi-les-pieds-de-meubles-reglables-sont-a-la-mode-dans-les-bureaux\/#primaryimage\",\"url\":\"https:\/\/blog.emuca.com\/wp-content\/uploads\/2021\/02\/EMUCA_HEADE-BLOG-1-copia-2.png\",\"contentUrl\":\"https:\/\/blog.emuca.com\/wp-content\/uploads\/2021\/02\/EMUCA_HEADE-BLOG-1-copia-2.png\",\"width\":900,\"height\":500,\"caption\":\"Por qu\u00e9 las patas regulables para muebles son tendencia en oficinas\"},{\"@type\":\"WebSite\",\"@id\":\"https:\/\/blog.emuca.com\/#website\",\"url\":\"https:\/\/blog.emuca.com\/\",\"name\":\"Emuca blog\",\"description\":\"\",\"publisher\":{\"@id\":\"https:\/\/blog.emuca.com\/#organization\"},\"potentialAction\":[{\"@type\":\"SearchAction\",\"target\":{\"@type\":\"EntryPoint\",\"urlTemplate\":\"https:\/\/blog.emuca.com\/?s={search_term_string}\"},\"query-input\":{\"@type\":\"PropertyValueSpecification\",\"valueRequired\":true,\"valueName\":\"search_term_string\"}}],\"inLanguage\":\"fr-FR\"},{\"@type\":\"Organization\",\"@id\":\"https:\/\/blog.emuca.com\/#organization\",\"name\":\"emuca\",\"url\":\"https:\/\/blog.emuca.com\/\",\"logo\":{\"@type\":\"ImageObject\",\"inLanguage\":\"fr-FR\",\"@id\":\"https:\/\/blog.emuca.com\/#\/schema\/logo\/image\/\",\"url\":\"https:\/\/blog.emuca.com\/wp-content\/uploads\/2024\/05\/cropped-logo-emuca-menu.png\",\"contentUrl\":\"https:\/\/blog.emuca.com\/wp-content\/uploads\/2024\/05\/cropped-logo-emuca-menu.png\",\"width\":190,\"height\":190,\"caption\":\"emuca\"},\"image\":{\"@id\":\"https:\/\/blog.emuca.com\/#\/schema\/logo\/image\/\"},\"sameAs\":[\"https:\/\/www.facebook.com\/EmucaGroup\"]},{\"@type\":\"Person\",\"@id\":\"https:\/\/blog.emuca.com\/#\/schema\/person\/81560ca037d9c1ed19744a85ef9cbe2a\",\"name\":\"Emuca\",\"url\":\"https:\/\/blog.emuca.com\/fr\/cat\/author\/emuca\/\"}]}<\/script>\n<!-- \/ Yoast SEO plugin. -->","yoast_head_json":{"title":"Pieds r\u00e9glables, la derni\u00e8re tendance dans les bureaux | Emuca","description":"D\u00e9couvrez les meilleures tendances en int\u00e9grant des pieds r\u00e9glables \u00e0 votre mobilier de bureau et faites-en un espace diff\u00e9rent","robots":{"index":"index","follow":"follow","max-snippet":"max-snippet:-1","max-image-preview":"max-image-preview:large","max-video-preview":"max-video-preview:-1"},"canonical":"https:\/\/blog.emuca.com\/fr\/cat\/tendances\/pourquoi-les-pieds-de-meubles-reglables-sont-a-la-mode-dans-les-bureaux\/","og_locale":"fr_FR","og_type":"article","og_title":"Pieds r\u00e9glables, la derni\u00e8re tendance dans les bureaux | Emuca","og_description":"D\u00e9couvrez les meilleures tendances en int\u00e9grant des pieds r\u00e9glables \u00e0 votre mobilier de bureau et faites-en un espace diff\u00e9rent","og_url":"https:\/\/blog.emuca.com\/fr\/cat\/tendances\/pourquoi-les-pieds-de-meubles-reglables-sont-a-la-mode-dans-les-bureaux\/","og_site_name":"Emuca blog","article_publisher":"https:\/\/www.facebook.com\/EmucaGroup","article_published_time":"2021-03-29T06:05:03+00:00","og_image":[{"width":900,"height":500,"url":"https:\/\/blog.emuca.com\/wp-content\/uploads\/2021\/02\/EMUCA_HEADE-BLOG-1-copia-2.png","type":"image\/png"}],"author":"Emuca","twitter_card":"summary_large_image","twitter_misc":{"\u00c9crit par":"Emuca","Dur\u00e9e de lecture estim\u00e9e":"4 minutes"},"schema":{"@context":"https:\/\/schema.org","@graph":[{"@type":"Article","@id":"https:\/\/blog.emuca.com\/fr\/cat\/tendances\/pourquoi-les-pieds-de-meubles-reglables-sont-a-la-mode-dans-les-bureaux\/#article","isPartOf":{"@id":"https:\/\/blog.emuca.com\/fr\/cat\/tendances\/pourquoi-les-pieds-de-meubles-reglables-sont-a-la-mode-dans-les-bureaux\/"},"author":{"name":"Emuca","@id":"https:\/\/blog.emuca.com\/#\/schema\/person\/81560ca037d9c1ed19744a85ef9cbe2a"},"headline":"Pourquoi les pieds de meubles r\u00e9glables sont \u00e0 la mode dans les bureaux","datePublished":"2021-03-29T06:05:03+00:00","dateModified":"2021-03-29T06:05:03+00:00","mainEntityOfPage":{"@id":"https:\/\/blog.emuca.com\/fr\/cat\/tendances\/pourquoi-les-pieds-de-meubles-reglables-sont-a-la-mode-dans-les-bureaux\/"},"wordCount":838,"publisher":{"@id":"https:\/\/blog.emuca.com\/#organization"},"image":{"@id":"https:\/\/blog.emuca.com\/fr\/cat\/tendances\/pourquoi-les-pieds-de-meubles-reglables-sont-a-la-mode-dans-les-bureaux\/#primaryimage"},"thumbnailUrl":"https:\/\/blog.emuca.com\/wp-content\/uploads\/2021\/02\/EMUCA_HEADE-BLOG-1-copia-2.png","articleSection":["Tendances"],"inLanguage":"fr-FR"},{"@type":"WebPage","@id":"https:\/\/blog.emuca.com\/fr\/cat\/tendances\/pourquoi-les-pieds-de-meubles-reglables-sont-a-la-mode-dans-les-bureaux\/","url":"https:\/\/blog.emuca.com\/fr\/cat\/tendances\/pourquoi-les-pieds-de-meubles-reglables-sont-a-la-mode-dans-les-bureaux\/","name":"Pieds r\u00e9glables, la derni\u00e8re tendance dans les bureaux | Emuca","isPartOf":{"@id":"https:\/\/blog.emuca.com\/#website"},"primaryImageOfPage":{"@id":"https:\/\/blog.emuca.com\/fr\/cat\/tendances\/pourquoi-les-pieds-de-meubles-reglables-sont-a-la-mode-dans-les-bureaux\/#primaryimage"},"image":{"@id":"https:\/\/blog.emuca.com\/fr\/cat\/tendances\/pourquoi-les-pieds-de-meubles-reglables-sont-a-la-mode-dans-les-bureaux\/#primaryimage"},"thumbnailUrl":"https:\/\/blog.emuca.com\/wp-content\/uploads\/2021\/02\/EMUCA_HEADE-BLOG-1-copia-2.png","datePublished":"2021-03-29T06:05:03+00:00","dateModified":"2021-03-29T06:05:03+00:00","description":"D\u00e9couvrez les meilleures tendances en int\u00e9grant des pieds r\u00e9glables \u00e0 votre mobilier de bureau et faites-en un espace diff\u00e9rent","inLanguage":"fr-FR","potentialAction":[{"@type":"ReadAction","target":["https:\/\/blog.emuca.com\/fr\/cat\/tendances\/pourquoi-les-pieds-de-meubles-reglables-sont-a-la-mode-dans-les-bureaux\/"]}]},{"@type":"ImageObject","inLanguage":"fr-FR","@id":"https:\/\/blog.emuca.com\/fr\/cat\/tendances\/pourquoi-les-pieds-de-meubles-reglables-sont-a-la-mode-dans-les-bureaux\/#primaryimage","url":"https:\/\/blog.emuca.com\/wp-content\/uploads\/2021\/02\/EMUCA_HEADE-BLOG-1-copia-2.png","contentUrl":"https:\/\/blog.emuca.com\/wp-content\/uploads\/2021\/02\/EMUCA_HEADE-BLOG-1-copia-2.png","width":900,"height":500,"caption":"Por qu\u00e9 las patas regulables para muebles son tendencia en oficinas"},{"@type":"WebSite","@id":"https:\/\/blog.emuca.com\/#website","url":"https:\/\/blog.emuca.com\/","name":"Emuca blog","description":"","publisher":{"@id":"https:\/\/blog.emuca.com\/#organization"},"potentialAction":[{"@type":"SearchAction","target":{"@type":"EntryPoint","urlTemplate":"https:\/\/blog.emuca.com\/?s={search_term_string}"},"query-input":{"@type":"PropertyValueSpecification","valueRequired":true,"valueName":"search_term_string"}}],"inLanguage":"fr-FR"},{"@type":"Organization","@id":"https:\/\/blog.emuca.com\/#organization","name":"emuca","url":"https:\/\/blog.emuca.com\/","logo":{"@type":"ImageObject","inLanguage":"fr-FR","@id":"https:\/\/blog.emuca.com\/#\/schema\/logo\/image\/","url":"https:\/\/blog.emuca.com\/wp-content\/uploads\/2024\/05\/cropped-logo-emuca-menu.png","contentUrl":"https:\/\/blog.emuca.com\/wp-content\/uploads\/2024\/05\/cropped-logo-emuca-menu.png","width":190,"height":190,"caption":"emuca"},"image":{"@id":"https:\/\/blog.emuca.com\/#\/schema\/logo\/image\/"},"sameAs":["https:\/\/www.facebook.com\/EmucaGroup"]},{"@type":"Person","@id":"https:\/\/blog.emuca.com\/#\/schema\/person\/81560ca037d9c1ed19744a85ef9cbe2a","name":"Emuca","url":"https:\/\/blog.emuca.com\/fr\/cat\/author\/emuca\/"}]}},"_links":{"self":[{"href":"https:\/\/blog.emuca.com\/fr\/wp-json\/wp\/v2\/posts\/15353"}],"collection":[{"href":"https:\/\/blog.emuca.com\/fr\/wp-json\/wp\/v2\/posts"}],"about":[{"href":"https:\/\/blog.emuca.com\/fr\/wp-json\/wp\/v2\/types\/post"}],"author":[{"embeddable":true,"href":"https:\/\/blog.emuca.com\/fr\/wp-json\/wp\/v2\/users\/2"}],"replies":[{"embeddable":true,"href":"https:\/\/blog.emuca.com\/fr\/wp-json\/wp\/v2\/comments?post=15353"}],"version-history":[{"count":1,"href":"https:\/\/blog.emuca.com\/fr\/wp-json\/wp\/v2\/posts\/15353\/revisions"}],"predecessor-version":[{"id":15354,"href":"https:\/\/blog.emuca.com\/fr\/wp-json\/wp\/v2\/posts\/15353\/revisions\/15354"}],"wp:featuredmedia":[{"embeddable":true,"href":"https:\/\/blog.emuca.com\/fr\/wp-json\/wp\/v2\/media\/13939"}],"wp:attachment":[{"href":"https:\/\/blog.emuca.com\/fr\/wp-json\/wp\/v2\/media?parent=15353"}],"wp:term":[{"taxonomy":"category","embeddable":true,"href":"https:\/\/blog.emuca.com\/fr\/wp-json\/wp\/v2\/categories?post=15353"},{"taxonomy":"post_tag","embeddable":true,"href":"https:\/\/blog.emuca.com\/fr\/wp-json\/wp\/v2\/tags?post=15353"}],"curies":[{"name":"wp","href":"https:\/\/api.w.org\/{rel}","templated":true}]}}