{"id":11333,"date":"2020-12-09T15:45:46","date_gmt":"2020-12-09T14:45:46","guid":{"rendered":"http:\/\/blogs.emuca.com\/nblog\/cat\/non-classifiee\/nouvelles-tendances-de-leclairage-de-bureau\/"},"modified":"2020-12-09T15:45:47","modified_gmt":"2020-12-09T14:45:47","slug":"nouvelles-tendances-de-leclairage-de-bureau","status":"publish","type":"post","link":"https:\/\/blog.emuca.com\/fr\/cat\/tendances\/nouvelles-tendances-de-leclairage-de-bureau\/","title":{"rendered":"Nouvelles tendances de l&rsquo;\u00e9clairage de bureau"},"content":{"rendered":"\t\t<div data-elementor-type=\"wp-post\" data-elementor-id=\"11333\" class=\"elementor elementor-11333 elementor-7473\">\n\t\t\t\t\t\t<section class=\"elementor-section elementor-top-section elementor-element elementor-element-38c431a elementor-section-boxed elementor-section-height-default elementor-section-height-default\" data-id=\"38c431a\" data-element_type=\"section\" data-e-type=\"section\">\n\t\t\t\t\t\t<div class=\"elementor-container elementor-column-gap-default\">\n\t\t\t\t\t<div class=\"elementor-column elementor-col-100 elementor-top-column elementor-element elementor-element-d7e692c\" data-id=\"d7e692c\" data-element_type=\"column\" data-e-type=\"column\">\n\t\t\t<div class=\"elementor-widget-wrap elementor-element-populated\">\n\t\t\t\t\t\t<div class=\"elementor-element elementor-element-ead1400 elementor-widget elementor-widget-text-editor\" data-id=\"ead1400\" data-element_type=\"widget\" data-e-type=\"widget\" data-widget_type=\"text-editor.default\">\n\t\t\t\t<div class=\"elementor-widget-container\">\n\t\t\t\t\t\t\t\t\t<p>Tout au long de notre vie, nous passons de nombreuses heures \u00e0 travailler au bureau. Il est donc essentiel que celui-ci dispose d\u2019un <strong>\u00e9clairage correct<\/strong> qui facilite la visibilit\u00e9, qui ne provoque pas de fatigue oculaire et qui stimule l\u2019envie de travailler.<\/p>\n<p>Chez <a href=\"https:\/\/www.emuca.fr\/\">Emuca,<\/a> nous voulons vous montrer les nouvelles tendances en <strong>\u00e9clairage de bureau<\/strong> afin que, lorsqu\u2019un client demande un nouveau projet, vous puissiez prendre en compte tout ce qui est n\u00e9cessaire pour que le r\u00e9sultat soit <strong>spectaculaire<\/strong><strong>.<\/strong><\/p>\n\t\t\t\t\t\t\t\t<\/div>\n\t\t\t\t<\/div>\n\t\t\t\t\t<\/div>\n\t\t<\/div>\n\t\t\t\t\t<\/div>\n\t\t<\/section>\n\t\t\t\t<section class=\"elementor-section elementor-top-section elementor-element elementor-element-756e4a9 elementor-section-boxed elementor-section-height-default elementor-section-height-default\" data-id=\"756e4a9\" data-element_type=\"section\" data-e-type=\"section\">\n\t\t\t\t\t\t<div class=\"elementor-container elementor-column-gap-default\">\n\t\t\t\t\t<div class=\"elementor-column elementor-col-100 elementor-top-column elementor-element elementor-element-b592885\" data-id=\"b592885\" data-element_type=\"column\" data-e-type=\"column\">\n\t\t\t<div class=\"elementor-widget-wrap elementor-element-populated\">\n\t\t\t\t\t\t<div class=\"elementor-element elementor-element-0a011d9 elementor-widget elementor-widget-text-editor\" data-id=\"0a011d9\" data-element_type=\"widget\" data-e-type=\"widget\" data-widget_type=\"text-editor.default\">\n\t\t\t\t<div class=\"elementor-widget-container\">\n\t\t\t\t\t\t\t\t\t<h2><strong>L<\/strong>\u2019<strong>importance d<\/strong>\u2019<strong>un bon \u00e9clairage sur le lieu de travail<\/strong><\/h2>\n<p>Avant de commencer un projet, vous devez savoir quelle est la v\u00e9ritable importance d\u2019avoir le bon <a href=\"https:\/\/www.emuca.fr\/eclairage\"><strong>\u00e9clairage dans les bureaux,<\/strong><\/a> et pouvoir appliquer cela au projet de votre client.<\/p>\n<p>&#8211;\u00a0\u00a0 \u00a0Selon les experts, un <strong>\u00e9clairage ad\u00e9quat <\/strong>du lieu de travail peut augmenter la productivit\u00e9 de jusqu\u2019\u00e0 20 %.<\/p>\n<p>&#8211;\u00a0\u00a0 \u00a0Les erreurs possibles sont consid\u00e9rablement r\u00e9duites et le travail effectu\u00e9 est de <strong>meilleure qualit\u00e9<\/strong>.<\/p>\n<p>&#8211;\u00a0\u00a0 \u00a0En outre, il contribue \u00e0 r\u00e9duire le nombre d\u2019absences au travail, car il augmente la <strong>s\u00e9curit\u00e9 au travail<\/strong> en r\u00e9duisant les risques d\u2019accidents, la fatigue oculaire et, de plus, en r\u00e9duisant le stress.<\/p>\n<h2><strong>Tendances en \u00e9clairage : la modernit\u00e9 \u00e0 l<\/strong>\u2019<strong>ordre du jour<\/strong><\/h2>\n<p>L\u2019\u00e9clairage des bureaux exige du <strong>temps et un d\u00e9vouement<\/strong> pour obtenir les meilleurs r\u00e9sultats possibles. Pour ce faire, outre la n\u00e9cessit\u00e9 d\u2019\u00eatre b\u00e9n\u00e9fique pour la sant\u00e9 des travailleurs, il faut \u00e9galement tenir compte du <strong>design et de l<\/strong>\u2019<strong>emplacement<\/strong> des diff\u00e9rents <strong>points de lumi\u00e8re<\/strong>. Et, en ce sens, la modernit\u00e9 est \u00e0 l\u2019ordre du jour. Cr\u00e9er des espaces minimalistes, diaphanes et multifonctionnels.<\/p>\n\t\t\t\t\t\t\t\t<\/div>\n\t\t\t\t<\/div>\n\t\t\t\t<div class=\"elementor-element elementor-element-65e0101 elementor-widget elementor-widget-spacer\" data-id=\"65e0101\" data-element_type=\"widget\" data-e-type=\"widget\" data-widget_type=\"spacer.default\">\n\t\t\t\t<div class=\"elementor-widget-container\">\n\t\t\t\t\t\t\t<div class=\"elementor-spacer\">\n\t\t\t<div class=\"elementor-spacer-inner\"><\/div>\n\t\t<\/div>\n\t\t\t\t\t\t<\/div>\n\t\t\t\t<\/div>\n\t\t\t\t\t<\/div>\n\t\t<\/div>\n\t\t\t\t\t<\/div>\n\t\t<\/section>\n\t\t\t\t<section class=\"elementor-section elementor-top-section elementor-element elementor-element-3cf2190 elementor-section-boxed elementor-section-height-default elementor-section-height-default\" data-id=\"3cf2190\" data-element_type=\"section\" data-e-type=\"section\">\n\t\t\t\t\t\t<div class=\"elementor-container elementor-column-gap-default\">\n\t\t\t\t\t<div class=\"elementor-column elementor-col-100 elementor-top-column elementor-element elementor-element-e23f49a\" data-id=\"e23f49a\" data-element_type=\"column\" data-e-type=\"column\">\n\t\t\t<div class=\"elementor-widget-wrap elementor-element-populated\">\n\t\t\t\t\t\t<div class=\"elementor-element elementor-element-3a3fc83 elementor-widget elementor-widget-html\" data-id=\"3a3fc83\" data-element_type=\"widget\" data-e-type=\"widget\" data-widget_type=\"html.default\">\n\t\t\t\t<div class=\"elementor-widget-container\">\n\t\t\t\t\t<!--HubSpot Call-to-Action Code --><span class=\"hs-cta-wrapper\" id=\"hs-cta-wrapper-81a88355-586c-447b-9797-a7778e1a9318\"><span class=\"hs-cta-node hs-cta-81a88355-586c-447b-9797-a7778e1a9318\" id=\"hs-cta-81a88355-586c-447b-9797-a7778e1a9318\"><!--[if lte IE 8]><div id=\"hs-cta-ie-element\"><\/div><![endif]--><a href=\"https:\/\/cta-redirect.hubspot.com\/cta\/redirect\/4071763\/81a88355-586c-447b-9797-a7778e1a9318\"  target=\"_blank\" ><img fetchpriority=\"high\" decoding=\"async\" class=\"hs-cta-img\" id=\"hs-cta-img-81a88355-586c-447b-9797-a7778e1a9318\" style=\"border-width:0px;\" height=\"360\" width=\"720\" src=\"https:\/\/no-cache.hubspot.com\/cta\/default\/4071763\/81a88355-586c-447b-9797-a7778e1a9318.png\"  alt=\"Nueva llamada a la acci\u00f3n\"\/><\/a><\/span><script charset=\"utf-8\" src=\"https:\/\/js.hscta.net\/cta\/current.js\"><\/script><script type=\"text\/javascript\"> hbspt.cta.load(4071763, '81a88355-586c-447b-9797-a7778e1a9318', {}); <\/script><\/span><!-- end HubSpot Call-to-Action Code -->\t\t\t\t<\/div>\n\t\t\t\t<\/div>\n\t\t\t\t\t<\/div>\n\t\t<\/div>\n\t\t\t\t\t<\/div>\n\t\t<\/section>\n\t\t\t\t<section class=\"elementor-section elementor-top-section elementor-element elementor-element-ef2462a elementor-section-boxed elementor-section-height-default elementor-section-height-default\" data-id=\"ef2462a\" data-element_type=\"section\" data-e-type=\"section\">\n\t\t\t\t\t\t<div class=\"elementor-container elementor-column-gap-default\">\n\t\t\t\t\t<div class=\"elementor-column elementor-col-100 elementor-top-column elementor-element elementor-element-3d318cb\" data-id=\"3d318cb\" data-element_type=\"column\" data-e-type=\"column\">\n\t\t\t<div class=\"elementor-widget-wrap elementor-element-populated\">\n\t\t\t\t\t\t<div class=\"elementor-element elementor-element-35377b4 elementor-widget elementor-widget-spacer\" data-id=\"35377b4\" data-element_type=\"widget\" data-e-type=\"widget\" data-widget_type=\"spacer.default\">\n\t\t\t\t<div class=\"elementor-widget-container\">\n\t\t\t\t\t\t\t<div class=\"elementor-spacer\">\n\t\t\t<div class=\"elementor-spacer-inner\"><\/div>\n\t\t<\/div>\n\t\t\t\t\t\t<\/div>\n\t\t\t\t<\/div>\n\t\t\t\t<div class=\"elementor-element elementor-element-2c5b5fc elementor-widget elementor-widget-text-editor\" data-id=\"2c5b5fc\" data-element_type=\"widget\" data-e-type=\"widget\" data-widget_type=\"text-editor.default\">\n\t\t\t\t<div class=\"elementor-widget-container\">\n\t\t\t\t\t\t\t\t\t<p>Il faut donc valoriser chaque espace sp\u00e9cifique afin de concevoir un <strong>\u00e9clairage parfait<\/strong>. Prendre en compte le fait qu\u2019il s\u2019agisse d\u2019un espace nouvellement construit ou d\u2019une ancienne ferme et jouer et profiter des points de lumi\u00e8re naturelle avec un \u00e9clairage fonctionnel et m\u00eame mettre en valeur les \u00e9l\u00e9ments d\u00e9coratifs. Vous parviendrez ainsi \u00e0 pr\u00e9server l\u2019essence de chaque lieu et \u00e0 mettre en valeur la modernit\u00e9 de chacun d\u2019entre eux en combinant les diff\u00e9rentes sources de lumi\u00e8re.<\/p>\n<h2><strong>De nouvelles formes et de nouveaux styles pour l<\/strong>\u2019<strong>\u00e9clairage des bureaux<\/strong><\/h2>\n<p>Les nouvelles tendances en <a href=\"https:\/\/www.emuca.fr\/eclairage\/appliques-led\"><strong>\u00e9clairage de bureaux<\/strong><\/a> optent pour l\u2019utilisation des diff\u00e9rents espaces. En d\u2019autres termes, la d\u00e9coration de chaque espace doit \u00eatre encourag\u00e9e au maximum, en profitant par exemple des hauts plafonds et en utilisant des <strong>plafonniers<\/strong> qui \u00e9clairent les postes de travail, mais les \u00e9blouir.<\/p>\n<p>Pour les zones communes, telles que les couloirs ou les halls d\u2019entr\u00e9e, la lumi\u00e8re indirecte est la plus utilis\u00e9e. Comme les<a href=\"https:\/\/www.emuca.fr\/eclairage\/applique-led\"> appliques LED<\/a> qui permettent d\u2019\u00e9clairer le parcours sans \u00eatre trop agressif.<\/p>\n\t\t\t\t\t\t\t\t<\/div>\n\t\t\t\t<\/div>\n\t\t\t\t\t<\/div>\n\t\t<\/div>\n\t\t\t\t\t<\/div>\n\t\t<\/section>\n\t\t\t\t<section class=\"elementor-section elementor-top-section elementor-element elementor-element-1a1e841 elementor-section-boxed elementor-section-height-default elementor-section-height-default\" data-id=\"1a1e841\" data-element_type=\"section\" data-e-type=\"section\">\n\t\t\t\t\t\t<div class=\"elementor-container elementor-column-gap-default\">\n\t\t\t\t\t<div class=\"elementor-column elementor-col-100 elementor-top-column elementor-element elementor-element-e12d6fa\" data-id=\"e12d6fa\" data-element_type=\"column\" data-e-type=\"column\">\n\t\t\t<div class=\"elementor-widget-wrap elementor-element-populated\">\n\t\t\t\t\t\t<div class=\"elementor-element elementor-element-d527d50 elementor-widget elementor-widget-spacer\" data-id=\"d527d50\" data-element_type=\"widget\" data-e-type=\"widget\" data-widget_type=\"spacer.default\">\n\t\t\t\t<div class=\"elementor-widget-container\">\n\t\t\t\t\t\t\t<div class=\"elementor-spacer\">\n\t\t\t<div class=\"elementor-spacer-inner\"><\/div>\n\t\t<\/div>\n\t\t\t\t\t\t<\/div>\n\t\t\t\t<\/div>\n\t\t\t\t<div class=\"elementor-element elementor-element-3f90498 elementor-widget elementor-widget-image\" data-id=\"3f90498\" data-element_type=\"widget\" data-e-type=\"widget\" data-widget_type=\"image.default\">\n\t\t\t\t<div class=\"elementor-widget-container\">\n\t\t\t\t\t\t\t\t\t\t\t\t\t\t\t<img decoding=\"async\" width=\"640\" height=\"256\" src=\"https:\/\/blog.emuca.com\/wp-content\/uploads\/2020\/09\/POST-IMAGEN-INTERNA-EMUCA.png\" class=\"attachment-large size-large wp-image-7474\" alt=\"Iluminaci\u00f3n en oficinas\" sizes=\"(max-width: 34.9rem) calc(100vw - 2rem), (max-width: 53rem) calc(8 * (100vw \/ 12)), (min-width: 53rem) calc(6 * (100vw \/ 12)), 100vw\" \/>\t\t\t\t\t\t\t\t\t\t\t\t\t\t\t<\/div>\n\t\t\t\t<\/div>\n\t\t\t\t<div class=\"elementor-element elementor-element-8e6aa0d elementor-widget elementor-widget-spacer\" data-id=\"8e6aa0d\" data-element_type=\"widget\" data-e-type=\"widget\" data-widget_type=\"spacer.default\">\n\t\t\t\t<div class=\"elementor-widget-container\">\n\t\t\t\t\t\t\t<div class=\"elementor-spacer\">\n\t\t\t<div class=\"elementor-spacer-inner\"><\/div>\n\t\t<\/div>\n\t\t\t\t\t\t<\/div>\n\t\t\t\t<\/div>\n\t\t\t\t\t<\/div>\n\t\t<\/div>\n\t\t\t\t\t<\/div>\n\t\t<\/section>\n\t\t\t\t<section class=\"elementor-section elementor-top-section elementor-element elementor-element-0b9ce34 elementor-section-boxed elementor-section-height-default elementor-section-height-default\" data-id=\"0b9ce34\" data-element_type=\"section\" data-e-type=\"section\">\n\t\t\t\t\t\t<div class=\"elementor-container elementor-column-gap-default\">\n\t\t\t\t\t<div class=\"elementor-column elementor-col-100 elementor-top-column elementor-element elementor-element-c70cb1e\" data-id=\"c70cb1e\" data-element_type=\"column\" data-e-type=\"column\">\n\t\t\t<div class=\"elementor-widget-wrap elementor-element-populated\">\n\t\t\t\t\t\t<div class=\"elementor-element elementor-element-97bb26b elementor-widget elementor-widget-text-editor\" data-id=\"97bb26b\" data-element_type=\"widget\" data-e-type=\"widget\" data-widget_type=\"text-editor.default\">\n\t\t\t\t<div class=\"elementor-widget-container\">\n\t\t\t\t\t\t\t\t\t<p>Dans chacun des diff\u00e9rents bureaux, il est \u00e9galement id\u00e9al d\u2019avoir des <a href=\"https:\/\/www.emuca.fr\/eclairage\/spots-led\">points de lumi\u00e8re <\/a>qui offrent un \u00e9clairage plus concentr\u00e9 et facilitent la concentration.<\/p>\n<p>L\u2019une des derni\u00e8res <strong>tendances en \u00e9clairage de bureau<\/strong> est l\u2019\u00e9clairage grand format. Il apporte un style moderne et compl\u00e8te le design.<\/p>\n<h2><strong>Conseils pour une bonne conception de l<\/strong>\u2019<strong>\u00e9clairage des bureaux<\/strong><\/h2>\n<p>\u00a0Il est clair que l\u2019\u00e9clairage des bureaux est une question importante qui touche tous les travailleurs d\u2019une entreprise au quotidien. C\u2019est un endroit tr\u00e8s fr\u00e9quent\u00e9 o\u00f9 de nombreuses heures sont pass\u00e9es chaque jour. Il est donc important, lors de la conception d\u2019un espace de bureau, de concevoir l\u2019\u00e9clairage de la bonne mani\u00e8re. Pour que vos projets et conceptions soient un r\u00e9el succ\u00e8s, vous devez tenir compte de ces conseils.<\/p>\n<p>&#8211;\u00a0\u00a0 \u00a0Utilisez les diff\u00e9rents<a href=\"https:\/\/www.emuca.fr\/eclairage\/spots-led\"><strong> points de lumi\u00e8re<\/strong><\/a> pour mettre en \u00e9vidence les valeurs de la marque de votre client.<\/p>\n<p>&#8211;\u00a0\u00a0 <strong>\u00a0<\/strong><strong>Profitez de la lumi\u00e8re naturelle<\/strong> et placez les diff\u00e9rents postes de travail \u00e0 proximit\u00e9. De cette fa\u00e7on, en plus d\u2019am\u00e9liorer la sant\u00e9 des employ\u00e9s, vous ferez \u00e9conomiser de l\u2019\u00e9lectricit\u00e9 au client.<\/p>\n<p>&#8211;\u00a0\u00a0 <strong>\u00a0<\/strong><strong>Harmonisez l<\/strong>\u2019<strong>\u00e9clairage<\/strong> en calculant en d\u00e9tail l\u2019emplacement des diff\u00e9rents points de lumi\u00e8re. \u00c9vitez de laisser des espaces moins bien \u00e9clair\u00e9s que d\u2019autres.<\/p>\n<p>&#8211;\u00a0\u00a0 \u00a0Optez pour les<a href=\"https:\/\/www.emuca.fr\/eclairage\"> lumi\u00e8res LED<\/a>. Elles permettent d\u2019augmenter les \u00e9conomies d\u2019\u00e9nergie, consomment peu et offrent une <strong>lumi\u00e8re de qualit\u00e9.<\/strong><\/p>\n<p>&#8211;\u00a0\u00a0 \u00a0Pr\u00e9f\u00e9rez des <strong>lumi\u00e8res blanches<\/strong>. Elles augmentent la concentration et la productivit\u00e9 sur le lieu de travail. Cependant, dans les espaces de d\u00e9tente, par exemple, vous pouvez installer un \u00e9clairage jaune. Cela cr\u00e9era une atmosph\u00e8re plus chaleureuse.<\/p>\n<p>Et, bien s\u00fbr, installez des <strong>syst\u00e8mes de contr\u00f4le intelligents.<\/strong> Cela vous aidera \u00e9galement \u00e0 r\u00e9duire votre facture d\u2019\u00e9lectricit\u00e9.<\/p>\n<p>&nbsp;<\/p>\n<p>Chez <a href=\"https:\/\/www.emuca.fr\/\">Emuca,<\/a> nous vous proposons un large choix de <strong>luminaires<\/strong> afin que vos cr\u00e9ations soient le premier choix de vos clients. N\u2019h\u00e9sitez pas \u00e0 nous contacter pour de plus amples informations.<\/p>\n\t\t\t\t\t\t\t\t<\/div>\n\t\t\t\t<\/div>\n\t\t\t\t\t<\/div>\n\t\t<\/div>\n\t\t\t\t\t<\/div>\n\t\t<\/section>\n\t\t\t\t<\/div>\n\t\t","protected":false},"excerpt":{"rendered":"<p>Tout au long de notre vie, nous passons de nombreuses heures \u00e0 travailler au bureau. Il est donc essentiel que celui-ci dispose d\u2019un \u00e9clairage correct qui facilite la visibilit\u00e9, qui ne provoque pas de fatigue oculaire et qui stimule l\u2019envie de travailler. Chez Emuca, nous voulons vous montrer les nouvelles tendances en \u00e9clairage de bureau &hellip; <\/p>\n<p class=\"link-more\"><a href=\"https:\/\/blog.emuca.com\/fr\/cat\/tendances\/nouvelles-tendances-de-leclairage-de-bureau\/\" class=\"more-link\">Continuer la lecture <span class=\"screen-reader-text\"> \u00ab\u00a0Nouvelles tendances de l&rsquo;\u00e9clairage de bureau\u00a0\u00bb<\/span><\/a><\/p>\n","protected":false},"author":2,"featured_media":7486,"comment_status":"closed","ping_status":"closed","sticky":false,"template":"","format":"standard","meta":{"footnotes":""},"categories":[117],"tags":[],"class_list":["post-11333","post","type-post","status-publish","format-standard","has-post-thumbnail","hentry","category-tendances","entry"],"yoast_head":"<!-- This site is optimized with the Yoast SEO plugin v24.1 - https:\/\/yoast.com\/wordpress\/plugins\/seo\/ -->\n<title>\u00c9clairage de bureau: derni\u00e8res tendances | Emuca<\/title>\n<meta name=\"description\" content=\"Appliques murales \u00e0 LED, spots ou bandes LED pour la conception de votre bureau. D\u00e9couvrez les derni\u00e8res tendances en mati\u00e8re d&#039;\u00e9clairage de bureau avec Emuca.\" \/>\n<meta name=\"robots\" content=\"index, follow, max-snippet:-1, max-image-preview:large, max-video-preview:-1\" \/>\n<link rel=\"canonical\" href=\"https:\/\/blog.emuca.com\/fr\/cat\/tendances\/nouvelles-tendances-de-leclairage-de-bureau\/\" \/>\n<meta property=\"og:locale\" content=\"fr_FR\" \/>\n<meta property=\"og:type\" content=\"article\" \/>\n<meta property=\"og:title\" content=\"\u00c9clairage de bureau: derni\u00e8res tendances | Emuca\" \/>\n<meta property=\"og:description\" content=\"Appliques murales \u00e0 LED, spots ou bandes LED pour la conception de votre bureau. D\u00e9couvrez les derni\u00e8res tendances en mati\u00e8re d&#039;\u00e9clairage de bureau avec Emuca.\" \/>\n<meta property=\"og:url\" content=\"https:\/\/blog.emuca.com\/fr\/cat\/tendances\/nouvelles-tendances-de-leclairage-de-bureau\/\" \/>\n<meta property=\"og:site_name\" content=\"Emuca blog\" \/>\n<meta property=\"article:publisher\" content=\"https:\/\/www.facebook.com\/EmucaGroup\" \/>\n<meta property=\"article:published_time\" content=\"2020-12-09T14:45:46+00:00\" \/>\n<meta property=\"article:modified_time\" content=\"2020-12-09T14:45:47+00:00\" \/>\n<meta property=\"og:image\" content=\"https:\/\/blog.emuca.com\/wp-content\/uploads\/2020\/09\/IMAGEN-CABECERA_EMUCA-4.png\" \/>\n\t<meta property=\"og:image:width\" content=\"740\" \/>\n\t<meta property=\"og:image:height\" content=\"360\" \/>\n\t<meta property=\"og:image:type\" content=\"image\/png\" \/>\n<meta name=\"author\" content=\"Emuca\" \/>\n<meta name=\"twitter:card\" content=\"summary_large_image\" \/>\n<meta name=\"twitter:label1\" content=\"\u00c9crit par\" \/>\n\t<meta name=\"twitter:data1\" content=\"Emuca\" \/>\n\t<meta name=\"twitter:label2\" content=\"Dur\u00e9e de lecture estim\u00e9e\" \/>\n\t<meta name=\"twitter:data2\" content=\"4 minutes\" \/>\n<script type=\"application\/ld+json\" class=\"yoast-schema-graph\">{\"@context\":\"https:\/\/schema.org\",\"@graph\":[{\"@type\":\"Article\",\"@id\":\"https:\/\/blog.emuca.com\/fr\/cat\/tendances\/nouvelles-tendances-de-leclairage-de-bureau\/#article\",\"isPartOf\":{\"@id\":\"https:\/\/blog.emuca.com\/fr\/cat\/tendances\/nouvelles-tendances-de-leclairage-de-bureau\/\"},\"author\":{\"name\":\"Emuca\",\"@id\":\"https:\/\/blog.emuca.com\/#\/schema\/person\/81560ca037d9c1ed19744a85ef9cbe2a\"},\"headline\":\"Nouvelles tendances de l&rsquo;\u00e9clairage de bureau\",\"datePublished\":\"2020-12-09T14:45:46+00:00\",\"dateModified\":\"2020-12-09T14:45:47+00:00\",\"mainEntityOfPage\":{\"@id\":\"https:\/\/blog.emuca.com\/fr\/cat\/tendances\/nouvelles-tendances-de-leclairage-de-bureau\/\"},\"wordCount\":831,\"publisher\":{\"@id\":\"https:\/\/blog.emuca.com\/#organization\"},\"image\":{\"@id\":\"https:\/\/blog.emuca.com\/fr\/cat\/tendances\/nouvelles-tendances-de-leclairage-de-bureau\/#primaryimage\"},\"thumbnailUrl\":\"https:\/\/blog.emuca.com\/wp-content\/uploads\/2020\/09\/IMAGEN-CABECERA_EMUCA-4.png\",\"articleSection\":[\"Tendances\"],\"inLanguage\":\"fr-FR\"},{\"@type\":\"WebPage\",\"@id\":\"https:\/\/blog.emuca.com\/fr\/cat\/tendances\/nouvelles-tendances-de-leclairage-de-bureau\/\",\"url\":\"https:\/\/blog.emuca.com\/fr\/cat\/tendances\/nouvelles-tendances-de-leclairage-de-bureau\/\",\"name\":\"\u00c9clairage de bureau: derni\u00e8res tendances | Emuca\",\"isPartOf\":{\"@id\":\"https:\/\/blog.emuca.com\/#website\"},\"primaryImageOfPage\":{\"@id\":\"https:\/\/blog.emuca.com\/fr\/cat\/tendances\/nouvelles-tendances-de-leclairage-de-bureau\/#primaryimage\"},\"image\":{\"@id\":\"https:\/\/blog.emuca.com\/fr\/cat\/tendances\/nouvelles-tendances-de-leclairage-de-bureau\/#primaryimage\"},\"thumbnailUrl\":\"https:\/\/blog.emuca.com\/wp-content\/uploads\/2020\/09\/IMAGEN-CABECERA_EMUCA-4.png\",\"datePublished\":\"2020-12-09T14:45:46+00:00\",\"dateModified\":\"2020-12-09T14:45:47+00:00\",\"description\":\"Appliques murales \u00e0 LED, spots ou bandes LED pour la conception de votre bureau. D\u00e9couvrez les derni\u00e8res tendances en mati\u00e8re d'\u00e9clairage de bureau avec Emuca.\",\"inLanguage\":\"fr-FR\",\"potentialAction\":[{\"@type\":\"ReadAction\",\"target\":[\"https:\/\/blog.emuca.com\/fr\/cat\/tendances\/nouvelles-tendances-de-leclairage-de-bureau\/\"]}]},{\"@type\":\"ImageObject\",\"inLanguage\":\"fr-FR\",\"@id\":\"https:\/\/blog.emuca.com\/fr\/cat\/tendances\/nouvelles-tendances-de-leclairage-de-bureau\/#primaryimage\",\"url\":\"https:\/\/blog.emuca.com\/wp-content\/uploads\/2020\/09\/IMAGEN-CABECERA_EMUCA-4.png\",\"contentUrl\":\"https:\/\/blog.emuca.com\/wp-content\/uploads\/2020\/09\/IMAGEN-CABECERA_EMUCA-4.png\",\"width\":740,\"height\":360,\"caption\":\"iluminaci\u00f3n de oficinas\"},{\"@type\":\"WebSite\",\"@id\":\"https:\/\/blog.emuca.com\/#website\",\"url\":\"https:\/\/blog.emuca.com\/\",\"name\":\"Emuca blog\",\"description\":\"\",\"publisher\":{\"@id\":\"https:\/\/blog.emuca.com\/#organization\"},\"potentialAction\":[{\"@type\":\"SearchAction\",\"target\":{\"@type\":\"EntryPoint\",\"urlTemplate\":\"https:\/\/blog.emuca.com\/?s={search_term_string}\"},\"query-input\":{\"@type\":\"PropertyValueSpecification\",\"valueRequired\":true,\"valueName\":\"search_term_string\"}}],\"inLanguage\":\"fr-FR\"},{\"@type\":\"Organization\",\"@id\":\"https:\/\/blog.emuca.com\/#organization\",\"name\":\"emuca\",\"url\":\"https:\/\/blog.emuca.com\/\",\"logo\":{\"@type\":\"ImageObject\",\"inLanguage\":\"fr-FR\",\"@id\":\"https:\/\/blog.emuca.com\/#\/schema\/logo\/image\/\",\"url\":\"https:\/\/blog.emuca.com\/wp-content\/uploads\/2024\/05\/cropped-logo-emuca-menu.png\",\"contentUrl\":\"https:\/\/blog.emuca.com\/wp-content\/uploads\/2024\/05\/cropped-logo-emuca-menu.png\",\"width\":190,\"height\":190,\"caption\":\"emuca\"},\"image\":{\"@id\":\"https:\/\/blog.emuca.com\/#\/schema\/logo\/image\/\"},\"sameAs\":[\"https:\/\/www.facebook.com\/EmucaGroup\"]},{\"@type\":\"Person\",\"@id\":\"https:\/\/blog.emuca.com\/#\/schema\/person\/81560ca037d9c1ed19744a85ef9cbe2a\",\"name\":\"Emuca\",\"url\":\"https:\/\/blog.emuca.com\/fr\/cat\/author\/emuca\/\"}]}<\/script>\n<!-- \/ Yoast SEO plugin. -->","yoast_head_json":{"title":"\u00c9clairage de bureau: derni\u00e8res tendances | Emuca","description":"Appliques murales \u00e0 LED, spots ou bandes LED pour la conception de votre bureau. D\u00e9couvrez les derni\u00e8res tendances en mati\u00e8re d'\u00e9clairage de bureau avec Emuca.","robots":{"index":"index","follow":"follow","max-snippet":"max-snippet:-1","max-image-preview":"max-image-preview:large","max-video-preview":"max-video-preview:-1"},"canonical":"https:\/\/blog.emuca.com\/fr\/cat\/tendances\/nouvelles-tendances-de-leclairage-de-bureau\/","og_locale":"fr_FR","og_type":"article","og_title":"\u00c9clairage de bureau: derni\u00e8res tendances | Emuca","og_description":"Appliques murales \u00e0 LED, spots ou bandes LED pour la conception de votre bureau. D\u00e9couvrez les derni\u00e8res tendances en mati\u00e8re d'\u00e9clairage de bureau avec Emuca.","og_url":"https:\/\/blog.emuca.com\/fr\/cat\/tendances\/nouvelles-tendances-de-leclairage-de-bureau\/","og_site_name":"Emuca blog","article_publisher":"https:\/\/www.facebook.com\/EmucaGroup","article_published_time":"2020-12-09T14:45:46+00:00","article_modified_time":"2020-12-09T14:45:47+00:00","og_image":[{"width":740,"height":360,"url":"https:\/\/blog.emuca.com\/wp-content\/uploads\/2020\/09\/IMAGEN-CABECERA_EMUCA-4.png","type":"image\/png"}],"author":"Emuca","twitter_card":"summary_large_image","twitter_misc":{"\u00c9crit par":"Emuca","Dur\u00e9e de lecture estim\u00e9e":"4 minutes"},"schema":{"@context":"https:\/\/schema.org","@graph":[{"@type":"Article","@id":"https:\/\/blog.emuca.com\/fr\/cat\/tendances\/nouvelles-tendances-de-leclairage-de-bureau\/#article","isPartOf":{"@id":"https:\/\/blog.emuca.com\/fr\/cat\/tendances\/nouvelles-tendances-de-leclairage-de-bureau\/"},"author":{"name":"Emuca","@id":"https:\/\/blog.emuca.com\/#\/schema\/person\/81560ca037d9c1ed19744a85ef9cbe2a"},"headline":"Nouvelles tendances de l&rsquo;\u00e9clairage de bureau","datePublished":"2020-12-09T14:45:46+00:00","dateModified":"2020-12-09T14:45:47+00:00","mainEntityOfPage":{"@id":"https:\/\/blog.emuca.com\/fr\/cat\/tendances\/nouvelles-tendances-de-leclairage-de-bureau\/"},"wordCount":831,"publisher":{"@id":"https:\/\/blog.emuca.com\/#organization"},"image":{"@id":"https:\/\/blog.emuca.com\/fr\/cat\/tendances\/nouvelles-tendances-de-leclairage-de-bureau\/#primaryimage"},"thumbnailUrl":"https:\/\/blog.emuca.com\/wp-content\/uploads\/2020\/09\/IMAGEN-CABECERA_EMUCA-4.png","articleSection":["Tendances"],"inLanguage":"fr-FR"},{"@type":"WebPage","@id":"https:\/\/blog.emuca.com\/fr\/cat\/tendances\/nouvelles-tendances-de-leclairage-de-bureau\/","url":"https:\/\/blog.emuca.com\/fr\/cat\/tendances\/nouvelles-tendances-de-leclairage-de-bureau\/","name":"\u00c9clairage de bureau: derni\u00e8res tendances | Emuca","isPartOf":{"@id":"https:\/\/blog.emuca.com\/#website"},"primaryImageOfPage":{"@id":"https:\/\/blog.emuca.com\/fr\/cat\/tendances\/nouvelles-tendances-de-leclairage-de-bureau\/#primaryimage"},"image":{"@id":"https:\/\/blog.emuca.com\/fr\/cat\/tendances\/nouvelles-tendances-de-leclairage-de-bureau\/#primaryimage"},"thumbnailUrl":"https:\/\/blog.emuca.com\/wp-content\/uploads\/2020\/09\/IMAGEN-CABECERA_EMUCA-4.png","datePublished":"2020-12-09T14:45:46+00:00","dateModified":"2020-12-09T14:45:47+00:00","description":"Appliques murales \u00e0 LED, spots ou bandes LED pour la conception de votre bureau. D\u00e9couvrez les derni\u00e8res tendances en mati\u00e8re d'\u00e9clairage de bureau avec Emuca.","inLanguage":"fr-FR","potentialAction":[{"@type":"ReadAction","target":["https:\/\/blog.emuca.com\/fr\/cat\/tendances\/nouvelles-tendances-de-leclairage-de-bureau\/"]}]},{"@type":"ImageObject","inLanguage":"fr-FR","@id":"https:\/\/blog.emuca.com\/fr\/cat\/tendances\/nouvelles-tendances-de-leclairage-de-bureau\/#primaryimage","url":"https:\/\/blog.emuca.com\/wp-content\/uploads\/2020\/09\/IMAGEN-CABECERA_EMUCA-4.png","contentUrl":"https:\/\/blog.emuca.com\/wp-content\/uploads\/2020\/09\/IMAGEN-CABECERA_EMUCA-4.png","width":740,"height":360,"caption":"iluminaci\u00f3n de oficinas"},{"@type":"WebSite","@id":"https:\/\/blog.emuca.com\/#website","url":"https:\/\/blog.emuca.com\/","name":"Emuca blog","description":"","publisher":{"@id":"https:\/\/blog.emuca.com\/#organization"},"potentialAction":[{"@type":"SearchAction","target":{"@type":"EntryPoint","urlTemplate":"https:\/\/blog.emuca.com\/?s={search_term_string}"},"query-input":{"@type":"PropertyValueSpecification","valueRequired":true,"valueName":"search_term_string"}}],"inLanguage":"fr-FR"},{"@type":"Organization","@id":"https:\/\/blog.emuca.com\/#organization","name":"emuca","url":"https:\/\/blog.emuca.com\/","logo":{"@type":"ImageObject","inLanguage":"fr-FR","@id":"https:\/\/blog.emuca.com\/#\/schema\/logo\/image\/","url":"https:\/\/blog.emuca.com\/wp-content\/uploads\/2024\/05\/cropped-logo-emuca-menu.png","contentUrl":"https:\/\/blog.emuca.com\/wp-content\/uploads\/2024\/05\/cropped-logo-emuca-menu.png","width":190,"height":190,"caption":"emuca"},"image":{"@id":"https:\/\/blog.emuca.com\/#\/schema\/logo\/image\/"},"sameAs":["https:\/\/www.facebook.com\/EmucaGroup"]},{"@type":"Person","@id":"https:\/\/blog.emuca.com\/#\/schema\/person\/81560ca037d9c1ed19744a85ef9cbe2a","name":"Emuca","url":"https:\/\/blog.emuca.com\/fr\/cat\/author\/emuca\/"}]}},"_links":{"self":[{"href":"https:\/\/blog.emuca.com\/fr\/wp-json\/wp\/v2\/posts\/11333","targetHints":{"allow":["GET"]}}],"collection":[{"href":"https:\/\/blog.emuca.com\/fr\/wp-json\/wp\/v2\/posts"}],"about":[{"href":"https:\/\/blog.emuca.com\/fr\/wp-json\/wp\/v2\/types\/post"}],"author":[{"embeddable":true,"href":"https:\/\/blog.emuca.com\/fr\/wp-json\/wp\/v2\/users\/2"}],"replies":[{"embeddable":true,"href":"https:\/\/blog.emuca.com\/fr\/wp-json\/wp\/v2\/comments?post=11333"}],"version-history":[{"count":1,"href":"https:\/\/blog.emuca.com\/fr\/wp-json\/wp\/v2\/posts\/11333\/revisions"}],"predecessor-version":[{"id":11334,"href":"https:\/\/blog.emuca.com\/fr\/wp-json\/wp\/v2\/posts\/11333\/revisions\/11334"}],"wp:featuredmedia":[{"embeddable":true,"href":"https:\/\/blog.emuca.com\/fr\/wp-json\/wp\/v2\/media\/7486"}],"wp:attachment":[{"href":"https:\/\/blog.emuca.com\/fr\/wp-json\/wp\/v2\/media?parent=11333"}],"wp:term":[{"taxonomy":"category","embeddable":true,"href":"https:\/\/blog.emuca.com\/fr\/wp-json\/wp\/v2\/categories?post=11333"},{"taxonomy":"post_tag","embeddable":true,"href":"https:\/\/blog.emuca.com\/fr\/wp-json\/wp\/v2\/tags?post=11333"}],"curies":[{"name":"wp","href":"https:\/\/api.w.org\/{rel}","templated":true}]}}