{"id":44897,"date":"2022-12-19T10:00:04","date_gmt":"2022-12-19T09:00:04","guid":{"rendered":"http:\/\/blogs.emuca.com\/nblog\/?p=44897"},"modified":"2022-12-20T10:33:53","modified_gmt":"2022-12-20T09:33:53","slug":"novedades-en-iluminacion","status":"publish","type":"post","link":"https:\/\/blog.emuca.com\/es\/cat\/novedades\/novedades-en-iluminacion\/","title":{"rendered":"Novedades en iluminaci\u00f3n"},"content":{"rendered":"\t\t<div data-elementor-type=\"wp-post\" data-elementor-id=\"44897\" class=\"elementor elementor-44897\">\n\t\t\t\t\t\t<section class=\"elementor-section elementor-top-section elementor-element elementor-element-8143ce6 elementor-section-boxed elementor-section-height-default elementor-section-height-default\" data-id=\"8143ce6\" data-element_type=\"section\" data-e-type=\"section\">\n\t\t\t\t\t\t<div class=\"elementor-container elementor-column-gap-default\">\n\t\t\t\t\t<div class=\"elementor-column elementor-col-100 elementor-top-column elementor-element elementor-element-590f59b\" data-id=\"590f59b\" data-element_type=\"column\" data-e-type=\"column\">\n\t\t\t<div class=\"elementor-widget-wrap elementor-element-populated\">\n\t\t\t\t\t\t<div class=\"elementor-element elementor-element-13cabaf elementor-widget elementor-widget-text-editor\" data-id=\"13cabaf\" data-element_type=\"widget\" data-e-type=\"widget\" data-widget_type=\"text-editor.default\">\n\t\t\t\t<div class=\"elementor-widget-container\">\n\t\t\t\t\t\t\t\t\t<p>Te ofrecemos novedades en iluminaci\u00f3n, porque tener bien iluminados los espacios te ayuda a encontrar lo que buscas y a\u00f1ade un toque decorativo. Estas <strong>soluciones de iluminaci\u00f3n <\/strong>dise\u00f1adas para tu d\u00eda a d\u00eda y son la mejor manera de aportar funcionalidad a tus muebles.<\/p>\t\t\t\t\t\t\t\t<\/div>\n\t\t\t\t<\/div>\n\t\t\t\t<div class=\"elementor-element elementor-element-98486d8 elementor-widget elementor-widget-text-editor\" data-id=\"98486d8\" data-element_type=\"widget\" data-e-type=\"widget\" data-widget_type=\"text-editor.default\">\n\t\t\t\t<div class=\"elementor-widget-container\">\n\t\t\t\t\t\t\t\t\t<h2><strong>Kit de tira LED Lynx Premium<\/strong><\/h2>\t\t\t\t\t\t\t\t<\/div>\n\t\t\t\t<\/div>\n\t\t\t\t<div class=\"elementor-element elementor-element-dd73d83 elementor-widget elementor-widget-text-editor\" data-id=\"dd73d83\" data-element_type=\"widget\" data-e-type=\"widget\" data-widget_type=\"text-editor.default\">\n\t\t\t\t<div class=\"elementor-widget-container\">\n\t\t\t\t\t\t\t\t\t<p>El <strong>kit de iluminaci\u00f3n<\/strong> de tira LED Lynx Premium est\u00e1 dise\u00f1ado para instalar en armarios o muebles donde se requiera un encendido y apagado autom\u00e1tico gracias a su sensor.<\/p><p>Est\u00e1 disponible en dos modelos: con <strong>sensor<\/strong> <strong>DOOR<\/strong> que enciende y apaga la tira LED al abrir o cerrar la puerta, o con <strong>sensor<\/strong> <strong>SWITCH<\/strong> que enciende y apaga la tira LED al pasar la mano.<\/p>\t\t\t\t\t\t\t\t<\/div>\n\t\t\t\t<\/div>\n\t\t\t\t<div class=\"elementor-element elementor-element-e46e3db elementor-button-warning elementor-widget elementor-widget-button\" data-id=\"e46e3db\" data-element_type=\"widget\" data-e-type=\"widget\" data-widget_type=\"button.default\">\n\t\t\t\t<div class=\"elementor-widget-container\">\n\t\t\t\t\t\t\t\t\t<div class=\"elementor-button-wrapper\">\n\t\t\t\t\t<a class=\"elementor-button elementor-button-link elementor-size-sm\" href=\"https:\/\/www.emuca.es\/iluminacion\/tiras-led\/lynx-premium-12-v-dc\/kit-de-tira-led-lynx-premium-9-6-w-m-ip20-12v-dc\/kit-de-tira-led-lynx-premium-96wm-ip20-12v-dc-door-plastico\" target=\"_blank\">\n\t\t\t\t\t\t<span class=\"elementor-button-content-wrapper\">\n\t\t\t\t\t\t\t\t\t<span class=\"elementor-button-text\">Ver productos<\/span>\n\t\t\t\t\t<\/span>\n\t\t\t\t\t<\/a>\n\t\t\t\t<\/div>\n\t\t\t\t\t\t\t\t<\/div>\n\t\t\t\t<\/div>\n\t\t\t\t<div class=\"elementor-element elementor-element-bd2e36e elementor-widget elementor-widget-image\" data-id=\"bd2e36e\" data-element_type=\"widget\" data-e-type=\"widget\" data-widget_type=\"image.default\">\n\t\t\t\t<div class=\"elementor-widget-container\">\n\t\t\t\t\t\t\t\t\t\t\t\t\t\t\t<img fetchpriority=\"high\" decoding=\"async\" width=\"890\" height=\"450\" src=\"https:\/\/blog.emuca.com\/wp-content\/uploads\/2022\/12\/EMUCA-ilumina-post-red-1.jpg\" class=\"attachment-full size-full wp-image-45022\" alt=\"\" srcset=\"https:\/\/blog.emuca.com\/wp-content\/uploads\/2022\/12\/EMUCA-ilumina-post-red-1.jpg 890w, https:\/\/blog.emuca.com\/wp-content\/uploads\/2022\/12\/EMUCA-ilumina-post-red-1-300x152.jpg 300w, https:\/\/blog.emuca.com\/wp-content\/uploads\/2022\/12\/EMUCA-ilumina-post-red-1-768x388.jpg 768w\" sizes=\"(max-width: 34.9rem) calc(100vw - 2rem), (max-width: 53rem) calc(8 * (100vw \/ 12)), (min-width: 53rem) calc(6 * (100vw \/ 12)), 100vw\" \/>\t\t\t\t\t\t\t\t\t\t\t\t\t\t\t<\/div>\n\t\t\t\t<\/div>\n\t\t\t\t<div class=\"elementor-element elementor-element-5e1776e elementor-widget elementor-widget-spacer\" data-id=\"5e1776e\" data-element_type=\"widget\" data-e-type=\"widget\" data-widget_type=\"spacer.default\">\n\t\t\t\t<div class=\"elementor-widget-container\">\n\t\t\t\t\t\t\t<div class=\"elementor-spacer\">\n\t\t\t<div class=\"elementor-spacer-inner\"><\/div>\n\t\t<\/div>\n\t\t\t\t\t\t<\/div>\n\t\t\t\t<\/div>\n\t\t\t\t<div class=\"elementor-element elementor-element-ea52fdf elementor-widget elementor-widget-text-editor\" data-id=\"ea52fdf\" data-element_type=\"widget\" data-e-type=\"widget\" data-widget_type=\"text-editor.default\">\n\t\t\t\t<div class=\"elementor-widget-container\">\n\t\t\t\t\t\t\t\t\t<h2><strong>Base giratoria Giro 4<\/strong><\/h2>\t\t\t\t\t\t\t\t<\/div>\n\t\t\t\t<\/div>\n\t\t\t\t<div class=\"elementor-element elementor-element-8d6b8a7 elementor-widget elementor-widget-text-editor\" data-id=\"8d6b8a7\" data-element_type=\"widget\" data-e-type=\"widget\" data-widget_type=\"text-editor.default\">\n\t\t\t\t<div class=\"elementor-widget-container\">\n\t\t\t\t\t\t\t\t\t<p>Esta base giratoria es apta para soportar pesos de hasta 100kg y <strong>permite un giro de 360\u00ba<\/strong> suave y silencioso, sin l\u00edmite, ni tope. Est\u00e1 fabricada con rodamientos de bolas fabricados en acero de alta resistencia.<\/p><p>Dispone de m\u00faltiples aplicaciones, como plataforma giratoria para monitores, taburete giratorio, mesas giratorias o pivotantes, expositores giratorios, etc.<\/p>\t\t\t\t\t\t\t\t<\/div>\n\t\t\t\t<\/div>\n\t\t\t\t<div class=\"elementor-element elementor-element-fe82a1b elementor-button-warning elementor-widget elementor-widget-button\" data-id=\"fe82a1b\" data-element_type=\"widget\" data-e-type=\"widget\" data-widget_type=\"button.default\">\n\t\t\t\t<div class=\"elementor-widget-container\">\n\t\t\t\t\t\t\t\t\t<div class=\"elementor-button-wrapper\">\n\t\t\t\t\t<a class=\"elementor-button elementor-button-link elementor-size-sm\" href=\"https:\/\/www.emuca.es\/iluminacion\/oficina\/soportes-para-tv\/emuca-base-giratoria-giro-4\/base-giratoria-giro-4-100--kg-cincado-acero\" target=\"_blank\">\n\t\t\t\t\t\t<span class=\"elementor-button-content-wrapper\">\n\t\t\t\t\t\t\t\t\t<span class=\"elementor-button-text\">Ver productos<\/span>\n\t\t\t\t\t<\/span>\n\t\t\t\t\t<\/a>\n\t\t\t\t<\/div>\n\t\t\t\t\t\t\t\t<\/div>\n\t\t\t\t<\/div>\n\t\t\t\t<div class=\"elementor-element elementor-element-2b178ce elementor-widget elementor-widget-image\" data-id=\"2b178ce\" data-element_type=\"widget\" data-e-type=\"widget\" data-widget_type=\"image.default\">\n\t\t\t\t<div class=\"elementor-widget-container\">\n\t\t\t\t\t\t\t\t\t\t\t\t\t\t\t<img decoding=\"async\" width=\"890\" height=\"450\" src=\"https:\/\/blog.emuca.com\/wp-content\/uploads\/2022\/12\/EMUCA-ilumina-post-red-2.jpg\" class=\"attachment-full size-full wp-image-45012\" alt=\"\" srcset=\"https:\/\/blog.emuca.com\/wp-content\/uploads\/2022\/12\/EMUCA-ilumina-post-red-2.jpg 890w, https:\/\/blog.emuca.com\/wp-content\/uploads\/2022\/12\/EMUCA-ilumina-post-red-2-300x152.jpg 300w, https:\/\/blog.emuca.com\/wp-content\/uploads\/2022\/12\/EMUCA-ilumina-post-red-2-768x388.jpg 768w\" sizes=\"(max-width: 34.9rem) calc(100vw - 2rem), (max-width: 53rem) calc(8 * (100vw \/ 12)), (min-width: 53rem) calc(6 * (100vw \/ 12)), 100vw\" \/>\t\t\t\t\t\t\t\t\t\t\t\t\t\t\t<\/div>\n\t\t\t\t<\/div>\n\t\t\t\t<div class=\"elementor-element elementor-element-ee1b7cb elementor-widget elementor-widget-spacer\" data-id=\"ee1b7cb\" data-element_type=\"widget\" data-e-type=\"widget\" data-widget_type=\"spacer.default\">\n\t\t\t\t<div class=\"elementor-widget-container\">\n\t\t\t\t\t\t\t<div class=\"elementor-spacer\">\n\t\t\t<div class=\"elementor-spacer-inner\"><\/div>\n\t\t<\/div>\n\t\t\t\t\t\t<\/div>\n\t\t\t\t<\/div>\n\t\t\t\t<div class=\"elementor-element elementor-element-754cd03 elementor-widget elementor-widget-text-editor\" data-id=\"754cd03\" data-element_type=\"widget\" data-e-type=\"widget\" data-widget_type=\"text-editor.default\">\n\t\t\t\t<div class=\"elementor-widget-container\">\n\t\t\t\t\t\t\t\t\t<h2><strong>Interruptor cuadrado<\/strong><\/h2>\t\t\t\t\t\t\t\t<\/div>\n\t\t\t\t<\/div>\n\t\t\t\t<div class=\"elementor-element elementor-element-85886a5 elementor-widget elementor-widget-text-editor\" data-id=\"85886a5\" data-element_type=\"widget\" data-e-type=\"widget\" data-widget_type=\"text-editor.default\">\n\t\t\t\t<div class=\"elementor-widget-container\">\n\t\t\t\t\t\t\t\t\t<p>Este interruptor cuadrado sirve para encendido y apagado de las luminarias de forma manual. Est\u00e1n dise\u00f1ado para la instalaci\u00f3n en muebles de hogar y oficina de forma discreta, gracias a sus reducidas dimensiones y sus <strong>acabados gris, gris antracita o blanco<\/strong>. Est\u00e1 pensado para ser empotrado en la superficie del mueble y para su montaje precisa de un agujero previo de D. 21 mm y 21 mm de profundidad.<\/p>\t\t\t\t\t\t\t\t<\/div>\n\t\t\t\t<\/div>\n\t\t\t\t<div class=\"elementor-element elementor-element-618a886 elementor-button-warning elementor-widget elementor-widget-button\" data-id=\"618a886\" data-element_type=\"widget\" data-e-type=\"widget\" data-widget_type=\"button.default\">\n\t\t\t\t<div class=\"elementor-widget-container\">\n\t\t\t\t\t\t\t\t\t<div class=\"elementor-button-wrapper\">\n\t\t\t\t\t<a class=\"elementor-button elementor-button-link elementor-size-sm\" href=\"https:\/\/www.emuca.es\/iluminacion\/convertidores-y-sensores\/interruptores\/interruptor-para-empotrar-d21x20\/interruptor-para-empotrar-d21x21-plastico-gris-plastico\" target=\"_blank\">\n\t\t\t\t\t\t<span class=\"elementor-button-content-wrapper\">\n\t\t\t\t\t\t\t\t\t<span class=\"elementor-button-text\">Ver productos<\/span>\n\t\t\t\t\t<\/span>\n\t\t\t\t\t<\/a>\n\t\t\t\t<\/div>\n\t\t\t\t\t\t\t\t<\/div>\n\t\t\t\t<\/div>\n\t\t\t\t<div class=\"elementor-element elementor-element-bc846ff elementor-widget elementor-widget-image\" data-id=\"bc846ff\" data-element_type=\"widget\" data-e-type=\"widget\" data-widget_type=\"image.default\">\n\t\t\t\t<div class=\"elementor-widget-container\">\n\t\t\t\t\t\t\t\t\t\t\t\t\t\t\t<img decoding=\"async\" width=\"890\" height=\"450\" src=\"https:\/\/blog.emuca.com\/wp-content\/uploads\/2022\/12\/EMUCA-ilumina-post-red-3.jpg\" class=\"attachment-full size-full wp-image-45002\" alt=\"\" srcset=\"https:\/\/blog.emuca.com\/wp-content\/uploads\/2022\/12\/EMUCA-ilumina-post-red-3.jpg 890w, https:\/\/blog.emuca.com\/wp-content\/uploads\/2022\/12\/EMUCA-ilumina-post-red-3-300x152.jpg 300w, https:\/\/blog.emuca.com\/wp-content\/uploads\/2022\/12\/EMUCA-ilumina-post-red-3-768x388.jpg 768w\" sizes=\"(max-width: 34.9rem) calc(100vw - 2rem), (max-width: 53rem) calc(8 * (100vw \/ 12)), (min-width: 53rem) calc(6 * (100vw \/ 12)), 100vw\" \/>\t\t\t\t\t\t\t\t\t\t\t\t\t\t\t<\/div>\n\t\t\t\t<\/div>\n\t\t\t\t<div class=\"elementor-element elementor-element-fd10e7d elementor-widget elementor-widget-spacer\" data-id=\"fd10e7d\" data-element_type=\"widget\" data-e-type=\"widget\" data-widget_type=\"spacer.default\">\n\t\t\t\t<div class=\"elementor-widget-container\">\n\t\t\t\t\t\t\t<div class=\"elementor-spacer\">\n\t\t\t<div class=\"elementor-spacer-inner\"><\/div>\n\t\t<\/div>\n\t\t\t\t\t\t<\/div>\n\t\t\t\t<\/div>\n\t\t\t\t<div class=\"elementor-element elementor-element-dd8d618 elementor-widget elementor-widget-text-editor\" data-id=\"dd8d618\" data-element_type=\"widget\" data-e-type=\"widget\" data-widget_type=\"text-editor.default\">\n\t\t\t\t<div class=\"elementor-widget-container\">\n\t\t\t\t\t\t\t\t\t<h2><strong>Tapa pasacables circular \u00d880<\/strong><\/h2>\t\t\t\t\t\t\t\t<\/div>\n\t\t\t\t<\/div>\n\t\t\t\t<div class=\"elementor-element elementor-element-d367975 elementor-widget elementor-widget-text-editor\" data-id=\"d367975\" data-element_type=\"widget\" data-e-type=\"widget\" data-widget_type=\"text-editor.default\">\n\t\t\t\t<div class=\"elementor-widget-container\">\n\t\t\t\t\t\t\t\t\t<p>La tapa pasacables circular est\u00e1 dise\u00f1ada para <strong>pasar los cables bajo la mesa de la oficina <\/strong>y mantenerlos organizados. Dispone de un aro exterior y otro interior con una tapa retr\u00e1ctil que puede deslizarse para su uso. Adem\u00e1s, su gran tama\u00f1o permite el paso de los enchufes m\u00e1s comunes como el tipo F (Shuko) o el tipo G (UK).<\/p>\t\t\t\t\t\t\t\t<\/div>\n\t\t\t\t<\/div>\n\t\t\t\t<div class=\"elementor-element elementor-element-d3eeed6 elementor-button-warning elementor-widget elementor-widget-button\" data-id=\"d3eeed6\" data-element_type=\"widget\" data-e-type=\"widget\" data-widget_type=\"button.default\">\n\t\t\t\t<div class=\"elementor-widget-container\">\n\t\t\t\t\t\t\t\t\t<div class=\"elementor-button-wrapper\">\n\t\t\t\t\t<a class=\"elementor-button elementor-button-link elementor-size-sm\" href=\"https:\/\/www.emuca.es\/iluminacion\/oficina\/pasacables\/tapa-pasacables-circular\/tapa-pasacables-circular-5123917-95-20-100-80-plastico-negro\" target=\"_blank\">\n\t\t\t\t\t\t<span class=\"elementor-button-content-wrapper\">\n\t\t\t\t\t\t\t\t\t<span class=\"elementor-button-text\">Ver producto<\/span>\n\t\t\t\t\t<\/span>\n\t\t\t\t\t<\/a>\n\t\t\t\t<\/div>\n\t\t\t\t\t\t\t\t<\/div>\n\t\t\t\t<\/div>\n\t\t\t\t<div class=\"elementor-element elementor-element-c522dc3 elementor-widget elementor-widget-image\" data-id=\"c522dc3\" data-element_type=\"widget\" data-e-type=\"widget\" data-widget_type=\"image.default\">\n\t\t\t\t<div class=\"elementor-widget-container\">\n\t\t\t\t\t\t\t\t\t\t\t\t\t\t\t<img loading=\"lazy\" decoding=\"async\" width=\"640\" height=\"323\" src=\"https:\/\/blog.emuca.com\/wp-content\/uploads\/2022\/12\/EMUCA-ilumina-post-red-4-768x388.jpg\" class=\"attachment-medium_large size-medium_large wp-image-44992\" alt=\"\" srcset=\"https:\/\/blog.emuca.com\/wp-content\/uploads\/2022\/12\/EMUCA-ilumina-post-red-4-768x388.jpg 768w, https:\/\/blog.emuca.com\/wp-content\/uploads\/2022\/12\/EMUCA-ilumina-post-red-4-300x152.jpg 300w, https:\/\/blog.emuca.com\/wp-content\/uploads\/2022\/12\/EMUCA-ilumina-post-red-4.jpg 890w\" sizes=\"(max-width: 34.9rem) calc(100vw - 2rem), (max-width: 53rem) calc(8 * (100vw \/ 12)), (min-width: 53rem) calc(6 * (100vw \/ 12)), 100vw\" \/>\t\t\t\t\t\t\t\t\t\t\t\t\t\t\t<\/div>\n\t\t\t\t<\/div>\n\t\t\t\t<div class=\"elementor-element elementor-element-f23bcbb elementor-widget elementor-widget-spacer\" data-id=\"f23bcbb\" data-element_type=\"widget\" data-e-type=\"widget\" data-widget_type=\"spacer.default\">\n\t\t\t\t<div class=\"elementor-widget-container\">\n\t\t\t\t\t\t\t<div class=\"elementor-spacer\">\n\t\t\t<div class=\"elementor-spacer-inner\"><\/div>\n\t\t<\/div>\n\t\t\t\t\t\t<\/div>\n\t\t\t\t<\/div>\n\t\t\t\t<div class=\"elementor-element elementor-element-50738d0 elementor-widget elementor-widget-text-editor\" data-id=\"50738d0\" data-element_type=\"widget\" data-e-type=\"widget\" data-widget_type=\"text-editor.default\">\n\t\t\t\t<div class=\"elementor-widget-container\">\n\t\t\t\t\t\t\t\t\t<h2><strong>Columna pasacables Hexa<\/strong><\/h2>\t\t\t\t\t\t\t\t<\/div>\n\t\t\t\t<\/div>\n\t\t\t\t<div class=\"elementor-element elementor-element-fa7d0fe elementor-widget elementor-widget-text-editor\" data-id=\"fa7d0fe\" data-element_type=\"widget\" data-e-type=\"widget\" data-widget_type=\"text-editor.default\">\n\t\t\t\t<div class=\"elementor-widget-container\">\n\t\t\t\t\t\t\t\t\t<p>La columna pasacables Hexa est\u00e1 dise\u00f1ada para <strong>mantener organizados los cables<\/strong> bajo la mesa de oficina y evita que se enreden.<\/p><p>Adem\u00e1s, permite ocultar los cables en su interior gracias a sus 14 vertebras de forma circular, que pueden quedar libres de forma articulada o en posici\u00f3n fija de forma tubular.<\/p>\t\t\t\t\t\t\t\t<\/div>\n\t\t\t\t<\/div>\n\t\t\t\t<div class=\"elementor-element elementor-element-9de9f4f elementor-button-warning elementor-widget elementor-widget-button\" data-id=\"9de9f4f\" data-element_type=\"widget\" data-e-type=\"widget\" data-widget_type=\"button.default\">\n\t\t\t\t<div class=\"elementor-widget-container\">\n\t\t\t\t\t\t\t\t\t<div class=\"elementor-button-wrapper\">\n\t\t\t\t\t<a class=\"elementor-button elementor-button-link elementor-size-sm\" href=\"https:\/\/www.emuca.es\/iluminacion\/oficina\/pasacables\/columna-pasacables-hexa\/columna-pasacables-hexa-plastico-negro-plastico-1-un\" target=\"_blank\">\n\t\t\t\t\t\t<span class=\"elementor-button-content-wrapper\">\n\t\t\t\t\t\t\t\t\t<span class=\"elementor-button-text\">Ver productos<\/span>\n\t\t\t\t\t<\/span>\n\t\t\t\t\t<\/a>\n\t\t\t\t<\/div>\n\t\t\t\t\t\t\t\t<\/div>\n\t\t\t\t<\/div>\n\t\t\t\t<div class=\"elementor-element elementor-element-8d102c6 elementor-widget elementor-widget-image\" data-id=\"8d102c6\" data-element_type=\"widget\" data-e-type=\"widget\" data-widget_type=\"image.default\">\n\t\t\t\t<div class=\"elementor-widget-container\">\n\t\t\t\t\t\t\t\t\t\t\t\t\t\t\t<img loading=\"lazy\" decoding=\"async\" width=\"890\" height=\"450\" src=\"https:\/\/blog.emuca.com\/wp-content\/uploads\/2022\/12\/EMUCA-ilumina-post-red-5.jpg\" class=\"attachment-full size-full wp-image-44982\" alt=\"\" srcset=\"https:\/\/blog.emuca.com\/wp-content\/uploads\/2022\/12\/EMUCA-ilumina-post-red-5.jpg 890w, https:\/\/blog.emuca.com\/wp-content\/uploads\/2022\/12\/EMUCA-ilumina-post-red-5-300x152.jpg 300w, https:\/\/blog.emuca.com\/wp-content\/uploads\/2022\/12\/EMUCA-ilumina-post-red-5-768x388.jpg 768w\" sizes=\"(max-width: 34.9rem) calc(100vw - 2rem), (max-width: 53rem) calc(8 * (100vw \/ 12)), (min-width: 53rem) calc(6 * (100vw \/ 12)), 100vw\" \/>\t\t\t\t\t\t\t\t\t\t\t\t\t\t\t<\/div>\n\t\t\t\t<\/div>\n\t\t\t\t<div class=\"elementor-element elementor-element-ebeb29b elementor-widget elementor-widget-spacer\" data-id=\"ebeb29b\" data-element_type=\"widget\" data-e-type=\"widget\" data-widget_type=\"spacer.default\">\n\t\t\t\t<div class=\"elementor-widget-container\">\n\t\t\t\t\t\t\t<div class=\"elementor-spacer\">\n\t\t\t<div class=\"elementor-spacer-inner\"><\/div>\n\t\t<\/div>\n\t\t\t\t\t\t<\/div>\n\t\t\t\t<\/div>\n\t\t\t\t<div class=\"elementor-element elementor-element-7c2e64a elementor-widget elementor-widget-text-editor\" data-id=\"7c2e64a\" data-element_type=\"widget\" data-e-type=\"widget\" data-widget_type=\"text-editor.default\">\n\t\t\t\t<div class=\"elementor-widget-container\">\n\t\t\t\t\t\t\t\t\t<h2><strong>Multiconector elevable Vertikal A+C<\/strong><\/h2>\t\t\t\t\t\t\t\t<\/div>\n\t\t\t\t<\/div>\n\t\t\t\t<div class=\"elementor-element elementor-element-3b8a1d4 elementor-widget elementor-widget-text-editor\" data-id=\"3b8a1d4\" data-element_type=\"widget\" data-e-type=\"widget\" data-widget_type=\"text-editor.default\">\n\t\t\t\t<div class=\"elementor-widget-container\">\n\t\t\t\t\t\t\t\t\t<p>El nuevo multiconector Vertical posee <strong>2 conectores USB A y 1 conector USB C, con funci\u00f3n de carga r\u00e1pida <\/strong>y un rango de aplicaci\u00f3n de 5V-3A , 9V-2A , 12V- 1.5A para los USB A y de 5V-3A, 9V-2A, 12V-1,67A para el USB C.<\/p>\t\t\t\t\t\t\t\t<\/div>\n\t\t\t\t<\/div>\n\t\t\t\t<div class=\"elementor-element elementor-element-3cf0e27 elementor-button-warning elementor-widget elementor-widget-button\" data-id=\"3cf0e27\" data-element_type=\"widget\" data-e-type=\"widget\" data-widget_type=\"button.default\">\n\t\t\t\t<div class=\"elementor-widget-container\">\n\t\t\t\t\t\t\t\t\t<div class=\"elementor-button-wrapper\">\n\t\t\t\t\t<a class=\"elementor-button elementor-button-link elementor-size-sm\" href=\"https:\/\/www.emuca.es\/iluminacion\/oficina\/conectores\/emuca-multiconector-elevable-vertikal\/multiconector-elevable-vertikal-ac-eu-pintado-aluminio-plastico-y-aluminio-1-ud\" target=\"_blank\">\n\t\t\t\t\t\t<span class=\"elementor-button-content-wrapper\">\n\t\t\t\t\t\t\t\t\t<span class=\"elementor-button-text\">Ver productos<\/span>\n\t\t\t\t\t<\/span>\n\t\t\t\t\t<\/a>\n\t\t\t\t<\/div>\n\t\t\t\t\t\t\t\t<\/div>\n\t\t\t\t<\/div>\n\t\t\t\t<div class=\"elementor-element elementor-element-a4d4cec elementor-widget elementor-widget-image\" data-id=\"a4d4cec\" data-element_type=\"widget\" data-e-type=\"widget\" data-widget_type=\"image.default\">\n\t\t\t\t<div class=\"elementor-widget-container\">\n\t\t\t\t\t\t\t\t\t\t\t\t\t\t\t<img loading=\"lazy\" decoding=\"async\" width=\"890\" height=\"450\" src=\"https:\/\/blog.emuca.com\/wp-content\/uploads\/2022\/12\/EMUCA-ilumina-post-red-6.jpg\" class=\"attachment-full size-full wp-image-44972\" alt=\"\" srcset=\"https:\/\/blog.emuca.com\/wp-content\/uploads\/2022\/12\/EMUCA-ilumina-post-red-6.jpg 890w, https:\/\/blog.emuca.com\/wp-content\/uploads\/2022\/12\/EMUCA-ilumina-post-red-6-300x152.jpg 300w, https:\/\/blog.emuca.com\/wp-content\/uploads\/2022\/12\/EMUCA-ilumina-post-red-6-768x388.jpg 768w\" sizes=\"(max-width: 34.9rem) calc(100vw - 2rem), (max-width: 53rem) calc(8 * (100vw \/ 12)), (min-width: 53rem) calc(6 * (100vw \/ 12)), 100vw\" \/>\t\t\t\t\t\t\t\t\t\t\t\t\t\t\t<\/div>\n\t\t\t\t<\/div>\n\t\t\t\t<div class=\"elementor-element elementor-element-86ef694 elementor-widget elementor-widget-spacer\" data-id=\"86ef694\" data-element_type=\"widget\" data-e-type=\"widget\" data-widget_type=\"spacer.default\">\n\t\t\t\t<div class=\"elementor-widget-container\">\n\t\t\t\t\t\t\t<div class=\"elementor-spacer\">\n\t\t\t<div class=\"elementor-spacer-inner\"><\/div>\n\t\t<\/div>\n\t\t\t\t\t\t<\/div>\n\t\t\t\t<\/div>\n\t\t\t\t<div class=\"elementor-element elementor-element-4b1fc9a elementor-widget elementor-widget-text-editor\" data-id=\"4b1fc9a\" data-element_type=\"widget\" data-e-type=\"widget\" data-widget_type=\"text-editor.default\">\n\t\t\t\t<div class=\"elementor-widget-container\">\n\t\t\t\t\t\t\t\t\t<h2><strong>Multiconector Atom 26 A+C <\/strong><\/h2>\t\t\t\t\t\t\t\t<\/div>\n\t\t\t\t<\/div>\n\t\t\t\t<div class=\"elementor-element elementor-element-075ffff elementor-widget elementor-widget-text-editor\" data-id=\"075ffff\" data-element_type=\"widget\" data-e-type=\"widget\" data-widget_type=\"text-editor.default\">\n\t\t\t\t<div class=\"elementor-widget-container\">\n\t\t\t\t\t\t\t\t\t<p>El nuevo multiconector Atom posee de 2 enchufes tipo F Schuko (EU) con una potencia m\u00e1xima admisible de hasta 3.000W &#8211; 13A, 1 conector HDMI, 1 puerto de red RJ45 no apantallado, <strong>1 conector USB A y 1 conector USB C (1x3A, 2&#215;1.5A) de carga r\u00e1pida<\/strong> y con un rango de aplicaci\u00f3n de 5V 3A, 9V 2A, 12V 1,5 A.<\/p>\t\t\t\t\t\t\t\t<\/div>\n\t\t\t\t<\/div>\n\t\t\t\t<div class=\"elementor-element elementor-element-0377410 elementor-button-warning elementor-widget elementor-widget-button\" data-id=\"0377410\" data-element_type=\"widget\" data-e-type=\"widget\" data-widget_type=\"button.default\">\n\t\t\t\t<div class=\"elementor-widget-container\">\n\t\t\t\t\t\t\t\t\t<div class=\"elementor-button-wrapper\">\n\t\t\t\t\t<a class=\"elementor-button elementor-button-link elementor-size-sm\" href=\"https:\/\/www.emuca.es\/iluminacion\/oficina\/conectores\/emuca-multiconector-atom-26-para-escritorio\/multiconector-atom-26-ac-para-escritorio-eu-pintado-negro-acero-y-plastico-y-zamak-1-ud\" target=\"_blank\">\n\t\t\t\t\t\t<span class=\"elementor-button-content-wrapper\">\n\t\t\t\t\t\t\t\t\t<span class=\"elementor-button-text\">Ver productos<\/span>\n\t\t\t\t\t<\/span>\n\t\t\t\t\t<\/a>\n\t\t\t\t<\/div>\n\t\t\t\t\t\t\t\t<\/div>\n\t\t\t\t<\/div>\n\t\t\t\t<div class=\"elementor-element elementor-element-f732cce elementor-widget elementor-widget-image\" data-id=\"f732cce\" data-element_type=\"widget\" data-e-type=\"widget\" data-widget_type=\"image.default\">\n\t\t\t\t<div class=\"elementor-widget-container\">\n\t\t\t\t\t\t\t\t\t\t\t\t\t\t\t<img loading=\"lazy\" decoding=\"async\" width=\"890\" height=\"450\" src=\"https:\/\/blog.emuca.com\/wp-content\/uploads\/2022\/12\/EMUCA-ilumina-post-red-7.jpg\" class=\"attachment-full size-full wp-image-44962\" alt=\"\" srcset=\"https:\/\/blog.emuca.com\/wp-content\/uploads\/2022\/12\/EMUCA-ilumina-post-red-7.jpg 890w, https:\/\/blog.emuca.com\/wp-content\/uploads\/2022\/12\/EMUCA-ilumina-post-red-7-300x152.jpg 300w, https:\/\/blog.emuca.com\/wp-content\/uploads\/2022\/12\/EMUCA-ilumina-post-red-7-768x388.jpg 768w\" sizes=\"(max-width: 34.9rem) calc(100vw - 2rem), (max-width: 53rem) calc(8 * (100vw \/ 12)), (min-width: 53rem) calc(6 * (100vw \/ 12)), 100vw\" \/>\t\t\t\t\t\t\t\t\t\t\t\t\t\t\t<\/div>\n\t\t\t\t<\/div>\n\t\t\t\t<div class=\"elementor-element elementor-element-5c27d4d elementor-widget elementor-widget-spacer\" data-id=\"5c27d4d\" data-element_type=\"widget\" data-e-type=\"widget\" data-widget_type=\"spacer.default\">\n\t\t\t\t<div class=\"elementor-widget-container\">\n\t\t\t\t\t\t\t<div class=\"elementor-spacer\">\n\t\t\t<div class=\"elementor-spacer-inner\"><\/div>\n\t\t<\/div>\n\t\t\t\t\t\t<\/div>\n\t\t\t\t<\/div>\n\t\t\t\t\t<\/div>\n\t\t<\/div>\n\t\t\t\t\t<\/div>\n\t\t<\/section>\n\t\t\t\t<\/div>\n\t\t","protected":false},"excerpt":{"rendered":"<p>Te ofrecemos novedades en iluminaci\u00f3n, porque tener bien iluminados los espacios te ayuda a encontrar lo que buscas y a\u00f1ade un toque decorativo. Estas soluciones de iluminaci\u00f3n dise\u00f1adas para tu d\u00eda a d\u00eda y son la mejor manera de aportar funcionalidad a tus muebles. Kit de tira LED Lynx Premium El kit de iluminaci\u00f3n de &hellip; <\/p>\n<p class=\"link-more\"><a href=\"https:\/\/blog.emuca.com\/es\/cat\/novedades\/novedades-en-iluminacion\/\" class=\"more-link\">Seguir leyendo<span class=\"screen-reader-text\"> \u00abNovedades en iluminaci\u00f3n\u00bb<\/span><\/a><\/p>\n","protected":false},"author":2,"featured_media":44902,"comment_status":"closed","ping_status":"closed","sticky":false,"template":"","format":"standard","meta":{"footnotes":""},"categories":[102],"tags":[],"class_list":["post-44897","post","type-post","status-publish","format-standard","has-post-thumbnail","hentry","category-novedades","entry"],"yoast_head":"<!-- This site is optimized with the Yoast SEO plugin v24.1 - https:\/\/yoast.com\/wordpress\/plugins\/seo\/ -->\n<title>Novedades en iluminaci\u00f3n - Emuca Blog<\/title>\n<meta name=\"description\" content=\"Te ofrecemos novedades en iluminaci\u00f3n, porque tener bien iluminados los espacios te ayuda a encontrar lo que buscas y a\u00f1ade un toque decorativo. Estas soluciones de iluminaci\u00f3n dise\u00f1adas para tu d\u00eda a d\u00eda y son la mejor manera de aportar funcionalidad a tus muebles.\" \/>\n<meta name=\"robots\" content=\"index, follow, max-snippet:-1, max-image-preview:large, max-video-preview:-1\" \/>\n<link rel=\"canonical\" href=\"https:\/\/blog.emuca.com\/es\/cat\/novedades\/novedades-en-iluminacion\/\" \/>\n<meta property=\"og:locale\" content=\"es_ES\" \/>\n<meta property=\"og:type\" content=\"article\" \/>\n<meta property=\"og:title\" content=\"Novedades en iluminaci\u00f3n - Emuca Blog\" \/>\n<meta property=\"og:description\" content=\"Te ofrecemos novedades en iluminaci\u00f3n, porque tener bien iluminados los espacios te ayuda a encontrar lo que buscas y a\u00f1ade un toque decorativo. Estas soluciones de iluminaci\u00f3n dise\u00f1adas para tu d\u00eda a d\u00eda y son la mejor manera de aportar funcionalidad a tus muebles.\" \/>\n<meta property=\"og:url\" content=\"https:\/\/blog.emuca.com\/es\/cat\/novedades\/novedades-en-iluminacion\/\" \/>\n<meta property=\"og:site_name\" content=\"Emuca Blog\" \/>\n<meta property=\"article:publisher\" content=\"https:\/\/www.facebook.com\/EmucaGroup\" \/>\n<meta property=\"article:published_time\" content=\"2022-12-19T09:00:04+00:00\" \/>\n<meta property=\"article:modified_time\" content=\"2022-12-20T09:33:53+00:00\" \/>\n<meta property=\"og:image\" content=\"https:\/\/blog.emuca.com\/wp-content\/uploads\/2022\/12\/EMUCA-ilumina-post-red.jpg\" \/>\n\t<meta property=\"og:image:width\" content=\"800\" \/>\n\t<meta property=\"og:image:height\" content=\"450\" \/>\n\t<meta property=\"og:image:type\" content=\"image\/jpeg\" \/>\n<meta name=\"author\" content=\"Emuca\" \/>\n<meta name=\"twitter:card\" content=\"summary_large_image\" \/>\n<meta name=\"twitter:label1\" content=\"Escrito por\" \/>\n\t<meta name=\"twitter:data1\" content=\"Emuca\" \/>\n\t<meta name=\"twitter:label2\" content=\"Tiempo de lectura\" \/>\n\t<meta name=\"twitter:data2\" content=\"4 minutos\" \/>\n<script type=\"application\/ld+json\" class=\"yoast-schema-graph\">{\"@context\":\"https:\/\/schema.org\",\"@graph\":[{\"@type\":\"Article\",\"@id\":\"https:\/\/blog.emuca.com\/es\/cat\/novedades\/novedades-en-iluminacion\/#article\",\"isPartOf\":{\"@id\":\"https:\/\/blog.emuca.com\/es\/cat\/novedades\/novedades-en-iluminacion\/\"},\"author\":{\"name\":\"Emuca\",\"@id\":\"https:\/\/blog.emuca.com\/#\/schema\/person\/81560ca037d9c1ed19744a85ef9cbe2a\"},\"headline\":\"Novedades en iluminaci\u00f3n\",\"datePublished\":\"2022-12-19T09:00:04+00:00\",\"dateModified\":\"2022-12-20T09:33:53+00:00\",\"mainEntityOfPage\":{\"@id\":\"https:\/\/blog.emuca.com\/es\/cat\/novedades\/novedades-en-iluminacion\/\"},\"wordCount\":511,\"publisher\":{\"@id\":\"https:\/\/blog.emuca.com\/#organization\"},\"image\":{\"@id\":\"https:\/\/blog.emuca.com\/es\/cat\/novedades\/novedades-en-iluminacion\/#primaryimage\"},\"thumbnailUrl\":\"https:\/\/blog.emuca.com\/wp-content\/uploads\/2022\/12\/EMUCA-ilumina-post-red.jpg\",\"articleSection\":[\"Novedades\"],\"inLanguage\":\"es\"},{\"@type\":\"WebPage\",\"@id\":\"https:\/\/blog.emuca.com\/es\/cat\/novedades\/novedades-en-iluminacion\/\",\"url\":\"https:\/\/blog.emuca.com\/es\/cat\/novedades\/novedades-en-iluminacion\/\",\"name\":\"Novedades en iluminaci\u00f3n - Emuca Blog\",\"isPartOf\":{\"@id\":\"https:\/\/blog.emuca.com\/#website\"},\"primaryImageOfPage\":{\"@id\":\"https:\/\/blog.emuca.com\/es\/cat\/novedades\/novedades-en-iluminacion\/#primaryimage\"},\"image\":{\"@id\":\"https:\/\/blog.emuca.com\/es\/cat\/novedades\/novedades-en-iluminacion\/#primaryimage\"},\"thumbnailUrl\":\"https:\/\/blog.emuca.com\/wp-content\/uploads\/2022\/12\/EMUCA-ilumina-post-red.jpg\",\"datePublished\":\"2022-12-19T09:00:04+00:00\",\"dateModified\":\"2022-12-20T09:33:53+00:00\",\"description\":\"Te ofrecemos novedades en iluminaci\u00f3n, porque tener bien iluminados los espacios te ayuda a encontrar lo que buscas y a\u00f1ade un toque decorativo. Estas soluciones de iluminaci\u00f3n dise\u00f1adas para tu d\u00eda a d\u00eda y son la mejor manera de aportar funcionalidad a tus muebles.\",\"inLanguage\":\"es\",\"potentialAction\":[{\"@type\":\"ReadAction\",\"target\":[\"https:\/\/blog.emuca.com\/es\/cat\/novedades\/novedades-en-iluminacion\/\"]}]},{\"@type\":\"ImageObject\",\"inLanguage\":\"es\",\"@id\":\"https:\/\/blog.emuca.com\/es\/cat\/novedades\/novedades-en-iluminacion\/#primaryimage\",\"url\":\"https:\/\/blog.emuca.com\/wp-content\/uploads\/2022\/12\/EMUCA-ilumina-post-red.jpg\",\"contentUrl\":\"https:\/\/blog.emuca.com\/wp-content\/uploads\/2022\/12\/EMUCA-ilumina-post-red.jpg\",\"width\":800,\"height\":450},{\"@type\":\"WebSite\",\"@id\":\"https:\/\/blog.emuca.com\/#website\",\"url\":\"https:\/\/blog.emuca.com\/\",\"name\":\"Emuca Blog\",\"description\":\"\",\"publisher\":{\"@id\":\"https:\/\/blog.emuca.com\/#organization\"},\"potentialAction\":[{\"@type\":\"SearchAction\",\"target\":{\"@type\":\"EntryPoint\",\"urlTemplate\":\"https:\/\/blog.emuca.com\/?s={search_term_string}\"},\"query-input\":{\"@type\":\"PropertyValueSpecification\",\"valueRequired\":true,\"valueName\":\"search_term_string\"}}],\"inLanguage\":\"es\"},{\"@type\":\"Organization\",\"@id\":\"https:\/\/blog.emuca.com\/#organization\",\"name\":\"emuca\",\"url\":\"https:\/\/blog.emuca.com\/\",\"logo\":{\"@type\":\"ImageObject\",\"inLanguage\":\"es\",\"@id\":\"https:\/\/blog.emuca.com\/#\/schema\/logo\/image\/\",\"url\":\"https:\/\/blog.emuca.com\/wp-content\/uploads\/2024\/05\/cropped-logo-emuca-menu.png\",\"contentUrl\":\"https:\/\/blog.emuca.com\/wp-content\/uploads\/2024\/05\/cropped-logo-emuca-menu.png\",\"width\":190,\"height\":190,\"caption\":\"emuca\"},\"image\":{\"@id\":\"https:\/\/blog.emuca.com\/#\/schema\/logo\/image\/\"},\"sameAs\":[\"https:\/\/www.facebook.com\/EmucaGroup\"]},{\"@type\":\"Person\",\"@id\":\"https:\/\/blog.emuca.com\/#\/schema\/person\/81560ca037d9c1ed19744a85ef9cbe2a\",\"name\":\"Emuca\",\"url\":\"https:\/\/blog.emuca.com\/es\/cat\/author\/emuca\/\"}]}<\/script>\n<!-- \/ Yoast SEO plugin. -->","yoast_head_json":{"title":"Novedades en iluminaci\u00f3n - Emuca Blog","description":"Te ofrecemos novedades en iluminaci\u00f3n, porque tener bien iluminados los espacios te ayuda a encontrar lo que buscas y a\u00f1ade un toque decorativo. Estas soluciones de iluminaci\u00f3n dise\u00f1adas para tu d\u00eda a d\u00eda y son la mejor manera de aportar funcionalidad a tus muebles.","robots":{"index":"index","follow":"follow","max-snippet":"max-snippet:-1","max-image-preview":"max-image-preview:large","max-video-preview":"max-video-preview:-1"},"canonical":"https:\/\/blog.emuca.com\/es\/cat\/novedades\/novedades-en-iluminacion\/","og_locale":"es_ES","og_type":"article","og_title":"Novedades en iluminaci\u00f3n - Emuca Blog","og_description":"Te ofrecemos novedades en iluminaci\u00f3n, porque tener bien iluminados los espacios te ayuda a encontrar lo que buscas y a\u00f1ade un toque decorativo. Estas soluciones de iluminaci\u00f3n dise\u00f1adas para tu d\u00eda a d\u00eda y son la mejor manera de aportar funcionalidad a tus muebles.","og_url":"https:\/\/blog.emuca.com\/es\/cat\/novedades\/novedades-en-iluminacion\/","og_site_name":"Emuca Blog","article_publisher":"https:\/\/www.facebook.com\/EmucaGroup","article_published_time":"2022-12-19T09:00:04+00:00","article_modified_time":"2022-12-20T09:33:53+00:00","og_image":[{"width":800,"height":450,"url":"https:\/\/blog.emuca.com\/wp-content\/uploads\/2022\/12\/EMUCA-ilumina-post-red.jpg","type":"image\/jpeg"}],"author":"Emuca","twitter_card":"summary_large_image","twitter_misc":{"Escrito por":"Emuca","Tiempo de lectura":"4 minutos"},"schema":{"@context":"https:\/\/schema.org","@graph":[{"@type":"Article","@id":"https:\/\/blog.emuca.com\/es\/cat\/novedades\/novedades-en-iluminacion\/#article","isPartOf":{"@id":"https:\/\/blog.emuca.com\/es\/cat\/novedades\/novedades-en-iluminacion\/"},"author":{"name":"Emuca","@id":"https:\/\/blog.emuca.com\/#\/schema\/person\/81560ca037d9c1ed19744a85ef9cbe2a"},"headline":"Novedades en iluminaci\u00f3n","datePublished":"2022-12-19T09:00:04+00:00","dateModified":"2022-12-20T09:33:53+00:00","mainEntityOfPage":{"@id":"https:\/\/blog.emuca.com\/es\/cat\/novedades\/novedades-en-iluminacion\/"},"wordCount":511,"publisher":{"@id":"https:\/\/blog.emuca.com\/#organization"},"image":{"@id":"https:\/\/blog.emuca.com\/es\/cat\/novedades\/novedades-en-iluminacion\/#primaryimage"},"thumbnailUrl":"https:\/\/blog.emuca.com\/wp-content\/uploads\/2022\/12\/EMUCA-ilumina-post-red.jpg","articleSection":["Novedades"],"inLanguage":"es"},{"@type":"WebPage","@id":"https:\/\/blog.emuca.com\/es\/cat\/novedades\/novedades-en-iluminacion\/","url":"https:\/\/blog.emuca.com\/es\/cat\/novedades\/novedades-en-iluminacion\/","name":"Novedades en iluminaci\u00f3n - Emuca Blog","isPartOf":{"@id":"https:\/\/blog.emuca.com\/#website"},"primaryImageOfPage":{"@id":"https:\/\/blog.emuca.com\/es\/cat\/novedades\/novedades-en-iluminacion\/#primaryimage"},"image":{"@id":"https:\/\/blog.emuca.com\/es\/cat\/novedades\/novedades-en-iluminacion\/#primaryimage"},"thumbnailUrl":"https:\/\/blog.emuca.com\/wp-content\/uploads\/2022\/12\/EMUCA-ilumina-post-red.jpg","datePublished":"2022-12-19T09:00:04+00:00","dateModified":"2022-12-20T09:33:53+00:00","description":"Te ofrecemos novedades en iluminaci\u00f3n, porque tener bien iluminados los espacios te ayuda a encontrar lo que buscas y a\u00f1ade un toque decorativo. Estas soluciones de iluminaci\u00f3n dise\u00f1adas para tu d\u00eda a d\u00eda y son la mejor manera de aportar funcionalidad a tus muebles.","inLanguage":"es","potentialAction":[{"@type":"ReadAction","target":["https:\/\/blog.emuca.com\/es\/cat\/novedades\/novedades-en-iluminacion\/"]}]},{"@type":"ImageObject","inLanguage":"es","@id":"https:\/\/blog.emuca.com\/es\/cat\/novedades\/novedades-en-iluminacion\/#primaryimage","url":"https:\/\/blog.emuca.com\/wp-content\/uploads\/2022\/12\/EMUCA-ilumina-post-red.jpg","contentUrl":"https:\/\/blog.emuca.com\/wp-content\/uploads\/2022\/12\/EMUCA-ilumina-post-red.jpg","width":800,"height":450},{"@type":"WebSite","@id":"https:\/\/blog.emuca.com\/#website","url":"https:\/\/blog.emuca.com\/","name":"Emuca Blog","description":"","publisher":{"@id":"https:\/\/blog.emuca.com\/#organization"},"potentialAction":[{"@type":"SearchAction","target":{"@type":"EntryPoint","urlTemplate":"https:\/\/blog.emuca.com\/?s={search_term_string}"},"query-input":{"@type":"PropertyValueSpecification","valueRequired":true,"valueName":"search_term_string"}}],"inLanguage":"es"},{"@type":"Organization","@id":"https:\/\/blog.emuca.com\/#organization","name":"emuca","url":"https:\/\/blog.emuca.com\/","logo":{"@type":"ImageObject","inLanguage":"es","@id":"https:\/\/blog.emuca.com\/#\/schema\/logo\/image\/","url":"https:\/\/blog.emuca.com\/wp-content\/uploads\/2024\/05\/cropped-logo-emuca-menu.png","contentUrl":"https:\/\/blog.emuca.com\/wp-content\/uploads\/2024\/05\/cropped-logo-emuca-menu.png","width":190,"height":190,"caption":"emuca"},"image":{"@id":"https:\/\/blog.emuca.com\/#\/schema\/logo\/image\/"},"sameAs":["https:\/\/www.facebook.com\/EmucaGroup"]},{"@type":"Person","@id":"https:\/\/blog.emuca.com\/#\/schema\/person\/81560ca037d9c1ed19744a85ef9cbe2a","name":"Emuca","url":"https:\/\/blog.emuca.com\/es\/cat\/author\/emuca\/"}]}},"_links":{"self":[{"href":"https:\/\/blog.emuca.com\/es\/wp-json\/wp\/v2\/posts\/44897","targetHints":{"allow":["GET"]}}],"collection":[{"href":"https:\/\/blog.emuca.com\/es\/wp-json\/wp\/v2\/posts"}],"about":[{"href":"https:\/\/blog.emuca.com\/es\/wp-json\/wp\/v2\/types\/post"}],"author":[{"embeddable":true,"href":"https:\/\/blog.emuca.com\/es\/wp-json\/wp\/v2\/users\/2"}],"replies":[{"embeddable":true,"href":"https:\/\/blog.emuca.com\/es\/wp-json\/wp\/v2\/comments?post=44897"}],"version-history":[{"count":17,"href":"https:\/\/blog.emuca.com\/es\/wp-json\/wp\/v2\/posts\/44897\/revisions"}],"predecessor-version":[{"id":45037,"href":"https:\/\/blog.emuca.com\/es\/wp-json\/wp\/v2\/posts\/44897\/revisions\/45037"}],"wp:featuredmedia":[{"embeddable":true,"href":"https:\/\/blog.emuca.com\/es\/wp-json\/wp\/v2\/media\/44902"}],"wp:attachment":[{"href":"https:\/\/blog.emuca.com\/es\/wp-json\/wp\/v2\/media?parent=44897"}],"wp:term":[{"taxonomy":"category","embeddable":true,"href":"https:\/\/blog.emuca.com\/es\/wp-json\/wp\/v2\/categories?post=44897"},{"taxonomy":"post_tag","embeddable":true,"href":"https:\/\/blog.emuca.com\/es\/wp-json\/wp\/v2\/tags?post=44897"}],"curies":[{"name":"wp","href":"https:\/\/api.w.org\/{rel}","templated":true}]}}