{"id":293,"date":"2019-11-04T13:55:33","date_gmt":"2019-11-04T13:55:33","guid":{"rendered":"http:\/\/blogs.emuca.com\/nblog\/?p=293"},"modified":"2020-03-03T12:03:53","modified_gmt":"2020-03-03T12:03:53","slug":"reconocimiento-a-emuca-por-su-contribucion-a-la-integracion-sociolaboral","status":"publish","type":"post","link":"https:\/\/blog.emuca.com\/es\/cat\/nueva-actualidad\/reconocimiento-a-emuca-por-su-contribucion-a-la-integracion-sociolaboral\/","title":{"rendered":"Nos dan un Reconocimiento por la contribuci\u00f3n a la integraci\u00f3n sociolaboral"},"content":{"rendered":"<p>El Grupo Emuca trabaja constantemente alineada con la Estrategia Espa\u00f1ola de Responsabilidad Social de las Empresas (RSE) y, es por ello que, recientemente ha recibido un reconocimiento por medidas concretas en una de las 10 l\u00edneas de actuaci\u00f3n que marca el Gobierno (responde a las recomendaciones plasmadas en la Estrategia Renovada de la Uni\u00f3n Europea sobre RSE) en concreto la n\u00ba 4, aquella que habla de la Gesti\u00f3n Responsable de los Recursos Humanos y fomento del empleo. As\u00ed, el pasado 24 de octubre en el acto de celebraci\u00f3n del 20\u00ba aniversario del Grupo SIFU Valencia &#8211; Centro Especial de Empleo l\u00edder en Facility Services y Management &#8211; Jos\u00e9 Mar\u00eda Pina, Director General de Estrategia de Negocio, recogi\u00f3 el reconocimiento a Emuca por su contribuci\u00f3n a la integraci\u00f3n sociolaboral.<\/p>\n<p>&nbsp;<\/p>\n","protected":false},"excerpt":{"rendered":"<p>El Grupo Emuca trabaja constantemente alineada con la Estrategia Espa\u00f1ola de Responsabilidad Social de las Empresas (RSE) y, es por ello que, recientemente ha recibido un reconocimiento por medidas concretas en una de las 10 l\u00edneas de actuaci\u00f3n que marca el Gobierno (responde a las recomendaciones plasmadas en la Estrategia Renovada de la Uni\u00f3n Europea &hellip; <\/p>\n<p class=\"link-more\"><a href=\"https:\/\/blog.emuca.com\/es\/cat\/nueva-actualidad\/reconocimiento-a-emuca-por-su-contribucion-a-la-integracion-sociolaboral\/\" class=\"more-link\">Seguir leyendo<span class=\"screen-reader-text\"> \u00abNos dan un Reconocimiento por la contribuci\u00f3n a la integraci\u00f3n sociolaboral\u00bb<\/span><\/a><\/p>\n","protected":false},"author":2,"featured_media":897,"comment_status":"closed","ping_status":"closed","sticky":false,"template":"","format":"standard","meta":{"footnotes":""},"categories":[47],"tags":[],"class_list":["post-293","post","type-post","status-publish","format-standard","has-post-thumbnail","hentry","category-nueva-actualidad","entry"],"yoast_head":"<!-- This site is optimized with the Yoast SEO plugin v24.1 - https:\/\/yoast.com\/wordpress\/plugins\/seo\/ -->\n<title>Nos dan un Reconocimiento por la contribuci\u00f3n a la integraci\u00f3n sociolaboral - Emuca Blog<\/title>\n<meta name=\"robots\" content=\"index, follow, max-snippet:-1, max-image-preview:large, max-video-preview:-1\" \/>\n<link rel=\"canonical\" href=\"https:\/\/blog.emuca.com\/es\/cat\/nueva-actualidad\/reconocimiento-a-emuca-por-su-contribucion-a-la-integracion-sociolaboral\/\" \/>\n<meta property=\"og:locale\" content=\"es_ES\" \/>\n<meta property=\"og:type\" content=\"article\" \/>\n<meta property=\"og:title\" content=\"Nos dan un Reconocimiento por la contribuci\u00f3n a la integraci\u00f3n sociolaboral - Emuca Blog\" \/>\n<meta property=\"og:description\" content=\"El Grupo Emuca trabaja constantemente alineada con la Estrategia Espa\u00f1ola de Responsabilidad Social de las Empresas (RSE) y, es por ello que, recientemente ha recibido un reconocimiento por medidas concretas en una de las 10 l\u00edneas de actuaci\u00f3n que marca el Gobierno (responde a las recomendaciones plasmadas en la Estrategia Renovada de la Uni\u00f3n Europea &hellip; Seguir leyendo \u00abNos dan un Reconocimiento por la contribuci\u00f3n a la integraci\u00f3n sociolaboral\u00bb\" \/>\n<meta property=\"og:url\" content=\"https:\/\/blog.emuca.com\/es\/cat\/nueva-actualidad\/reconocimiento-a-emuca-por-su-contribucion-a-la-integracion-sociolaboral\/\" \/>\n<meta property=\"og:site_name\" content=\"Emuca Blog\" \/>\n<meta property=\"article:publisher\" content=\"https:\/\/www.facebook.com\/EmucaGroup\" \/>\n<meta property=\"article:published_time\" content=\"2019-11-04T13:55:33+00:00\" \/>\n<meta property=\"article:modified_time\" content=\"2020-03-03T12:03:53+00:00\" \/>\n<meta property=\"og:image\" content=\"https:\/\/blog.emuca.com\/wp-content\/uploads\/2019\/11\/JM-RSE-emuca.jpg\" \/>\n\t<meta property=\"og:image:width\" content=\"916\" \/>\n\t<meta property=\"og:image:height\" content=\"446\" \/>\n\t<meta property=\"og:image:type\" content=\"image\/jpeg\" \/>\n<meta name=\"author\" content=\"Emuca\" \/>\n<meta name=\"twitter:card\" content=\"summary_large_image\" \/>\n<meta name=\"twitter:label1\" content=\"Escrito por\" \/>\n\t<meta name=\"twitter:data1\" content=\"Emuca\" \/>\n\t<meta name=\"twitter:label2\" content=\"Tiempo de lectura\" \/>\n\t<meta name=\"twitter:data2\" content=\"1 minuto\" \/>\n<script type=\"application\/ld+json\" class=\"yoast-schema-graph\">{\"@context\":\"https:\/\/schema.org\",\"@graph\":[{\"@type\":\"Article\",\"@id\":\"https:\/\/blog.emuca.com\/es\/cat\/nueva-actualidad\/reconocimiento-a-emuca-por-su-contribucion-a-la-integracion-sociolaboral\/#article\",\"isPartOf\":{\"@id\":\"https:\/\/blog.emuca.com\/es\/cat\/nueva-actualidad\/reconocimiento-a-emuca-por-su-contribucion-a-la-integracion-sociolaboral\/\"},\"author\":{\"name\":\"Emuca\",\"@id\":\"https:\/\/blog.emuca.com\/#\/schema\/person\/81560ca037d9c1ed19744a85ef9cbe2a\"},\"headline\":\"Nos dan un Reconocimiento por la contribuci\u00f3n a la integraci\u00f3n sociolaboral\",\"datePublished\":\"2019-11-04T13:55:33+00:00\",\"dateModified\":\"2020-03-03T12:03:53+00:00\",\"mainEntityOfPage\":{\"@id\":\"https:\/\/blog.emuca.com\/es\/cat\/nueva-actualidad\/reconocimiento-a-emuca-por-su-contribucion-a-la-integracion-sociolaboral\/\"},\"wordCount\":148,\"publisher\":{\"@id\":\"https:\/\/blog.emuca.com\/#organization\"},\"image\":{\"@id\":\"https:\/\/blog.emuca.com\/es\/cat\/nueva-actualidad\/reconocimiento-a-emuca-por-su-contribucion-a-la-integracion-sociolaboral\/#primaryimage\"},\"thumbnailUrl\":\"https:\/\/blog.emuca.com\/wp-content\/uploads\/2019\/11\/JM-RSE-emuca.jpg\",\"articleSection\":[\"Actualidad\"],\"inLanguage\":\"es\"},{\"@type\":\"WebPage\",\"@id\":\"https:\/\/blog.emuca.com\/es\/cat\/nueva-actualidad\/reconocimiento-a-emuca-por-su-contribucion-a-la-integracion-sociolaboral\/\",\"url\":\"https:\/\/blog.emuca.com\/es\/cat\/nueva-actualidad\/reconocimiento-a-emuca-por-su-contribucion-a-la-integracion-sociolaboral\/\",\"name\":\"Nos dan un Reconocimiento por la contribuci\u00f3n a la integraci\u00f3n sociolaboral - Emuca Blog\",\"isPartOf\":{\"@id\":\"https:\/\/blog.emuca.com\/#website\"},\"primaryImageOfPage\":{\"@id\":\"https:\/\/blog.emuca.com\/es\/cat\/nueva-actualidad\/reconocimiento-a-emuca-por-su-contribucion-a-la-integracion-sociolaboral\/#primaryimage\"},\"image\":{\"@id\":\"https:\/\/blog.emuca.com\/es\/cat\/nueva-actualidad\/reconocimiento-a-emuca-por-su-contribucion-a-la-integracion-sociolaboral\/#primaryimage\"},\"thumbnailUrl\":\"https:\/\/blog.emuca.com\/wp-content\/uploads\/2019\/11\/JM-RSE-emuca.jpg\",\"datePublished\":\"2019-11-04T13:55:33+00:00\",\"dateModified\":\"2020-03-03T12:03:53+00:00\",\"inLanguage\":\"es\",\"potentialAction\":[{\"@type\":\"ReadAction\",\"target\":[\"https:\/\/blog.emuca.com\/es\/cat\/nueva-actualidad\/reconocimiento-a-emuca-por-su-contribucion-a-la-integracion-sociolaboral\/\"]}]},{\"@type\":\"ImageObject\",\"inLanguage\":\"es\",\"@id\":\"https:\/\/blog.emuca.com\/es\/cat\/nueva-actualidad\/reconocimiento-a-emuca-por-su-contribucion-a-la-integracion-sociolaboral\/#primaryimage\",\"url\":\"https:\/\/blog.emuca.com\/wp-content\/uploads\/2019\/11\/JM-RSE-emuca.jpg\",\"contentUrl\":\"https:\/\/blog.emuca.com\/wp-content\/uploads\/2019\/11\/JM-RSE-emuca.jpg\",\"width\":916,\"height\":446},{\"@type\":\"WebSite\",\"@id\":\"https:\/\/blog.emuca.com\/#website\",\"url\":\"https:\/\/blog.emuca.com\/\",\"name\":\"Emuca Blog\",\"description\":\"\",\"publisher\":{\"@id\":\"https:\/\/blog.emuca.com\/#organization\"},\"potentialAction\":[{\"@type\":\"SearchAction\",\"target\":{\"@type\":\"EntryPoint\",\"urlTemplate\":\"https:\/\/blog.emuca.com\/?s={search_term_string}\"},\"query-input\":{\"@type\":\"PropertyValueSpecification\",\"valueRequired\":true,\"valueName\":\"search_term_string\"}}],\"inLanguage\":\"es\"},{\"@type\":\"Organization\",\"@id\":\"https:\/\/blog.emuca.com\/#organization\",\"name\":\"emuca\",\"url\":\"https:\/\/blog.emuca.com\/\",\"logo\":{\"@type\":\"ImageObject\",\"inLanguage\":\"es\",\"@id\":\"https:\/\/blog.emuca.com\/#\/schema\/logo\/image\/\",\"url\":\"https:\/\/blog.emuca.com\/wp-content\/uploads\/2024\/05\/cropped-logo-emuca-menu.png\",\"contentUrl\":\"https:\/\/blog.emuca.com\/wp-content\/uploads\/2024\/05\/cropped-logo-emuca-menu.png\",\"width\":190,\"height\":190,\"caption\":\"emuca\"},\"image\":{\"@id\":\"https:\/\/blog.emuca.com\/#\/schema\/logo\/image\/\"},\"sameAs\":[\"https:\/\/www.facebook.com\/EmucaGroup\"]},{\"@type\":\"Person\",\"@id\":\"https:\/\/blog.emuca.com\/#\/schema\/person\/81560ca037d9c1ed19744a85ef9cbe2a\",\"name\":\"Emuca\",\"url\":\"https:\/\/blog.emuca.com\/es\/cat\/author\/emuca\/\"}]}<\/script>\n<!-- \/ Yoast SEO plugin. -->","yoast_head_json":{"title":"Nos dan un Reconocimiento por la contribuci\u00f3n a la integraci\u00f3n sociolaboral - Emuca Blog","robots":{"index":"index","follow":"follow","max-snippet":"max-snippet:-1","max-image-preview":"max-image-preview:large","max-video-preview":"max-video-preview:-1"},"canonical":"https:\/\/blog.emuca.com\/es\/cat\/nueva-actualidad\/reconocimiento-a-emuca-por-su-contribucion-a-la-integracion-sociolaboral\/","og_locale":"es_ES","og_type":"article","og_title":"Nos dan un Reconocimiento por la contribuci\u00f3n a la integraci\u00f3n sociolaboral - Emuca Blog","og_description":"El Grupo Emuca trabaja constantemente alineada con la Estrategia Espa\u00f1ola de Responsabilidad Social de las Empresas (RSE) y, es por ello que, recientemente ha recibido un reconocimiento por medidas concretas en una de las 10 l\u00edneas de actuaci\u00f3n que marca el Gobierno (responde a las recomendaciones plasmadas en la Estrategia Renovada de la Uni\u00f3n Europea &hellip; Seguir leyendo \u00abNos dan un Reconocimiento por la contribuci\u00f3n a la integraci\u00f3n sociolaboral\u00bb","og_url":"https:\/\/blog.emuca.com\/es\/cat\/nueva-actualidad\/reconocimiento-a-emuca-por-su-contribucion-a-la-integracion-sociolaboral\/","og_site_name":"Emuca Blog","article_publisher":"https:\/\/www.facebook.com\/EmucaGroup","article_published_time":"2019-11-04T13:55:33+00:00","article_modified_time":"2020-03-03T12:03:53+00:00","og_image":[{"width":916,"height":446,"url":"https:\/\/blog.emuca.com\/wp-content\/uploads\/2019\/11\/JM-RSE-emuca.jpg","type":"image\/jpeg"}],"author":"Emuca","twitter_card":"summary_large_image","twitter_misc":{"Escrito por":"Emuca","Tiempo de lectura":"1 minuto"},"schema":{"@context":"https:\/\/schema.org","@graph":[{"@type":"Article","@id":"https:\/\/blog.emuca.com\/es\/cat\/nueva-actualidad\/reconocimiento-a-emuca-por-su-contribucion-a-la-integracion-sociolaboral\/#article","isPartOf":{"@id":"https:\/\/blog.emuca.com\/es\/cat\/nueva-actualidad\/reconocimiento-a-emuca-por-su-contribucion-a-la-integracion-sociolaboral\/"},"author":{"name":"Emuca","@id":"https:\/\/blog.emuca.com\/#\/schema\/person\/81560ca037d9c1ed19744a85ef9cbe2a"},"headline":"Nos dan un Reconocimiento por la contribuci\u00f3n a la integraci\u00f3n sociolaboral","datePublished":"2019-11-04T13:55:33+00:00","dateModified":"2020-03-03T12:03:53+00:00","mainEntityOfPage":{"@id":"https:\/\/blog.emuca.com\/es\/cat\/nueva-actualidad\/reconocimiento-a-emuca-por-su-contribucion-a-la-integracion-sociolaboral\/"},"wordCount":148,"publisher":{"@id":"https:\/\/blog.emuca.com\/#organization"},"image":{"@id":"https:\/\/blog.emuca.com\/es\/cat\/nueva-actualidad\/reconocimiento-a-emuca-por-su-contribucion-a-la-integracion-sociolaboral\/#primaryimage"},"thumbnailUrl":"https:\/\/blog.emuca.com\/wp-content\/uploads\/2019\/11\/JM-RSE-emuca.jpg","articleSection":["Actualidad"],"inLanguage":"es"},{"@type":"WebPage","@id":"https:\/\/blog.emuca.com\/es\/cat\/nueva-actualidad\/reconocimiento-a-emuca-por-su-contribucion-a-la-integracion-sociolaboral\/","url":"https:\/\/blog.emuca.com\/es\/cat\/nueva-actualidad\/reconocimiento-a-emuca-por-su-contribucion-a-la-integracion-sociolaboral\/","name":"Nos dan un Reconocimiento por la contribuci\u00f3n a la integraci\u00f3n sociolaboral - Emuca Blog","isPartOf":{"@id":"https:\/\/blog.emuca.com\/#website"},"primaryImageOfPage":{"@id":"https:\/\/blog.emuca.com\/es\/cat\/nueva-actualidad\/reconocimiento-a-emuca-por-su-contribucion-a-la-integracion-sociolaboral\/#primaryimage"},"image":{"@id":"https:\/\/blog.emuca.com\/es\/cat\/nueva-actualidad\/reconocimiento-a-emuca-por-su-contribucion-a-la-integracion-sociolaboral\/#primaryimage"},"thumbnailUrl":"https:\/\/blog.emuca.com\/wp-content\/uploads\/2019\/11\/JM-RSE-emuca.jpg","datePublished":"2019-11-04T13:55:33+00:00","dateModified":"2020-03-03T12:03:53+00:00","inLanguage":"es","potentialAction":[{"@type":"ReadAction","target":["https:\/\/blog.emuca.com\/es\/cat\/nueva-actualidad\/reconocimiento-a-emuca-por-su-contribucion-a-la-integracion-sociolaboral\/"]}]},{"@type":"ImageObject","inLanguage":"es","@id":"https:\/\/blog.emuca.com\/es\/cat\/nueva-actualidad\/reconocimiento-a-emuca-por-su-contribucion-a-la-integracion-sociolaboral\/#primaryimage","url":"https:\/\/blog.emuca.com\/wp-content\/uploads\/2019\/11\/JM-RSE-emuca.jpg","contentUrl":"https:\/\/blog.emuca.com\/wp-content\/uploads\/2019\/11\/JM-RSE-emuca.jpg","width":916,"height":446},{"@type":"WebSite","@id":"https:\/\/blog.emuca.com\/#website","url":"https:\/\/blog.emuca.com\/","name":"Emuca Blog","description":"","publisher":{"@id":"https:\/\/blog.emuca.com\/#organization"},"potentialAction":[{"@type":"SearchAction","target":{"@type":"EntryPoint","urlTemplate":"https:\/\/blog.emuca.com\/?s={search_term_string}"},"query-input":{"@type":"PropertyValueSpecification","valueRequired":true,"valueName":"search_term_string"}}],"inLanguage":"es"},{"@type":"Organization","@id":"https:\/\/blog.emuca.com\/#organization","name":"emuca","url":"https:\/\/blog.emuca.com\/","logo":{"@type":"ImageObject","inLanguage":"es","@id":"https:\/\/blog.emuca.com\/#\/schema\/logo\/image\/","url":"https:\/\/blog.emuca.com\/wp-content\/uploads\/2024\/05\/cropped-logo-emuca-menu.png","contentUrl":"https:\/\/blog.emuca.com\/wp-content\/uploads\/2024\/05\/cropped-logo-emuca-menu.png","width":190,"height":190,"caption":"emuca"},"image":{"@id":"https:\/\/blog.emuca.com\/#\/schema\/logo\/image\/"},"sameAs":["https:\/\/www.facebook.com\/EmucaGroup"]},{"@type":"Person","@id":"https:\/\/blog.emuca.com\/#\/schema\/person\/81560ca037d9c1ed19744a85ef9cbe2a","name":"Emuca","url":"https:\/\/blog.emuca.com\/es\/cat\/author\/emuca\/"}]}},"_links":{"self":[{"href":"https:\/\/blog.emuca.com\/es\/wp-json\/wp\/v2\/posts\/293"}],"collection":[{"href":"https:\/\/blog.emuca.com\/es\/wp-json\/wp\/v2\/posts"}],"about":[{"href":"https:\/\/blog.emuca.com\/es\/wp-json\/wp\/v2\/types\/post"}],"author":[{"embeddable":true,"href":"https:\/\/blog.emuca.com\/es\/wp-json\/wp\/v2\/users\/2"}],"replies":[{"embeddable":true,"href":"https:\/\/blog.emuca.com\/es\/wp-json\/wp\/v2\/comments?post=293"}],"version-history":[{"count":4,"href":"https:\/\/blog.emuca.com\/es\/wp-json\/wp\/v2\/posts\/293\/revisions"}],"predecessor-version":[{"id":1197,"href":"https:\/\/blog.emuca.com\/es\/wp-json\/wp\/v2\/posts\/293\/revisions\/1197"}],"wp:featuredmedia":[{"embeddable":true,"href":"https:\/\/blog.emuca.com\/es\/wp-json\/wp\/v2\/media\/897"}],"wp:attachment":[{"href":"https:\/\/blog.emuca.com\/es\/wp-json\/wp\/v2\/media?parent=293"}],"wp:term":[{"taxonomy":"category","embeddable":true,"href":"https:\/\/blog.emuca.com\/es\/wp-json\/wp\/v2\/categories?post=293"},{"taxonomy":"post_tag","embeddable":true,"href":"https:\/\/blog.emuca.com\/es\/wp-json\/wp\/v2\/tags?post=293"}],"curies":[{"name":"wp","href":"https:\/\/api.w.org\/{rel}","templated":true}]}}