{"id":27733,"date":"2022-03-01T09:00:41","date_gmt":"2022-03-01T08:00:41","guid":{"rendered":"http:\/\/blogs.emuca.com\/nblog\/?p=27733"},"modified":"2022-05-04T09:47:00","modified_gmt":"2022-05-04T07:47:00","slug":"cubos-de-basura-recycle","status":"publish","type":"post","link":"https:\/\/blog.emuca.com\/es\/cat\/estilo-de-vida\/cubos-de-basura-recycle\/","title":{"rendered":"Cubos de basura Recycle: 7 consejos para llenar de confort tu hogar"},"content":{"rendered":"\t\t<div data-elementor-type=\"wp-post\" data-elementor-id=\"27733\" class=\"elementor elementor-27733\" data-elementor-post-type=\"post\">\n\t\t\t\t\t\t<section class=\"elementor-section elementor-top-section elementor-element elementor-element-4b06427e elementor-section-boxed elementor-section-height-default elementor-section-height-default\" data-id=\"4b06427e\" data-element_type=\"section\" data-e-type=\"section\">\n\t\t\t\t\t\t<div class=\"elementor-container elementor-column-gap-default\">\n\t\t\t\t\t<div class=\"elementor-column elementor-col-100 elementor-top-column elementor-element elementor-element-1633d3ae\" data-id=\"1633d3ae\" data-element_type=\"column\" data-e-type=\"column\">\n\t\t\t<div class=\"elementor-widget-wrap elementor-element-populated\">\n\t\t\t\t\t\t<div class=\"elementor-element elementor-element-036d044 elementor-widget elementor-widget-text-editor\" data-id=\"036d044\" data-element_type=\"widget\" data-e-type=\"widget\" data-widget_type=\"text-editor.default\">\n\t\t\t\t<div class=\"elementor-widget-container\">\n\t\t\t\t\t\t\t\t\t<p>Ser un amante de la naturaleza va m\u00e1s all\u00e1 de disfrutar de un paseo por el bosque: se trata de ecolog\u00eda. De cuidar y respetar el medio ambiente, para preservarlo. Esto requiere de\u00a0<span style=\"font-weight: 600; hyphens: none !important;\">compromisos y acciones que sean consecuentes con este prop\u00f3sito<\/span>.\u00a0Entre muchas herramientas que tenemos para la conservaci\u00f3n del medio ambiente est\u00e1n los\u00a0<span style=\"font-weight: 600; hyphens: none !important;\"><u><a href=\"https:\/\/www.emuca.es\/cocina\/cubos-de-basura\/contenedores-para-cajon-recycle\/emuca-contenedores-para-cajon-cocina-recycle-altura-216\/emuca-contenedores-para-cajon-cocina-altura-216-mm-2x12l-2x6l-gris-antracita\">cubos de basura Recycle Emuca<\/a><\/u><\/span>, que ayudan a separar los distintos residuos en casa.<\/p><p>Practicar el\u00a0<span style=\"font-weight: 600; hyphens: none !important;\">reciclaje<\/span>\u00a0es de esas peque\u00f1as actuaciones que tienen un gran impacto. Al ser constantes, colaboramos con la reducci\u00f3n de los gases de efecto invernadero,<span style=\"font-weight: 600; hyphens: none !important;\">\u00a0ahorramos energ\u00eda y reducimos costes<\/span>.\u00a0 \u00bfTe gustar\u00eda aprender a reciclar desde tu hogar? \u00a1Sigue leyendo!<\/p><h2 style=\"font-family: Montserrat, sans-serif;\">\u00bfC\u00f3mo te ayudan a reciclar los cubos de basura Recycle de Emuca?<\/h2><p>Para reciclar de la manera correcta es necesario saber\u00a0<span style=\"font-weight: 600; hyphens: none !important;\">qu\u00e9 residuos depositar en cada uno de los contenedores<\/span>. Para hacerte la tarea m\u00e1s sencilla, los\u00a0<a href=\"https:\/\/www.emuca.es\/cocina\/cubos-de-basura\/contenedores-para-cajon-recycle\/emuca-contenedores-para-cajon-cocina-recycle-altura-216\/emuca-contenedores-para-cajon-cocina-altura-216-mm-1x12l-gris-antracita\">cubos de basura Recycle de Emuca<\/a>\u00a0cuentan con\u00a0<span style=\"font-weight: 600; hyphens: none !important;\">asas de colores<\/span>\u00a0que los diferencian para realizar el procesamiento adecuado de los desperdicios. Te lo explicamos m\u00e1s detenidamente:<\/p>\t\t\t\t\t\t\t\t<\/div>\n\t\t\t\t<\/div>\n\t\t\t\t<div class=\"elementor-element elementor-element-43f5273 elementor-widget elementor-widget-html\" data-id=\"43f5273\" data-element_type=\"widget\" data-e-type=\"widget\" data-widget_type=\"html.default\">\n\t\t\t\t<div class=\"elementor-widget-container\">\n\t\t\t\t\t<!--HubSpot Call-to-Action Code --><span class=\"hs-cta-wrapper\" id=\"hs-cta-wrapper-4aadcfa1-1e42-4233-8faf-13216aba313a\"><span class=\"hs-cta-node hs-cta-4aadcfa1-1e42-4233-8faf-13216aba313a\" id=\"hs-cta-4aadcfa1-1e42-4233-8faf-13216aba313a\"><!--[if lte IE 8]><div id=\"hs-cta-ie-element\"><\/div><![endif]--><a href=\"https:\/\/cta-redirect.hubspot.com\/cta\/redirect\/4071763\/4aadcfa1-1e42-4233-8faf-13216aba313a\" ><img fetchpriority=\"high\" decoding=\"async\" class=\"hs-cta-img\" id=\"hs-cta-img-4aadcfa1-1e42-4233-8faf-13216aba313a\" style=\"border-width:0px;\" height=\"220\" width=\"1140\" src=\"https:\/\/no-cache.hubspot.com\/cta\/default\/4071763\/4aadcfa1-1e42-4233-8faf-13216aba313a.png\"  alt=\"Nueva llamada a la acci\u00f3n\"\/><\/a><\/span><script charset=\"utf-8\" src=\"https:\/\/js.hscta.net\/cta\/current.js\"><\/script><script type=\"text\/javascript\"> hbspt.cta.load(4071763, '4aadcfa1-1e42-4233-8faf-13216aba313a', {\"useNewLoader\":\"true\",\"region\":\"na1\"}); <\/script><\/span><!-- end HubSpot Call-to-Action Code -->\t\t\t\t<\/div>\n\t\t\t\t<\/div>\n\t\t\t\t<div class=\"elementor-element elementor-element-882a7fc elementor-widget elementor-widget-text-editor\" data-id=\"882a7fc\" data-element_type=\"widget\" data-e-type=\"widget\" data-widget_type=\"text-editor.default\">\n\t\t\t\t<div class=\"elementor-widget-container\">\n\t\t\t\t\t\t\t\t\t<h2 style=\"font-family: Montserrat, sans-serif;\">Contenedor amarillo<\/h2><p>Dentro de los<a href=\"https:\/\/www.emuca.es\/cocina\/cubos-de-basura\/contenedores-recycle-de-fijacion-inferior-de-extraccion-manual\/contenedores-recycle-de-1-vaso-20-litros-manual\/emuca-contenedor-de-reciclaje-para-cocina-20-l-fijacion-inferior-extraccion-manual-acero-y-plastico-gris-antracita\" target=\"_blank\" rel=\"noopener\"> cubos de basura Recycle de Emuca<\/a>, este tiene\u00a0<span style=\"font-weight: 600; hyphens: none !important;\">12 litros de capacidad.<\/span>\u00a0En \u00e9l van los envases de pl\u00e1sticos, latas y tetrabricks. Un ejemplo de esto son:<\/p><ul><li>Latas de comida.<\/li><li>Botellas y bolsas de pl\u00e1sticos.<\/li><li>Tapas de pl\u00e1stico, chapas y metal.<\/li><li>Envases de desodorantes.<\/li><li>Papel film y de aluminio.<\/li><li>Bandejas de aluminio.<\/li><li>Envases de tetrabrick, como los de la leche.<\/li><li>Bandejas de corcho blanco (tipo porexp\u00e1n).<\/li><li>Envases de yogur.<\/li><\/ul><p>Si bien es el contenedor para el pl\u00e1stico,\u00a0<span style=\"font-weight: 600; hyphens: none !important;\">no todos los elementos de pl\u00e1stico pueden desecharse en \u00e9l.<\/span>\u00a0Por ejemplo, los juguetes de pl\u00e1sticos, utensilios de cocina, tupperwares, c\u00e1psulas de aluminio de caf\u00e9, biberones, etc. han de depositarse en otros contenedores espec\u00edficos.<\/p><h3 style=\"font-family: Montserrat, sans-serif;\">Contenedor azul<\/h3><p>Tiene una\u00a0<span style=\"font-weight: 600; hyphens: none !important;\">capacidad de 6 litros<\/span>\u00a0y est\u00e1 pensado para el\u00a0<a href=\"https:\/\/www.emuca.es\/cocina\/cubos-de-basura\/otros-contenedores\/contenedor-exterior-recycle-rectangular-con-apertura-pedal\/contenedor-exterior-recycle-rectangular-con-apertura-pedal-pintado-blanco-aluminio\" target=\"_blank\" rel=\"noopener\">reciclaje<\/a>\u00a0de todo lo que este hecho de papel o cart\u00f3n, algunos ejemplos de esto son:<\/p><ul><li>Bolsas de papel.<\/li><li>Cart\u00f3n de huevos.<\/li><li>Cajas de cart\u00f3n.<\/li><li>Libretas y folletos de publicidad.<\/li><li>Peri\u00f3dicos y revistas.<\/li><li>Tubos de cart\u00f3n de los rollos de papel de ba\u00f1o y cocina.<\/li><\/ul><p>Adem\u00e1s, es importante saber que los papeles impregnados en aceite u otro material similar se tiran en el contenedor de\u00a0<span style=\"font-weight: 600; hyphens: none !important;\">desechos org\u00e1nicos.<\/span><\/p>\t\t\t\t\t\t\t\t<\/div>\n\t\t\t\t<\/div>\n\t\t\t\t<div class=\"elementor-element elementor-element-fe106be elementor-arrows-position-inside elementor-pagination-position-outside elementor-widget elementor-widget-image-carousel\" data-id=\"fe106be\" data-element_type=\"widget\" data-e-type=\"widget\" data-settings=\"{&quot;pause_on_hover&quot;:&quot;no&quot;,&quot;navigation&quot;:&quot;both&quot;,&quot;autoplay&quot;:&quot;yes&quot;,&quot;pause_on_interaction&quot;:&quot;yes&quot;,&quot;autoplay_speed&quot;:5000,&quot;infinite&quot;:&quot;yes&quot;,&quot;speed&quot;:500}\" data-widget_type=\"image-carousel.default\">\n\t\t\t\t<div class=\"elementor-widget-container\">\n\t\t\t\t\t\t\t<div class=\"elementor-image-carousel-wrapper swiper\" role=\"region\" aria-roledescription=\"carousel\" aria-label=\"Carrusel de im\u00e1genes\" dir=\"ltr\">\n\t\t\t<div class=\"elementor-image-carousel swiper-wrapper\" aria-live=\"off\">\n\t\t\t\t\t\t\t\t<div class=\"swiper-slide\" role=\"group\" aria-roledescription=\"slide\" aria-label=\"1 de 5\"><figure class=\"swiper-slide-inner\"><img decoding=\"async\" class=\"swiper-slide-image\" src=\"https:\/\/blog.emuca.com\/wp-content\/uploads\/2022\/03\/8432393130972.main_-150x150.jpg\" alt=\"cubos recycle emuca\" \/><\/figure><\/div><div class=\"swiper-slide\" role=\"group\" aria-roledescription=\"slide\" aria-label=\"2 de 5\"><figure class=\"swiper-slide-inner\"><img decoding=\"async\" class=\"swiper-slide-image\" src=\"https:\/\/blog.emuca.com\/wp-content\/uploads\/2022\/03\/8197723-150x150.jpg\" alt=\"cubos recycle emuca\" \/><\/figure><\/div><div class=\"swiper-slide\" role=\"group\" aria-roledescription=\"slide\" aria-label=\"3 de 5\"><figure class=\"swiper-slide-inner\"><img decoding=\"async\" class=\"swiper-slide-image\" src=\"https:\/\/blog.emuca.com\/wp-content\/uploads\/2022\/03\/8432393120911.main_-150x150.jpg\" alt=\"cubos recycle emuca\" \/><\/figure><\/div><div class=\"swiper-slide\" role=\"group\" aria-roledescription=\"slide\" aria-label=\"4 de 5\"><figure class=\"swiper-slide-inner\"><img decoding=\"async\" class=\"swiper-slide-image\" src=\"https:\/\/blog.emuca.com\/wp-content\/uploads\/2022\/03\/8432393268316.main_-150x150.jpg\" alt=\"cubos recycle emuca\" \/><\/figure><\/div><div class=\"swiper-slide\" role=\"group\" aria-roledescription=\"slide\" aria-label=\"5 de 5\"><figure class=\"swiper-slide-inner\"><img decoding=\"async\" class=\"swiper-slide-image\" src=\"https:\/\/blog.emuca.com\/wp-content\/uploads\/2022\/03\/8432393264080.PT40-150x150.jpg\" alt=\"cubos recycle emuca\" \/><\/figure><\/div>\t\t\t<\/div>\n\t\t\t\t\t\t\t\t\t\t\t\t<div class=\"elementor-swiper-button elementor-swiper-button-prev\" role=\"button\" tabindex=\"0\">\n\t\t\t\t\t\t<i aria-hidden=\"true\" class=\"eicon-chevron-left\"><\/i>\t\t\t\t\t<\/div>\n\t\t\t\t\t<div class=\"elementor-swiper-button elementor-swiper-button-next\" role=\"button\" tabindex=\"0\">\n\t\t\t\t\t\t<i aria-hidden=\"true\" class=\"eicon-chevron-right\"><\/i>\t\t\t\t\t<\/div>\n\t\t\t\t\n\t\t\t\t\t\t\t\t\t<div class=\"swiper-pagination\"><\/div>\n\t\t\t\t\t\t\t\t\t<\/div>\n\t\t\t\t\t\t<\/div>\n\t\t\t\t<\/div>\n\t\t\t\t<div class=\"elementor-element elementor-element-b7bf438 elementor-align-center elementor-widget elementor-widget-button\" data-id=\"b7bf438\" data-element_type=\"widget\" data-e-type=\"widget\" data-widget_type=\"button.default\">\n\t\t\t\t<div class=\"elementor-widget-container\">\n\t\t\t\t\t\t\t\t\t<div class=\"elementor-button-wrapper\">\n\t\t\t\t\t<a class=\"elementor-button elementor-button-link elementor-size-sm\" href=\"https:\/\/www.emuca.es\/cocina\/cubos-de-basura\" target=\"_blank\">\n\t\t\t\t\t\t<span class=\"elementor-button-content-wrapper\">\n\t\t\t\t\t\t\t\t\t<span class=\"elementor-button-text\">Ver m\u00e1s productos<\/span>\n\t\t\t\t\t<\/span>\n\t\t\t\t\t<\/a>\n\t\t\t\t<\/div>\n\t\t\t\t\t\t\t\t<\/div>\n\t\t\t\t<\/div>\n\t\t\t\t<div class=\"elementor-element elementor-element-f62f50d elementor-widget elementor-widget-text-editor\" data-id=\"f62f50d\" data-element_type=\"widget\" data-e-type=\"widget\" data-widget_type=\"text-editor.default\">\n\t\t\t\t<div class=\"elementor-widget-container\">\n\t\t\t\t\t\t\t\t\t<h3 style=\"font-family: Montserrat, sans-serif;\">Contenedor verde<\/h3><p>Al igual que el cubo de basura azul, este es uno de los cubos de basura recycled que posee\u00a0<span style=\"font-weight: 600; hyphens: none !important;\">6 litros de capacidad.<\/span>\u00a0Est\u00e1 destinado a los\u00a0 envases de vidrio, siempre despu\u00e9s de quitarles las etiquetas y tapas de pl\u00e1stico u otros materiales.<\/p><p>Un error muy com\u00fan es pensar que los objetos de cristal tambi\u00e9n se reciclan en\u00a0<a href=\"https:\/\/www.emuca.es\/cocina\/cubos-de-basura\/contenedores-recycle-de-fijacion-inferior-de-extraccion-manual\/contenedores-recycle-de-2-vasos-15-litros-manual\/emuca-contenedores-reciclaje-para-cocina-2x15-l-fijacion-inferior-extraccion-manual-acero-y-plastico-gris-antracita\" target=\"_blank\" rel=\"noopener\">este contenedor<\/a>. Sin embargo,\u00a0<span style=\"font-weight: 600; hyphens: none !important;\">se trata de un material diferente que requiere de un proceso de reciclaje distinto<\/span>. As\u00ed, las bombillas de cristal, espejos, y la vajilla deber\u00e1s trasladarlos hasta un punto limpio para su correcto reciclaje. \u00a1Cuidado!<\/p><h3 style=\"font-family: Montserrat, sans-serif;\">Contenedor rojo<\/h3><p>Este cubo de basura recycled Emuca posee una\u00a0<span style=\"font-weight: 600; hyphens: none !important;\">capacidad de 12 litros<\/span>\u00a0y en \u00e9l se desechan todos los\u00a0<a href=\"https:\/\/www.emuca.es\/cocina\/cubos-de-basura\/otros-contenedores\/emuca-cubo-de-basura-empotrable-recycle-para-encimera-de-cocina\/emuca-cubo-de-basura-empotrable-para-encimera-de-cocina-6l-acero-inoxidable-y-plastico\" target=\"_blank\" rel=\"noopener\">residuos org\u00e1nicos<\/a>. Es decir:<\/p><ul><li>Huesos de fruta.<\/li><li>C\u00e1scaras de huevo.<\/li><li>Frutos secos.<\/li><li>Restos de frutas, cereales, verduras, legumbres y hortalizas.<\/li><li>Hojas secas y plantas.<\/li><li>Restos de panes y galletas.<\/li><li>Otros restos biodegradables, como el papel de cocina y servilletas.<\/li><li>Bolsitas de infusiones.<\/li><li>Restos de caf\u00e9.<\/li><li>Carnes, pescado, marisco, etc.<\/li><\/ul><p>Algunos productos que no van en este contenedor son las cosas de humanos o animales (como pa\u00f1ales, por ejemplo). Tampoco hemos de tirar piedras, arena, tierra de jard\u00edn, etc.<\/p>\t\t\t\t\t\t\t\t<\/div>\n\t\t\t\t<\/div>\n\t\t\t\t<div class=\"elementor-element elementor-element-d4833ce elementor-widget elementor-widget-image\" data-id=\"d4833ce\" data-element_type=\"widget\" data-e-type=\"widget\" data-widget_type=\"image.default\">\n\t\t\t\t<div class=\"elementor-widget-container\">\n\t\t\t\t\t\t\t\t\t\t\t\t\t\t\t<img decoding=\"async\" width=\"640\" height=\"356\" src=\"https:\/\/blog.emuca.com\/wp-content\/uploads\/2022\/03\/Diseno-sin-titulo-24.jpg\" class=\"attachment-large size-large wp-image-29701\" alt=\"cubos recycle emuca\" srcset=\"https:\/\/blog.emuca.com\/wp-content\/uploads\/2022\/03\/Diseno-sin-titulo-24.jpg 900w, https:\/\/blog.emuca.com\/wp-content\/uploads\/2022\/03\/Diseno-sin-titulo-24-300x167.jpg 300w, https:\/\/blog.emuca.com\/wp-content\/uploads\/2022\/03\/Diseno-sin-titulo-24-768x427.jpg 768w\" sizes=\"(max-width: 34.9rem) calc(100vw - 2rem), (max-width: 53rem) calc(8 * (100vw \/ 12)), (min-width: 53rem) calc(6 * (100vw \/ 12)), 100vw\" \/>\t\t\t\t\t\t\t\t\t\t\t\t\t\t\t<\/div>\n\t\t\t\t<\/div>\n\t\t\t\t<div class=\"elementor-element elementor-element-30d094d elementor-widget elementor-widget-text-editor\" data-id=\"30d094d\" data-element_type=\"widget\" data-e-type=\"widget\" data-widget_type=\"text-editor.default\">\n\t\t\t\t<div class=\"elementor-widget-container\">\n\t\t\t\t\t\t\t\t\t<h3 style=\"font-family: Montserrat, sans-serif;\">7 consejos para llenar de confort tu hogar con los cubos de basura Recycle Emuca<\/h3><p>Aunque en teor\u00eda es muy sencillo, no siempre se sabe\u00a0<span style=\"font-weight: 600; hyphens: none !important;\">c\u00f3mo reciclar de manera pr\u00e1ctica.<\/span><\/p><p>Como queremos hacer tu vida m\u00e1s f\u00e1cil, estos son algunos consejos para\u00a0<a href=\"https:\/\/www.emuca.es\/cocina\/cubos-de-basura\/otros-contenedores\/emuca-contenedor-recycle-inox-con-compartimentos\/emuca-contenedor-exterior-con-3-compartimentos-de-9-litros-acero-inoxidable\" target=\"_blank\" rel=\"noopener\">usar tus cubos de basura Recycle<\/a>\u00a0de Emuca:<\/p><ol><li style=\"list-style-type: none;\"><ol><li><span style=\"font-weight: 600; hyphens: none !important;\">Lee las etiquetas y envases:\u00a0<\/span>muchas veces la informaci\u00f3n de c\u00f3mo reciclar el envase se encuentra en su etiqueta.<\/li><li><span style=\"font-weight: 600; hyphens: none !important;\">Aprende qu\u00e9 hacer con los desechos especiales:\u00a0<\/span>las pilas, materiales electr\u00f3nicos, aceites y medicamentos no pueden ir en los cubos de basura Recycle Emuca debido a su toxicidad. Una soluci\u00f3n para esto es trasladarlos a puntos limpios, donde le dar\u00e1n el tratamiento adecuado.<\/li><li><span style=\"font-weight: 600; hyphens: none !important;\">Recicla el aceite de cocina<\/span>: puedes almacenar el aceite usado en envases de vidrio y luego llevarlos a un punto de reciclaje. Hagas lo que hagas, por favor, nunca lo tires por el inodoro.<\/li><li>Limpia los envases de comida antes de tirarlos al contenedor, como latas o botes.<\/li><li><span style=\"font-weight: 600; hyphens: none !important;\">Reduce el tama\u00f1o de las botellas y los tetrabricks,<\/span>\u00a0as\u00ed podr\u00e1s aprovechar mucho mejor el espacio del contenedor.<\/li><li><span style=\"font-weight: 600; hyphens: none !important;\">Involucra a toda tu familia:<\/span>\u00a0de esta manera, ser\u00e1 un trabajo en equipo y se concientizara a los m\u00e1s peque\u00f1os, pasando estos h\u00e1bitos de generaci\u00f3n en generaci\u00f3n.<\/li><li>Separa los residuos en recipientes independientes: usando los cubos de basura recycled Emuca la clasificaci\u00f3n es m\u00e1s f\u00e1cil. Adem\u00e1s, al estar hechos para ir dentro de cajones, no ocupan espacio en tu hogar y ser\u00e1n discretos.<\/li><\/ol><\/li><\/ol><p>En\u00a0<u><a href=\"https:\/\/www.emuca.es\/\">Emuca<\/a><\/u> somos una empresa centrada en la sostenibilidad y en la reducci\u00f3n del impacto medioambiental de nuestra actividad empresarial. Por eso, te invitamos a sumarte a la protecci\u00f3n y cuidado de la naturaleza con nuestros cubos de basura Recycle.<\/p>\t\t\t\t\t\t\t\t<\/div>\n\t\t\t\t<\/div>\n\t\t\t\t\t<\/div>\n\t\t<\/div>\n\t\t\t\t\t<\/div>\n\t\t<\/section>\n\t\t\t\t<\/div>\n\t\t","protected":false},"excerpt":{"rendered":"<p>Ser un amante de la naturaleza va m\u00e1s all\u00e1 de disfrutar de un paseo por el bosque: se trata de ecolog\u00eda. De cuidar y respetar el medio ambiente, para preservarlo. Esto requiere de\u00a0compromisos y acciones que sean consecuentes con este prop\u00f3sito.\u00a0Entre muchas herramientas que tenemos para la conservaci\u00f3n del medio ambiente est\u00e1n los\u00a0cubos de basura &hellip; <\/p>\n<p class=\"link-more\"><a href=\"https:\/\/blog.emuca.com\/es\/cat\/estilo-de-vida\/cubos-de-basura-recycle\/\" class=\"more-link\">Seguir leyendo<span class=\"screen-reader-text\"> \u00abCubos de basura Recycle: 7 consejos para llenar de confort tu hogar\u00bb<\/span><\/a><\/p>\n","protected":false},"author":3,"featured_media":29804,"comment_status":"closed","ping_status":"closed","sticky":false,"template":"","format":"standard","meta":{"footnotes":""},"categories":[112,111],"tags":[768,770,769],"class_list":["post-27733","post","type-post","status-publish","format-standard","has-post-thumbnail","hentry","category-estilo-de-vida","category-tendencias","tag-cubos-de-basura-recycled","tag-cubos-para-reciclar","tag-emuca-reciclaje","entry"],"yoast_head":"<!-- This site is optimized with the Yoast SEO plugin v24.1 - https:\/\/yoast.com\/wordpress\/plugins\/seo\/ -->\n<title>Cubos de basura recycled: descubre c\u00f3mo reciclar con Emuca<\/title>\n<meta name=\"description\" content=\"Con los cubos de basura recycled de Emuca, reciclar ser\u00e1 m\u00e1s f\u00e1cil que nunca. Descubre c\u00f3mo hacen tu vida m\u00e1s f\u00e1cil y protegen la naturaleza.\" \/>\n<meta name=\"robots\" content=\"index, follow, max-snippet:-1, max-image-preview:large, max-video-preview:-1\" \/>\n<link rel=\"canonical\" href=\"https:\/\/blog.emuca.com\/es\/cat\/estilo-de-vida\/cubos-de-basura-recycle\/\" \/>\n<meta property=\"og:locale\" content=\"es_ES\" \/>\n<meta property=\"og:type\" content=\"article\" \/>\n<meta property=\"og:title\" content=\"Cubos de basura recycled: descubre c\u00f3mo reciclar con Emuca\" \/>\n<meta property=\"og:description\" content=\"Con los cubos de basura recycled de Emuca, reciclar ser\u00e1 m\u00e1s f\u00e1cil que nunca. Descubre c\u00f3mo hacen tu vida m\u00e1s f\u00e1cil y protegen la naturaleza.\" \/>\n<meta property=\"og:url\" content=\"https:\/\/blog.emuca.com\/es\/cat\/estilo-de-vida\/cubos-de-basura-recycle\/\" \/>\n<meta property=\"og:site_name\" content=\"Emuca Blog\" \/>\n<meta property=\"article:publisher\" content=\"https:\/\/www.facebook.com\/EmucaGroup\" \/>\n<meta property=\"article:published_time\" content=\"2022-03-01T08:00:41+00:00\" \/>\n<meta property=\"article:modified_time\" content=\"2022-05-04T07:47:00+00:00\" \/>\n<meta property=\"og:image\" content=\"https:\/\/blog.emuca.com\/wp-content\/uploads\/2022\/03\/Diseno-sin-titulo-25.jpg\" \/>\n\t<meta property=\"og:image:width\" content=\"900\" \/>\n\t<meta property=\"og:image:height\" content=\"500\" \/>\n\t<meta property=\"og:image:type\" content=\"image\/jpeg\" \/>\n<meta name=\"author\" content=\"Jes\u00fas\" \/>\n<meta name=\"twitter:card\" content=\"summary_large_image\" \/>\n<meta name=\"twitter:label1\" content=\"Escrito por\" \/>\n\t<meta name=\"twitter:data1\" content=\"Jes\u00fas\" \/>\n\t<meta name=\"twitter:label2\" content=\"Tiempo de lectura\" \/>\n\t<meta name=\"twitter:data2\" content=\"7 minutos\" \/>\n<script type=\"application\/ld+json\" class=\"yoast-schema-graph\">{\"@context\":\"https:\/\/schema.org\",\"@graph\":[{\"@type\":\"Article\",\"@id\":\"https:\/\/blog.emuca.com\/es\/cat\/estilo-de-vida\/cubos-de-basura-recycle\/#article\",\"isPartOf\":{\"@id\":\"https:\/\/blog.emuca.com\/es\/cat\/estilo-de-vida\/cubos-de-basura-recycle\/\"},\"author\":{\"name\":\"Jes\u00fas\",\"@id\":\"https:\/\/blog.emuca.com\/#\/schema\/person\/e2000aac3322e591b53c90f4a386f893\"},\"headline\":\"Cubos de basura Recycle: 7 consejos para llenar de confort tu hogar\",\"datePublished\":\"2022-03-01T08:00:41+00:00\",\"dateModified\":\"2022-05-04T07:47:00+00:00\",\"mainEntityOfPage\":{\"@id\":\"https:\/\/blog.emuca.com\/es\/cat\/estilo-de-vida\/cubos-de-basura-recycle\/\"},\"wordCount\":922,\"publisher\":{\"@id\":\"https:\/\/blog.emuca.com\/#organization\"},\"image\":{\"@id\":\"https:\/\/blog.emuca.com\/es\/cat\/estilo-de-vida\/cubos-de-basura-recycle\/#primaryimage\"},\"thumbnailUrl\":\"https:\/\/blog.emuca.com\/wp-content\/uploads\/2022\/03\/Diseno-sin-titulo-25.jpg\",\"keywords\":[\"cubos de basura recycled\",\"cubos para reciclar\",\"emuca reciclaje\"],\"articleSection\":[\"Estilo de vida\",\"Tendencias\"],\"inLanguage\":\"es\"},{\"@type\":\"WebPage\",\"@id\":\"https:\/\/blog.emuca.com\/es\/cat\/estilo-de-vida\/cubos-de-basura-recycle\/\",\"url\":\"https:\/\/blog.emuca.com\/es\/cat\/estilo-de-vida\/cubos-de-basura-recycle\/\",\"name\":\"Cubos de basura recycled: descubre c\u00f3mo reciclar con Emuca\",\"isPartOf\":{\"@id\":\"https:\/\/blog.emuca.com\/#website\"},\"primaryImageOfPage\":{\"@id\":\"https:\/\/blog.emuca.com\/es\/cat\/estilo-de-vida\/cubos-de-basura-recycle\/#primaryimage\"},\"image\":{\"@id\":\"https:\/\/blog.emuca.com\/es\/cat\/estilo-de-vida\/cubos-de-basura-recycle\/#primaryimage\"},\"thumbnailUrl\":\"https:\/\/blog.emuca.com\/wp-content\/uploads\/2022\/03\/Diseno-sin-titulo-25.jpg\",\"datePublished\":\"2022-03-01T08:00:41+00:00\",\"dateModified\":\"2022-05-04T07:47:00+00:00\",\"description\":\"Con los cubos de basura recycled de Emuca, reciclar ser\u00e1 m\u00e1s f\u00e1cil que nunca. Descubre c\u00f3mo hacen tu vida m\u00e1s f\u00e1cil y protegen la naturaleza.\",\"inLanguage\":\"es\",\"potentialAction\":[{\"@type\":\"ReadAction\",\"target\":[\"https:\/\/blog.emuca.com\/es\/cat\/estilo-de-vida\/cubos-de-basura-recycle\/\"]}]},{\"@type\":\"ImageObject\",\"inLanguage\":\"es\",\"@id\":\"https:\/\/blog.emuca.com\/es\/cat\/estilo-de-vida\/cubos-de-basura-recycle\/#primaryimage\",\"url\":\"https:\/\/blog.emuca.com\/wp-content\/uploads\/2022\/03\/Diseno-sin-titulo-25.jpg\",\"contentUrl\":\"https:\/\/blog.emuca.com\/wp-content\/uploads\/2022\/03\/Diseno-sin-titulo-25.jpg\",\"width\":900,\"height\":500,\"caption\":\"cubos recycle emuca\"},{\"@type\":\"WebSite\",\"@id\":\"https:\/\/blog.emuca.com\/#website\",\"url\":\"https:\/\/blog.emuca.com\/\",\"name\":\"Emuca Blog\",\"description\":\"\",\"publisher\":{\"@id\":\"https:\/\/blog.emuca.com\/#organization\"},\"potentialAction\":[{\"@type\":\"SearchAction\",\"target\":{\"@type\":\"EntryPoint\",\"urlTemplate\":\"https:\/\/blog.emuca.com\/?s={search_term_string}\"},\"query-input\":{\"@type\":\"PropertyValueSpecification\",\"valueRequired\":true,\"valueName\":\"search_term_string\"}}],\"inLanguage\":\"es\"},{\"@type\":\"Organization\",\"@id\":\"https:\/\/blog.emuca.com\/#organization\",\"name\":\"emuca\",\"url\":\"https:\/\/blog.emuca.com\/\",\"logo\":{\"@type\":\"ImageObject\",\"inLanguage\":\"es\",\"@id\":\"https:\/\/blog.emuca.com\/#\/schema\/logo\/image\/\",\"url\":\"https:\/\/blog.emuca.com\/wp-content\/uploads\/2024\/05\/cropped-logo-emuca-menu.png\",\"contentUrl\":\"https:\/\/blog.emuca.com\/wp-content\/uploads\/2024\/05\/cropped-logo-emuca-menu.png\",\"width\":190,\"height\":190,\"caption\":\"emuca\"},\"image\":{\"@id\":\"https:\/\/blog.emuca.com\/#\/schema\/logo\/image\/\"},\"sameAs\":[\"https:\/\/www.facebook.com\/EmucaGroup\"]},{\"@type\":\"Person\",\"@id\":\"https:\/\/blog.emuca.com\/#\/schema\/person\/e2000aac3322e591b53c90f4a386f893\",\"name\":\"Jes\u00fas\",\"url\":\"https:\/\/blog.emuca.com\/es\/cat\/author\/jesus_redactor\/\"}]}<\/script>\n<!-- \/ Yoast SEO plugin. -->","yoast_head_json":{"title":"Cubos de basura recycled: descubre c\u00f3mo reciclar con Emuca","description":"Con los cubos de basura recycled de Emuca, reciclar ser\u00e1 m\u00e1s f\u00e1cil que nunca. Descubre c\u00f3mo hacen tu vida m\u00e1s f\u00e1cil y protegen la naturaleza.","robots":{"index":"index","follow":"follow","max-snippet":"max-snippet:-1","max-image-preview":"max-image-preview:large","max-video-preview":"max-video-preview:-1"},"canonical":"https:\/\/blog.emuca.com\/es\/cat\/estilo-de-vida\/cubos-de-basura-recycle\/","og_locale":"es_ES","og_type":"article","og_title":"Cubos de basura recycled: descubre c\u00f3mo reciclar con Emuca","og_description":"Con los cubos de basura recycled de Emuca, reciclar ser\u00e1 m\u00e1s f\u00e1cil que nunca. Descubre c\u00f3mo hacen tu vida m\u00e1s f\u00e1cil y protegen la naturaleza.","og_url":"https:\/\/blog.emuca.com\/es\/cat\/estilo-de-vida\/cubos-de-basura-recycle\/","og_site_name":"Emuca Blog","article_publisher":"https:\/\/www.facebook.com\/EmucaGroup","article_published_time":"2022-03-01T08:00:41+00:00","article_modified_time":"2022-05-04T07:47:00+00:00","og_image":[{"width":900,"height":500,"url":"https:\/\/blog.emuca.com\/wp-content\/uploads\/2022\/03\/Diseno-sin-titulo-25.jpg","type":"image\/jpeg"}],"author":"Jes\u00fas","twitter_card":"summary_large_image","twitter_misc":{"Escrito por":"Jes\u00fas","Tiempo de lectura":"7 minutos"},"schema":{"@context":"https:\/\/schema.org","@graph":[{"@type":"Article","@id":"https:\/\/blog.emuca.com\/es\/cat\/estilo-de-vida\/cubos-de-basura-recycle\/#article","isPartOf":{"@id":"https:\/\/blog.emuca.com\/es\/cat\/estilo-de-vida\/cubos-de-basura-recycle\/"},"author":{"name":"Jes\u00fas","@id":"https:\/\/blog.emuca.com\/#\/schema\/person\/e2000aac3322e591b53c90f4a386f893"},"headline":"Cubos de basura Recycle: 7 consejos para llenar de confort tu hogar","datePublished":"2022-03-01T08:00:41+00:00","dateModified":"2022-05-04T07:47:00+00:00","mainEntityOfPage":{"@id":"https:\/\/blog.emuca.com\/es\/cat\/estilo-de-vida\/cubos-de-basura-recycle\/"},"wordCount":922,"publisher":{"@id":"https:\/\/blog.emuca.com\/#organization"},"image":{"@id":"https:\/\/blog.emuca.com\/es\/cat\/estilo-de-vida\/cubos-de-basura-recycle\/#primaryimage"},"thumbnailUrl":"https:\/\/blog.emuca.com\/wp-content\/uploads\/2022\/03\/Diseno-sin-titulo-25.jpg","keywords":["cubos de basura recycled","cubos para reciclar","emuca reciclaje"],"articleSection":["Estilo de vida","Tendencias"],"inLanguage":"es"},{"@type":"WebPage","@id":"https:\/\/blog.emuca.com\/es\/cat\/estilo-de-vida\/cubos-de-basura-recycle\/","url":"https:\/\/blog.emuca.com\/es\/cat\/estilo-de-vida\/cubos-de-basura-recycle\/","name":"Cubos de basura recycled: descubre c\u00f3mo reciclar con Emuca","isPartOf":{"@id":"https:\/\/blog.emuca.com\/#website"},"primaryImageOfPage":{"@id":"https:\/\/blog.emuca.com\/es\/cat\/estilo-de-vida\/cubos-de-basura-recycle\/#primaryimage"},"image":{"@id":"https:\/\/blog.emuca.com\/es\/cat\/estilo-de-vida\/cubos-de-basura-recycle\/#primaryimage"},"thumbnailUrl":"https:\/\/blog.emuca.com\/wp-content\/uploads\/2022\/03\/Diseno-sin-titulo-25.jpg","datePublished":"2022-03-01T08:00:41+00:00","dateModified":"2022-05-04T07:47:00+00:00","description":"Con los cubos de basura recycled de Emuca, reciclar ser\u00e1 m\u00e1s f\u00e1cil que nunca. Descubre c\u00f3mo hacen tu vida m\u00e1s f\u00e1cil y protegen la naturaleza.","inLanguage":"es","potentialAction":[{"@type":"ReadAction","target":["https:\/\/blog.emuca.com\/es\/cat\/estilo-de-vida\/cubos-de-basura-recycle\/"]}]},{"@type":"ImageObject","inLanguage":"es","@id":"https:\/\/blog.emuca.com\/es\/cat\/estilo-de-vida\/cubos-de-basura-recycle\/#primaryimage","url":"https:\/\/blog.emuca.com\/wp-content\/uploads\/2022\/03\/Diseno-sin-titulo-25.jpg","contentUrl":"https:\/\/blog.emuca.com\/wp-content\/uploads\/2022\/03\/Diseno-sin-titulo-25.jpg","width":900,"height":500,"caption":"cubos recycle emuca"},{"@type":"WebSite","@id":"https:\/\/blog.emuca.com\/#website","url":"https:\/\/blog.emuca.com\/","name":"Emuca Blog","description":"","publisher":{"@id":"https:\/\/blog.emuca.com\/#organization"},"potentialAction":[{"@type":"SearchAction","target":{"@type":"EntryPoint","urlTemplate":"https:\/\/blog.emuca.com\/?s={search_term_string}"},"query-input":{"@type":"PropertyValueSpecification","valueRequired":true,"valueName":"search_term_string"}}],"inLanguage":"es"},{"@type":"Organization","@id":"https:\/\/blog.emuca.com\/#organization","name":"emuca","url":"https:\/\/blog.emuca.com\/","logo":{"@type":"ImageObject","inLanguage":"es","@id":"https:\/\/blog.emuca.com\/#\/schema\/logo\/image\/","url":"https:\/\/blog.emuca.com\/wp-content\/uploads\/2024\/05\/cropped-logo-emuca-menu.png","contentUrl":"https:\/\/blog.emuca.com\/wp-content\/uploads\/2024\/05\/cropped-logo-emuca-menu.png","width":190,"height":190,"caption":"emuca"},"image":{"@id":"https:\/\/blog.emuca.com\/#\/schema\/logo\/image\/"},"sameAs":["https:\/\/www.facebook.com\/EmucaGroup"]},{"@type":"Person","@id":"https:\/\/blog.emuca.com\/#\/schema\/person\/e2000aac3322e591b53c90f4a386f893","name":"Jes\u00fas","url":"https:\/\/blog.emuca.com\/es\/cat\/author\/jesus_redactor\/"}]}},"_links":{"self":[{"href":"https:\/\/blog.emuca.com\/es\/wp-json\/wp\/v2\/posts\/27733","targetHints":{"allow":["GET"]}}],"collection":[{"href":"https:\/\/blog.emuca.com\/es\/wp-json\/wp\/v2\/posts"}],"about":[{"href":"https:\/\/blog.emuca.com\/es\/wp-json\/wp\/v2\/types\/post"}],"author":[{"embeddable":true,"href":"https:\/\/blog.emuca.com\/es\/wp-json\/wp\/v2\/users\/3"}],"replies":[{"embeddable":true,"href":"https:\/\/blog.emuca.com\/es\/wp-json\/wp\/v2\/comments?post=27733"}],"version-history":[{"count":12,"href":"https:\/\/blog.emuca.com\/es\/wp-json\/wp\/v2\/posts\/27733\/revisions"}],"predecessor-version":[{"id":32066,"href":"https:\/\/blog.emuca.com\/es\/wp-json\/wp\/v2\/posts\/27733\/revisions\/32066"}],"wp:featuredmedia":[{"embeddable":true,"href":"https:\/\/blog.emuca.com\/es\/wp-json\/wp\/v2\/media\/29804"}],"wp:attachment":[{"href":"https:\/\/blog.emuca.com\/es\/wp-json\/wp\/v2\/media?parent=27733"}],"wp:term":[{"taxonomy":"category","embeddable":true,"href":"https:\/\/blog.emuca.com\/es\/wp-json\/wp\/v2\/categories?post=27733"},{"taxonomy":"post_tag","embeddable":true,"href":"https:\/\/blog.emuca.com\/es\/wp-json\/wp\/v2\/tags?post=27733"}],"curies":[{"name":"wp","href":"https:\/\/api.w.org\/{rel}","templated":true}]}}