{"id":33301,"date":"2022-04-29T11:59:53","date_gmt":"2022-04-29T09:59:53","guid":{"rendered":"http:\/\/blogs.emuca.com\/nblog\/cat\/unkategorisiert\/nachhaltigkeit-emuca-warum-wir-ein-oekologisch-orientiertes-unternehmen-sind\/"},"modified":"2022-04-29T13:19:24","modified_gmt":"2022-04-29T11:19:24","slug":"nachhaltigkeit-emuca-warum-wir-ein-oekologisch-orientiertes-unternehmen-sind","status":"publish","type":"post","link":"https:\/\/blog.emuca.com\/de\/cat\/aktuelles\/nachhaltigkeit-emuca-warum-wir-ein-oekologisch-orientiertes-unternehmen-sind\/","title":{"rendered":"Nachhaltigkeit Emuca: Warum wir ein \u00f6kologisch orientiertes Unternehmen sind?"},"content":{"rendered":"\t\t<div data-elementor-type=\"wp-post\" data-elementor-id=\"33301\" class=\"elementor elementor-33301 elementor-24164\">\n\t\t\t\t\t\t<section class=\"elementor-section elementor-top-section elementor-element elementor-element-5df7ebfb elementor-section-boxed elementor-section-height-default elementor-section-height-default\" data-id=\"5df7ebfb\" data-element_type=\"section\" data-e-type=\"section\">\n\t\t\t\t\t\t<div class=\"elementor-container elementor-column-gap-default\">\n\t\t\t\t\t<div class=\"elementor-column elementor-col-100 elementor-top-column elementor-element elementor-element-7023dd46\" data-id=\"7023dd46\" data-element_type=\"column\" data-e-type=\"column\">\n\t\t\t<div class=\"elementor-widget-wrap elementor-element-populated\">\n\t\t\t\t\t\t<div class=\"elementor-element elementor-element-479f2d7 elementor-widget elementor-widget-text-editor\" data-id=\"479f2d7\" data-element_type=\"widget\" data-e-type=\"widget\" data-widget_type=\"text-editor.default\">\n\t\t\t\t<div class=\"elementor-widget-container\">\n\t\t\t\t\t\t\t\t\t<span data-contrast=\"auto\">Unser Planet befindet sich in einer besorgniserregenden Umweltsituation, in der ein \u00f6kologischer Ansatz in allen Bereichen der Gesellschaft, insbesondere in der Gesch\u00e4ftswelt, unerl\u00e4sslich ist. <\/span><b><span data-contrast=\"auto\">Nachhaltigkeit Emuca<\/span><\/b><span data-contrast=\"auto\"> ist unser bescheidener Vorschlag: ein gr\u00fcner Weg, dem wir folgen, um viel mehr als unsere Produkte beizutragen.<\/span><span data-ccp-props=\"{&quot;134233117&quot;:true,&quot;134233118&quot;:true,&quot;201341983&quot;:0,&quot;335559739&quot;:160,&quot;335559740&quot;:240}\">\u00a0<\/span>\r\n\r\n<span data-contrast=\"auto\">Wir sind nicht nur davon <\/span><b><span data-contrast=\"auto\">\u00fcberzeugt, dass eine nachhaltige Unternehmensentwicklung m\u00f6glich ist<\/span><\/b><span data-contrast=\"auto\">, sondern dass es sich um eine notwendige, innovative und an die Realit\u00e4t der Gesellschaft angepasste Entwicklung handelt, deren Hauptziel es ist, von unseren gesch\u00e4tzten aktuellen und zuk\u00fcnftigen Kunden anerkannt zu werden.<\/span><span data-ccp-props=\"{&quot;134233117&quot;:true,&quot;134233118&quot;:true,&quot;201341983&quot;:0,&quot;335559739&quot;:160,&quot;335559740&quot;:240}\">\u00a0<\/span>\r\n\r\n<span data-contrast=\"auto\">Wir nutzen die Gelegenheit und bitten dich um ein paar Minuten, um dir die Grunds\u00e4tze zu erkl\u00e4ren, <\/span><b><span data-contrast=\"auto\">nach denen wir auf Nachhaltigkeit setzen und<\/span><\/b><span data-contrast=\"auto\"> die Gr\u00fcnde, warum wir uns daf\u00fcr entschieden haben. Doch zun\u00e4chst ist es wichtig zu wissen, was es bedeutet, ein nachhaltiges Unternehmen zu sein.<\/span><span data-ccp-props=\"{&quot;134233117&quot;:true,&quot;134233118&quot;:true,&quot;201341983&quot;:0,&quot;335559739&quot;:160,&quot;335559740&quot;:240}\">\u00a0<\/span>\t\t\t\t\t\t\t\t<\/div>\n\t\t\t\t<\/div>\n\t\t\t\t<div class=\"elementor-element elementor-element-6e983a6 elementor-widget elementor-widget-image\" data-id=\"6e983a6\" data-element_type=\"widget\" data-e-type=\"widget\" data-widget_type=\"image.default\">\n\t\t\t\t<div class=\"elementor-widget-container\">\n\t\t\t\t\t\t\t\t\t\t\t\t\t\t\t<img fetchpriority=\"high\" decoding=\"async\" width=\"900\" height=\"500\" src=\"https:\/\/blog.emuca.com\/wp-content\/uploads\/2022\/01\/Diseno-sin-titulo-14.jpg\" class=\"attachment-full size-full wp-image-26549\" alt=\"\" srcset=\"https:\/\/blog.emuca.com\/wp-content\/uploads\/2022\/01\/Diseno-sin-titulo-14.jpg 900w, https:\/\/blog.emuca.com\/wp-content\/uploads\/2022\/01\/Diseno-sin-titulo-14-300x167.jpg 300w, https:\/\/blog.emuca.com\/wp-content\/uploads\/2022\/01\/Diseno-sin-titulo-14-768x427.jpg 768w\" sizes=\"(max-width: 34.9rem) calc(100vw - 2rem), (max-width: 53rem) calc(8 * (100vw \/ 12)), (min-width: 53rem) calc(6 * (100vw \/ 12)), 100vw\" \/>\t\t\t\t\t\t\t\t\t\t\t\t\t\t\t<\/div>\n\t\t\t\t<\/div>\n\t\t\t\t<div class=\"elementor-element elementor-element-641348a elementor-widget elementor-widget-text-editor\" data-id=\"641348a\" data-element_type=\"widget\" data-e-type=\"widget\" data-widget_type=\"text-editor.default\">\n\t\t\t\t<div class=\"elementor-widget-container\">\n\t\t\t\t\t\t\t\t\t<h2 style=\"font-family: 'Maven Pro', sans-serif;\">Nachhaltigkeit Emuca: Was ist ein nachhaltiges Unternehmen?<\/h2>\r\n<span data-contrast=\"auto\">Ein <\/span><b><span data-contrast=\"auto\">nachhaltiges Unternehmen<\/span><\/b><span data-contrast=\"auto\"> ist eine organisierte Einheit, die als bewusster Akteur der Ver\u00e4nderungen in ihrer Umwelt anerkannt ist; die wie jedes andere Unternehmen nach kommerzieller Entwicklung, gesch\u00e4ftlichem Wachstum und wirtschaftlichem Wohlergehen strebt, ohne eines dieser Elemente zu vernachl\u00e4ssigen, mit Ausnahme des Umweltschutzes und der sozialen Verantwortung.<\/span><span data-ccp-props=\"{&quot;134233117&quot;:true,&quot;134233118&quot;:true,&quot;201341983&quot;:0,&quot;335559739&quot;:160,&quot;335559740&quot;:240}\">\u00a0<\/span>\r\n\r\n<span data-contrast=\"auto\">Ein nachhaltiges Unternehmen zu sein, <\/span><b><span data-contrast=\"auto\">bedeutet mehr, als Gerichtsurteile<\/span><\/b><span data-contrast=\"auto\">, Gesch\u00e4ftsregeln oder vorgeschriebene Quoten zu befolgen. Es bedeutet, sich zu engagieren und die notwendigen Anstrengungen zu unternehmen, um eine bessere Welt zu schaffen.<\/span><span data-ccp-props=\"{&quot;134233117&quot;:true,&quot;134233118&quot;:true,&quot;201341983&quot;:0,&quot;335559739&quot;:160,&quot;335559740&quot;:240}\">\u00a0<\/span>\r\n\r\n<b><span data-contrast=\"auto\">Welche Vorteile bietet es im Vergleich zu herk\u00f6mmlichen Unternehmen?<\/span><\/b><span data-ccp-props=\"{&quot;134233117&quot;:true,&quot;134233118&quot;:true,&quot;201341983&quot;:0,&quot;335559739&quot;:160,&quot;335559740&quot;:240}\">\u00a0<\/span>\r\n\r\n<b><span data-contrast=\"auto\">Sich um die Umwelt zu k\u00fcmmern, bedeutet nicht, an Rentabilit\u00e4t zu verlieren<\/span><\/b><span data-contrast=\"auto\"> oder nicht mehr wettbewerbsf\u00e4hig zu sein; im Gegenteil, es bietet zahlreiche und unsch\u00e4tzbare Vorteile, die von jedem Unternehmen, Start-up, Freiberufler und anderen ernsthaft in Betracht gezogen werden sollten.<\/span><span data-ccp-props=\"{&quot;134233117&quot;:true,&quot;134233118&quot;:true,&quot;201341983&quot;:0,&quot;335559739&quot;:160,&quot;335559740&quot;:240}\">\u00a0<\/span>\r\n\r\n<span data-contrast=\"auto\">Kurz-, mittel- und langfristig sichtbar und sp\u00fcrbar bringt eine angemessene Umsetzung von Ma\u00dfnahmen, die Nachhaltigkeit implizieren, u. a. die folgenden positiven Aspekte mit sich:<\/span><span data-ccp-props=\"{&quot;134233117&quot;:true,&quot;134233118&quot;:true,&quot;201341983&quot;:0,&quot;335559739&quot;:160,&quot;335559740&quot;:240}\">\u00a0<\/span>\r\n<ul>\r\n \t<li data-leveltext=\"\uf0b7\" data-font=\"Symbol\" data-listid=\"5\" aria-setsize=\"-1\" data-aria-posinset=\"1\" data-aria-level=\"1\"><span data-contrast=\"auto\">Verbessern Sie die Akzeptanz und die Sichtweise der Verbraucher, der Aufsichtsbeh\u00f6rden und der breiten \u00d6ffentlichkeit.<\/span><span data-ccp-props=\"{&quot;134233117&quot;:true,&quot;134233118&quot;:true,&quot;201341983&quot;:0,&quot;335559739&quot;:160,&quot;335559740&quot;:240}\">\u00a0<\/span><\/li>\r\n \t<li data-leveltext=\"\uf0b7\" data-font=\"Symbol\" data-listid=\"5\" aria-setsize=\"-1\" data-aria-posinset=\"2\" data-aria-level=\"1\"><span data-contrast=\"auto\">In Anlehnung an den vorangegangenen Punkt: Die Steigerung des Mehrwerts Ihrer Produkte l\u00e4sst die Nachfrage nach ihnen exponentiell wachsen.<\/span><span data-ccp-props=\"{&quot;134233117&quot;:true,&quot;134233118&quot;:true,&quot;201341983&quot;:0,&quot;335559739&quot;:160,&quot;335559740&quot;:240}\">\u00a0<\/span><\/li>\r\n \t<li data-leveltext=\"\uf0b7\" data-font=\"Symbol\" data-listid=\"5\" aria-setsize=\"-1\" data-aria-posinset=\"3\" data-aria-level=\"1\"><span data-contrast=\"auto\">Die Effizienz bei der Nutzung und dem Verbrauch von Ressourcen bedeutet eine erhebliche Kosteneinsparung.<\/span><span data-ccp-props=\"{&quot;134233117&quot;:true,&quot;134233118&quot;:true,&quot;201341983&quot;:0,&quot;335559739&quot;:160,&quot;335559740&quot;:240}\">\u00a0<\/span><\/li>\r\n \t<li data-leveltext=\"\uf0b7\" data-font=\"Symbol\" data-listid=\"5\" aria-setsize=\"-1\" data-aria-posinset=\"4\" data-aria-level=\"1\"><span data-contrast=\"auto\">Das Wohlbefinden und der Komfort Ihrer Mitarbeiter f\u00fchrt zu mehr und besserer Zusammenarbeit und h\u00f6herer Produktivit\u00e4t.<\/span><span data-ccp-props=\"{&quot;134233117&quot;:true,&quot;134233118&quot;:true,&quot;201341983&quot;:0,&quot;335559739&quot;:160,&quot;335559740&quot;:240}\">\u00a0<\/span><\/li>\r\n<\/ul>\t\t\t\t\t\t\t\t<\/div>\n\t\t\t\t<\/div>\n\t\t\t\t<div class=\"elementor-element elementor-element-77e9031 elementor-widget elementor-widget-video\" data-id=\"77e9031\" data-element_type=\"widget\" data-e-type=\"widget\" data-settings=\"{&quot;youtube_url&quot;:&quot;https:\\\/\\\/youtu.be\\\/NTxZ87lhC-Q&quot;,&quot;video_type&quot;:&quot;youtube&quot;,&quot;controls&quot;:&quot;yes&quot;}\" data-widget_type=\"video.default\">\n\t\t\t\t<div class=\"elementor-widget-container\">\n\t\t\t\t\t\t\t<div class=\"elementor-wrapper elementor-open-inline\">\n\t\t\t<div class=\"elementor-video\"><\/div>\t\t<\/div>\n\t\t\t\t\t\t<\/div>\n\t\t\t\t<\/div>\n\t\t\t\t<div class=\"elementor-element elementor-element-1b72198f elementor-widget elementor-widget-text-editor\" data-id=\"1b72198f\" data-element_type=\"widget\" data-e-type=\"widget\" data-widget_type=\"text-editor.default\">\n\t\t\t\t<div class=\"elementor-widget-container\">\n\t\t\t\t\t\t\t\t\t<h2>Besonderheiten der Nachhaltigkeit Emuca: Was uns \u00f6kologisch verantwortlich macht?<\/h2>\r\n<span data-contrast=\"auto\">Um die Gegenwart zu korrigieren und die Zukunft zu sichern, haben wir ein Arbeitsprogramm entwickelt, das auf die Umwelt ausgerichtet ist. Ma\u00dfnahmen, die im Laufe der Jahre hervorragende Ergebnisse bei der Verringerung der Umweltbelastung und der Bewusstseinsbildung gezeigt haben. Das ist Emuca Sustainability.<\/span><span data-ccp-props=\"{&quot;134233117&quot;:true,&quot;134233118&quot;:true,&quot;201341983&quot;:0,&quot;335559739&quot;:160,&quot;335559740&quot;:240}\">\u00a0<\/span>\r\n\r\n<span data-contrast=\"auto\">Im Folgenden stellen wir einige der wichtigsten Ma\u00dfnahmen vor, die uns auszeichnen und auf die wir stolz sind:<\/span><span data-ccp-props=\"{&quot;134233117&quot;:true,&quot;134233118&quot;:true,&quot;201341983&quot;:0,&quot;335559739&quot;:160,&quot;335559740&quot;:240}\">\u00a0<\/span>\r\n<ul>\r\n \t<li data-leveltext=\"\uf0b7\" data-font=\"Symbol\" data-listid=\"8\" aria-setsize=\"-1\" data-aria-posinset=\"1\" data-aria-level=\"1\"><span data-contrast=\"auto\">Gr\u00fcne Ziele: Indem wir uns j\u00e4hrliche Ziele zur Verringerung des Verbrauchs von Ressourcen wie Wasser und Strom sowie anderer materieller Ressourcen setzen, tragen wir zu Einsparungen bei.<\/span><span data-ccp-props=\"{&quot;134233117&quot;:true,&quot;134233118&quot;:true,&quot;201341983&quot;:0,&quot;335559739&quot;:160,&quot;335559740&quot;:240}\">\u00a0<\/span><\/li>\r\n \t<li data-leveltext=\"\uf0b7\" data-font=\"Symbol\" data-listid=\"8\" aria-setsize=\"-1\" data-aria-posinset=\"2\" data-aria-level=\"1\"><span data-contrast=\"auto\">Konsequentes Personal: Auch unser Arbeitsteam ist auf gr\u00fcne Praktiken und die Ziele eines umweltbewussten Unternehmens ausgerichtet und festigt so eine nachhaltige Arbeitsdynamik von innen heraus.<\/span><span data-ccp-props=\"{&quot;134233117&quot;:true,&quot;134233118&quot;:true,&quot;201341983&quot;:0,&quot;335559739&quot;:160,&quot;335559740&quot;:240}\">\u00a0<\/span><\/li>\r\n \t<li data-leveltext=\"\uf0b7\" data-font=\"Symbol\" data-listid=\"8\" aria-setsize=\"-1\" data-aria-posinset=\"3\" data-aria-level=\"1\"><span data-contrast=\"auto\">H\u00e4ufige Analysen: Mit Emuca Sustainability werden die Produktionskette sowie die anderen Prozesse und Gesch\u00e4ftsaktivit\u00e4ten regelm\u00e4\u00dfig \u00fcberpr\u00fcft, um unsere Umweltauswirkungen und -leistungen genau zu kontrollieren.<\/span><span data-ccp-props=\"{&quot;134233117&quot;:true,&quot;134233118&quot;:true,&quot;201341983&quot;:0,&quot;335559739&quot;:160,&quot;335559740&quot;:240}\">\u00a0<\/span><\/li>\r\n<\/ul>\r\n<ul>\r\n \t<li data-leveltext=\"\uf0b7\" data-font=\"Symbol\" data-listid=\"8\" aria-setsize=\"-1\" data-aria-posinset=\"1\" data-aria-level=\"1\"><span data-contrast=\"auto\">Digitalisierung: Wir sorgen f\u00fcr die Reduzierung von Papier und B\u00fcromaterialien, indem wir in allen Produktionsbereichen den Einsatz digitaler technischer Hilfsmittel einf\u00fchren und priorisieren.<\/span><span data-ccp-props=\"{&quot;134233117&quot;:true,&quot;134233118&quot;:true,&quot;201341983&quot;:0,&quot;335559739&quot;:160,&quot;335559740&quot;:240}\">\u00a0<\/span><\/li>\r\n \t<li data-leveltext=\"\uf0b7\" data-font=\"Symbol\" data-listid=\"8\" aria-setsize=\"-1\" data-aria-posinset=\"2\" data-aria-level=\"1\"><span data-contrast=\"auto\">\u00d6kologische Verpackungen: Die Verpackungen unserer vermarkteten Produkte sind vollst\u00e4ndig recycelbar und wurden so konzipiert, dass sie so wenig Material wie m\u00f6glich verbrauchen.<\/span><span data-ccp-props=\"{&quot;134233117&quot;:true,&quot;134233118&quot;:true,&quot;201341983&quot;:0,&quot;335559739&quot;:160,&quot;335559740&quot;:240}\">\u00a0<\/span><\/li>\r\n \t<li data-leveltext=\"\uf0b7\" data-font=\"Symbol\" data-listid=\"8\" aria-setsize=\"-1\" data-aria-posinset=\"3\" data-aria-level=\"1\"><span data-contrast=\"auto\">Abfallmanagement: Das intelligente Management von Abf\u00e4llen (Reinigung, Wartung und Sammlung) ist Teil unserer Gesch\u00e4ftsstrategie und ein grundlegender Faktor f\u00fcr produktive Effizienz und kollektives Wohlbefinden.<\/span><span data-ccp-props=\"{&quot;134233117&quot;:true,&quot;134233118&quot;:true,&quot;201341983&quot;:0,&quot;335559739&quot;:160,&quot;335559740&quot;:240}\">\u00a0<\/span><\/li>\r\n \t<li data-leveltext=\"\uf0b7\" data-font=\"Symbol\" data-listid=\"8\" aria-setsize=\"-1\" data-aria-posinset=\"4\" data-aria-level=\"1\"><span data-contrast=\"auto\">Effizientere Fahrzeuge: Eine rechtzeitige \u00dcberpr\u00fcfung unserer Fahrzeugflotte tr\u00e4gt dazu bei, den Aussto\u00df von Schadstoffen und den Verbrauch fossiler Brennstoffe zu verringern, da sie Fehler behebt und einen ordnungsgem\u00e4\u00dfen Betrieb gew\u00e4hrleistet.<\/span><span data-ccp-props=\"{&quot;134233117&quot;:true,&quot;134233118&quot;:true,&quot;201341983&quot;:0,&quot;335559739&quot;:160,&quot;335559740&quot;:240}\">\u00a0<\/span><\/li>\r\n \t<li data-leveltext=\"\uf0b7\" data-font=\"Symbol\" data-listid=\"8\" aria-setsize=\"-1\" data-aria-posinset=\"5\" data-aria-level=\"1\"><span data-contrast=\"auto\">Energie-Eigenverbrauch: In unseren Betrieben setzen wir auf umweltfreundliche Erzeugung und Eigenverbrauch mit mehr als 400 Photovoltaik-Solarzellen und verringern so den Verbrauch anderer Energiequellen.<\/span><span data-ccp-props=\"{&quot;134233117&quot;:true,&quot;134233118&quot;:true,&quot;201341983&quot;:0,&quot;335559739&quot;:160,&quot;335559740&quot;:240}\">\u00a0<\/span><\/li>\r\n<\/ul>\r\n<ul>\r\n \t<li data-leveltext=\"\uf0b7\" data-font=\"Symbol\" data-listid=\"8\" aria-setsize=\"-1\" data-aria-posinset=\"1\" data-aria-level=\"1\"><span data-contrast=\"auto\">Denn ein gr\u00fcnes Unternehmen zu sein bedeutet, etwas Sinnvolles zu tun<\/span><span data-ccp-props=\"{&quot;134233117&quot;:true,&quot;134233118&quot;:true,&quot;201341983&quot;:0,&quot;335559739&quot;:160,&quot;335559740&quot;:240}\">\u00a0<\/span><\/li>\r\n<\/ul>\t\t\t\t\t\t\t\t<\/div>\n\t\t\t\t<\/div>\n\t\t\t\t<div class=\"elementor-element elementor-element-e6edce5 elementor-widget elementor-widget-image\" data-id=\"e6edce5\" data-element_type=\"widget\" data-e-type=\"widget\" data-widget_type=\"image.default\">\n\t\t\t\t<div class=\"elementor-widget-container\">\n\t\t\t\t\t\t\t\t\t\t\t\t\t\t\t<img decoding=\"async\" width=\"640\" height=\"356\" src=\"https:\/\/blog.emuca.com\/wp-content\/uploads\/2022\/01\/Diseno-sin-titulo-15.jpg\" class=\"attachment-large size-large wp-image-26558\" alt=\"sostenibilidad emuca\" srcset=\"https:\/\/blog.emuca.com\/wp-content\/uploads\/2022\/01\/Diseno-sin-titulo-15.jpg 900w, https:\/\/blog.emuca.com\/wp-content\/uploads\/2022\/01\/Diseno-sin-titulo-15-300x167.jpg 300w, https:\/\/blog.emuca.com\/wp-content\/uploads\/2022\/01\/Diseno-sin-titulo-15-768x427.jpg 768w\" sizes=\"(max-width: 34.9rem) calc(100vw - 2rem), (max-width: 53rem) calc(8 * (100vw \/ 12)), (min-width: 53rem) calc(6 * (100vw \/ 12)), 100vw\" \/>\t\t\t\t\t\t\t\t\t\t\t\t\t\t\t<\/div>\n\t\t\t\t<\/div>\n\t\t\t\t<div class=\"elementor-element elementor-element-45cf7c6 elementor-widget elementor-widget-text-editor\" data-id=\"45cf7c6\" data-element_type=\"widget\" data-e-type=\"widget\" data-widget_type=\"text-editor.default\">\n\t\t\t\t<div class=\"elementor-widget-container\">\n\t\t\t\t\t\t\t\t\t<h2 style=\"font-family: 'Maven Pro', sans-serif;\"><span class=\"TextRun SCXW155374357 BCX0\" lang=\"ES-ES\" xml:lang=\"ES-ES\" data-contrast=\"auto\"><span class=\"NormalTextRun SpellingErrorV2 SCXW155374357 BCX0\">Ein<\/span> <span class=\"NormalTextRun SpellingErrorV2 SCXW155374357 BCX0\">klarer<\/span> <span class=\"NormalTextRun SpellingErrorV2 SCXW155374357 BCX0\">und<\/span> <span class=\"NormalTextRun SpellingErrorV2 SCXW155374357 BCX0\">gr\u00fcner<\/span> <span class=\"NormalTextRun SpellingErrorV2 SCXW155374357 BCX0\">Auftrag<\/span><\/span><span class=\"EOP SCXW155374357 BCX0\" data-ccp-props=\"{&quot;134233117&quot;:true,&quot;134233118&quot;:true,&quot;201341983&quot;:0,&quot;335559739&quot;:160,&quot;335559740&quot;:240}\">\u00a0<\/span><\/h2>\r\n<span data-contrast=\"auto\">Mit <\/span><b><span data-contrast=\"auto\">Sustainability Emuca<\/span><\/b><span data-contrast=\"auto\"> ist und bleibt es unsere Aufgabe, die Bed\u00fcrfnisse unserer Kunden und Gesch\u00e4ftspartner zu befriedigen, indem wir die besten Qualit\u00e4tsprodukte und die angemessenen Betriebsprotokolle anbieten, die sich aus wirtschaftlicher Sicht im Rahmen der \u00f6kologischen Produktion in besseren allgemeinen Wohlstandsbedingungen niederschlagen.<\/span><span data-ccp-props=\"{&quot;134233117&quot;:true,&quot;134233118&quot;:true,&quot;201341983&quot;:0,&quot;335559739&quot;:160,&quot;335559740&quot;:240}\">\u00a0<\/span>\r\n\r\n<span data-contrast=\"auto\">Nicht zu vergessen sind die Schaffung und Umwandlung produktiverer Arbeitspl\u00e4tze und die Entwicklung innovativer Verfahren. Ein umfassendes und inklusives soziales Wohlergehen aller Arbeitnehmerinnen und Arbeitnehmer sowie die Anerkennung durch eine Gesellschaft, die zunehmend mehr Engagement von den Unternehmen fordert.<\/span><span data-ccp-props=\"{&quot;134233117&quot;:true,&quot;134233118&quot;:true,&quot;201341983&quot;:0,&quot;335559739&quot;:160,&quot;335559740&quot;:240}\">\u00a0<\/span>\r\n\r\n<span data-contrast=\"auto\">Zum Wohle aller und f\u00fcr alle ist die Festigung der Erhaltung der Umwelt und des verantwortungsvollen Umgangs mit den nat\u00fcrlichen Ressourcen als Handlungsrahmen f\u00fcr jeden Einzelnen unumstritten. Aus diesem Grund und aus all den oben genannten Gr\u00fcnden kleidet sich Emuca mit ihrem Programm <\/span><b><span data-contrast=\"auto\">Sustainability Emuca<\/span><\/b><span data-contrast=\"auto\"> in \u00f6kologisches Gr\u00fcn.<\/span><span data-ccp-props=\"{&quot;134233117&quot;:true,&quot;134233118&quot;:true,&quot;201341983&quot;:0,&quot;335559739&quot;:160,&quot;335559740&quot;:240}\">\u00a0<\/span>\t\t\t\t\t\t\t\t<\/div>\n\t\t\t\t<\/div>\n\t\t\t\t\t<\/div>\n\t\t<\/div>\n\t\t\t\t\t<\/div>\n\t\t<\/section>\n\t\t\t\t<\/div>\n\t\t","protected":false},"excerpt":{"rendered":"<p>Unser Planet befindet sich in einer besorgniserregenden Umweltsituation, in der ein \u00f6kologischer Ansatz in allen Bereichen der Gesellschaft, insbesondere in der Gesch\u00e4ftswelt, unerl\u00e4sslich ist. Nachhaltigkeit Emuca ist unser bescheidener Vorschlag: ein gr\u00fcner Weg, dem wir folgen, um viel mehr als unsere Produkte beizutragen.\u00a0 Wir sind nicht nur davon \u00fcberzeugt, dass eine nachhaltige Unternehmensentwicklung m\u00f6glich ist, &hellip; <\/p>\n<p class=\"link-more\"><a href=\"https:\/\/blog.emuca.com\/de\/cat\/aktuelles\/nachhaltigkeit-emuca-warum-wir-ein-oekologisch-orientiertes-unternehmen-sind\/\" class=\"more-link\"><span class=\"screen-reader-text\">\u201eNachhaltigkeit Emuca: Warum wir ein \u00f6kologisch orientiertes Unternehmen sind?\u201c <\/span>weiterlesen<\/a><\/p>\n","protected":false},"author":3,"featured_media":26571,"comment_status":"closed","ping_status":"closed","sticky":false,"template":"","format":"standard","meta":{"footnotes":""},"categories":[50],"tags":[1238],"class_list":["post-33301","post","type-post","status-publish","format-standard","has-post-thumbnail","hentry","category-aktuelles","tag-nachhaltigkeit-emuca","entry"],"yoast_head":"<!-- This site is optimized with the Yoast SEO plugin v24.1 - https:\/\/yoast.com\/wordpress\/plugins\/seo\/ -->\n<title>Nachhaltigkeit Emuca: unser Engagement f\u00fcr die Umwelt - Emuca Blog<\/title>\n<meta name=\"description\" content=\"Im folgenden Artikel erkl\u00e4ren wir unseren Kunden die Gr\u00fcnde f\u00fcr die Nachhaltigkeit von Emuca, ein Modell von gro\u00dfer Bedeutung.\" \/>\n<meta name=\"robots\" content=\"index, follow, max-snippet:-1, max-image-preview:large, max-video-preview:-1\" \/>\n<link rel=\"canonical\" href=\"https:\/\/blog.emuca.com\/de\/cat\/aktuelles\/nachhaltigkeit-emuca-warum-wir-ein-oekologisch-orientiertes-unternehmen-sind\/\" \/>\n<meta property=\"og:locale\" content=\"de_DE\" \/>\n<meta property=\"og:type\" content=\"article\" \/>\n<meta property=\"og:title\" content=\"Nachhaltigkeit Emuca: unser Engagement f\u00fcr die Umwelt - Emuca Blog\" \/>\n<meta property=\"og:description\" content=\"Im folgenden Artikel erkl\u00e4ren wir unseren Kunden die Gr\u00fcnde f\u00fcr die Nachhaltigkeit von Emuca, ein Modell von gro\u00dfer Bedeutung.\" \/>\n<meta property=\"og:url\" content=\"https:\/\/blog.emuca.com\/de\/cat\/aktuelles\/nachhaltigkeit-emuca-warum-wir-ein-oekologisch-orientiertes-unternehmen-sind\/\" \/>\n<meta property=\"og:site_name\" content=\"Emuca blog\" \/>\n<meta property=\"article:publisher\" content=\"https:\/\/www.facebook.com\/EmucaGroup\" \/>\n<meta property=\"article:published_time\" content=\"2022-04-29T09:59:53+00:00\" \/>\n<meta property=\"article:modified_time\" content=\"2022-04-29T11:19:24+00:00\" \/>\n<meta property=\"og:image\" content=\"https:\/\/blog.emuca.com\/wp-content\/uploads\/2022\/01\/Diseno-sin-titulo-16.jpg\" \/>\n\t<meta property=\"og:image:width\" content=\"900\" \/>\n\t<meta property=\"og:image:height\" content=\"500\" \/>\n\t<meta property=\"og:image:type\" content=\"image\/jpeg\" \/>\n<meta name=\"author\" content=\"Jes\u00fas\" \/>\n<meta name=\"twitter:card\" content=\"summary_large_image\" \/>\n<meta name=\"twitter:label1\" content=\"Verfasst von\" \/>\n\t<meta name=\"twitter:data1\" content=\"Jes\u00fas\" \/>\n\t<meta name=\"twitter:label2\" content=\"Gesch\u00e4tzte Lesezeit\" \/>\n\t<meta name=\"twitter:data2\" content=\"4\u00a0Minuten\" \/>\n<script type=\"application\/ld+json\" class=\"yoast-schema-graph\">{\"@context\":\"https:\/\/schema.org\",\"@graph\":[{\"@type\":\"Article\",\"@id\":\"https:\/\/blog.emuca.com\/de\/cat\/aktuelles\/nachhaltigkeit-emuca-warum-wir-ein-oekologisch-orientiertes-unternehmen-sind\/#article\",\"isPartOf\":{\"@id\":\"https:\/\/blog.emuca.com\/de\/cat\/aktuelles\/nachhaltigkeit-emuca-warum-wir-ein-oekologisch-orientiertes-unternehmen-sind\/\"},\"author\":{\"name\":\"Jes\u00fas\",\"@id\":\"https:\/\/blog.emuca.com\/#\/schema\/person\/e2000aac3322e591b53c90f4a386f893\"},\"headline\":\"Nachhaltigkeit Emuca: Warum wir ein \u00f6kologisch orientiertes Unternehmen sind?\",\"datePublished\":\"2022-04-29T09:59:53+00:00\",\"dateModified\":\"2022-04-29T11:19:24+00:00\",\"mainEntityOfPage\":{\"@id\":\"https:\/\/blog.emuca.com\/de\/cat\/aktuelles\/nachhaltigkeit-emuca-warum-wir-ein-oekologisch-orientiertes-unternehmen-sind\/\"},\"wordCount\":841,\"publisher\":{\"@id\":\"https:\/\/blog.emuca.com\/#organization\"},\"image\":{\"@id\":\"https:\/\/blog.emuca.com\/de\/cat\/aktuelles\/nachhaltigkeit-emuca-warum-wir-ein-oekologisch-orientiertes-unternehmen-sind\/#primaryimage\"},\"thumbnailUrl\":\"https:\/\/blog.emuca.com\/wp-content\/uploads\/2022\/01\/Diseno-sin-titulo-16.jpg\",\"keywords\":[\"Nachhaltigkeit Emuca\"],\"articleSection\":[\"Aktuelles\"],\"inLanguage\":\"de\"},{\"@type\":\"WebPage\",\"@id\":\"https:\/\/blog.emuca.com\/de\/cat\/aktuelles\/nachhaltigkeit-emuca-warum-wir-ein-oekologisch-orientiertes-unternehmen-sind\/\",\"url\":\"https:\/\/blog.emuca.com\/de\/cat\/aktuelles\/nachhaltigkeit-emuca-warum-wir-ein-oekologisch-orientiertes-unternehmen-sind\/\",\"name\":\"Nachhaltigkeit Emuca: unser Engagement f\u00fcr die Umwelt - Emuca Blog\",\"isPartOf\":{\"@id\":\"https:\/\/blog.emuca.com\/#website\"},\"primaryImageOfPage\":{\"@id\":\"https:\/\/blog.emuca.com\/de\/cat\/aktuelles\/nachhaltigkeit-emuca-warum-wir-ein-oekologisch-orientiertes-unternehmen-sind\/#primaryimage\"},\"image\":{\"@id\":\"https:\/\/blog.emuca.com\/de\/cat\/aktuelles\/nachhaltigkeit-emuca-warum-wir-ein-oekologisch-orientiertes-unternehmen-sind\/#primaryimage\"},\"thumbnailUrl\":\"https:\/\/blog.emuca.com\/wp-content\/uploads\/2022\/01\/Diseno-sin-titulo-16.jpg\",\"datePublished\":\"2022-04-29T09:59:53+00:00\",\"dateModified\":\"2022-04-29T11:19:24+00:00\",\"description\":\"Im folgenden Artikel erkl\u00e4ren wir unseren Kunden die Gr\u00fcnde f\u00fcr die Nachhaltigkeit von Emuca, ein Modell von gro\u00dfer Bedeutung.\",\"inLanguage\":\"de\",\"potentialAction\":[{\"@type\":\"ReadAction\",\"target\":[\"https:\/\/blog.emuca.com\/de\/cat\/aktuelles\/nachhaltigkeit-emuca-warum-wir-ein-oekologisch-orientiertes-unternehmen-sind\/\"]}]},{\"@type\":\"ImageObject\",\"inLanguage\":\"de\",\"@id\":\"https:\/\/blog.emuca.com\/de\/cat\/aktuelles\/nachhaltigkeit-emuca-warum-wir-ein-oekologisch-orientiertes-unternehmen-sind\/#primaryimage\",\"url\":\"https:\/\/blog.emuca.com\/wp-content\/uploads\/2022\/01\/Diseno-sin-titulo-16.jpg\",\"contentUrl\":\"https:\/\/blog.emuca.com\/wp-content\/uploads\/2022\/01\/Diseno-sin-titulo-16.jpg\",\"width\":900,\"height\":500,\"caption\":\"sostenibilidad emuca\"},{\"@type\":\"WebSite\",\"@id\":\"https:\/\/blog.emuca.com\/#website\",\"url\":\"https:\/\/blog.emuca.com\/\",\"name\":\"Emuca blog\",\"description\":\"\",\"publisher\":{\"@id\":\"https:\/\/blog.emuca.com\/#organization\"},\"potentialAction\":[{\"@type\":\"SearchAction\",\"target\":{\"@type\":\"EntryPoint\",\"urlTemplate\":\"https:\/\/blog.emuca.com\/?s={search_term_string}\"},\"query-input\":{\"@type\":\"PropertyValueSpecification\",\"valueRequired\":true,\"valueName\":\"search_term_string\"}}],\"inLanguage\":\"de\"},{\"@type\":\"Organization\",\"@id\":\"https:\/\/blog.emuca.com\/#organization\",\"name\":\"emuca\",\"url\":\"https:\/\/blog.emuca.com\/\",\"logo\":{\"@type\":\"ImageObject\",\"inLanguage\":\"de\",\"@id\":\"https:\/\/blog.emuca.com\/#\/schema\/logo\/image\/\",\"url\":\"https:\/\/blog.emuca.com\/wp-content\/uploads\/2024\/05\/cropped-logo-emuca-menu.png\",\"contentUrl\":\"https:\/\/blog.emuca.com\/wp-content\/uploads\/2024\/05\/cropped-logo-emuca-menu.png\",\"width\":190,\"height\":190,\"caption\":\"emuca\"},\"image\":{\"@id\":\"https:\/\/blog.emuca.com\/#\/schema\/logo\/image\/\"},\"sameAs\":[\"https:\/\/www.facebook.com\/EmucaGroup\"]},{\"@type\":\"Person\",\"@id\":\"https:\/\/blog.emuca.com\/#\/schema\/person\/e2000aac3322e591b53c90f4a386f893\",\"name\":\"Jes\u00fas\",\"url\":\"https:\/\/blog.emuca.com\/de\/cat\/author\/jesus_redactor\/\"}]}<\/script>\n<!-- \/ Yoast SEO plugin. -->","yoast_head_json":{"title":"Nachhaltigkeit Emuca: unser Engagement f\u00fcr die Umwelt - Emuca Blog","description":"Im folgenden Artikel erkl\u00e4ren wir unseren Kunden die Gr\u00fcnde f\u00fcr die Nachhaltigkeit von Emuca, ein Modell von gro\u00dfer Bedeutung.","robots":{"index":"index","follow":"follow","max-snippet":"max-snippet:-1","max-image-preview":"max-image-preview:large","max-video-preview":"max-video-preview:-1"},"canonical":"https:\/\/blog.emuca.com\/de\/cat\/aktuelles\/nachhaltigkeit-emuca-warum-wir-ein-oekologisch-orientiertes-unternehmen-sind\/","og_locale":"de_DE","og_type":"article","og_title":"Nachhaltigkeit Emuca: unser Engagement f\u00fcr die Umwelt - Emuca Blog","og_description":"Im folgenden Artikel erkl\u00e4ren wir unseren Kunden die Gr\u00fcnde f\u00fcr die Nachhaltigkeit von Emuca, ein Modell von gro\u00dfer Bedeutung.","og_url":"https:\/\/blog.emuca.com\/de\/cat\/aktuelles\/nachhaltigkeit-emuca-warum-wir-ein-oekologisch-orientiertes-unternehmen-sind\/","og_site_name":"Emuca blog","article_publisher":"https:\/\/www.facebook.com\/EmucaGroup","article_published_time":"2022-04-29T09:59:53+00:00","article_modified_time":"2022-04-29T11:19:24+00:00","og_image":[{"width":900,"height":500,"url":"https:\/\/blog.emuca.com\/wp-content\/uploads\/2022\/01\/Diseno-sin-titulo-16.jpg","type":"image\/jpeg"}],"author":"Jes\u00fas","twitter_card":"summary_large_image","twitter_misc":{"Verfasst von":"Jes\u00fas","Gesch\u00e4tzte Lesezeit":"4\u00a0Minuten"},"schema":{"@context":"https:\/\/schema.org","@graph":[{"@type":"Article","@id":"https:\/\/blog.emuca.com\/de\/cat\/aktuelles\/nachhaltigkeit-emuca-warum-wir-ein-oekologisch-orientiertes-unternehmen-sind\/#article","isPartOf":{"@id":"https:\/\/blog.emuca.com\/de\/cat\/aktuelles\/nachhaltigkeit-emuca-warum-wir-ein-oekologisch-orientiertes-unternehmen-sind\/"},"author":{"name":"Jes\u00fas","@id":"https:\/\/blog.emuca.com\/#\/schema\/person\/e2000aac3322e591b53c90f4a386f893"},"headline":"Nachhaltigkeit Emuca: Warum wir ein \u00f6kologisch orientiertes Unternehmen sind?","datePublished":"2022-04-29T09:59:53+00:00","dateModified":"2022-04-29T11:19:24+00:00","mainEntityOfPage":{"@id":"https:\/\/blog.emuca.com\/de\/cat\/aktuelles\/nachhaltigkeit-emuca-warum-wir-ein-oekologisch-orientiertes-unternehmen-sind\/"},"wordCount":841,"publisher":{"@id":"https:\/\/blog.emuca.com\/#organization"},"image":{"@id":"https:\/\/blog.emuca.com\/de\/cat\/aktuelles\/nachhaltigkeit-emuca-warum-wir-ein-oekologisch-orientiertes-unternehmen-sind\/#primaryimage"},"thumbnailUrl":"https:\/\/blog.emuca.com\/wp-content\/uploads\/2022\/01\/Diseno-sin-titulo-16.jpg","keywords":["Nachhaltigkeit Emuca"],"articleSection":["Aktuelles"],"inLanguage":"de"},{"@type":"WebPage","@id":"https:\/\/blog.emuca.com\/de\/cat\/aktuelles\/nachhaltigkeit-emuca-warum-wir-ein-oekologisch-orientiertes-unternehmen-sind\/","url":"https:\/\/blog.emuca.com\/de\/cat\/aktuelles\/nachhaltigkeit-emuca-warum-wir-ein-oekologisch-orientiertes-unternehmen-sind\/","name":"Nachhaltigkeit Emuca: unser Engagement f\u00fcr die Umwelt - Emuca Blog","isPartOf":{"@id":"https:\/\/blog.emuca.com\/#website"},"primaryImageOfPage":{"@id":"https:\/\/blog.emuca.com\/de\/cat\/aktuelles\/nachhaltigkeit-emuca-warum-wir-ein-oekologisch-orientiertes-unternehmen-sind\/#primaryimage"},"image":{"@id":"https:\/\/blog.emuca.com\/de\/cat\/aktuelles\/nachhaltigkeit-emuca-warum-wir-ein-oekologisch-orientiertes-unternehmen-sind\/#primaryimage"},"thumbnailUrl":"https:\/\/blog.emuca.com\/wp-content\/uploads\/2022\/01\/Diseno-sin-titulo-16.jpg","datePublished":"2022-04-29T09:59:53+00:00","dateModified":"2022-04-29T11:19:24+00:00","description":"Im folgenden Artikel erkl\u00e4ren wir unseren Kunden die Gr\u00fcnde f\u00fcr die Nachhaltigkeit von Emuca, ein Modell von gro\u00dfer Bedeutung.","inLanguage":"de","potentialAction":[{"@type":"ReadAction","target":["https:\/\/blog.emuca.com\/de\/cat\/aktuelles\/nachhaltigkeit-emuca-warum-wir-ein-oekologisch-orientiertes-unternehmen-sind\/"]}]},{"@type":"ImageObject","inLanguage":"de","@id":"https:\/\/blog.emuca.com\/de\/cat\/aktuelles\/nachhaltigkeit-emuca-warum-wir-ein-oekologisch-orientiertes-unternehmen-sind\/#primaryimage","url":"https:\/\/blog.emuca.com\/wp-content\/uploads\/2022\/01\/Diseno-sin-titulo-16.jpg","contentUrl":"https:\/\/blog.emuca.com\/wp-content\/uploads\/2022\/01\/Diseno-sin-titulo-16.jpg","width":900,"height":500,"caption":"sostenibilidad emuca"},{"@type":"WebSite","@id":"https:\/\/blog.emuca.com\/#website","url":"https:\/\/blog.emuca.com\/","name":"Emuca blog","description":"","publisher":{"@id":"https:\/\/blog.emuca.com\/#organization"},"potentialAction":[{"@type":"SearchAction","target":{"@type":"EntryPoint","urlTemplate":"https:\/\/blog.emuca.com\/?s={search_term_string}"},"query-input":{"@type":"PropertyValueSpecification","valueRequired":true,"valueName":"search_term_string"}}],"inLanguage":"de"},{"@type":"Organization","@id":"https:\/\/blog.emuca.com\/#organization","name":"emuca","url":"https:\/\/blog.emuca.com\/","logo":{"@type":"ImageObject","inLanguage":"de","@id":"https:\/\/blog.emuca.com\/#\/schema\/logo\/image\/","url":"https:\/\/blog.emuca.com\/wp-content\/uploads\/2024\/05\/cropped-logo-emuca-menu.png","contentUrl":"https:\/\/blog.emuca.com\/wp-content\/uploads\/2024\/05\/cropped-logo-emuca-menu.png","width":190,"height":190,"caption":"emuca"},"image":{"@id":"https:\/\/blog.emuca.com\/#\/schema\/logo\/image\/"},"sameAs":["https:\/\/www.facebook.com\/EmucaGroup"]},{"@type":"Person","@id":"https:\/\/blog.emuca.com\/#\/schema\/person\/e2000aac3322e591b53c90f4a386f893","name":"Jes\u00fas","url":"https:\/\/blog.emuca.com\/de\/cat\/author\/jesus_redactor\/"}]}},"_links":{"self":[{"href":"https:\/\/blog.emuca.com\/de\/wp-json\/wp\/v2\/posts\/33301","targetHints":{"allow":["GET"]}}],"collection":[{"href":"https:\/\/blog.emuca.com\/de\/wp-json\/wp\/v2\/posts"}],"about":[{"href":"https:\/\/blog.emuca.com\/de\/wp-json\/wp\/v2\/types\/post"}],"author":[{"embeddable":true,"href":"https:\/\/blog.emuca.com\/de\/wp-json\/wp\/v2\/users\/3"}],"replies":[{"embeddable":true,"href":"https:\/\/blog.emuca.com\/de\/wp-json\/wp\/v2\/comments?post=33301"}],"version-history":[{"count":1,"href":"https:\/\/blog.emuca.com\/de\/wp-json\/wp\/v2\/posts\/33301\/revisions"}],"predecessor-version":[{"id":33307,"href":"https:\/\/blog.emuca.com\/de\/wp-json\/wp\/v2\/posts\/33301\/revisions\/33307"}],"wp:featuredmedia":[{"embeddable":true,"href":"https:\/\/blog.emuca.com\/de\/wp-json\/wp\/v2\/media\/26571"}],"wp:attachment":[{"href":"https:\/\/blog.emuca.com\/de\/wp-json\/wp\/v2\/media?parent=33301"}],"wp:term":[{"taxonomy":"category","embeddable":true,"href":"https:\/\/blog.emuca.com\/de\/wp-json\/wp\/v2\/categories?post=33301"},{"taxonomy":"post_tag","embeddable":true,"href":"https:\/\/blog.emuca.com\/de\/wp-json\/wp\/v2\/tags?post=33301"}],"curies":[{"name":"wp","href":"https:\/\/api.w.org\/{rel}","templated":true}]}}