{"id":30390,"date":"2022-03-15T12:19:24","date_gmt":"2022-03-15T11:19:24","guid":{"rendered":"http:\/\/blogs.emuca.com\/nblog\/cat\/unkategorisiert\/5-ideen-fuer-kuechengeraete-die-den-platz-vervielfachen\/"},"modified":"2022-05-04T11:18:28","modified_gmt":"2022-05-04T09:18:28","slug":"5-ideen-fuer-kuechengeraete-die-den-platz-vervielfachen","status":"publish","type":"post","link":"https:\/\/blog.emuca.com\/de\/cat\/lifestyle\/5-ideen-fuer-kuechengeraete-die-den-platz-vervielfachen\/","title":{"rendered":"5 Ideen f\u00fcr K\u00fcchenger\u00e4te, die den Platz vervielfachen"},"content":{"rendered":"\t\t<div data-elementor-type=\"wp-post\" data-elementor-id=\"30390\" class=\"elementor elementor-30390 elementor-24128\" data-elementor-post-type=\"post\">\n\t\t\t\t\t\t<section class=\"elementor-section elementor-top-section elementor-element elementor-element-38d148e5 elementor-section-boxed elementor-section-height-default elementor-section-height-default\" data-id=\"38d148e5\" data-element_type=\"section\">\n\t\t\t\t\t\t<div class=\"elementor-container elementor-column-gap-default\">\n\t\t\t\t\t<div class=\"elementor-column elementor-col-100 elementor-top-column elementor-element elementor-element-44b72c44\" data-id=\"44b72c44\" data-element_type=\"column\">\n\t\t\t<div class=\"elementor-widget-wrap elementor-element-populated\">\n\t\t\t\t\t\t<div class=\"elementor-element elementor-element-47d0f9b elementor-widget elementor-widget-text-editor\" data-id=\"47d0f9b\" data-element_type=\"widget\" data-widget_type=\"text-editor.default\">\n\t\t\t\t<div class=\"elementor-widget-container\">\n\t\t\t\t\t\t\tDie K\u00fcche ist der Treffpunkt der Familie und wird nicht ohne Grund als &#8222;das Herz des Hauses&#8220; bezeichnet. Wenn man so viel Zeit dort verbringt, <strong>erwartet man zumindest, dass sie komfortabel und angenehm ist, ein Raum<\/strong>, in dem man mit seinen Lieben zusammen sein kann, w\u00e4hrend man ein gutes Essen kocht. Daher sind Ausstattung und K\u00fcche zwei Worte, die zusammengeh\u00f6ren.\r\n\r\nDas ist jedoch nicht immer der Fall. In vielen F\u00e4llen verf\u00fcgt die K\u00fcche nicht \u00fcber den n\u00f6tigen Platz oder wenn doch, dann ist er nicht so aufgeteilt, dass sich mehrere Personen ungest\u00f6rt darin aufhalten k\u00f6nnen. Nur wenige haben das Gl\u00fcck, <strong>eine gro\u00dfe K\u00fcche zu haben<\/strong>, in der man alles unterbringen kann.\r\n\r\nAber keine Sorge, es ist nicht immer so kompliziert: Sie brauchen nur ein paar klare Ideen und die n\u00f6tige K\u00fcchenausstattung, um den Platz, den Sie bereits haben, zu vervielfachen. Wir bei <a href=\"https:\/\/www.emuca.de\/\">Emuca<\/a> sind Experten auf diesem Gebiet und stellen Ihnen daher <strong>5 Ideen vor, die Ihnen sicherlich eine gro\u00dfe Hilfe sein werden<\/strong>.\t\t\t\t\t\t<\/div>\n\t\t\t\t<\/div>\n\t\t\t\t<div class=\"elementor-element elementor-element-11c440f elementor-widget elementor-widget-image\" data-id=\"11c440f\" data-element_type=\"widget\" data-widget_type=\"image.default\">\n\t\t\t\t<div class=\"elementor-widget-container\">\n\t\t\t\t\t\t\t\t\t\t\t\t\t<img fetchpriority=\"high\" decoding=\"async\" width=\"600\" height=\"400\" src=\"https:\/\/blog.emuca.com\/wp-content\/uploads\/2021\/07\/isla-de-cocina-1.jpg\" class=\"attachment-large size-large wp-image-19887\" alt=\"dise\u00f1ar isla cocina\" srcset=\"https:\/\/blog.emuca.com\/wp-content\/uploads\/2021\/07\/isla-de-cocina-1.jpg 600w, https:\/\/blog.emuca.com\/wp-content\/uploads\/2021\/07\/isla-de-cocina-1-300x200.jpg 300w\" sizes=\"(max-width: 34.9rem) calc(100vw - 2rem), (max-width: 53rem) calc(8 * (100vw \/ 12)), (min-width: 53rem) calc(6 * (100vw \/ 12)), 100vw\" \/>\t\t\t\t\t\t\t\t\t\t\t\t\t<\/div>\n\t\t\t\t<\/div>\n\t\t\t\t<div class=\"elementor-element elementor-element-693524d elementor-widget elementor-widget-text-editor\" data-id=\"693524d\" data-element_type=\"widget\" data-widget_type=\"text-editor.default\">\n\t\t\t\t<div class=\"elementor-widget-container\">\n\t\t\t\t\t\t\t<h2 style=\"font-family: 'Maven Pro', sans-serif;\">K\u00fcchenausstattung: wesentliche Aspekte f\u00fcr ein gutes Design<\/h2>\r\nUm jede Ecke der K\u00fcche optimal zu nutzen, m\u00fcssen Sie genau hinsehen und wissen, <strong>welche Aufteilung ideal ist<\/strong>, egal ob es sich um einen kleinen, gro\u00dfen oder unregelm\u00e4\u00dfigen Raum handelt: Es gibt immer eine M\u00f6glichkeit, ihn zu nutzen. Wichtig ist, dass Sie bei der Planung drei wichtige Aspekte im Auge behalten:\r\n\r\n&#8211; Die Abst\u00e4nde zwischen den notwendigsten Utensilien <strong>sollten kurz sein<\/strong>, z.B. K\u00fchlschrank und Sp\u00fcle.\r\n\r\n&#8211; <strong>Ergonomie<\/strong>, damit alles perfekt passt, damit das Design nicht nur sch\u00f6n, sondern auch funktional ist.\r\n\r\n&#8211; Dies wird durch eine <strong>intelligente Organisation<\/strong> von Raum und M\u00f6beln erreicht.\r\n\r\nDas alles mag Sie ein wenig erdr\u00fccken. Aber es ist nicht unm\u00f6glich: Sie m\u00fcssen nur die <strong>richtige<\/strong> <a href=\"https:\/\/www.emuca.de\/kuche\/kuchenmobel-zubehor\">K\u00fcchenausstattung<\/a> haben. Einige, die Ihnen sehr n\u00fctzlich sein k\u00f6nnten, sind:\r\n\r\n&#8211; <strong>Herausnehmbare Eckmodule erm\u00f6glichen es Ihnen<\/strong>, in jeder Ecke Ihrer K\u00fcche Stauraum zu schaffen und leicht auf das, was Sie dort aufbewahren, zuzugreifen, was ein Gef\u00fchl von Ger\u00e4umigkeit vermittelt.\r\n\r\n&#8211; Eine S\u00e4ule mit Regalen bietet Ihnen Platz f\u00fcr die schnelle Aufbewahrung von Alltagsgegenst\u00e4nden\r\n\r\n&#8211; Ausziehbare Schr\u00e4nke sowie die Eckmodule erm\u00f6glichen es Ihnen, jeden freien Platz in Ihrer K\u00fcche f\u00fcr die Aufbewahrung von Dingen zu nutzen und jede Ecke, die Ihnen zur Verf\u00fcgung steht, optimal auszunutzen.\r\n\r\n&#8211; Eine Glasvitrine ist ideal f\u00fcr die Aufbewahrung Ihres Geschirrs. Auf diese Weise hat es seinen eigenen Platz und dient gleichzeitig als Dekoration.\r\n\r\n&#8211; Hohe Schubladen bieten Ihnen ausreichend Platz, um gro\u00dfe Accessoires aufzubewahren.\t\t\t\t\t\t<\/div>\n\t\t\t\t<\/div>\n\t\t\t\t<div class=\"elementor-element elementor-element-3e2cb02 elementor-arrows-position-inside elementor-pagination-position-outside elementor-widget elementor-widget-image-carousel\" data-id=\"3e2cb02\" data-element_type=\"widget\" data-settings=\"{&quot;navigation&quot;:&quot;both&quot;,&quot;autoplay&quot;:&quot;yes&quot;,&quot;pause_on_hover&quot;:&quot;yes&quot;,&quot;pause_on_interaction&quot;:&quot;yes&quot;,&quot;autoplay_speed&quot;:5000,&quot;infinite&quot;:&quot;yes&quot;,&quot;speed&quot;:500}\" data-widget_type=\"image-carousel.default\">\n\t\t\t\t<div class=\"elementor-widget-container\">\n\t\t\t\t\t<div class=\"elementor-image-carousel-wrapper swiper\" dir=\"ltr\">\n\t\t\t<div class=\"elementor-image-carousel swiper-wrapper\" aria-live=\"off\">\n\t\t\t\t\t\t\t\t<div class=\"swiper-slide\" role=\"group\" aria-roledescription=\"slide\" aria-label=\"1 von 4\"><figure class=\"swiper-slide-inner\"><img decoding=\"async\" class=\"swiper-slide-image\" src=\"https:\/\/blog.emuca.com\/wp-content\/uploads\/2021\/11\/8432393282923.main_-150x150.jpg\" alt=\"8432393282923.main\" \/><\/figure><\/div><div class=\"swiper-slide\" role=\"group\" aria-roledescription=\"slide\" aria-label=\"2 von 4\"><figure class=\"swiper-slide-inner\"><img decoding=\"async\" class=\"swiper-slide-image\" src=\"https:\/\/blog.emuca.com\/wp-content\/uploads\/2021\/11\/Sin-titulo-6-150x150.jpg\" alt=\"Sin-t\u00edtulo-6\" \/><\/figure><\/div><div class=\"swiper-slide\" role=\"group\" aria-roledescription=\"slide\" aria-label=\"3 von 4\"><figure class=\"swiper-slide-inner\"><img decoding=\"async\" class=\"swiper-slide-image\" src=\"https:\/\/blog.emuca.com\/wp-content\/uploads\/2021\/12\/89392.main_-150x150.jpg\" alt=\"Accesorio de cocina\" \/><\/figure><\/div><div class=\"swiper-slide\" role=\"group\" aria-roledescription=\"slide\" aria-label=\"4 von 4\"><figure class=\"swiper-slide-inner\"><img decoding=\"async\" class=\"swiper-slide-image\" src=\"https:\/\/blog.emuca.com\/wp-content\/uploads\/2021\/11\/Sin-titulo-5-150x150.jpg\" alt=\"Sin-t\u00edtulo-5\" \/><\/figure><\/div>\t\t\t<\/div>\n\t\t\t\t\t\t\t\t\t\t\t\t<div class=\"elementor-swiper-button elementor-swiper-button-prev\" role=\"button\" tabindex=\"0\">\n\t\t\t\t\t\t<i aria-hidden=\"true\" class=\"eicon-chevron-left\"><\/i>\t\t\t\t\t<\/div>\n\t\t\t\t\t<div class=\"elementor-swiper-button elementor-swiper-button-next\" role=\"button\" tabindex=\"0\">\n\t\t\t\t\t\t<i aria-hidden=\"true\" class=\"eicon-chevron-right\"><\/i>\t\t\t\t\t<\/div>\n\t\t\t\t\n\t\t\t\t\t\t\t\t\t<div class=\"swiper-pagination\"><\/div>\n\t\t\t\t\t\t\t\t\t<\/div>\n\t\t\t\t<\/div>\n\t\t\t\t<\/div>\n\t\t\t\t<div class=\"elementor-element elementor-element-46034959 elementor-widget elementor-widget-text-editor\" data-id=\"46034959\" data-element_type=\"widget\" data-widget_type=\"text-editor.default\">\n\t\t\t\t<div class=\"elementor-widget-container\">\n\t\t\t\t\t\t\t<h2>5 Ideen f\u00fcr die K\u00fccheneinrichtung, um Ihren Platz zu vervielfachen<\/h2>\r\nSie haben bereits eine Vorstellung davon, wie Sie den Platz in Ihrer K\u00fcche aufteilen m\u00f6chten und welche <strong>Art von Zubeh\u00f6r<\/strong> und M\u00f6beln Sie ben\u00f6tigen, damit die K\u00fcche voll funktionsf\u00e4hig ist. Jetzt stellen wir Ihnen 5 Ideen f\u00fcr die <a href=\"https:\/\/www.emuca.de\/kuche\/kuchenmobel-zubehor\">K\u00fcchenausstattung<\/a> vor, mit denen Sie Ihren Platz vervielfachen k\u00f6nnen.\r\n<h3>Alles in einer Farbe<\/h3>\r\nDies ist zwar keine Einrichtungsidee im eigentlichen Sinne, aber wenn Sie sowohl die M\u00f6bel als auch die W\u00e4nde in einer einzigen Farbe streichen, <strong>entsteht ein Gef\u00fchl der Weite und Sie wirken optisch ger\u00e4umiger<\/strong>.\r\n<h3>Regale werden Ihre besten Freunde sein<\/h3>\r\nStellen Sie anstelle von Schr\u00e4nken <strong>Regale<\/strong> in den oberen Teil der K\u00fcche. Auf diese Weise wirkt die K\u00fcche ger\u00e4umiger. Dar\u00fcber hinaus k\u00f6nnen Sie sowohl den oberen Teil zum Abstellen von Gegenst\u00e4nden als auch den unteren Teil zum Aufh\u00e4ngen von Tassen mit Hilfe von Haken nutzen.\r\n<h3>Eine Schiebet\u00fcr f\u00fcr den Eingang<\/h3>\r\nJeder Zentimeter Platz z\u00e4hlt, und normale T\u00fcren ziehen mindestens 1 Meter von der K\u00fcche ab, da sie diesen Abstand zum \u00d6ffnen ben\u00f6tigen. <strong>Bei einer Schiebet\u00fcr<\/strong> hingegen ist das nicht der Fall. Probieren Sie es aus!\r\n<h3>Wenn Sie hohe W\u00e4nde haben, nutzen Sie diese aus!<\/h3>\r\nEine weitere K\u00fccheneinrichtung, mit der Sie die Vorteile hoher W\u00e4nde nutzen k\u00f6nnen, sind Schr\u00e4nke, die bis zur Decke reichen. Auf diese Weise vergr\u00f6\u00dfern Sie den Stauraum und verhindern, dass Ihre K\u00fcche unordentlich aussieht. Ein Tipp ist, sie in hellen Farbt\u00f6nen zu w\u00e4hlen und Glast\u00fcren einzusetzen, <strong>das gibt einen minimalistischen und eleganten Look<\/strong>.\r\n<h3>Besorgen Sie sich LED-Lichtleisten<\/h3>\r\nEine weitere K\u00fcchenausstattung, die nicht fehlen darf: Mit ihnen k\u00f6nnen Sie das Innere von Schubladen und Schr\u00e4nken beleuchten, so dass Sie, egal wie tief sie sind, alles darin sehen k\u00f6nnen. Beleuchten Sie auch den Arbeitsbereich, geben Sie Ihrer K\u00fcche Licht und sie wird gr\u00f6\u00dfer wirken, als sie ist.\t\t\t\t\t\t<\/div>\n\t\t\t\t<\/div>\n\t\t\t\t<div class=\"elementor-element elementor-element-3513273 elementor-widget elementor-widget-html\" data-id=\"3513273\" data-element_type=\"widget\" data-widget_type=\"html.default\">\n\t\t\t\t<div class=\"elementor-widget-container\">\n\t\t\t<!--HubSpot Call-to-Action Code --><span class=\"hs-cta-wrapper\" id=\"hs-cta-wrapper-f56d1071-0043-4462-b3fc-f7d6e4618886\"><span class=\"hs-cta-node hs-cta-f56d1071-0043-4462-b3fc-f7d6e4618886\" id=\"hs-cta-f56d1071-0043-4462-b3fc-f7d6e4618886\"><!--[if lte IE 8]><div id=\"hs-cta-ie-element\"><\/div><![endif]--><a href=\"https:\/\/cta-redirect.hubspot.com\/cta\/redirect\/4071763\/f56d1071-0043-4462-b3fc-f7d6e4618886\" ><img decoding=\"async\" class=\"hs-cta-img\" id=\"hs-cta-img-f56d1071-0043-4462-b3fc-f7d6e4618886\" style=\"border-width:0px;\" height=\"458\" width=\"1175\" src=\"https:\/\/no-cache.hubspot.com\/cta\/default\/4071763\/f56d1071-0043-4462-b3fc-f7d6e4618886.png\"  alt=\"Nueva llamada a la acci\u00f3n\"\/><\/a><\/span><script charset=\"utf-8\" src=\"https:\/\/js.hscta.net\/cta\/current.js\"><\/script><script type=\"text\/javascript\"> hbspt.cta.load(4071763, 'f56d1071-0043-4462-b3fc-f7d6e4618886', {\"useNewLoader\":\"true\",\"region\":\"na1\"}); <\/script><\/span><!-- end HubSpot Call-to-Action Code -->\t\t<\/div>\n\t\t\t\t<\/div>\n\t\t\t\t<div class=\"elementor-element elementor-element-0188c65 elementor-widget elementor-widget-text-editor\" data-id=\"0188c65\" data-element_type=\"widget\" data-widget_type=\"text-editor.default\">\n\t\t\t\t<div class=\"elementor-widget-container\">\n\t\t\t\t\t\t\t<h2 style=\"font-family: 'Maven Pro', sans-serif;\">K\u00fcchenausstattung: zum Schluss<\/h2>\r\nAbschlie\u00dfend m\u00f6chten wir Ihnen raten, <strong>glatte Schubladenfronten<\/strong> zu w\u00e4hlen und verdeckte Griffe zu bevorzugen, wie z.B. Push-up-Schubladen, da sie sich leicht \u00f6ffnen lassen und man nicht daran h\u00e4ngenbleibt, wenn man zu nahe daran vorbeigeht.\r\n\r\nWenn Sie den Ihnen zur Verf\u00fcgung stehenden Platz noch besser nutzen m\u00f6chten, besteht eine weitere M\u00f6glichkeit darin, <strong><a href=\"https:\/\/www.emuca.de\/kuche\/kuchenmobel-zubehor\/zubehor-fur-haushaltsgerate\">Ger\u00e4te<\/a> wie den K\u00fchlschrank oder die Dunstabzugshaube in die Wand und die Decke einzubetten<\/strong> und so leichter zu bewegen.\r\n\r\nBei <a href=\"https:\/\/www.emuca.de\/\">Emuca<\/a> finden Sie alle K\u00fcchenger\u00e4te, mit denen Sie den Platz in Ihrer K\u00fcche vervielfachen k\u00f6nnen, sowie alles, was Sie f\u00fcr die Installation ben\u00f6tigen. <strong>Z\u00f6gern Sie nicht l\u00e4nger und werfen Sie einen Blick in unseren Online-Katalog<\/strong>, um alles zu entdecken, was wir zu bieten haben.\t\t\t\t\t\t<\/div>\n\t\t\t\t<\/div>\n\t\t\t\t\t<\/div>\n\t\t<\/div>\n\t\t\t\t\t<\/div>\n\t\t<\/section>\n\t\t\t\t<\/div>\n\t\t","protected":false},"excerpt":{"rendered":"<p>Die K\u00fcche ist der Treffpunkt der Familie und wird nicht ohne Grund als &#8222;das Herz des Hauses&#8220; bezeichnet. Wenn man so viel Zeit dort verbringt, erwartet man zumindest, dass sie komfortabel und angenehm ist, ein Raum, in dem man mit seinen Lieben zusammen sein kann, w\u00e4hrend man ein gutes Essen kocht. Daher sind Ausstattung und &hellip; <\/p>\n<p class=\"link-more\"><a href=\"https:\/\/blog.emuca.com\/de\/cat\/lifestyle\/5-ideen-fuer-kuechengeraete-die-den-platz-vervielfachen\/\" class=\"more-link\"><span class=\"screen-reader-text\">\u201e5 Ideen f\u00fcr K\u00fcchenger\u00e4te, die den Platz vervielfachen\u201c<\/span> weiterlesen<\/a><\/p>\n","protected":false},"author":3,"featured_media":25508,"comment_status":"closed","ping_status":"closed","sticky":false,"template":"","format":"standard","meta":{"footnotes":""},"categories":[127,128],"tags":[458,457,1119],"class_list":["post-30390","post","type-post","status-publish","format-standard","has-post-thumbnail","hentry","category-lifestyle","category-tendenzen","tag-emuca-kuchen","tag-kuchengerate","tag-kuchengerate-de","entry"],"yoast_head":"<!-- This site is optimized with the Yoast SEO plugin v24.1 - https:\/\/yoast.com\/wordpress\/plugins\/seo\/ -->\n<title>K\u00fcchenausstattung: 5 unentbehrliche Ger\u00e4te - Emuca Blog<\/title>\n<meta name=\"description\" content=\"Die K\u00fcchenausstattung ist Ihr idealer Verb\u00fcndeter, um Ihren Raum zu vervielfachen und zu optimieren und so seine N\u00fctzlichkeit zu verbessern. \u2714\ufe0f\u2728\" \/>\n<meta name=\"robots\" content=\"index, follow, max-snippet:-1, max-image-preview:large, max-video-preview:-1\" \/>\n<link rel=\"canonical\" href=\"https:\/\/blog.emuca.com\/de\/cat\/lifestyle\/5-ideen-fuer-kuechengeraete-die-den-platz-vervielfachen\/\" \/>\n<meta property=\"og:locale\" content=\"de_DE\" \/>\n<meta property=\"og:type\" content=\"article\" \/>\n<meta property=\"og:title\" content=\"K\u00fcchenausstattung: 5 unentbehrliche Ger\u00e4te - Emuca Blog\" \/>\n<meta property=\"og:description\" content=\"Die K\u00fcchenausstattung ist Ihr idealer Verb\u00fcndeter, um Ihren Raum zu vervielfachen und zu optimieren und so seine N\u00fctzlichkeit zu verbessern. \u2714\ufe0f\u2728\" \/>\n<meta property=\"og:url\" content=\"https:\/\/blog.emuca.com\/de\/cat\/lifestyle\/5-ideen-fuer-kuechengeraete-die-den-platz-vervielfachen\/\" \/>\n<meta property=\"og:site_name\" content=\"Emuca blog\" \/>\n<meta property=\"article:publisher\" content=\"https:\/\/www.facebook.com\/EmucaGroup\" \/>\n<meta property=\"article:published_time\" content=\"2022-03-15T11:19:24+00:00\" \/>\n<meta property=\"article:modified_time\" content=\"2022-05-04T09:18:28+00:00\" \/>\n<meta property=\"og:image\" content=\"https:\/\/blog.emuca.com\/wp-content\/uploads\/2021\/12\/Diseno-sin-titulo-9.jpg\" \/>\n\t<meta property=\"og:image:width\" content=\"900\" \/>\n\t<meta property=\"og:image:height\" content=\"500\" \/>\n\t<meta property=\"og:image:type\" content=\"image\/jpeg\" \/>\n<meta name=\"author\" content=\"Jes\u00fas\" \/>\n<meta name=\"twitter:card\" content=\"summary_large_image\" \/>\n<meta name=\"twitter:label1\" content=\"Verfasst von\" \/>\n\t<meta name=\"twitter:data1\" content=\"Jes\u00fas\" \/>\n\t<meta name=\"twitter:label2\" content=\"Gesch\u00e4tzte Lesezeit\" \/>\n\t<meta name=\"twitter:data2\" content=\"5\u00a0Minuten\" \/>\n<script type=\"application\/ld+json\" class=\"yoast-schema-graph\">{\"@context\":\"https:\/\/schema.org\",\"@graph\":[{\"@type\":\"Article\",\"@id\":\"https:\/\/blog.emuca.com\/de\/cat\/lifestyle\/5-ideen-fuer-kuechengeraete-die-den-platz-vervielfachen\/#article\",\"isPartOf\":{\"@id\":\"https:\/\/blog.emuca.com\/de\/cat\/lifestyle\/5-ideen-fuer-kuechengeraete-die-den-platz-vervielfachen\/\"},\"author\":{\"name\":\"Jes\u00fas\",\"@id\":\"https:\/\/blog.emuca.com\/#\/schema\/person\/e2000aac3322e591b53c90f4a386f893\"},\"headline\":\"5 Ideen f\u00fcr K\u00fcchenger\u00e4te, die den Platz vervielfachen\",\"datePublished\":\"2022-03-15T11:19:24+00:00\",\"dateModified\":\"2022-05-04T09:18:28+00:00\",\"mainEntityOfPage\":{\"@id\":\"https:\/\/blog.emuca.com\/de\/cat\/lifestyle\/5-ideen-fuer-kuechengeraete-die-den-platz-vervielfachen\/\"},\"wordCount\":938,\"publisher\":{\"@id\":\"https:\/\/blog.emuca.com\/#organization\"},\"image\":{\"@id\":\"https:\/\/blog.emuca.com\/de\/cat\/lifestyle\/5-ideen-fuer-kuechengeraete-die-den-platz-vervielfachen\/#primaryimage\"},\"thumbnailUrl\":\"https:\/\/blog.emuca.com\/wp-content\/uploads\/2021\/12\/Diseno-sin-titulo-9.jpg\",\"keywords\":[\"emuca-K\u00fcchen\",\"K\u00fcchenger\u00e4te\",\"K\u00fcchenger\u00e4te\"],\"articleSection\":[\"Lifestyle\",\"Tendenzen\"],\"inLanguage\":\"de\"},{\"@type\":\"WebPage\",\"@id\":\"https:\/\/blog.emuca.com\/de\/cat\/lifestyle\/5-ideen-fuer-kuechengeraete-die-den-platz-vervielfachen\/\",\"url\":\"https:\/\/blog.emuca.com\/de\/cat\/lifestyle\/5-ideen-fuer-kuechengeraete-die-den-platz-vervielfachen\/\",\"name\":\"K\u00fcchenausstattung: 5 unentbehrliche Ger\u00e4te - Emuca Blog\",\"isPartOf\":{\"@id\":\"https:\/\/blog.emuca.com\/#website\"},\"primaryImageOfPage\":{\"@id\":\"https:\/\/blog.emuca.com\/de\/cat\/lifestyle\/5-ideen-fuer-kuechengeraete-die-den-platz-vervielfachen\/#primaryimage\"},\"image\":{\"@id\":\"https:\/\/blog.emuca.com\/de\/cat\/lifestyle\/5-ideen-fuer-kuechengeraete-die-den-platz-vervielfachen\/#primaryimage\"},\"thumbnailUrl\":\"https:\/\/blog.emuca.com\/wp-content\/uploads\/2021\/12\/Diseno-sin-titulo-9.jpg\",\"datePublished\":\"2022-03-15T11:19:24+00:00\",\"dateModified\":\"2022-05-04T09:18:28+00:00\",\"description\":\"Die K\u00fcchenausstattung ist Ihr idealer Verb\u00fcndeter, um Ihren Raum zu vervielfachen und zu optimieren und so seine N\u00fctzlichkeit zu verbessern. \u2714\ufe0f\u2728\",\"inLanguage\":\"de\",\"potentialAction\":[{\"@type\":\"ReadAction\",\"target\":[\"https:\/\/blog.emuca.com\/de\/cat\/lifestyle\/5-ideen-fuer-kuechengeraete-die-den-platz-vervielfachen\/\"]}]},{\"@type\":\"ImageObject\",\"inLanguage\":\"de\",\"@id\":\"https:\/\/blog.emuca.com\/de\/cat\/lifestyle\/5-ideen-fuer-kuechengeraete-die-den-platz-vervielfachen\/#primaryimage\",\"url\":\"https:\/\/blog.emuca.com\/wp-content\/uploads\/2021\/12\/Diseno-sin-titulo-9.jpg\",\"contentUrl\":\"https:\/\/blog.emuca.com\/wp-content\/uploads\/2021\/12\/Diseno-sin-titulo-9.jpg\",\"width\":900,\"height\":500},{\"@type\":\"WebSite\",\"@id\":\"https:\/\/blog.emuca.com\/#website\",\"url\":\"https:\/\/blog.emuca.com\/\",\"name\":\"Emuca blog\",\"description\":\"\",\"publisher\":{\"@id\":\"https:\/\/blog.emuca.com\/#organization\"},\"potentialAction\":[{\"@type\":\"SearchAction\",\"target\":{\"@type\":\"EntryPoint\",\"urlTemplate\":\"https:\/\/blog.emuca.com\/?s={search_term_string}\"},\"query-input\":{\"@type\":\"PropertyValueSpecification\",\"valueRequired\":true,\"valueName\":\"search_term_string\"}}],\"inLanguage\":\"de\"},{\"@type\":\"Organization\",\"@id\":\"https:\/\/blog.emuca.com\/#organization\",\"name\":\"emuca\",\"url\":\"https:\/\/blog.emuca.com\/\",\"logo\":{\"@type\":\"ImageObject\",\"inLanguage\":\"de\",\"@id\":\"https:\/\/blog.emuca.com\/#\/schema\/logo\/image\/\",\"url\":\"https:\/\/blog.emuca.com\/wp-content\/uploads\/2024\/05\/cropped-logo-emuca-menu.png\",\"contentUrl\":\"https:\/\/blog.emuca.com\/wp-content\/uploads\/2024\/05\/cropped-logo-emuca-menu.png\",\"width\":190,\"height\":190,\"caption\":\"emuca\"},\"image\":{\"@id\":\"https:\/\/blog.emuca.com\/#\/schema\/logo\/image\/\"},\"sameAs\":[\"https:\/\/www.facebook.com\/EmucaGroup\"]},{\"@type\":\"Person\",\"@id\":\"https:\/\/blog.emuca.com\/#\/schema\/person\/e2000aac3322e591b53c90f4a386f893\",\"name\":\"Jes\u00fas\",\"url\":\"https:\/\/blog.emuca.com\/de\/cat\/author\/jesus_redactor\/\"}]}<\/script>\n<!-- \/ Yoast SEO plugin. -->","yoast_head_json":{"title":"K\u00fcchenausstattung: 5 unentbehrliche Ger\u00e4te - Emuca Blog","description":"Die K\u00fcchenausstattung ist Ihr idealer Verb\u00fcndeter, um Ihren Raum zu vervielfachen und zu optimieren und so seine N\u00fctzlichkeit zu verbessern. \u2714\ufe0f\u2728","robots":{"index":"index","follow":"follow","max-snippet":"max-snippet:-1","max-image-preview":"max-image-preview:large","max-video-preview":"max-video-preview:-1"},"canonical":"https:\/\/blog.emuca.com\/de\/cat\/lifestyle\/5-ideen-fuer-kuechengeraete-die-den-platz-vervielfachen\/","og_locale":"de_DE","og_type":"article","og_title":"K\u00fcchenausstattung: 5 unentbehrliche Ger\u00e4te - Emuca Blog","og_description":"Die K\u00fcchenausstattung ist Ihr idealer Verb\u00fcndeter, um Ihren Raum zu vervielfachen und zu optimieren und so seine N\u00fctzlichkeit zu verbessern. \u2714\ufe0f\u2728","og_url":"https:\/\/blog.emuca.com\/de\/cat\/lifestyle\/5-ideen-fuer-kuechengeraete-die-den-platz-vervielfachen\/","og_site_name":"Emuca blog","article_publisher":"https:\/\/www.facebook.com\/EmucaGroup","article_published_time":"2022-03-15T11:19:24+00:00","article_modified_time":"2022-05-04T09:18:28+00:00","og_image":[{"width":900,"height":500,"url":"https:\/\/blog.emuca.com\/wp-content\/uploads\/2021\/12\/Diseno-sin-titulo-9.jpg","type":"image\/jpeg"}],"author":"Jes\u00fas","twitter_card":"summary_large_image","twitter_misc":{"Verfasst von":"Jes\u00fas","Gesch\u00e4tzte Lesezeit":"5\u00a0Minuten"},"schema":{"@context":"https:\/\/schema.org","@graph":[{"@type":"Article","@id":"https:\/\/blog.emuca.com\/de\/cat\/lifestyle\/5-ideen-fuer-kuechengeraete-die-den-platz-vervielfachen\/#article","isPartOf":{"@id":"https:\/\/blog.emuca.com\/de\/cat\/lifestyle\/5-ideen-fuer-kuechengeraete-die-den-platz-vervielfachen\/"},"author":{"name":"Jes\u00fas","@id":"https:\/\/blog.emuca.com\/#\/schema\/person\/e2000aac3322e591b53c90f4a386f893"},"headline":"5 Ideen f\u00fcr K\u00fcchenger\u00e4te, die den Platz vervielfachen","datePublished":"2022-03-15T11:19:24+00:00","dateModified":"2022-05-04T09:18:28+00:00","mainEntityOfPage":{"@id":"https:\/\/blog.emuca.com\/de\/cat\/lifestyle\/5-ideen-fuer-kuechengeraete-die-den-platz-vervielfachen\/"},"wordCount":938,"publisher":{"@id":"https:\/\/blog.emuca.com\/#organization"},"image":{"@id":"https:\/\/blog.emuca.com\/de\/cat\/lifestyle\/5-ideen-fuer-kuechengeraete-die-den-platz-vervielfachen\/#primaryimage"},"thumbnailUrl":"https:\/\/blog.emuca.com\/wp-content\/uploads\/2021\/12\/Diseno-sin-titulo-9.jpg","keywords":["emuca-K\u00fcchen","K\u00fcchenger\u00e4te","K\u00fcchenger\u00e4te"],"articleSection":["Lifestyle","Tendenzen"],"inLanguage":"de"},{"@type":"WebPage","@id":"https:\/\/blog.emuca.com\/de\/cat\/lifestyle\/5-ideen-fuer-kuechengeraete-die-den-platz-vervielfachen\/","url":"https:\/\/blog.emuca.com\/de\/cat\/lifestyle\/5-ideen-fuer-kuechengeraete-die-den-platz-vervielfachen\/","name":"K\u00fcchenausstattung: 5 unentbehrliche Ger\u00e4te - Emuca Blog","isPartOf":{"@id":"https:\/\/blog.emuca.com\/#website"},"primaryImageOfPage":{"@id":"https:\/\/blog.emuca.com\/de\/cat\/lifestyle\/5-ideen-fuer-kuechengeraete-die-den-platz-vervielfachen\/#primaryimage"},"image":{"@id":"https:\/\/blog.emuca.com\/de\/cat\/lifestyle\/5-ideen-fuer-kuechengeraete-die-den-platz-vervielfachen\/#primaryimage"},"thumbnailUrl":"https:\/\/blog.emuca.com\/wp-content\/uploads\/2021\/12\/Diseno-sin-titulo-9.jpg","datePublished":"2022-03-15T11:19:24+00:00","dateModified":"2022-05-04T09:18:28+00:00","description":"Die K\u00fcchenausstattung ist Ihr idealer Verb\u00fcndeter, um Ihren Raum zu vervielfachen und zu optimieren und so seine N\u00fctzlichkeit zu verbessern. \u2714\ufe0f\u2728","inLanguage":"de","potentialAction":[{"@type":"ReadAction","target":["https:\/\/blog.emuca.com\/de\/cat\/lifestyle\/5-ideen-fuer-kuechengeraete-die-den-platz-vervielfachen\/"]}]},{"@type":"ImageObject","inLanguage":"de","@id":"https:\/\/blog.emuca.com\/de\/cat\/lifestyle\/5-ideen-fuer-kuechengeraete-die-den-platz-vervielfachen\/#primaryimage","url":"https:\/\/blog.emuca.com\/wp-content\/uploads\/2021\/12\/Diseno-sin-titulo-9.jpg","contentUrl":"https:\/\/blog.emuca.com\/wp-content\/uploads\/2021\/12\/Diseno-sin-titulo-9.jpg","width":900,"height":500},{"@type":"WebSite","@id":"https:\/\/blog.emuca.com\/#website","url":"https:\/\/blog.emuca.com\/","name":"Emuca blog","description":"","publisher":{"@id":"https:\/\/blog.emuca.com\/#organization"},"potentialAction":[{"@type":"SearchAction","target":{"@type":"EntryPoint","urlTemplate":"https:\/\/blog.emuca.com\/?s={search_term_string}"},"query-input":{"@type":"PropertyValueSpecification","valueRequired":true,"valueName":"search_term_string"}}],"inLanguage":"de"},{"@type":"Organization","@id":"https:\/\/blog.emuca.com\/#organization","name":"emuca","url":"https:\/\/blog.emuca.com\/","logo":{"@type":"ImageObject","inLanguage":"de","@id":"https:\/\/blog.emuca.com\/#\/schema\/logo\/image\/","url":"https:\/\/blog.emuca.com\/wp-content\/uploads\/2024\/05\/cropped-logo-emuca-menu.png","contentUrl":"https:\/\/blog.emuca.com\/wp-content\/uploads\/2024\/05\/cropped-logo-emuca-menu.png","width":190,"height":190,"caption":"emuca"},"image":{"@id":"https:\/\/blog.emuca.com\/#\/schema\/logo\/image\/"},"sameAs":["https:\/\/www.facebook.com\/EmucaGroup"]},{"@type":"Person","@id":"https:\/\/blog.emuca.com\/#\/schema\/person\/e2000aac3322e591b53c90f4a386f893","name":"Jes\u00fas","url":"https:\/\/blog.emuca.com\/de\/cat\/author\/jesus_redactor\/"}]}},"_links":{"self":[{"href":"https:\/\/blog.emuca.com\/de\/wp-json\/wp\/v2\/posts\/30390"}],"collection":[{"href":"https:\/\/blog.emuca.com\/de\/wp-json\/wp\/v2\/posts"}],"about":[{"href":"https:\/\/blog.emuca.com\/de\/wp-json\/wp\/v2\/types\/post"}],"author":[{"embeddable":true,"href":"https:\/\/blog.emuca.com\/de\/wp-json\/wp\/v2\/users\/3"}],"replies":[{"embeddable":true,"href":"https:\/\/blog.emuca.com\/de\/wp-json\/wp\/v2\/comments?post=30390"}],"version-history":[{"count":1,"href":"https:\/\/blog.emuca.com\/de\/wp-json\/wp\/v2\/posts\/30390\/revisions"}],"predecessor-version":[{"id":30391,"href":"https:\/\/blog.emuca.com\/de\/wp-json\/wp\/v2\/posts\/30390\/revisions\/30391"}],"wp:featuredmedia":[{"embeddable":true,"href":"https:\/\/blog.emuca.com\/de\/wp-json\/wp\/v2\/media\/25508"}],"wp:attachment":[{"href":"https:\/\/blog.emuca.com\/de\/wp-json\/wp\/v2\/media?parent=30390"}],"wp:term":[{"taxonomy":"category","embeddable":true,"href":"https:\/\/blog.emuca.com\/de\/wp-json\/wp\/v2\/categories?post=30390"},{"taxonomy":"post_tag","embeddable":true,"href":"https:\/\/blog.emuca.com\/de\/wp-json\/wp\/v2\/tags?post=30390"}],"curies":[{"name":"wp","href":"https:\/\/api.w.org\/{rel}","templated":true}]}}