{"id":22384,"date":"2021-11-03T13:27:13","date_gmt":"2021-11-03T12:27:13","guid":{"rendered":"http:\/\/blogs.emuca.com\/nblog\/cat\/unkategorisiert\/kuechenausstattung-schluessel-zur-richtigen-wahl\/"},"modified":"2022-05-04T11:18:31","modified_gmt":"2022-05-04T09:18:31","slug":"kuechenausstattung-schluessel-zur-richtigen-wahl","status":"publish","type":"post","link":"https:\/\/blog.emuca.com\/de\/cat\/lifestyle\/kuechenausstattung-schluessel-zur-richtigen-wahl\/","title":{"rendered":"K\u00fcchenausstattung: Schl\u00fcssel zur richtigen Wahl"},"content":{"rendered":"\t\t<div data-elementor-type=\"wp-post\" data-elementor-id=\"22384\" class=\"elementor elementor-22384 elementor-20293\" data-elementor-post-type=\"post\">\n\t\t\t\t\t\t<section class=\"elementor-section elementor-top-section elementor-element elementor-element-7fc5097a elementor-section-boxed elementor-section-height-default elementor-section-height-default\" data-id=\"7fc5097a\" data-element_type=\"section\">\n\t\t\t\t\t\t<div class=\"elementor-container elementor-column-gap-default\">\n\t\t\t\t\t<div class=\"elementor-column elementor-col-100 elementor-top-column elementor-element elementor-element-7a03a892\" data-id=\"7a03a892\" data-element_type=\"column\">\n\t\t\t<div class=\"elementor-widget-wrap elementor-element-populated\">\n\t\t\t\t\t\t<div class=\"elementor-element elementor-element-56e48b23 elementor-widget elementor-widget-text-editor\" data-id=\"56e48b23\" data-element_type=\"widget\" data-widget_type=\"text-editor.default\">\n\t\t\t\t<div class=\"elementor-widget-container\">\n\t\t\t\t\t\t\t<p><span style=\"font-weight: 400;\">Wenn Sie mit der Suche nach <\/span><b>K\u00fcchenger\u00e4ten <\/b><span style=\"font-weight: 400;\">beginnen, haben Sie vielleicht Fragen, wie Sie am besten vorgehen sollen.<\/span><\/p>\n<p><span style=\"font-weight: 400;\">Was brauche ich wirklich und wie w\u00e4hle ich das am besten geeignete Produkt aus? Sie m\u00fcssen das Gleichgewicht zwischen Komfort, Zweckm\u00e4\u00dfigkeit und Langlebigkeit finden. Machen Sie sich keine Sorgen: Wir <\/span><b>von <\/b><a href=\"https:\/\/www.emuca.es\"><b>Emuca <\/b><\/a><b>helfen Ihnen, Ihre K\u00fcche zu dem Ort zu machen, von dem Sie und Ihre Familie tr\u00e4umen.<\/b><\/p>\n<h2><b>Leitlinien f\u00fcr die beste K\u00fcchenausstattung<\/b><\/h2>\n<p><span style=\"font-weight: 400;\">Bevor Sie \u00fcber die Wahl der <\/span><b>besten K\u00fcchenger\u00e4te <\/b><span style=\"font-weight: 400;\">nachdenken, sollten Sie einige Aspekte in Betracht ziehen.<\/span><\/p>\n<p><span style=\"font-weight: 400;\">Dies sind die Grundlagen, die Ihnen einen <\/span><b>guten Fahrplan f\u00fcr Ihr weiteres Vorgehen <\/b><span style=\"font-weight: 400;\">geben<\/span><b>. <\/b><span style=\"font-weight: 400;\">Sobald Sie sich dar\u00fcber im Klaren sind, k\u00f6nnen Sie dar\u00fcber nachdenken, welche Art von <\/span><b>\u00c4sthetik <\/b><span style=\"font-weight: 400;\">Sie in diesem Raum suchen. Wir lassen Sie mit den 3 wichtigsten Aspekten der K\u00fcchenausstattung allein.<\/span><\/p>\n<h3><b>Material<\/b><\/h3>\n<p><span style=\"font-weight: 400;\">Das Material, das Sie in Ihrer K\u00fcche verwenden, sollte so gew\u00e4hlt werden, dass es <\/span><b>st\u00e4ndig mit Feuchtigkeit in Ber\u00fchrung kommt.<\/b><\/p>\n<p><span style=\"font-weight: 400;\">Vermeiden Sie durchl\u00e4ssige Materialien und w\u00e4hlen Sie stattdessen <\/span><b>Kunststoffe<\/b><span style=\"font-weight: 400;\">. Denken Sie daran, dass es heute Tausende solcher Optionen gibt, die viel l\u00e4nger halten und jahrelang wie neu aussehen.<\/span><\/p>\n<h3><b>Weltraum<\/b><\/h3>\n<p><span style=\"font-weight: 400;\">Der Platz ist entscheidend f\u00fcr die Wahl der <\/span><b>K\u00fcchenausstattung<\/b><span style=\"font-weight: 400;\">.<\/span><\/p>\n<p><span style=\"font-weight: 400;\">Auch wenn Sie gen\u00fcgend Platz in Ihrer K\u00fcche haben, sind <\/span><b>Klapptische, Innenregale <\/b><span style=\"font-weight: 400;\">und \u00e4hnliche M\u00f6bel zu empfehlen, die Ihnen mehr Bewegungsfreiheit garantieren.<\/span><\/p>\n<h3><b>Vielseitigkeit<\/b><\/h3>\n<p><span style=\"font-weight: 400;\">Die Wahl von Elementen, die <\/span><b>verschiedene <\/b><span style=\"font-weight: 400;\">Funktionen <\/span><b>erf\u00fcllen <\/b><span style=\"font-weight: 400;\">oder leicht umgestellt werden k\u00f6nnen, ist eine kluge Entscheidung, wenn es um die K\u00fcchenausstattung geht.<\/span><\/p>\n<p><span style=\"font-weight: 400;\">So k\u00f6nnen Sie den <\/span><b>Raum optimal nutzen <\/b><span style=\"font-weight: 400;\">und vermeiden, dass er mit M\u00f6beln \u00fcberf\u00fcllt ist.<\/span><\/p>\n<h2><b>Die wichtigsten Produkte von Emuca f\u00fcr die K\u00fcchenausstattung<\/b><\/h2>\n<p><span style=\"font-weight: 400;\">Wir stellen Ihnen die Produkte vor, die von den Nutzern aufgrund ihrer N\u00fctzlichkeit und ihres Wertes in der <\/span><b>K\u00fcchenausstattung <\/b><span style=\"font-weight: 400;\">am meisten gesch\u00e4tzt werden.<\/span><\/p>\n<p><a href=\"https:\/\/www.emuca.es\"><span style=\"font-weight: 400;\">Emuca <\/span><\/a><span style=\"font-weight: 400;\">bietet Ihnen nicht nur eine bequeme Website f\u00fcr den Kauf ihrer Produkte: sie gibt Ihnen auch alle Garantien in Lieferungen, schnell, effizient und mit all der Qualit\u00e4t. Hier sind einige der herausragendsten <\/span><b>L\u00f6sungen f\u00fcr K\u00fcchen<\/b><span style=\"font-weight: 400;\">:<\/span><\/p>\n<h3><a href=\"https:\/\/www.emuca.es\/cocina\/mesas-extensibles-de-cocina\/mesas-extensibles\/mesa-extensible-y-elevable-opla-top\/emuca-mesa-extensible-y-elevable-opla-top-para-cocina-aluminio-anonizado-inox\"><b>Opla Top Auszieh- und Aufstelltisch<\/b><\/a><\/h3>\n<p><span style=\"font-weight: 400;\">Dieser Arbeitstisch ist sehr <\/span><b>praktisch f\u00fcr jeden Koch<\/b><span style=\"font-weight: 400;\">.<\/span><\/p>\n<p><span style=\"font-weight: 400;\">Stellen Sie sich vor, Sie \u00f6ffnen eine Schublade und haben eine ganze Arbeitsfl\u00e4che, die genug Halt bietet, um <\/span><b>bequem zu kochen<\/b><span style=\"font-weight: 400;\">. Er besteht aus eloxiertem Aluminium, ist also sehr widerstandsf\u00e4hig und wird Ihnen viel Platz in der K\u00fcche sparen<\/span><b>, <\/b><span style=\"font-weight: 400;\">ganz zu schweigen von seinem <\/span><b>eleganten Design<\/b><span style=\"font-weight: 400;\">, das sich perfekt mit allen Arten von Stilen kombinieren l\u00e4sst.<\/span><\/p>\n\t\t\t\t\t\t<\/div>\n\t\t\t\t<\/div>\n\t\t\t\t<div class=\"elementor-element elementor-element-2b71deb elementor-widget elementor-widget-html\" data-id=\"2b71deb\" data-element_type=\"widget\" data-widget_type=\"html.default\">\n\t\t\t\t<div class=\"elementor-widget-container\">\n\t\t\t<!--HubSpot Call-to-Action Code --><span class=\"hs-cta-wrapper\" id=\"hs-cta-wrapper-8e79eae1-6880-4ea9-8c81-b62b2ecded5c\"><span class=\"hs-cta-node hs-cta-8e79eae1-6880-4ea9-8c81-b62b2ecded5c\" id=\"hs-cta-8e79eae1-6880-4ea9-8c81-b62b2ecded5c\"><!--[if lte IE 8]><div id=\"hs-cta-ie-element\"><\/div><![endif]--><a href=\"https:\/\/cta-redirect.hubspot.com\/cta\/redirect\/4071763\/8e79eae1-6880-4ea9-8c81-b62b2ecded5c\" target=\"_blank\" rel=\"noopener\"><img fetchpriority=\"high\" decoding=\"async\" class=\"hs-cta-img\" id=\"hs-cta-img-8e79eae1-6880-4ea9-8c81-b62b2ecded5c\" style=\"border-width:0px;\" height=\"458\" width=\"1175\" src=\"https:\/\/no-cache.hubspot.com\/cta\/default\/4071763\/8e79eae1-6880-4ea9-8c81-b62b2ecded5c.png\"  alt=\"Nueva llamada a la acci\u00f3n\"\/><\/a><\/span><script charset=\"utf-8\" src=\"https:\/\/js.hscta.net\/cta\/current.js\"><\/script><script type=\"text\/javascript\"> hbspt.cta.load(4071763, '8e79eae1-6880-4ea9-8c81-b62b2ecded5c', {\"useNewLoader\":\"true\",\"region\":\"na1\"}); <\/script><\/span><!-- end HubSpot Call-to-Action Code -->\t\t<\/div>\n\t\t\t\t<\/div>\n\t\t\t\t<div class=\"elementor-element elementor-element-07cdf67 elementor-widget elementor-widget-text-editor\" data-id=\"07cdf67\" data-element_type=\"widget\" data-widget_type=\"text-editor.default\">\n\t\t\t\t<div class=\"elementor-widget-container\">\n\t\t\t\t\t\t\t<h3><a href=\"https:\/\/www.emuca.es\/cocina\/almacenaje-cocina\/accesorios-titane-para-montar-en-la-pared\/ganchos-para-colgar-titane\/ganchos-para-colgar-titane-8965235-10-gris-antracita\"><b>Titane Wandhaken f\u00fcr h\u00e4ngende Accessoires<\/b><\/a><\/h3>\n<p><span style=\"font-weight: 400;\">Sie sind klein und extrem widerstandsf\u00e4hig. Aber vor allem <\/span><b>halten <\/b><span style=\"font-weight: 400;\">sie <\/span><b>alle wichtigen Utensilien in Reichweite.<\/b><\/p>\n<p><span style=\"font-weight: 400;\">Diese Stahlhaken tragen <\/span><b>das Gewicht sehr gut <\/b><span style=\"font-weight: 400;\">und erm\u00f6glichen es Ihnen, alles, was Sie brauchen, griffbereit zu haben. Au\u00dferdem ist es bei K\u00fcchenutensilien immer besser, sie an einem bel\u00fcfteten Ort aufzubewahren, wo sie nicht der Feuchtigkeit ausgesetzt sind.<\/span><\/p>\n\t\t\t\t\t\t<\/div>\n\t\t\t\t<\/div>\n\t\t\t\t<div class=\"elementor-element elementor-element-77c7aed elementor-widget elementor-widget-image\" data-id=\"77c7aed\" data-element_type=\"widget\" data-widget_type=\"image.default\">\n\t\t\t\t<div class=\"elementor-widget-container\">\n\t\t\t\t\t\t\t\t\t\t\t\t\t<img decoding=\"async\" width=\"640\" height=\"640\" src=\"https:\/\/blog.emuca.com\/wp-content\/uploads\/2021\/08\/titane-1024x1024.jpg\" class=\"attachment-large size-large wp-image-20713\" alt=\"\" srcset=\"https:\/\/blog.emuca.com\/wp-content\/uploads\/2021\/08\/titane-1024x1024.jpg 1024w, https:\/\/blog.emuca.com\/wp-content\/uploads\/2021\/08\/titane-300x300.jpg 300w, https:\/\/blog.emuca.com\/wp-content\/uploads\/2021\/08\/titane-150x150.jpg 150w, https:\/\/blog.emuca.com\/wp-content\/uploads\/2021\/08\/titane-768x768.jpg 768w, https:\/\/blog.emuca.com\/wp-content\/uploads\/2021\/08\/titane.jpg 1080w\" sizes=\"(max-width: 34.9rem) calc(100vw - 2rem), (max-width: 53rem) calc(8 * (100vw \/ 12)), (min-width: 53rem) calc(6 * (100vw \/ 12)), 100vw\" \/>\t\t\t\t\t\t\t\t\t\t\t\t\t<\/div>\n\t\t\t\t<\/div>\n\t\t\t\t<div class=\"elementor-element elementor-element-e46dbd0 elementor-widget elementor-widget-text-editor\" data-id=\"e46dbd0\" data-element_type=\"widget\" data-widget_type=\"text-editor.default\">\n\t\t\t\t<div class=\"elementor-widget-container\">\n\t\t\t\t\t\t\t<h3><a href=\"https:\/\/www.emuca.es\/cocina\/almacenaje-cocina\/sistema-titane\/sistema-extraible-de-rincon-titane\/sistema-extraible-de-rincon-titane-8944335-1-gris-antracita\"><b>Eckauszugssystem Titane Anthrazitgrau<\/b><\/a><\/h3>\n<p><span style=\"font-weight: 400;\">Wir wissen, wie schwierig es ist, in geschlossenen Modulen Ordnung zu halten, deshalb ist dieses System f\u00fcr die <\/span><b>K\u00fcchenausstattung <\/b><span style=\"font-weight: 400;\">unerl\u00e4sslich<\/span><b>.<\/b><\/p>\n<p><span style=\"font-weight: 400;\">Einerseits bietet er Ihnen eine <\/span><b>sehr komfortable Struktur, um all Ihre Dinge zu organisieren<\/b><span style=\"font-weight: 400;\">, andererseits ist er zum Reinigen leicht zu entfernen und seine Stahlstruktur garantiert Qualit\u00e4t und Langlebigkeit.<\/span><\/p>\n<h3><a href=\"https:\/\/www.emuca.es\/cocina\/almacenaje-cocina\/sistema-supra\/columna-extraible-para-puerta-con-bisagras\/columna-extraible-para-puerta-con-bisagras-8936111-1-cromado\"><b>Auszugss\u00e4ule f\u00fcr Fl\u00fcgelt\u00fcr Verchromt<\/b><\/a><\/h3>\n<p><span style=\"font-weight: 400;\">Sie haben sicher schon bemerkt, dass wir den <\/span><b>Strukturen <\/b><span style=\"font-weight: 400;\">f\u00fcr geschlossene M\u00f6bel gro\u00dfe Bedeutung beimessen.<\/span><\/p>\n<p><span style=\"font-weight: 400;\">Ja, sie sind der Schl\u00fcssel, und es ist leicht zu verstehen, warum: Haben Sie noch nie etwas vergessen, das auf der R\u00fcckseite Ihres verschlossenen Regals vergessen wurde? Wir wissen, dass Sie das haben, und deshalb <\/span><b>haben wir die Auszugsstrukturen entwickelt<\/b><span style=\"font-weight: 400;\">, mit denen Ihnen das nie wieder passieren kann.<\/span><\/p>\n<h3><a href=\"https:\/\/www.emuca.es\/cocina\/almacenaje-cocina\/sistema-shelvo\/juego-de-bandejas-circulares-shelvo\/juego-de-bandejas-circulares-shelvo-8929015-1-800-710-plastico-blanco\"><b>Shelvo Rundes Tablett Set Kunststoff Wei\u00df<\/b><\/a><\/h3>\n<p><span style=\"font-weight: 400;\">Wir sind immer auf der Suche nach M\u00f6glichkeiten, unsere Dinge in der <\/span><b>Ecke M\u00f6bel zu <\/b><span style=\"font-weight: 400;\">organisieren, das ist, warum diese Tabletts sind sehr praktisch, um Ihre Produkte unterzubringen.<\/span><\/p>\n<p><span style=\"font-weight: 400;\">Sie erm\u00f6glichen es Ihnen, <\/span><b>den Platz im Schrank optimal zu nutzen <\/b><span style=\"font-weight: 400;\">und alle Utensilien griffbereit zu haben. Sie sind sehr praktisch.<\/span><\/p>\n\t\t\t\t\t\t<\/div>\n\t\t\t\t<\/div>\n\t\t\t\t<div class=\"elementor-element elementor-element-691e794 elementor-widget elementor-widget-image\" data-id=\"691e794\" data-element_type=\"widget\" data-widget_type=\"image.default\">\n\t\t\t\t<div class=\"elementor-widget-container\">\n\t\t\t\t\t\t\t\t\t\t\t\t\t<img decoding=\"async\" width=\"640\" height=\"616\" src=\"https:\/\/blog.emuca.com\/wp-content\/uploads\/2021\/08\/shelvo.jpg\" class=\"attachment-large size-large wp-image-20721\" alt=\"\" srcset=\"https:\/\/blog.emuca.com\/wp-content\/uploads\/2021\/08\/shelvo.jpg 783w, https:\/\/blog.emuca.com\/wp-content\/uploads\/2021\/08\/shelvo-300x289.jpg 300w, https:\/\/blog.emuca.com\/wp-content\/uploads\/2021\/08\/shelvo-768x740.jpg 768w\" sizes=\"(max-width: 34.9rem) calc(100vw - 2rem), (max-width: 53rem) calc(8 * (100vw \/ 12)), (min-width: 53rem) calc(6 * (100vw \/ 12)), 100vw\" \/>\t\t\t\t\t\t\t\t\t\t\t\t\t<\/div>\n\t\t\t\t<\/div>\n\t\t\t\t<div class=\"elementor-element elementor-element-4267238 elementor-widget elementor-widget-text-editor\" data-id=\"4267238\" data-element_type=\"widget\" data-widget_type=\"text-editor.default\">\n\t\t\t\t<div class=\"elementor-widget-container\">\n\t\t\t\t\t\t\t<h3><a href=\"https:\/\/www.emuca.es\/cocina\/almacenaje-cocina\/accesorios-titane-para-montar-en-la-pared\/emuca-estante-para-tarros-de-especies-titane\/emuca-estante-para-tarros-de-especias-para-colgar-acero-gris-antracita\"><b>Ein weiteres Detail der K\u00fcchenausstattung: H\u00e4ngeregal f\u00fcr Gew\u00fcrzdosen<\/b><\/a><\/h3>\n<p><span style=\"font-weight: 400;\">Dieses Regal ist super n\u00fctzlich, um Ihre <\/span><b>Gew\u00fcrze an einem sichtbaren Ort und in Reichweite zu <\/b><span style=\"font-weight: 400;\">haben<\/span><b>. <\/b><span style=\"font-weight: 400;\">Da es aus Stahl gefertigt ist, ist es extrem widerstandsf\u00e4hig und hat eine sehr elegante Farbe. Das Beste an diesem Regal ist, dass Sie es nur an der gew\u00fcnschten Stelle einh\u00e4ngen m\u00fcssen, so dass Sie es leicht verschieben oder bei Bedarf reinigen k\u00f6nnen.<\/span><\/p>\n<p><span style=\"font-weight: 400;\">Diese Liste ist nur ein kleiner Teil dessen, was <\/span><b>Emuca <\/b><span style=\"font-weight: 400;\">Ihnen an K\u00fcchenger\u00e4ten bietet. Alle diese Produkte werden aus den besten Materialien hergestellt, sind so konzipiert, dass sie Sie jahrelang begleiten und Ihren h\u00f6chsten Anspr\u00fcchen gen\u00fcgen. <\/span><b>Geben Sie sich nicht mit weniger zufrieden! Ihre Familie verdient nur das Beste und Emuca steht f\u00fcr Qualit\u00e4t, <\/b><span style=\"font-weight: 400;\">also worauf warten Sie noch? Kommen Sie und schaffen Sie einen Raum der Begegnung in Ihrer K\u00fcche!<\/span><\/p>\n\t\t\t\t\t\t<\/div>\n\t\t\t\t<\/div>\n\t\t\t\t\t<\/div>\n\t\t<\/div>\n\t\t\t\t\t<\/div>\n\t\t<\/section>\n\t\t\t\t<\/div>\n\t\t","protected":false},"excerpt":{"rendered":"<p>Wenn Sie mit der Suche nach K\u00fcchenger\u00e4ten beginnen, haben Sie vielleicht Fragen, wie Sie am besten vorgehen sollen. Was brauche ich wirklich und wie w\u00e4hle ich das am besten geeignete Produkt aus? Sie m\u00fcssen das Gleichgewicht zwischen Komfort, Zweckm\u00e4\u00dfigkeit und Langlebigkeit finden. Machen Sie sich keine Sorgen: Wir von Emuca helfen Ihnen, Ihre K\u00fcche zu &hellip; <\/p>\n<p class=\"link-more\"><a href=\"https:\/\/blog.emuca.com\/de\/cat\/lifestyle\/kuechenausstattung-schluessel-zur-richtigen-wahl\/\" class=\"more-link\"><span class=\"screen-reader-text\">\u201eK\u00fcchenausstattung: Schl\u00fcssel zur richtigen Wahl\u201c<\/span> weiterlesen<\/a><\/p>\n","protected":false},"author":3,"featured_media":21237,"comment_status":"closed","ping_status":"closed","sticky":false,"template":"","format":"standard","meta":{"footnotes":""},"categories":[127,128],"tags":[458,457],"class_list":["post-22384","post","type-post","status-publish","format-standard","has-post-thumbnail","hentry","category-lifestyle","category-tendenzen","tag-emuca-kuchen","tag-kuchengerate","entry"],"yoast_head":"<!-- This site is optimized with the Yoast SEO plugin v24.1 - https:\/\/yoast.com\/wordpress\/plugins\/seo\/ -->\n<title>K\u00fcchenausstattung: Schl\u00fcssel zur richtigen Wahl<\/title>\n<meta name=\"description\" content=\"Die K\u00fcche ist das Herzst\u00fcck eines Hauses. Deshalb zeigen wir Ihnen bei Emuca alles, was Sie an modernsten K\u00fcchenger\u00e4ten brauchen.\" \/>\n<meta name=\"robots\" content=\"index, follow, max-snippet:-1, max-image-preview:large, max-video-preview:-1\" \/>\n<link rel=\"canonical\" href=\"https:\/\/blog.emuca.com\/de\/cat\/lifestyle\/kuechenausstattung-schluessel-zur-richtigen-wahl\/\" \/>\n<meta property=\"og:locale\" content=\"de_DE\" \/>\n<meta property=\"og:type\" content=\"article\" \/>\n<meta property=\"og:title\" content=\"K\u00fcchenausstattung: Schl\u00fcssel zur richtigen Wahl\" \/>\n<meta property=\"og:description\" content=\"Die K\u00fcche ist das Herzst\u00fcck eines Hauses. Deshalb zeigen wir Ihnen bei Emuca alles, was Sie an modernsten K\u00fcchenger\u00e4ten brauchen.\" \/>\n<meta property=\"og:url\" content=\"https:\/\/blog.emuca.com\/de\/cat\/lifestyle\/kuechenausstattung-schluessel-zur-richtigen-wahl\/\" \/>\n<meta property=\"og:site_name\" content=\"Emuca blog\" \/>\n<meta property=\"article:publisher\" content=\"https:\/\/www.facebook.com\/EmucaGroup\" \/>\n<meta property=\"article:published_time\" content=\"2021-11-03T12:27:13+00:00\" \/>\n<meta property=\"article:modified_time\" content=\"2022-05-04T09:18:31+00:00\" \/>\n<meta property=\"og:image\" content=\"https:\/\/blog.emuca.com\/wp-content\/uploads\/2021\/08\/Sin-treter1.jpg\" \/>\n\t<meta property=\"og:image:width\" content=\"900\" \/>\n\t<meta property=\"og:image:height\" content=\"500\" \/>\n\t<meta property=\"og:image:type\" content=\"image\/jpeg\" \/>\n<meta name=\"author\" content=\"Jes\u00fas\" \/>\n<meta name=\"twitter:card\" content=\"summary_large_image\" \/>\n<meta name=\"twitter:label1\" content=\"Verfasst von\" \/>\n\t<meta name=\"twitter:data1\" content=\"Jes\u00fas\" \/>\n\t<meta name=\"twitter:label2\" content=\"Gesch\u00e4tzte Lesezeit\" \/>\n\t<meta name=\"twitter:data2\" content=\"4\u00a0Minuten\" \/>\n<script type=\"application\/ld+json\" class=\"yoast-schema-graph\">{\"@context\":\"https:\/\/schema.org\",\"@graph\":[{\"@type\":\"Article\",\"@id\":\"https:\/\/blog.emuca.com\/de\/cat\/lifestyle\/kuechenausstattung-schluessel-zur-richtigen-wahl\/#article\",\"isPartOf\":{\"@id\":\"https:\/\/blog.emuca.com\/de\/cat\/lifestyle\/kuechenausstattung-schluessel-zur-richtigen-wahl\/\"},\"author\":{\"name\":\"Jes\u00fas\",\"@id\":\"https:\/\/blog.emuca.com\/#\/schema\/person\/e2000aac3322e591b53c90f4a386f893\"},\"headline\":\"K\u00fcchenausstattung: Schl\u00fcssel zur richtigen Wahl\",\"datePublished\":\"2021-11-03T12:27:13+00:00\",\"dateModified\":\"2022-05-04T09:18:31+00:00\",\"mainEntityOfPage\":{\"@id\":\"https:\/\/blog.emuca.com\/de\/cat\/lifestyle\/kuechenausstattung-schluessel-zur-richtigen-wahl\/\"},\"wordCount\":857,\"publisher\":{\"@id\":\"https:\/\/blog.emuca.com\/#organization\"},\"image\":{\"@id\":\"https:\/\/blog.emuca.com\/de\/cat\/lifestyle\/kuechenausstattung-schluessel-zur-richtigen-wahl\/#primaryimage\"},\"thumbnailUrl\":\"https:\/\/blog.emuca.com\/wp-content\/uploads\/2021\/08\/Sin-treter1.jpg\",\"keywords\":[\"emuca-K\u00fcchen\",\"K\u00fcchenger\u00e4te\"],\"articleSection\":[\"Lifestyle\",\"Tendenzen\"],\"inLanguage\":\"de\"},{\"@type\":\"WebPage\",\"@id\":\"https:\/\/blog.emuca.com\/de\/cat\/lifestyle\/kuechenausstattung-schluessel-zur-richtigen-wahl\/\",\"url\":\"https:\/\/blog.emuca.com\/de\/cat\/lifestyle\/kuechenausstattung-schluessel-zur-richtigen-wahl\/\",\"name\":\"K\u00fcchenausstattung: Schl\u00fcssel zur richtigen Wahl\",\"isPartOf\":{\"@id\":\"https:\/\/blog.emuca.com\/#website\"},\"primaryImageOfPage\":{\"@id\":\"https:\/\/blog.emuca.com\/de\/cat\/lifestyle\/kuechenausstattung-schluessel-zur-richtigen-wahl\/#primaryimage\"},\"image\":{\"@id\":\"https:\/\/blog.emuca.com\/de\/cat\/lifestyle\/kuechenausstattung-schluessel-zur-richtigen-wahl\/#primaryimage\"},\"thumbnailUrl\":\"https:\/\/blog.emuca.com\/wp-content\/uploads\/2021\/08\/Sin-treter1.jpg\",\"datePublished\":\"2021-11-03T12:27:13+00:00\",\"dateModified\":\"2022-05-04T09:18:31+00:00\",\"description\":\"Die K\u00fcche ist das Herzst\u00fcck eines Hauses. Deshalb zeigen wir Ihnen bei Emuca alles, was Sie an modernsten K\u00fcchenger\u00e4ten brauchen.\",\"inLanguage\":\"de\",\"potentialAction\":[{\"@type\":\"ReadAction\",\"target\":[\"https:\/\/blog.emuca.com\/de\/cat\/lifestyle\/kuechenausstattung-schluessel-zur-richtigen-wahl\/\"]}]},{\"@type\":\"ImageObject\",\"inLanguage\":\"de\",\"@id\":\"https:\/\/blog.emuca.com\/de\/cat\/lifestyle\/kuechenausstattung-schluessel-zur-richtigen-wahl\/#primaryimage\",\"url\":\"https:\/\/blog.emuca.com\/wp-content\/uploads\/2021\/08\/Sin-treter1.jpg\",\"contentUrl\":\"https:\/\/blog.emuca.com\/wp-content\/uploads\/2021\/08\/Sin-treter1.jpg\",\"width\":900,\"height\":500},{\"@type\":\"WebSite\",\"@id\":\"https:\/\/blog.emuca.com\/#website\",\"url\":\"https:\/\/blog.emuca.com\/\",\"name\":\"Emuca blog\",\"description\":\"\",\"publisher\":{\"@id\":\"https:\/\/blog.emuca.com\/#organization\"},\"potentialAction\":[{\"@type\":\"SearchAction\",\"target\":{\"@type\":\"EntryPoint\",\"urlTemplate\":\"https:\/\/blog.emuca.com\/?s={search_term_string}\"},\"query-input\":{\"@type\":\"PropertyValueSpecification\",\"valueRequired\":true,\"valueName\":\"search_term_string\"}}],\"inLanguage\":\"de\"},{\"@type\":\"Organization\",\"@id\":\"https:\/\/blog.emuca.com\/#organization\",\"name\":\"emuca\",\"url\":\"https:\/\/blog.emuca.com\/\",\"logo\":{\"@type\":\"ImageObject\",\"inLanguage\":\"de\",\"@id\":\"https:\/\/blog.emuca.com\/#\/schema\/logo\/image\/\",\"url\":\"https:\/\/blog.emuca.com\/wp-content\/uploads\/2024\/05\/cropped-logo-emuca-menu.png\",\"contentUrl\":\"https:\/\/blog.emuca.com\/wp-content\/uploads\/2024\/05\/cropped-logo-emuca-menu.png\",\"width\":190,\"height\":190,\"caption\":\"emuca\"},\"image\":{\"@id\":\"https:\/\/blog.emuca.com\/#\/schema\/logo\/image\/\"},\"sameAs\":[\"https:\/\/www.facebook.com\/EmucaGroup\"]},{\"@type\":\"Person\",\"@id\":\"https:\/\/blog.emuca.com\/#\/schema\/person\/e2000aac3322e591b53c90f4a386f893\",\"name\":\"Jes\u00fas\",\"url\":\"https:\/\/blog.emuca.com\/de\/cat\/author\/jesus_redactor\/\"}]}<\/script>\n<!-- \/ Yoast SEO plugin. -->","yoast_head_json":{"title":"K\u00fcchenausstattung: Schl\u00fcssel zur richtigen Wahl","description":"Die K\u00fcche ist das Herzst\u00fcck eines Hauses. Deshalb zeigen wir Ihnen bei Emuca alles, was Sie an modernsten K\u00fcchenger\u00e4ten brauchen.","robots":{"index":"index","follow":"follow","max-snippet":"max-snippet:-1","max-image-preview":"max-image-preview:large","max-video-preview":"max-video-preview:-1"},"canonical":"https:\/\/blog.emuca.com\/de\/cat\/lifestyle\/kuechenausstattung-schluessel-zur-richtigen-wahl\/","og_locale":"de_DE","og_type":"article","og_title":"K\u00fcchenausstattung: Schl\u00fcssel zur richtigen Wahl","og_description":"Die K\u00fcche ist das Herzst\u00fcck eines Hauses. Deshalb zeigen wir Ihnen bei Emuca alles, was Sie an modernsten K\u00fcchenger\u00e4ten brauchen.","og_url":"https:\/\/blog.emuca.com\/de\/cat\/lifestyle\/kuechenausstattung-schluessel-zur-richtigen-wahl\/","og_site_name":"Emuca blog","article_publisher":"https:\/\/www.facebook.com\/EmucaGroup","article_published_time":"2021-11-03T12:27:13+00:00","article_modified_time":"2022-05-04T09:18:31+00:00","og_image":[{"width":900,"height":500,"url":"https:\/\/blog.emuca.com\/wp-content\/uploads\/2021\/08\/Sin-treter1.jpg","type":"image\/jpeg"}],"author":"Jes\u00fas","twitter_card":"summary_large_image","twitter_misc":{"Verfasst von":"Jes\u00fas","Gesch\u00e4tzte Lesezeit":"4\u00a0Minuten"},"schema":{"@context":"https:\/\/schema.org","@graph":[{"@type":"Article","@id":"https:\/\/blog.emuca.com\/de\/cat\/lifestyle\/kuechenausstattung-schluessel-zur-richtigen-wahl\/#article","isPartOf":{"@id":"https:\/\/blog.emuca.com\/de\/cat\/lifestyle\/kuechenausstattung-schluessel-zur-richtigen-wahl\/"},"author":{"name":"Jes\u00fas","@id":"https:\/\/blog.emuca.com\/#\/schema\/person\/e2000aac3322e591b53c90f4a386f893"},"headline":"K\u00fcchenausstattung: Schl\u00fcssel zur richtigen Wahl","datePublished":"2021-11-03T12:27:13+00:00","dateModified":"2022-05-04T09:18:31+00:00","mainEntityOfPage":{"@id":"https:\/\/blog.emuca.com\/de\/cat\/lifestyle\/kuechenausstattung-schluessel-zur-richtigen-wahl\/"},"wordCount":857,"publisher":{"@id":"https:\/\/blog.emuca.com\/#organization"},"image":{"@id":"https:\/\/blog.emuca.com\/de\/cat\/lifestyle\/kuechenausstattung-schluessel-zur-richtigen-wahl\/#primaryimage"},"thumbnailUrl":"https:\/\/blog.emuca.com\/wp-content\/uploads\/2021\/08\/Sin-treter1.jpg","keywords":["emuca-K\u00fcchen","K\u00fcchenger\u00e4te"],"articleSection":["Lifestyle","Tendenzen"],"inLanguage":"de"},{"@type":"WebPage","@id":"https:\/\/blog.emuca.com\/de\/cat\/lifestyle\/kuechenausstattung-schluessel-zur-richtigen-wahl\/","url":"https:\/\/blog.emuca.com\/de\/cat\/lifestyle\/kuechenausstattung-schluessel-zur-richtigen-wahl\/","name":"K\u00fcchenausstattung: Schl\u00fcssel zur richtigen Wahl","isPartOf":{"@id":"https:\/\/blog.emuca.com\/#website"},"primaryImageOfPage":{"@id":"https:\/\/blog.emuca.com\/de\/cat\/lifestyle\/kuechenausstattung-schluessel-zur-richtigen-wahl\/#primaryimage"},"image":{"@id":"https:\/\/blog.emuca.com\/de\/cat\/lifestyle\/kuechenausstattung-schluessel-zur-richtigen-wahl\/#primaryimage"},"thumbnailUrl":"https:\/\/blog.emuca.com\/wp-content\/uploads\/2021\/08\/Sin-treter1.jpg","datePublished":"2021-11-03T12:27:13+00:00","dateModified":"2022-05-04T09:18:31+00:00","description":"Die K\u00fcche ist das Herzst\u00fcck eines Hauses. Deshalb zeigen wir Ihnen bei Emuca alles, was Sie an modernsten K\u00fcchenger\u00e4ten brauchen.","inLanguage":"de","potentialAction":[{"@type":"ReadAction","target":["https:\/\/blog.emuca.com\/de\/cat\/lifestyle\/kuechenausstattung-schluessel-zur-richtigen-wahl\/"]}]},{"@type":"ImageObject","inLanguage":"de","@id":"https:\/\/blog.emuca.com\/de\/cat\/lifestyle\/kuechenausstattung-schluessel-zur-richtigen-wahl\/#primaryimage","url":"https:\/\/blog.emuca.com\/wp-content\/uploads\/2021\/08\/Sin-treter1.jpg","contentUrl":"https:\/\/blog.emuca.com\/wp-content\/uploads\/2021\/08\/Sin-treter1.jpg","width":900,"height":500},{"@type":"WebSite","@id":"https:\/\/blog.emuca.com\/#website","url":"https:\/\/blog.emuca.com\/","name":"Emuca blog","description":"","publisher":{"@id":"https:\/\/blog.emuca.com\/#organization"},"potentialAction":[{"@type":"SearchAction","target":{"@type":"EntryPoint","urlTemplate":"https:\/\/blog.emuca.com\/?s={search_term_string}"},"query-input":{"@type":"PropertyValueSpecification","valueRequired":true,"valueName":"search_term_string"}}],"inLanguage":"de"},{"@type":"Organization","@id":"https:\/\/blog.emuca.com\/#organization","name":"emuca","url":"https:\/\/blog.emuca.com\/","logo":{"@type":"ImageObject","inLanguage":"de","@id":"https:\/\/blog.emuca.com\/#\/schema\/logo\/image\/","url":"https:\/\/blog.emuca.com\/wp-content\/uploads\/2024\/05\/cropped-logo-emuca-menu.png","contentUrl":"https:\/\/blog.emuca.com\/wp-content\/uploads\/2024\/05\/cropped-logo-emuca-menu.png","width":190,"height":190,"caption":"emuca"},"image":{"@id":"https:\/\/blog.emuca.com\/#\/schema\/logo\/image\/"},"sameAs":["https:\/\/www.facebook.com\/EmucaGroup"]},{"@type":"Person","@id":"https:\/\/blog.emuca.com\/#\/schema\/person\/e2000aac3322e591b53c90f4a386f893","name":"Jes\u00fas","url":"https:\/\/blog.emuca.com\/de\/cat\/author\/jesus_redactor\/"}]}},"_links":{"self":[{"href":"https:\/\/blog.emuca.com\/de\/wp-json\/wp\/v2\/posts\/22384"}],"collection":[{"href":"https:\/\/blog.emuca.com\/de\/wp-json\/wp\/v2\/posts"}],"about":[{"href":"https:\/\/blog.emuca.com\/de\/wp-json\/wp\/v2\/types\/post"}],"author":[{"embeddable":true,"href":"https:\/\/blog.emuca.com\/de\/wp-json\/wp\/v2\/users\/3"}],"replies":[{"embeddable":true,"href":"https:\/\/blog.emuca.com\/de\/wp-json\/wp\/v2\/comments?post=22384"}],"version-history":[{"count":3,"href":"https:\/\/blog.emuca.com\/de\/wp-json\/wp\/v2\/posts\/22384\/revisions"}],"predecessor-version":[{"id":24895,"href":"https:\/\/blog.emuca.com\/de\/wp-json\/wp\/v2\/posts\/22384\/revisions\/24895"}],"wp:featuredmedia":[{"embeddable":true,"href":"https:\/\/blog.emuca.com\/de\/wp-json\/wp\/v2\/media\/21237"}],"wp:attachment":[{"href":"https:\/\/blog.emuca.com\/de\/wp-json\/wp\/v2\/media?parent=22384"}],"wp:term":[{"taxonomy":"category","embeddable":true,"href":"https:\/\/blog.emuca.com\/de\/wp-json\/wp\/v2\/categories?post=22384"},{"taxonomy":"post_tag","embeddable":true,"href":"https:\/\/blog.emuca.com\/de\/wp-json\/wp\/v2\/tags?post=22384"}],"curies":[{"name":"wp","href":"https:\/\/api.w.org\/{rel}","templated":true}]}}