{"id":15355,"date":"2021-03-29T08:10:53","date_gmt":"2021-03-29T06:10:53","guid":{"rendered":"http:\/\/blogs.emuca.com\/nblog\/cat\/unkategorisiert\/warum-sind-hoehenverstellbare-tischbeine-trend-in-bueros\/"},"modified":"2021-03-29T08:10:53","modified_gmt":"2021-03-29T06:10:53","slug":"warum-sind-hoehenverstellbare-tischbeine-trend-in-bueros","status":"publish","type":"post","link":"https:\/\/blog.emuca.com\/de\/cat\/tendenzen\/warum-sind-hoehenverstellbare-tischbeine-trend-in-bueros\/","title":{"rendered":"Warum sind h\u00f6henverstellbare Tischbeine Trend in B\u00fcros"},"content":{"rendered":"\t\t<div data-elementor-type=\"wp-post\" data-elementor-id=\"15355\" class=\"elementor elementor-15355 elementor-13909\" data-elementor-post-type=\"post\">\n\t\t\t\t\t\t<section class=\"elementor-section elementor-top-section elementor-element elementor-element-78d09657 elementor-section-boxed elementor-section-height-default elementor-section-height-default\" data-id=\"78d09657\" data-element_type=\"section\">\n\t\t\t\t\t\t<div class=\"elementor-container elementor-column-gap-default\">\n\t\t\t\t\t<div class=\"elementor-column elementor-col-100 elementor-top-column elementor-element elementor-element-7f36cfc4\" data-id=\"7f36cfc4\" data-element_type=\"column\">\n\t\t\t<div class=\"elementor-widget-wrap elementor-element-populated\">\n\t\t\t\t\t\t<div class=\"elementor-element elementor-element-114104c3 elementor-widget elementor-widget-text-editor\" data-id=\"114104c3\" data-element_type=\"widget\" data-widget_type=\"text-editor.default\">\n\t\t\t\t<div class=\"elementor-widget-container\">\n\t\t\t\t\t\t\t<p>Bei der <strong>Arbeit<\/strong> verbringen wir normalerweise die meiste Zeit. Wir stehen auf, gehen zum Arbeitsplatz, essen dort sogar zu Mittag und wenn wir fertig sind, kehren wir nachhause zur\u00fcck oder schlie\u00dfen den Tag mit dem Rest unserer t\u00e4glichen Routinen ab. Der Arbeitstag betr\u00e4gt normalerweise 8 Stunden, aber in manchen F\u00e4llen zieht er sich sehr viel mehr in die L\u00e4nge.<\/p>\n<p>Daher ist es unabdingbar, dass der <strong>Arbeitsbereich bequem, ergonomisch und praktisch<\/strong> gestaltet ist. Und zweifelsohne sollten Ihre Projekte darauf abzielen, Ihren Kunden diese Voraussetzungen zu bieten.<\/p>\n<p>Die <a href=\"https:\/\/www.emuca.de\/sockel\/tischbeine\">h\u00f6henverstellbaren Tischbeine<\/a> sind f\u00fcr B\u00fcros unabdingbar geworden, denn, wie der Name schon sagt, kann man mit deren Hilfe <strong>die M\u00f6bel in der H\u00f6he verstellen<\/strong> und den Bed\u00fcrfnissen jedes Arbeiters anpassen.\u00a0<\/p>\n<p>Wir von <a href=\"https:\/\/www.emuca.de\/\"><strong>Emuca<\/strong><\/a>, Experten im Vertrieb von <strong>Beschl\u00e4gen<\/strong>, erkl\u00e4ren Ihnen in diesem Artikel alles \u00fcber h\u00f6henverstellbare Tischbeine, damit aus Ihren Projekten der maximale Nutzen gezogen werden kann.<\/p>\n\t\t\t\t\t\t<\/div>\n\t\t\t\t<\/div>\n\t\t\t\t<div class=\"elementor-element elementor-element-19f0f22 elementor-widget elementor-widget-spacer\" data-id=\"19f0f22\" data-element_type=\"widget\" data-widget_type=\"spacer.default\">\n\t\t\t\t<div class=\"elementor-widget-container\">\n\t\t\t\t\t<div class=\"elementor-spacer\">\n\t\t\t<div class=\"elementor-spacer-inner\"><\/div>\n\t\t<\/div>\n\t\t\t\t<\/div>\n\t\t\t\t<\/div>\n\t\t\t\t\t<\/div>\n\t\t<\/div>\n\t\t\t\t\t<\/div>\n\t\t<\/section>\n\t\t\t\t<section class=\"elementor-section elementor-top-section elementor-element elementor-element-78a5044 elementor-section-boxed elementor-section-height-default elementor-section-height-default\" data-id=\"78a5044\" data-element_type=\"section\">\n\t\t\t\t\t\t<div class=\"elementor-container elementor-column-gap-default\">\n\t\t\t\t\t<div class=\"elementor-column elementor-col-100 elementor-top-column elementor-element elementor-element-ae5d284\" data-id=\"ae5d284\" data-element_type=\"column\">\n\t\t\t<div class=\"elementor-widget-wrap elementor-element-populated\">\n\t\t\t\t\t\t<div class=\"elementor-element elementor-element-a13fdae elementor-widget elementor-widget-text-editor\" data-id=\"a13fdae\" data-element_type=\"widget\" data-widget_type=\"text-editor.default\">\n\t\t\t\t<div class=\"elementor-widget-container\">\n\t\t\t\t\t\t\t<h2><strong>Die neue Generation der Arbeitsbereiche. Wie sind sie aktuell konzipiert?<\/strong><\/h2>\n<p>Durch die Corona-Pandemie ist das <strong>Homeoffice<\/strong> heute durchaus g\u00e4ngig geworden. Manche behaupten sogar, dass viele von denen, die ins Homeoffice gegangen sind, nicht mehr ins B\u00fcro zur\u00fcckkehren werden.<\/p>\n<p>Daher ist es unumg\u00e4nglich anzunehmen, dass <strong>sich die Arbeitsbereiche ver\u00e4ndert haben <\/strong>und, dass wir uns als Fachpersonal an die neuen Bed\u00fcrfnisse und Anspr\u00fcche der Kunden anpassen m\u00fcssen. \u00a0<\/p>\n<p>Derzeit haben sich <strong>die Arbeitspl\u00e4tze zu weiten, ger\u00e4umigen, ergonomischen, praktischen, komfortablen und \u00e4sthetischen Bereichen entwickelt<\/strong>. All diese Eigenschaften in nur einem Projekt zu vereinen, setzt eine gute Planung voraus, sowie Kenntnisse \u00fcber alle verf\u00fcgbaren Optionen.<\/p>\n<p>&nbsp;<\/p>\n<p><em>Vielleicht haben Sie Interesse an den <\/em><a href=\"https:\/\/www.emuca.de\/blog\/cat\/tendenzen\/neue-trends-bei-der-buerobeleuchtung\/\"><strong><em>neuen Tendenzen im Bereich B\u00fcrobeleuchtung<\/em><\/strong><\/a><\/p>\n<p>&nbsp;<\/p>\n<p>Daher m\u00f6chten wir von <a href=\"https:\/\/www.emuca.de\/\"><strong>Emuca <\/strong><\/a>Sie stets \u00fcber alle Neuheiten und <strong>Beschl\u00e4ge, die im Trend liegen <\/strong>auf dem Laufenden halten, damit Sie sie in Ihre Projekte aufnehmen k\u00f6nnen.<\/p>\n\t\t\t\t\t\t<\/div>\n\t\t\t\t<\/div>\n\t\t\t\t<div class=\"elementor-element elementor-element-1ab044e elementor-widget elementor-widget-spacer\" data-id=\"1ab044e\" data-element_type=\"widget\" data-widget_type=\"spacer.default\">\n\t\t\t\t<div class=\"elementor-widget-container\">\n\t\t\t\t\t<div class=\"elementor-spacer\">\n\t\t\t<div class=\"elementor-spacer-inner\"><\/div>\n\t\t<\/div>\n\t\t\t\t<\/div>\n\t\t\t\t<\/div>\n\t\t\t\t<div class=\"elementor-element elementor-element-aa7f951 elementor-widget elementor-widget-html\" data-id=\"aa7f951\" data-element_type=\"widget\" data-widget_type=\"html.default\">\n\t\t\t\t<div class=\"elementor-widget-container\">\n\t\t\t<!--HubSpot Call-to-Action Code --><span class=\"hs-cta-wrapper\" id=\"hs-cta-wrapper-0b7cc813-b6b1-406d-b7f9-ac1c05d8cf72\"><span class=\"hs-cta-node hs-cta-0b7cc813-b6b1-406d-b7f9-ac1c05d8cf72\" id=\"hs-cta-0b7cc813-b6b1-406d-b7f9-ac1c05d8cf72\"><!--[if lte IE 8]><div id=\"hs-cta-ie-element\"><\/div><![endif]--><a href=\"https:\/\/cta-redirect.hubspot.com\/cta\/redirect\/4071763\/0b7cc813-b6b1-406d-b7f9-ac1c05d8cf72\"  target=\"_blank\" ><img fetchpriority=\"high\" decoding=\"async\" class=\"hs-cta-img\" id=\"hs-cta-img-0b7cc813-b6b1-406d-b7f9-ac1c05d8cf72\" style=\"border-width:0px;\" height=\"307\" width=\"1137\" src=\"https:\/\/no-cache.hubspot.com\/cta\/default\/4071763\/0b7cc813-b6b1-406d-b7f9-ac1c05d8cf72.png\"  alt=\"Nueva llamada a la acci\u00f3n\"\/><\/a><\/span><script charset=\"utf-8\" src=\"https:\/\/js.hscta.net\/cta\/current.js\"><\/script><script type=\"text\/javascript\"> hbspt.cta.load(4071763, '0b7cc813-b6b1-406d-b7f9-ac1c05d8cf72', {\"region\":\"na1\"}); <\/script><\/span><!-- end HubSpot Call-to-Action Code -->\t\t<\/div>\n\t\t\t\t<\/div>\n\t\t\t\t<div class=\"elementor-element elementor-element-12a70cf elementor-widget elementor-widget-spacer\" data-id=\"12a70cf\" data-element_type=\"widget\" data-widget_type=\"spacer.default\">\n\t\t\t\t<div class=\"elementor-widget-container\">\n\t\t\t\t\t<div class=\"elementor-spacer\">\n\t\t\t<div class=\"elementor-spacer-inner\"><\/div>\n\t\t<\/div>\n\t\t\t\t<\/div>\n\t\t\t\t<\/div>\n\t\t\t\t\t<\/div>\n\t\t<\/div>\n\t\t\t\t\t<\/div>\n\t\t<\/section>\n\t\t\t\t<section class=\"elementor-section elementor-top-section elementor-element elementor-element-f2e1589 elementor-section-boxed elementor-section-height-default elementor-section-height-default\" data-id=\"f2e1589\" data-element_type=\"section\">\n\t\t\t\t\t\t<div class=\"elementor-container elementor-column-gap-default\">\n\t\t\t\t\t<div class=\"elementor-column elementor-col-100 elementor-top-column elementor-element elementor-element-d08f1c7\" data-id=\"d08f1c7\" data-element_type=\"column\">\n\t\t\t<div class=\"elementor-widget-wrap elementor-element-populated\">\n\t\t\t\t\t\t<div class=\"elementor-element elementor-element-bea5613 elementor-widget elementor-widget-text-editor\" data-id=\"bea5613\" data-element_type=\"widget\" data-widget_type=\"text-editor.default\">\n\t\t\t\t<div class=\"elementor-widget-container\">\n\t\t\t\t\t\t\t<h2><strong>Warum ist es notwendig, h\u00f6henverstellbare Tischbeine f\u00fcr B\u00fcrom\u00f6bel zu w\u00e4hlen? \u00a0<\/strong><\/h2>\n<p>Jede Berufst\u00e4tigkeit fordert einen eigenen Bedarf. Je nach Arbeitsbereich, in dem die T\u00e4tigkeit ausgef\u00fchrt wird, sind bestimmte Elemente notwendig.<\/p>\n<p><a href=\"https:\/\/www.emuca.de\/sockel\/tischbeine\">H\u00f6henverstellbare Tischbeine<\/a> dienen nicht nur mehr der \u00c4sthetik, sie haben sich zu einer grundlegenden Notwendigkeit entwickelt, um den <strong>Komfort zu steigern<\/strong>. Mehrzweckr\u00e4ume werden beispielsweise als gemeinsamer Arbeitsbereich genutzt, aber auch als Pausenraum. Daher kann es wirklich praktisch sein, M\u00f6belst\u00fccke mit solchen Beschl\u00e4gen hinzuzuf\u00fcgen. So zum Beispiel unser Modell mit <a href=\"https:\/\/www.emuca.de\/sockel\/tischbeine\/fitwid-beine\/emuca-tischbein-fitwid-hohenverstellbar\/emuca-tischbein-quadratisch-hohenverstellbar-710-730-mm-aluminium-matt-eloxiert\">h\u00f6henverstellbaren Beinen f\u00fcr Fitwid M\u00f6bel<\/a>.<\/p>\n<p>In manchen Berufen sind jedoch <strong>Teleskopbeine<\/strong> erforderlich, um den <strong>Arbeitsrhythmus zu verbessern<\/strong>. Dies betrifft beispielsweise Architekten, Designer usw.<\/p>\n<p>Auf der Suche nach einem komfortablen und funktionalen Arbeitsplatz, der sich Ihren Bed\u00fcrfnissen anpasst, darf eine gute Kombination der <a href=\"https:\/\/www.emuca.de\/blog\/cat\/lifestyle\/ausstattung-fuer-bueromoebel-so-bekommen-sie-einen-bequemen-und-funktionellen-arbeitsplatz\/\">Beschl\u00e4ge f\u00fcr B\u00fcrom\u00f6bel<\/a>, die diesen Ort zum idealen Arbeitsplatz machen, nicht fehlen.<\/p>\n<p>&nbsp;<\/p>\n<p><em>Vielleicht haben Sie Interesse an: <\/em><a href=\"https:\/\/www.emuca.de\/blog\/cat\/aktuelles\/was-brauche-ich-um-ein-heimbuero-zu-gestalten\/\"><strong><em>Wie gestalte ich mein Homeoffice?<\/em><\/strong><\/a><\/p>\n\t\t\t\t\t\t<\/div>\n\t\t\t\t<\/div>\n\t\t\t\t\t<\/div>\n\t\t<\/div>\n\t\t\t\t\t<\/div>\n\t\t<\/section>\n\t\t\t\t<section class=\"elementor-section elementor-top-section elementor-element elementor-element-0c76994 elementor-section-boxed elementor-section-height-default elementor-section-height-default\" data-id=\"0c76994\" data-element_type=\"section\">\n\t\t\t\t\t\t<div class=\"elementor-container elementor-column-gap-default\">\n\t\t\t\t\t<div class=\"elementor-column elementor-col-100 elementor-top-column elementor-element elementor-element-a3d8197\" data-id=\"a3d8197\" data-element_type=\"column\">\n\t\t\t<div class=\"elementor-widget-wrap elementor-element-populated\">\n\t\t\t\t\t\t<div class=\"elementor-element elementor-element-c4ea770 elementor-widget elementor-widget-spacer\" data-id=\"c4ea770\" data-element_type=\"widget\" data-widget_type=\"spacer.default\">\n\t\t\t\t<div class=\"elementor-widget-container\">\n\t\t\t\t\t<div class=\"elementor-spacer\">\n\t\t\t<div class=\"elementor-spacer-inner\"><\/div>\n\t\t<\/div>\n\t\t\t\t<\/div>\n\t\t\t\t<\/div>\n\t\t\t\t<div class=\"elementor-element elementor-element-e0b8049 elementor-widget elementor-widget-text-editor\" data-id=\"e0b8049\" data-element_type=\"widget\" data-widget_type=\"text-editor.default\">\n\t\t\t\t<div class=\"elementor-widget-container\">\n\t\t\t\t\t\t\t<h2><strong>Welche h\u00f6henverstellbaren M\u00f6belbeine f\u00fcr B\u00fcros gibt es?<\/strong><\/h2>\n<p>Es gibt eine gro\u00dfe Auswahl an <strong>h\u00f6henverstellbaren M\u00f6belbeinen<\/strong>, die Sie entsprechend der gew\u00fcnschten H\u00f6he, dem M\u00f6beltyp, der Farbe, feststellbar oder mobil und der \u00c4sthetik w\u00e4hlen k\u00f6nnen.<\/p>\n<p>Bei <a href=\"https:\/\/www.emuca.de\/\"><strong>Emuca<\/strong><\/a> stellen wir Ihnen ein breites Angebot zur Verf\u00fcgung, damit Sie das Teil finden, das sich Ihren Designs am besten anpasst. So zum Beispiel das h\u00f6henverstellbare Bein f\u00fcr 60 mm Tisch, <strong>mit Rollen und integrierter Bremse, in Metallic-Grau<\/strong>.<\/p>\n<p>Oder das fixe 60 mm-Modell, welches mit verschiedenen Ausf\u00fchrungen erh\u00e4ltlich ist.<\/p>\n<p>In allen Ihren Projekten die besten Ergebnisse zu erzielen ist machbar! Sei es mit h\u00f6henverstellbaren M\u00f6belbeinen oder mit Anbringung von <strong>jeglichen Beschl\u00e4gen<\/strong>, die die <strong>Ergonomie und \u00c4sthetik eines jeden Raumes, den Sie schaffen, verbessern<\/strong>.<\/p>\n<p>&nbsp;<\/p>\n<p>Letztendlich ist Ihre Arbeit darauf ausgerichtet, <strong>den Alltag Ihrer Kunden zu verbessern<\/strong>, <strong>ihnen die besten L\u00f6sungen zu bieten und sie soweit zufriedenzustellen<\/strong>, dass sie sich bei Bedarf immer wieder an Sie wenden.<\/p>\n<p>Also <a href=\"https:\/\/www.emuca.de\/\">besuchen Sie unsere Website<\/a> und entdecken Sie, was wir Ihnen bieten, <strong>um neuartige R\u00e4ume, in perfektem Einklang mit Komfort und \u00c4sthetik zu schaffen<\/strong>.<\/p>\n<p>Und wenn Sie nicht finden, wonach Sie suchen, dann stehen wir Ihnen selbstverst\u00e4ndlich zur Verf\u00fcgung. Kontaktieren Sie uns, um Ihre Fragen zu kl\u00e4ren.<\/p>\n\t\t\t\t\t\t<\/div>\n\t\t\t\t<\/div>\n\t\t\t\t\t<\/div>\n\t\t<\/div>\n\t\t\t\t\t<\/div>\n\t\t<\/section>\n\t\t\t\t<\/div>\n\t\t","protected":false},"excerpt":{"rendered":"<p>Bei der Arbeit verbringen wir normalerweise die meiste Zeit. Wir stehen auf, gehen zum Arbeitsplatz, essen dort sogar zu Mittag und wenn wir fertig sind, kehren wir nachhause zur\u00fcck oder schlie\u00dfen den Tag mit dem Rest unserer t\u00e4glichen Routinen ab. Der Arbeitstag betr\u00e4gt normalerweise 8 Stunden, aber in manchen F\u00e4llen zieht er sich sehr viel &hellip; <\/p>\n<p class=\"link-more\"><a href=\"https:\/\/blog.emuca.com\/de\/cat\/tendenzen\/warum-sind-hoehenverstellbare-tischbeine-trend-in-bueros\/\" class=\"more-link\"><span class=\"screen-reader-text\">\u201eWarum sind h\u00f6henverstellbare Tischbeine Trend in B\u00fcros\u201c<\/span> weiterlesen<\/a><\/p>\n","protected":false},"author":2,"featured_media":13940,"comment_status":"closed","ping_status":"closed","sticky":false,"template":"","format":"standard","meta":{"footnotes":""},"categories":[128],"tags":[],"class_list":["post-15355","post","type-post","status-publish","format-standard","has-post-thumbnail","hentry","category-tendenzen","entry"],"yoast_head":"<!-- This site is optimized with the Yoast SEO plugin v24.1 - https:\/\/yoast.com\/wordpress\/plugins\/seo\/ -->\n<title>Verstellbare Beine, der neueste Trend in B\u00fcros Emuca<\/title>\n<meta name=\"description\" content=\"Entdecken Sie die besten Trends, wenn Sie verstellbare Beine in Ihre B\u00fcrom\u00f6bel integrieren, und machen Sie sie zu einem anderen Raum\" \/>\n<meta name=\"robots\" content=\"index, follow, max-snippet:-1, max-image-preview:large, max-video-preview:-1\" \/>\n<link rel=\"canonical\" href=\"https:\/\/blog.emuca.com\/de\/cat\/tendenzen\/warum-sind-hoehenverstellbare-tischbeine-trend-in-bueros\/\" \/>\n<meta property=\"og:locale\" content=\"de_DE\" \/>\n<meta property=\"og:type\" content=\"article\" \/>\n<meta property=\"og:title\" content=\"Verstellbare Beine, der neueste Trend in B\u00fcros Emuca\" \/>\n<meta property=\"og:description\" content=\"Entdecken Sie die besten Trends, wenn Sie verstellbare Beine in Ihre B\u00fcrom\u00f6bel integrieren, und machen Sie sie zu einem anderen Raum\" \/>\n<meta property=\"og:url\" content=\"https:\/\/blog.emuca.com\/de\/cat\/tendenzen\/warum-sind-hoehenverstellbare-tischbeine-trend-in-bueros\/\" \/>\n<meta property=\"og:site_name\" content=\"Emuca blog\" \/>\n<meta property=\"article:publisher\" content=\"https:\/\/www.facebook.com\/EmucaGroup\" \/>\n<meta property=\"article:published_time\" content=\"2021-03-29T06:10:53+00:00\" \/>\n<meta property=\"og:image\" content=\"https:\/\/blog.emuca.com\/wp-content\/uploads\/2021\/02\/EMUCA_HEADE-BLOG-1-copia-2.png\" \/>\n\t<meta property=\"og:image:width\" content=\"900\" \/>\n\t<meta property=\"og:image:height\" content=\"500\" \/>\n\t<meta property=\"og:image:type\" content=\"image\/png\" \/>\n<meta name=\"author\" content=\"Emuca\" \/>\n<meta name=\"twitter:card\" content=\"summary_large_image\" \/>\n<meta name=\"twitter:label1\" content=\"Verfasst von\" \/>\n\t<meta name=\"twitter:data1\" content=\"Emuca\" \/>\n\t<meta name=\"twitter:label2\" content=\"Gesch\u00e4tzte Lesezeit\" \/>\n\t<meta name=\"twitter:data2\" content=\"3\u00a0Minuten\" \/>\n<script type=\"application\/ld+json\" class=\"yoast-schema-graph\">{\"@context\":\"https:\/\/schema.org\",\"@graph\":[{\"@type\":\"Article\",\"@id\":\"https:\/\/blog.emuca.com\/de\/cat\/tendenzen\/warum-sind-hoehenverstellbare-tischbeine-trend-in-bueros\/#article\",\"isPartOf\":{\"@id\":\"https:\/\/blog.emuca.com\/de\/cat\/tendenzen\/warum-sind-hoehenverstellbare-tischbeine-trend-in-bueros\/\"},\"author\":{\"name\":\"Emuca\",\"@id\":\"https:\/\/blog.emuca.com\/#\/schema\/person\/81560ca037d9c1ed19744a85ef9cbe2a\"},\"headline\":\"Warum sind h\u00f6henverstellbare Tischbeine Trend in B\u00fcros\",\"datePublished\":\"2021-03-29T06:10:53+00:00\",\"dateModified\":\"2021-03-29T06:10:53+00:00\",\"mainEntityOfPage\":{\"@id\":\"https:\/\/blog.emuca.com\/de\/cat\/tendenzen\/warum-sind-hoehenverstellbare-tischbeine-trend-in-bueros\/\"},\"wordCount\":707,\"publisher\":{\"@id\":\"https:\/\/blog.emuca.com\/#organization\"},\"image\":{\"@id\":\"https:\/\/blog.emuca.com\/de\/cat\/tendenzen\/warum-sind-hoehenverstellbare-tischbeine-trend-in-bueros\/#primaryimage\"},\"thumbnailUrl\":\"https:\/\/blog.emuca.com\/wp-content\/uploads\/2021\/02\/EMUCA_HEADE-BLOG-1-copia-2.png\",\"articleSection\":[\"Tendenzen\"],\"inLanguage\":\"de\"},{\"@type\":\"WebPage\",\"@id\":\"https:\/\/blog.emuca.com\/de\/cat\/tendenzen\/warum-sind-hoehenverstellbare-tischbeine-trend-in-bueros\/\",\"url\":\"https:\/\/blog.emuca.com\/de\/cat\/tendenzen\/warum-sind-hoehenverstellbare-tischbeine-trend-in-bueros\/\",\"name\":\"Verstellbare Beine, der neueste Trend in B\u00fcros Emuca\",\"isPartOf\":{\"@id\":\"https:\/\/blog.emuca.com\/#website\"},\"primaryImageOfPage\":{\"@id\":\"https:\/\/blog.emuca.com\/de\/cat\/tendenzen\/warum-sind-hoehenverstellbare-tischbeine-trend-in-bueros\/#primaryimage\"},\"image\":{\"@id\":\"https:\/\/blog.emuca.com\/de\/cat\/tendenzen\/warum-sind-hoehenverstellbare-tischbeine-trend-in-bueros\/#primaryimage\"},\"thumbnailUrl\":\"https:\/\/blog.emuca.com\/wp-content\/uploads\/2021\/02\/EMUCA_HEADE-BLOG-1-copia-2.png\",\"datePublished\":\"2021-03-29T06:10:53+00:00\",\"dateModified\":\"2021-03-29T06:10:53+00:00\",\"description\":\"Entdecken Sie die besten Trends, wenn Sie verstellbare Beine in Ihre B\u00fcrom\u00f6bel integrieren, und machen Sie sie zu einem anderen Raum\",\"inLanguage\":\"de\",\"potentialAction\":[{\"@type\":\"ReadAction\",\"target\":[\"https:\/\/blog.emuca.com\/de\/cat\/tendenzen\/warum-sind-hoehenverstellbare-tischbeine-trend-in-bueros\/\"]}]},{\"@type\":\"ImageObject\",\"inLanguage\":\"de\",\"@id\":\"https:\/\/blog.emuca.com\/de\/cat\/tendenzen\/warum-sind-hoehenverstellbare-tischbeine-trend-in-bueros\/#primaryimage\",\"url\":\"https:\/\/blog.emuca.com\/wp-content\/uploads\/2021\/02\/EMUCA_HEADE-BLOG-1-copia-2.png\",\"contentUrl\":\"https:\/\/blog.emuca.com\/wp-content\/uploads\/2021\/02\/EMUCA_HEADE-BLOG-1-copia-2.png\",\"width\":900,\"height\":500,\"caption\":\"Por qu\u00e9 las patas regulables para muebles son tendencia en oficinas\"},{\"@type\":\"WebSite\",\"@id\":\"https:\/\/blog.emuca.com\/#website\",\"url\":\"https:\/\/blog.emuca.com\/\",\"name\":\"Emuca blog\",\"description\":\"\",\"publisher\":{\"@id\":\"https:\/\/blog.emuca.com\/#organization\"},\"potentialAction\":[{\"@type\":\"SearchAction\",\"target\":{\"@type\":\"EntryPoint\",\"urlTemplate\":\"https:\/\/blog.emuca.com\/?s={search_term_string}\"},\"query-input\":{\"@type\":\"PropertyValueSpecification\",\"valueRequired\":true,\"valueName\":\"search_term_string\"}}],\"inLanguage\":\"de\"},{\"@type\":\"Organization\",\"@id\":\"https:\/\/blog.emuca.com\/#organization\",\"name\":\"emuca\",\"url\":\"https:\/\/blog.emuca.com\/\",\"logo\":{\"@type\":\"ImageObject\",\"inLanguage\":\"de\",\"@id\":\"https:\/\/blog.emuca.com\/#\/schema\/logo\/image\/\",\"url\":\"https:\/\/blog.emuca.com\/wp-content\/uploads\/2024\/05\/cropped-logo-emuca-menu.png\",\"contentUrl\":\"https:\/\/blog.emuca.com\/wp-content\/uploads\/2024\/05\/cropped-logo-emuca-menu.png\",\"width\":190,\"height\":190,\"caption\":\"emuca\"},\"image\":{\"@id\":\"https:\/\/blog.emuca.com\/#\/schema\/logo\/image\/\"},\"sameAs\":[\"https:\/\/www.facebook.com\/EmucaGroup\"]},{\"@type\":\"Person\",\"@id\":\"https:\/\/blog.emuca.com\/#\/schema\/person\/81560ca037d9c1ed19744a85ef9cbe2a\",\"name\":\"Emuca\",\"url\":\"https:\/\/blog.emuca.com\/de\/cat\/author\/emuca\/\"}]}<\/script>\n<!-- \/ Yoast SEO plugin. -->","yoast_head_json":{"title":"Verstellbare Beine, der neueste Trend in B\u00fcros Emuca","description":"Entdecken Sie die besten Trends, wenn Sie verstellbare Beine in Ihre B\u00fcrom\u00f6bel integrieren, und machen Sie sie zu einem anderen Raum","robots":{"index":"index","follow":"follow","max-snippet":"max-snippet:-1","max-image-preview":"max-image-preview:large","max-video-preview":"max-video-preview:-1"},"canonical":"https:\/\/blog.emuca.com\/de\/cat\/tendenzen\/warum-sind-hoehenverstellbare-tischbeine-trend-in-bueros\/","og_locale":"de_DE","og_type":"article","og_title":"Verstellbare Beine, der neueste Trend in B\u00fcros Emuca","og_description":"Entdecken Sie die besten Trends, wenn Sie verstellbare Beine in Ihre B\u00fcrom\u00f6bel integrieren, und machen Sie sie zu einem anderen Raum","og_url":"https:\/\/blog.emuca.com\/de\/cat\/tendenzen\/warum-sind-hoehenverstellbare-tischbeine-trend-in-bueros\/","og_site_name":"Emuca blog","article_publisher":"https:\/\/www.facebook.com\/EmucaGroup","article_published_time":"2021-03-29T06:10:53+00:00","og_image":[{"width":900,"height":500,"url":"https:\/\/blog.emuca.com\/wp-content\/uploads\/2021\/02\/EMUCA_HEADE-BLOG-1-copia-2.png","type":"image\/png"}],"author":"Emuca","twitter_card":"summary_large_image","twitter_misc":{"Verfasst von":"Emuca","Gesch\u00e4tzte Lesezeit":"3\u00a0Minuten"},"schema":{"@context":"https:\/\/schema.org","@graph":[{"@type":"Article","@id":"https:\/\/blog.emuca.com\/de\/cat\/tendenzen\/warum-sind-hoehenverstellbare-tischbeine-trend-in-bueros\/#article","isPartOf":{"@id":"https:\/\/blog.emuca.com\/de\/cat\/tendenzen\/warum-sind-hoehenverstellbare-tischbeine-trend-in-bueros\/"},"author":{"name":"Emuca","@id":"https:\/\/blog.emuca.com\/#\/schema\/person\/81560ca037d9c1ed19744a85ef9cbe2a"},"headline":"Warum sind h\u00f6henverstellbare Tischbeine Trend in B\u00fcros","datePublished":"2021-03-29T06:10:53+00:00","dateModified":"2021-03-29T06:10:53+00:00","mainEntityOfPage":{"@id":"https:\/\/blog.emuca.com\/de\/cat\/tendenzen\/warum-sind-hoehenverstellbare-tischbeine-trend-in-bueros\/"},"wordCount":707,"publisher":{"@id":"https:\/\/blog.emuca.com\/#organization"},"image":{"@id":"https:\/\/blog.emuca.com\/de\/cat\/tendenzen\/warum-sind-hoehenverstellbare-tischbeine-trend-in-bueros\/#primaryimage"},"thumbnailUrl":"https:\/\/blog.emuca.com\/wp-content\/uploads\/2021\/02\/EMUCA_HEADE-BLOG-1-copia-2.png","articleSection":["Tendenzen"],"inLanguage":"de"},{"@type":"WebPage","@id":"https:\/\/blog.emuca.com\/de\/cat\/tendenzen\/warum-sind-hoehenverstellbare-tischbeine-trend-in-bueros\/","url":"https:\/\/blog.emuca.com\/de\/cat\/tendenzen\/warum-sind-hoehenverstellbare-tischbeine-trend-in-bueros\/","name":"Verstellbare Beine, der neueste Trend in B\u00fcros Emuca","isPartOf":{"@id":"https:\/\/blog.emuca.com\/#website"},"primaryImageOfPage":{"@id":"https:\/\/blog.emuca.com\/de\/cat\/tendenzen\/warum-sind-hoehenverstellbare-tischbeine-trend-in-bueros\/#primaryimage"},"image":{"@id":"https:\/\/blog.emuca.com\/de\/cat\/tendenzen\/warum-sind-hoehenverstellbare-tischbeine-trend-in-bueros\/#primaryimage"},"thumbnailUrl":"https:\/\/blog.emuca.com\/wp-content\/uploads\/2021\/02\/EMUCA_HEADE-BLOG-1-copia-2.png","datePublished":"2021-03-29T06:10:53+00:00","dateModified":"2021-03-29T06:10:53+00:00","description":"Entdecken Sie die besten Trends, wenn Sie verstellbare Beine in Ihre B\u00fcrom\u00f6bel integrieren, und machen Sie sie zu einem anderen Raum","inLanguage":"de","potentialAction":[{"@type":"ReadAction","target":["https:\/\/blog.emuca.com\/de\/cat\/tendenzen\/warum-sind-hoehenverstellbare-tischbeine-trend-in-bueros\/"]}]},{"@type":"ImageObject","inLanguage":"de","@id":"https:\/\/blog.emuca.com\/de\/cat\/tendenzen\/warum-sind-hoehenverstellbare-tischbeine-trend-in-bueros\/#primaryimage","url":"https:\/\/blog.emuca.com\/wp-content\/uploads\/2021\/02\/EMUCA_HEADE-BLOG-1-copia-2.png","contentUrl":"https:\/\/blog.emuca.com\/wp-content\/uploads\/2021\/02\/EMUCA_HEADE-BLOG-1-copia-2.png","width":900,"height":500,"caption":"Por qu\u00e9 las patas regulables para muebles son tendencia en oficinas"},{"@type":"WebSite","@id":"https:\/\/blog.emuca.com\/#website","url":"https:\/\/blog.emuca.com\/","name":"Emuca blog","description":"","publisher":{"@id":"https:\/\/blog.emuca.com\/#organization"},"potentialAction":[{"@type":"SearchAction","target":{"@type":"EntryPoint","urlTemplate":"https:\/\/blog.emuca.com\/?s={search_term_string}"},"query-input":{"@type":"PropertyValueSpecification","valueRequired":true,"valueName":"search_term_string"}}],"inLanguage":"de"},{"@type":"Organization","@id":"https:\/\/blog.emuca.com\/#organization","name":"emuca","url":"https:\/\/blog.emuca.com\/","logo":{"@type":"ImageObject","inLanguage":"de","@id":"https:\/\/blog.emuca.com\/#\/schema\/logo\/image\/","url":"https:\/\/blog.emuca.com\/wp-content\/uploads\/2024\/05\/cropped-logo-emuca-menu.png","contentUrl":"https:\/\/blog.emuca.com\/wp-content\/uploads\/2024\/05\/cropped-logo-emuca-menu.png","width":190,"height":190,"caption":"emuca"},"image":{"@id":"https:\/\/blog.emuca.com\/#\/schema\/logo\/image\/"},"sameAs":["https:\/\/www.facebook.com\/EmucaGroup"]},{"@type":"Person","@id":"https:\/\/blog.emuca.com\/#\/schema\/person\/81560ca037d9c1ed19744a85ef9cbe2a","name":"Emuca","url":"https:\/\/blog.emuca.com\/de\/cat\/author\/emuca\/"}]}},"_links":{"self":[{"href":"https:\/\/blog.emuca.com\/de\/wp-json\/wp\/v2\/posts\/15355"}],"collection":[{"href":"https:\/\/blog.emuca.com\/de\/wp-json\/wp\/v2\/posts"}],"about":[{"href":"https:\/\/blog.emuca.com\/de\/wp-json\/wp\/v2\/types\/post"}],"author":[{"embeddable":true,"href":"https:\/\/blog.emuca.com\/de\/wp-json\/wp\/v2\/users\/2"}],"replies":[{"embeddable":true,"href":"https:\/\/blog.emuca.com\/de\/wp-json\/wp\/v2\/comments?post=15355"}],"version-history":[{"count":1,"href":"https:\/\/blog.emuca.com\/de\/wp-json\/wp\/v2\/posts\/15355\/revisions"}],"predecessor-version":[{"id":15356,"href":"https:\/\/blog.emuca.com\/de\/wp-json\/wp\/v2\/posts\/15355\/revisions\/15356"}],"wp:featuredmedia":[{"embeddable":true,"href":"https:\/\/blog.emuca.com\/de\/wp-json\/wp\/v2\/media\/13940"}],"wp:attachment":[{"href":"https:\/\/blog.emuca.com\/de\/wp-json\/wp\/v2\/media?parent=15355"}],"wp:term":[{"taxonomy":"category","embeddable":true,"href":"https:\/\/blog.emuca.com\/de\/wp-json\/wp\/v2\/categories?post=15355"},{"taxonomy":"post_tag","embeddable":true,"href":"https:\/\/blog.emuca.com\/de\/wp-json\/wp\/v2\/tags?post=15355"}],"curies":[{"name":"wp","href":"https:\/\/api.w.org\/{rel}","templated":true}]}}