{"id":59301,"date":"2025-01-15T14:54:34","date_gmt":"2025-01-15T13:54:34","guid":{"rendered":"https:\/\/blog.emuca.com\/cat\/uncategorized-be\/eclairage-des-espaces-tendances-pour-2025\/"},"modified":"2025-01-15T16:27:10","modified_gmt":"2025-01-15T15:27:10","slug":"eclairage-des-espaces-tendances-pour-2025","status":"publish","type":"post","link":"https:\/\/blog.emuca.com\/be\/cat\/tendances-be\/eclairage-des-espaces-tendances-pour-2025\/","title":{"rendered":"\u00c9clairage des espaces : tendances pour 2025"},"content":{"rendered":"\t\t<div data-elementor-type=\"wp-post\" data-elementor-id=\"59301\" class=\"elementor elementor-59301 elementor-59251\" data-elementor-post-type=\"post\">\n\t\t\t\t\t\t<section class=\"elementor-section elementor-top-section elementor-element elementor-element-a4fd88b elementor-section-boxed elementor-section-height-default elementor-section-height-default\" data-id=\"a4fd88b\" data-element_type=\"section\">\n\t\t\t\t\t\t<div class=\"elementor-container elementor-column-gap-default\">\n\t\t\t\t\t<div class=\"elementor-column elementor-col-100 elementor-top-column elementor-element elementor-element-0018d8c\" data-id=\"0018d8c\" data-element_type=\"column\">\n\t\t\t<div class=\"elementor-widget-wrap elementor-element-populated\">\n\t\t\t\t\t\t<div class=\"elementor-element elementor-element-1db924d elementor-widget elementor-widget-text-editor\" data-id=\"1db924d\" data-element_type=\"widget\" data-widget_type=\"text-editor.default\">\n\t\t\t\t<div class=\"elementor-widget-container\">\n\t\t\t\t\t\t\t<p>Quand on parle d\u2019\u00e9clairage des espaces, on doit le consid\u00e9rer comme un pilier fondamental du design int\u00e9rieur.<\/p>\n<p>Un bon \u00e9clairage transforme les espaces, d\u00e9finit mieux chaque ambiance et apporte une touche exceptionnelle \u00e0 une maison.<\/p>\n<p>Nous savons que 2025 apporte des tendances uniques en mati\u00e8re d\u2019\u00e9clairage. Et comme chez Emuca, nous aimons \u00eatre \u00e0 la pointe, nous passons en revue les aspects les plus importants \u00e0 consid\u00e9rer, car les clients les r\u00e9clameront. Nous parlons de personnalisation, de technologie et, bien s\u00fbr, de durabilit\u00e9\u2014sans renoncer \u00e0 la qualit\u00e9 qui nous caract\u00e9rise.<\/p>\n<p>\u00c9clairage des espaces en 2025 : attendez-vous \u00e0 plus de minimalisme<\/p>\n<h2>Le minimalisme continue de dominer le design des luminaires.<\/h2>\n<p>Les lignes simples et les finitions \u00e9pur\u00e9es offrent l\u2019\u00e9l\u00e9gance que recherchent les gens pour leur maison ou leur bureau. Les grandes lampes ou les points lumineux directs appartiennent d\u00e9sormais au pass\u00e9. Nous aspirons \u00e0 une atmosph\u00e8re de calme, avec des lumi\u00e8res qui ajoutent une sensation de s\u00e9r\u00e9nit\u00e9 \u00e0 l\u2019environnement.<\/p>\n<p>Pour cela, notre profil\u00e9 LED est une option tr\u00e8s polyvalente, car il s\u2019adapte \u00e0 tous les projets. Gr\u00e2ce \u00e0 sa lumi\u00e8re uniforme et agr\u00e9able, il est particuli\u00e8rement adapt\u00e9 aux cuisines, salons ou chambres.<\/p>\n<p>Il fonctionne parfaitement pour ceux qui recherchent des profil\u00e9s minimalistes qui embellissent les espaces tout en offrant une installation facile. Ces solutions deviendront tendance, car elles sont simples \u00e0 poser et durables. Car cela aussi, c\u2019est de la durabilit\u00e9.<\/p>\n<h3>Technologie intelligente pour les maisons les plus modernes<\/h3>\n<p>Il est clair que la technologie s\u2019int\u00e8gre de plus en plus dans la vie moderne, et l\u2019\u00e9clairage n\u2019y fait pas exception.<\/p>\n<p>En 2025, les syst\u00e8mes intelligents deviendront essentiels. Des applications mobiles aux assistants vocaux, contr\u00f4ler l\u2019\u00e9clairage sera plus facile que jamais. Nous aimons avoir un contr\u00f4le total sur l\u2019ambiance de notre maison ou de notre bureau.<\/p>\n<p>Pour nous, le profil\u00e9 LED avec capteur repr\u00e9sente cette \u00e9volution naturelle vers un \u00e9clairage plus avanc\u00e9. Gr\u00e2ce \u00e0 son capteur de mouvement, la lumi\u00e8re s\u2019allume uniquement lorsque c\u2019est n\u00e9cessaire. Ce n\u2019est pas seulement pratique, c\u2019est aussi un usage plus efficient des ressources. Ces syst\u00e8mes seront tendance en 2025, car ils permettent \u00e9galement de r\u00e9duire les co\u00fbts.<\/p>\n<p>En g\u00e9n\u00e9ral, l\u2019\u00e9clairage intelligent est parfait pour les zones tr\u00e8s fr\u00e9quent\u00e9es, comme les couloirs ou les armoires. Utilis\u00e9s dans des espaces \u00e0 usage quotidien intensif, ils brillent\u2014tout en r\u00e9duisant les d\u00e9penses d\u2019\u00e9lectricit\u00e9.<\/p>\n\t\t\t\t\t\t<\/div>\n\t\t\t\t<\/div>\n\t\t\t\t<div class=\"elementor-element elementor-element-61e7a53 elementor-widget elementor-widget-image\" data-id=\"61e7a53\" data-element_type=\"widget\" data-widget_type=\"image.default\">\n\t\t\t\t<div class=\"elementor-widget-container\">\n\t\t\t\t\t\t\t\t\t\t\t\t\t<img fetchpriority=\"high\" decoding=\"async\" width=\"640\" height=\"356\" src=\"https:\/\/blog.emuca.com\/wp-content\/uploads\/2025\/01\/iluminacion-dormitorio.jpg\" class=\"attachment-large size-large wp-image-59253\" alt=\"iluminaci\u00f3n dormitorio\" srcset=\"https:\/\/blog.emuca.com\/wp-content\/uploads\/2025\/01\/iluminacion-dormitorio.jpg 768w, https:\/\/blog.emuca.com\/wp-content\/uploads\/2025\/01\/iluminacion-dormitorio-300x167.jpg 300w\" sizes=\"(max-width: 34.9rem) calc(100vw - 2rem), (max-width: 53rem) calc(8 * (100vw \/ 12)), (min-width: 53rem) calc(6 * (100vw \/ 12)), 100vw\" \/>\t\t\t\t\t\t\t\t\t\t\t\t\t<\/div>\n\t\t\t\t<\/div>\n\t\t\t\t<div class=\"elementor-element elementor-element-1db6237 elementor-widget elementor-widget-text-editor\" data-id=\"1db6237\" data-element_type=\"widget\" data-widget_type=\"text-editor.default\">\n\t\t\t\t<div class=\"elementor-widget-container\">\n\t\t\t\t\t\t\t<h3>La durabilit\u00e9 reste une tendance dans un monde de co\u00fbts \u00e9lev\u00e9s<\/h3>\n<p>La durabilit\u00e9 continuera d\u2019\u00eatre une tendance\u2014et une n\u00e9cessit\u00e9.<\/p>\n<p>Nous savons que les solutions LED r\u00e9duisent la consommation d\u2019\u00e9nergie jusqu\u2019\u00e0 80 %. Cela se traduit par des factures d\u2019\u00e9lectricit\u00e9 plus basses et une durabilit\u00e9 accrue. C\u2019est un exemple parfait de tendances en mati\u00e8re d\u2019\u00e9clairage \u00e9cologique qui ont du sens.<\/p>\n<p>Notre profil\u00e9 LED est un excellent exemple de notre engagement envers la durabilit\u00e9. Ce profil\u00e9 encastr\u00e9 r\u00e9duit la consommation \u00e9nerg\u00e9tique tout en offrant une lumi\u00e8re uniforme pour cr\u00e9er une ambiance agr\u00e9able. C\u2019est une solution d\u2019\u00e9clairage id\u00e9ale pour les bureaux, mais qui sera \u00e9galement tr\u00e8s pr\u00e9sente dans les foyers cette ann\u00e9e.<\/p>\n<h3>La personnalisation au pouvoir : couleurs et temp\u00e9ratures<\/h3>\n<p>La possibilit\u00e9 d\u2019ajuster la temp\u00e9rature de la lumi\u00e8re en fonction de l\u2019usage de l\u2019espace est une tendance qui continue de gagner du terrain. Une lumi\u00e8re blanche froide est id\u00e9ale pour favoriser la concentration dans les bureaux ou les cuisines, tandis qu\u2019une lumi\u00e8re chaude cr\u00e9e une ambiance relaxante dans les salons et les chambres. Quel que soit le choix, le LED sera sans aucun doute la r\u00e9f\u00e9rence.<\/p>\n<p>Par exemple, notre kit LED modulaire est une solution qui r\u00e9pond parfaitement \u00e0 ces besoins. Avec plusieurs nuances de blanc, il permet de personnaliser l\u2019\u00e9clairage en fonction du moment de la journ\u00e9e. Cette flexibilit\u00e9 en fait l\u2019une des options les plus polyvalentes que nous proposons pour l\u2019\u00e9clairage des espaces en 2025.<\/p>\n<p>Solutions int\u00e9gr\u00e9es<\/p>\n<p>L\u2019\u00e9clairage int\u00e9gr\u00e9 est une autre tendance que nous mettons en avant pour 2025. Ces solutions am\u00e9liorent non seulement la fonctionnalit\u00e9, mais ajoutent \u00e9galement une touche sophistiqu\u00e9e au design.<\/p>\n<p>Int\u00e9grer directement la lumi\u00e8re dans les meubles ou les \u00e9l\u00e9ments architecturaux permet d\u2019optimiser l\u2019espace\u2014une tendance qui s\u00e9duit ind\u00e9niablement. Parce que dans tout projet, l\u2019espace suppl\u00e9mentaire est toujours bienvenu.<\/p>\n<p>Notre profil\u00e9 LED est parfait pour cela. Son design compact s\u2019adapte aux coins et aux bords des meubles, offrant une lumi\u00e8re cibl\u00e9e qui met en valeur les d\u00e9tails. Il ne s\u2019agit pas seulement d\u2019esth\u00e9tique\u2014si cela permet aussi de gagner de l\u2019espace, les clients l\u2019aimeront encore plus !<\/p>\n\t\t\t\t\t\t<\/div>\n\t\t\t\t<\/div>\n\t\t\t\t<div class=\"elementor-element elementor-element-0419845 elementor-widget elementor-widget-html\" data-id=\"0419845\" data-element_type=\"widget\" data-widget_type=\"html.default\">\n\t\t\t\t<div class=\"elementor-widget-container\">\n\t\t\t<!--HubSpot Call-to-Action Code --><span class=\"hs-cta-wrapper\" id=\"hs-cta-wrapper-3a13f2f4-f2a5-4736-a09c-6e8ab379e4a2\"><span class=\"hs-cta-node hs-cta-3a13f2f4-f2a5-4736-a09c-6e8ab379e4a2\" id=\"hs-cta-3a13f2f4-f2a5-4736-a09c-6e8ab379e4a2\"><!--[if lte IE 8]><div id=\"hs-cta-ie-element\"><\/div><![endif]--><a href=\"https:\/\/cta-redirect.hubspot.com\/cta\/redirect\/4071763\/3a13f2f4-f2a5-4736-a09c-6e8ab379e4a2\" target=\"_blank\" rel=\"noopener\"><img decoding=\"async\" class=\"hs-cta-img\" id=\"hs-cta-img-3a13f2f4-f2a5-4736-a09c-6e8ab379e4a2\" style=\"border-width:0px;\" src=\"https:\/\/no-cache.hubspot.com\/cta\/default\/4071763\/3a13f2f4-f2a5-4736-a09c-6e8ab379e4a2.png\"  alt=\"Nueva llamada a la acci\u00f3n\"\/><\/a><\/span><script charset=\"utf-8\" src=\"https:\/\/js.hscta.net\/cta\/current.js\"><\/script><script type=\"text\/javascript\"> hbspt.cta.load(4071763, '3a13f2f4-f2a5-4736-a09c-6e8ab379e4a2', {\"useNewLoader\":\"true\",\"region\":\"na1\"}); <\/script><\/span><!-- end HubSpot Call-to-Action Code -->\t\t<\/div>\n\t\t\t\t<\/div>\n\t\t\t\t<div class=\"elementor-element elementor-element-889407c elementor-widget elementor-widget-text-editor\" data-id=\"889407c\" data-element_type=\"widget\" data-widget_type=\"text-editor.default\">\n\t\t\t\t<div class=\"elementor-widget-container\">\n\t\t\t\t\t\t\t<h2>\u00c9clairage adapt\u00e9 \u00e0 chaque espace : une tendance en 2025<\/h2>\n<p>Passons maintenant en revue les tendances en mati\u00e8re d\u2019\u00e9clairage selon les espaces.<\/p>\n<p>Nous pensons qu\u2019il est important de diff\u00e9rencier, car chaque projet exige des finitions diff\u00e9rentes. Voici un aper\u00e7u de ce qui est pr\u00e9vu pour chaque espace cette ann\u00e9e.<\/p>\n<h3>Cuisines<\/h3>\n<p>Dans les cuisines, la fonctionnalit\u00e9 reste la cl\u00e9. Les profil\u00e9s comme le LED sont id\u00e9aux pour \u00eatre install\u00e9s sous les meubles hauts, offrant une lumi\u00e8re directe et pratique au-dessus des plans de travail\u2014une tendance qui se poursuit en 2025. Cela facilite les t\u00e2ches quotidiennes et am\u00e9liore la s\u00e9curit\u00e9 au travail. De plus, en \u00e9tant LED, ils permettent des \u00e9conomies pour le client tout en apportant une touche de durabilit\u00e9.<\/p>\n<h3>Salons<\/h3>\n<p>Les salons sont des espaces polyvalents n\u00e9cessitant un \u00e9clairage adaptable.<\/p>\n<p>Notre kit LED permet d\u2019ajuster la temp\u00e9rature de la lumi\u00e8re selon les occasions : chaude pour se d\u00e9tendre ou froide pour des activit\u00e9s plus intenses.<\/p>\n<p>Ce haut niveau de personnalisation est une tendance en 2025, ce qui le rend pr\u00e9cieux pour cr\u00e9er des espaces multifonctionnels.<\/p>\n<h3>Chambres<\/h3>\n<p>Dans les chambres, le confort est la priorit\u00e9.<\/p>\n<p>Une lumi\u00e8re douce et chaude favorise la relaxation et aide le corps \u00e0 se pr\u00e9parer pour un repos bien m\u00e9rit\u00e9. Notre profil\u00e9 LED offre cet \u00e9clairage chaleureux\u2014parfait pour terminer la journ\u00e9e en toute s\u00e9r\u00e9nit\u00e9.<\/p>\n<p>Pour nous, ces solutions seront particuli\u00e8rement appr\u00e9ci\u00e9es par les clients en 2025.<\/p>\n\t\t\t\t\t\t<\/div>\n\t\t\t\t<\/div>\n\t\t\t\t<div class=\"elementor-element elementor-element-61bd087 elementor-widget elementor-widget-video\" data-id=\"61bd087\" data-element_type=\"widget\" data-settings=\"{&quot;youtube_url&quot;:&quot;https:\\\/\\\/youtu.be\\\/rEekuI1S860?si=GG5fqZb8qpiehimZ&quot;,&quot;video_type&quot;:&quot;youtube&quot;,&quot;controls&quot;:&quot;yes&quot;}\" data-widget_type=\"video.default\">\n\t\t\t\t<div class=\"elementor-widget-container\">\n\t\t\t\t\t<div class=\"elementor-wrapper elementor-open-inline\">\n\t\t\t<div class=\"elementor-video\"><\/div>\t\t<\/div>\n\t\t\t\t<\/div>\n\t\t\t\t<\/div>\n\t\t\t\t<div class=\"elementor-element elementor-element-5b3a4b7 elementor-widget elementor-widget-text-editor\" data-id=\"5b3a4b7\" data-element_type=\"widget\" data-widget_type=\"text-editor.default\">\n\t\t\t\t<div class=\"elementor-widget-container\">\n\t\t\t\t\t\t\t<h2>L\u2019\u00e9clairage des espaces est une tendance en 2025 :<\/h2>\n<p>L\u2019\u00e9clairage des espaces est un outil parfait pour transformer n\u2019importe quel lieu. Comme nous l\u2019avons vu, les tendances pour 2025 mettent en avant l\u2019importance de solutions qui allient design et technologie\u2014et bien s\u00fbr, durabilit\u00e9.<\/p>\n<p>Avec Emuca, vous acc\u00e9dez \u00e0 une large gamme de produits con\u00e7us pour suivre ces tendances. Des profil\u00e9s LED minimalistes aux syst\u00e8mes intelligents, nos solutions sont pens\u00e9es pour ceux qui recherchent le meilleur en mati\u00e8re d\u2019\u00e9clairage pour 2025.<\/p>\n<p>Consultez notre catalogue LED et r\u00e9volutionnez compl\u00e8tement vos projets avec les derni\u00e8res nouveaut\u00e9s en \u00e9clairage.<\/p>\n\t\t\t\t\t\t<\/div>\n\t\t\t\t<\/div>\n\t\t\t\t\t<\/div>\n\t\t<\/div>\n\t\t\t\t\t<\/div>\n\t\t<\/section>\n\t\t\t\t<\/div>\n\t\t","protected":false},"excerpt":{"rendered":"<p>Quand on parle d\u2019\u00e9clairage des espaces, on doit le consid\u00e9rer comme un pilier fondamental du design int\u00e9rieur. Un bon \u00e9clairage transforme les espaces, d\u00e9finit mieux chaque ambiance et apporte une touche exceptionnelle \u00e0 une maison. Nous savons que 2025 apporte des tendances uniques en mati\u00e8re d\u2019\u00e9clairage. Et comme chez Emuca, nous aimons \u00eatre \u00e0 la &hellip; <\/p>\n<p class=\"link-more\"><a href=\"https:\/\/blog.emuca.com\/be\/cat\/tendances-be\/eclairage-des-espaces-tendances-pour-2025\/\" class=\"more-link\">Continue reading<span class=\"screen-reader-text\"> \u00ab\u00a0\u00c9clairage des espaces : tendances pour 2025\u00a0\u00bb<\/span><\/a><\/p>\n","protected":false},"author":2,"featured_media":59267,"comment_status":"closed","ping_status":"closed","sticky":false,"template":"","format":"standard","meta":{"footnotes":""},"categories":[821],"tags":[],"class_list":["post-59301","post","type-post","status-publish","format-standard","has-post-thumbnail","hentry","category-tendances-be","entry"],"yoast_head":"<!-- This site is optimized with the Yoast SEO plugin v24.1 - https:\/\/yoast.com\/wordpress\/plugins\/seo\/ -->\n<title>\u00c9clairage des espaces : tendances pour 2025 - Emuca Blog<\/title>\n<meta name=\"description\" content=\"Tendances de l\u2019\u00e9clairage des espaces pour 2025. Des solutions modernes, durables et technologiques avec les produits Emuca.\" \/>\n<meta name=\"robots\" content=\"index, follow, max-snippet:-1, max-image-preview:large, max-video-preview:-1\" \/>\n<link rel=\"canonical\" href=\"https:\/\/blog.emuca.com\/be\/cat\/tendances-be\/eclairage-des-espaces-tendances-pour-2025\/\" \/>\n<meta property=\"og:locale\" content=\"fr_FR\" \/>\n<meta property=\"og:type\" content=\"article\" \/>\n<meta property=\"og:title\" content=\"\u00c9clairage des espaces : tendances pour 2025 - Emuca Blog\" \/>\n<meta property=\"og:description\" content=\"Tendances de l\u2019\u00e9clairage des espaces pour 2025. Des solutions modernes, durables et technologiques avec les produits Emuca.\" \/>\n<meta property=\"og:url\" content=\"https:\/\/blog.emuca.com\/be\/cat\/tendances-be\/eclairage-des-espaces-tendances-pour-2025\/\" \/>\n<meta property=\"og:site_name\" content=\"Emuca Blog\" \/>\n<meta property=\"article:publisher\" content=\"https:\/\/www.facebook.com\/EmucaGroup\" \/>\n<meta property=\"article:published_time\" content=\"2025-01-15T13:54:34+00:00\" \/>\n<meta property=\"article:modified_time\" content=\"2025-01-15T15:27:10+00:00\" \/>\n<meta property=\"og:image\" content=\"https:\/\/blog.emuca.com\/wp-content\/uploads\/2025\/01\/iluminacion-portada.jpg\" \/>\n\t<meta property=\"og:image:width\" content=\"768\" \/>\n\t<meta property=\"og:image:height\" content=\"427\" \/>\n\t<meta property=\"og:image:type\" content=\"image\/jpeg\" \/>\n<meta name=\"author\" content=\"Emuca\" \/>\n<meta name=\"twitter:card\" content=\"summary_large_image\" \/>\n<meta name=\"twitter:label1\" content=\"\u00c9crit par\" \/>\n\t<meta name=\"twitter:data1\" content=\"Emuca\" \/>\n\t<meta name=\"twitter:label2\" content=\"Dur\u00e9e de lecture est.\" \/>\n\t<meta name=\"twitter:data2\" content=\"6 minutes\" \/>\n<script type=\"application\/ld+json\" class=\"yoast-schema-graph\">{\"@context\":\"https:\/\/schema.org\",\"@graph\":[{\"@type\":\"Article\",\"@id\":\"https:\/\/blog.emuca.com\/be\/cat\/tendances-be\/eclairage-des-espaces-tendances-pour-2025\/#article\",\"isPartOf\":{\"@id\":\"https:\/\/blog.emuca.com\/be\/cat\/tendances-be\/eclairage-des-espaces-tendances-pour-2025\/\"},\"author\":{\"name\":\"Emuca\",\"@id\":\"https:\/\/blog.emuca.com\/#\/schema\/person\/81560ca037d9c1ed19744a85ef9cbe2a\"},\"headline\":\"\u00c9clairage des espaces : tendances pour 2025\",\"datePublished\":\"2025-01-15T13:54:34+00:00\",\"dateModified\":\"2025-01-15T15:27:10+00:00\",\"mainEntityOfPage\":{\"@id\":\"https:\/\/blog.emuca.com\/be\/cat\/tendances-be\/eclairage-des-espaces-tendances-pour-2025\/\"},\"wordCount\":1200,\"publisher\":{\"@id\":\"https:\/\/blog.emuca.com\/#organization\"},\"image\":{\"@id\":\"https:\/\/blog.emuca.com\/be\/cat\/tendances-be\/eclairage-des-espaces-tendances-pour-2025\/#primaryimage\"},\"thumbnailUrl\":\"https:\/\/blog.emuca.com\/wp-content\/uploads\/2025\/01\/iluminacion-portada.jpg\",\"articleSection\":[\"Tendances\"],\"inLanguage\":\"fr-BE\"},{\"@type\":\"WebPage\",\"@id\":\"https:\/\/blog.emuca.com\/be\/cat\/tendances-be\/eclairage-des-espaces-tendances-pour-2025\/\",\"url\":\"https:\/\/blog.emuca.com\/be\/cat\/tendances-be\/eclairage-des-espaces-tendances-pour-2025\/\",\"name\":\"\u00c9clairage des espaces : tendances pour 2025 - Emuca Blog\",\"isPartOf\":{\"@id\":\"https:\/\/blog.emuca.com\/#website\"},\"primaryImageOfPage\":{\"@id\":\"https:\/\/blog.emuca.com\/be\/cat\/tendances-be\/eclairage-des-espaces-tendances-pour-2025\/#primaryimage\"},\"image\":{\"@id\":\"https:\/\/blog.emuca.com\/be\/cat\/tendances-be\/eclairage-des-espaces-tendances-pour-2025\/#primaryimage\"},\"thumbnailUrl\":\"https:\/\/blog.emuca.com\/wp-content\/uploads\/2025\/01\/iluminacion-portada.jpg\",\"datePublished\":\"2025-01-15T13:54:34+00:00\",\"dateModified\":\"2025-01-15T15:27:10+00:00\",\"description\":\"Tendances de l\u2019\u00e9clairage des espaces pour 2025. Des solutions modernes, durables et technologiques avec les produits Emuca.\",\"inLanguage\":\"fr-BE\",\"potentialAction\":[{\"@type\":\"ReadAction\",\"target\":[\"https:\/\/blog.emuca.com\/be\/cat\/tendances-be\/eclairage-des-espaces-tendances-pour-2025\/\"]}]},{\"@type\":\"ImageObject\",\"inLanguage\":\"fr-BE\",\"@id\":\"https:\/\/blog.emuca.com\/be\/cat\/tendances-be\/eclairage-des-espaces-tendances-pour-2025\/#primaryimage\",\"url\":\"https:\/\/blog.emuca.com\/wp-content\/uploads\/2025\/01\/iluminacion-portada.jpg\",\"contentUrl\":\"https:\/\/blog.emuca.com\/wp-content\/uploads\/2025\/01\/iluminacion-portada.jpg\",\"width\":768,\"height\":427},{\"@type\":\"WebSite\",\"@id\":\"https:\/\/blog.emuca.com\/#website\",\"url\":\"https:\/\/blog.emuca.com\/\",\"name\":\"Emuca Blog\",\"description\":\"\",\"publisher\":{\"@id\":\"https:\/\/blog.emuca.com\/#organization\"},\"potentialAction\":[{\"@type\":\"SearchAction\",\"target\":{\"@type\":\"EntryPoint\",\"urlTemplate\":\"https:\/\/blog.emuca.com\/?s={search_term_string}\"},\"query-input\":{\"@type\":\"PropertyValueSpecification\",\"valueRequired\":true,\"valueName\":\"search_term_string\"}}],\"inLanguage\":\"fr-BE\"},{\"@type\":\"Organization\",\"@id\":\"https:\/\/blog.emuca.com\/#organization\",\"name\":\"emuca\",\"url\":\"https:\/\/blog.emuca.com\/\",\"logo\":{\"@type\":\"ImageObject\",\"inLanguage\":\"fr-BE\",\"@id\":\"https:\/\/blog.emuca.com\/#\/schema\/logo\/image\/\",\"url\":\"https:\/\/blog.emuca.com\/wp-content\/uploads\/2024\/05\/cropped-logo-emuca-menu.png\",\"contentUrl\":\"https:\/\/blog.emuca.com\/wp-content\/uploads\/2024\/05\/cropped-logo-emuca-menu.png\",\"width\":190,\"height\":190,\"caption\":\"emuca\"},\"image\":{\"@id\":\"https:\/\/blog.emuca.com\/#\/schema\/logo\/image\/\"},\"sameAs\":[\"https:\/\/www.facebook.com\/EmucaGroup\"]},{\"@type\":\"Person\",\"@id\":\"https:\/\/blog.emuca.com\/#\/schema\/person\/81560ca037d9c1ed19744a85ef9cbe2a\",\"name\":\"Emuca\",\"url\":\"https:\/\/blog.emuca.com\/be\/cat\/author\/emuca\/\"}]}<\/script>\n<!-- \/ Yoast SEO plugin. -->","yoast_head_json":{"title":"\u00c9clairage des espaces : tendances pour 2025 - Emuca Blog","description":"Tendances de l\u2019\u00e9clairage des espaces pour 2025. Des solutions modernes, durables et technologiques avec les produits Emuca.","robots":{"index":"index","follow":"follow","max-snippet":"max-snippet:-1","max-image-preview":"max-image-preview:large","max-video-preview":"max-video-preview:-1"},"canonical":"https:\/\/blog.emuca.com\/be\/cat\/tendances-be\/eclairage-des-espaces-tendances-pour-2025\/","og_locale":"fr_FR","og_type":"article","og_title":"\u00c9clairage des espaces : tendances pour 2025 - Emuca Blog","og_description":"Tendances de l\u2019\u00e9clairage des espaces pour 2025. Des solutions modernes, durables et technologiques avec les produits Emuca.","og_url":"https:\/\/blog.emuca.com\/be\/cat\/tendances-be\/eclairage-des-espaces-tendances-pour-2025\/","og_site_name":"Emuca Blog","article_publisher":"https:\/\/www.facebook.com\/EmucaGroup","article_published_time":"2025-01-15T13:54:34+00:00","article_modified_time":"2025-01-15T15:27:10+00:00","og_image":[{"width":768,"height":427,"url":"https:\/\/blog.emuca.com\/wp-content\/uploads\/2025\/01\/iluminacion-portada.jpg","type":"image\/jpeg"}],"author":"Emuca","twitter_card":"summary_large_image","twitter_misc":{"\u00c9crit par":"Emuca","Dur\u00e9e de lecture est.":"6 minutes"},"schema":{"@context":"https:\/\/schema.org","@graph":[{"@type":"Article","@id":"https:\/\/blog.emuca.com\/be\/cat\/tendances-be\/eclairage-des-espaces-tendances-pour-2025\/#article","isPartOf":{"@id":"https:\/\/blog.emuca.com\/be\/cat\/tendances-be\/eclairage-des-espaces-tendances-pour-2025\/"},"author":{"name":"Emuca","@id":"https:\/\/blog.emuca.com\/#\/schema\/person\/81560ca037d9c1ed19744a85ef9cbe2a"},"headline":"\u00c9clairage des espaces : tendances pour 2025","datePublished":"2025-01-15T13:54:34+00:00","dateModified":"2025-01-15T15:27:10+00:00","mainEntityOfPage":{"@id":"https:\/\/blog.emuca.com\/be\/cat\/tendances-be\/eclairage-des-espaces-tendances-pour-2025\/"},"wordCount":1200,"publisher":{"@id":"https:\/\/blog.emuca.com\/#organization"},"image":{"@id":"https:\/\/blog.emuca.com\/be\/cat\/tendances-be\/eclairage-des-espaces-tendances-pour-2025\/#primaryimage"},"thumbnailUrl":"https:\/\/blog.emuca.com\/wp-content\/uploads\/2025\/01\/iluminacion-portada.jpg","articleSection":["Tendances"],"inLanguage":"fr-BE"},{"@type":"WebPage","@id":"https:\/\/blog.emuca.com\/be\/cat\/tendances-be\/eclairage-des-espaces-tendances-pour-2025\/","url":"https:\/\/blog.emuca.com\/be\/cat\/tendances-be\/eclairage-des-espaces-tendances-pour-2025\/","name":"\u00c9clairage des espaces : tendances pour 2025 - Emuca Blog","isPartOf":{"@id":"https:\/\/blog.emuca.com\/#website"},"primaryImageOfPage":{"@id":"https:\/\/blog.emuca.com\/be\/cat\/tendances-be\/eclairage-des-espaces-tendances-pour-2025\/#primaryimage"},"image":{"@id":"https:\/\/blog.emuca.com\/be\/cat\/tendances-be\/eclairage-des-espaces-tendances-pour-2025\/#primaryimage"},"thumbnailUrl":"https:\/\/blog.emuca.com\/wp-content\/uploads\/2025\/01\/iluminacion-portada.jpg","datePublished":"2025-01-15T13:54:34+00:00","dateModified":"2025-01-15T15:27:10+00:00","description":"Tendances de l\u2019\u00e9clairage des espaces pour 2025. Des solutions modernes, durables et technologiques avec les produits Emuca.","inLanguage":"fr-BE","potentialAction":[{"@type":"ReadAction","target":["https:\/\/blog.emuca.com\/be\/cat\/tendances-be\/eclairage-des-espaces-tendances-pour-2025\/"]}]},{"@type":"ImageObject","inLanguage":"fr-BE","@id":"https:\/\/blog.emuca.com\/be\/cat\/tendances-be\/eclairage-des-espaces-tendances-pour-2025\/#primaryimage","url":"https:\/\/blog.emuca.com\/wp-content\/uploads\/2025\/01\/iluminacion-portada.jpg","contentUrl":"https:\/\/blog.emuca.com\/wp-content\/uploads\/2025\/01\/iluminacion-portada.jpg","width":768,"height":427},{"@type":"WebSite","@id":"https:\/\/blog.emuca.com\/#website","url":"https:\/\/blog.emuca.com\/","name":"Emuca Blog","description":"","publisher":{"@id":"https:\/\/blog.emuca.com\/#organization"},"potentialAction":[{"@type":"SearchAction","target":{"@type":"EntryPoint","urlTemplate":"https:\/\/blog.emuca.com\/?s={search_term_string}"},"query-input":{"@type":"PropertyValueSpecification","valueRequired":true,"valueName":"search_term_string"}}],"inLanguage":"fr-BE"},{"@type":"Organization","@id":"https:\/\/blog.emuca.com\/#organization","name":"emuca","url":"https:\/\/blog.emuca.com\/","logo":{"@type":"ImageObject","inLanguage":"fr-BE","@id":"https:\/\/blog.emuca.com\/#\/schema\/logo\/image\/","url":"https:\/\/blog.emuca.com\/wp-content\/uploads\/2024\/05\/cropped-logo-emuca-menu.png","contentUrl":"https:\/\/blog.emuca.com\/wp-content\/uploads\/2024\/05\/cropped-logo-emuca-menu.png","width":190,"height":190,"caption":"emuca"},"image":{"@id":"https:\/\/blog.emuca.com\/#\/schema\/logo\/image\/"},"sameAs":["https:\/\/www.facebook.com\/EmucaGroup"]},{"@type":"Person","@id":"https:\/\/blog.emuca.com\/#\/schema\/person\/81560ca037d9c1ed19744a85ef9cbe2a","name":"Emuca","url":"https:\/\/blog.emuca.com\/be\/cat\/author\/emuca\/"}]}},"_links":{"self":[{"href":"https:\/\/blog.emuca.com\/be\/wp-json\/wp\/v2\/posts\/59301"}],"collection":[{"href":"https:\/\/blog.emuca.com\/be\/wp-json\/wp\/v2\/posts"}],"about":[{"href":"https:\/\/blog.emuca.com\/be\/wp-json\/wp\/v2\/types\/post"}],"author":[{"embeddable":true,"href":"https:\/\/blog.emuca.com\/be\/wp-json\/wp\/v2\/users\/2"}],"replies":[{"embeddable":true,"href":"https:\/\/blog.emuca.com\/be\/wp-json\/wp\/v2\/comments?post=59301"}],"version-history":[{"count":6,"href":"https:\/\/blog.emuca.com\/be\/wp-json\/wp\/v2\/posts\/59301\/revisions"}],"predecessor-version":[{"id":59326,"href":"https:\/\/blog.emuca.com\/be\/wp-json\/wp\/v2\/posts\/59301\/revisions\/59326"}],"wp:featuredmedia":[{"embeddable":true,"href":"https:\/\/blog.emuca.com\/be\/wp-json\/wp\/v2\/media\/59267"}],"wp:attachment":[{"href":"https:\/\/blog.emuca.com\/be\/wp-json\/wp\/v2\/media?parent=59301"}],"wp:term":[{"taxonomy":"category","embeddable":true,"href":"https:\/\/blog.emuca.com\/be\/wp-json\/wp\/v2\/categories?post=59301"},{"taxonomy":"post_tag","embeddable":true,"href":"https:\/\/blog.emuca.com\/be\/wp-json\/wp\/v2\/tags?post=59301"}],"curies":[{"name":"wp","href":"https:\/\/api.w.org\/{rel}","templated":true}]}}